{"id":677265,"date":"2024-06-04T06:11:00","date_gmt":"2024-06-04T09:11:00","guid":{"rendered":"http:\/\/diario5.com.ar\/?p=677265"},"modified":"2024-06-04T11:35:49","modified_gmt":"2024-06-04T14:35:49","slug":"677265","status":"publish","type":"post","link":"https:\/\/www.diario5.com.ar\/es\/677265\/","title":{"rendered":"Argentina barata, Argentina cara"},"content":{"rendered":"<h2 class=\"sub-title-primary\"><\/h2> <figure id=\"attachment_686745\" aria-describedby=\"caption-attachment-686745\" style=\"width: 1134px\" class=\"wp-caption alignnone\"><img decoding=\"async\" loading=\"lazy\" class=\"wp-image-686745 size-full\" src=\"https:\/\/www.diario5.com.ar\/wp-content\/uploads\/2024\/06\/compras_en_chile.jpg\" alt=\"\" width=\"1134\" height=\"620\" srcset=\"https:\/\/www.diario5.com.ar\/wp-content\/uploads\/2024\/06\/compras_en_chile.jpg 1134w, https:\/\/www.diario5.com.ar\/wp-content\/uploads\/2024\/06\/compras_en_chile-300x164.jpg 300w, https:\/\/www.diario5.com.ar\/wp-content\/uploads\/2024\/06\/compras_en_chile-1024x560.jpg 1024w, https:\/\/www.diario5.com.ar\/wp-content\/uploads\/2024\/06\/compras_en_chile-768x420.jpg 768w\" sizes=\"(max-width: 1134px) 100vw, 1134px\" \/><figcaption id=\"caption-attachment-686745\" class=\"wp-caption-text\">Abril de 2024. Fin de semana XXL. Argentinos invaden un local de zapatillas en Santiago de Chile.<\/figcaption><\/figure>\n<p>Nos qued\u00f3 por revisar en qu\u00e9 momentos de la \u00faltima y m\u00e1s grave etapa de la vida econ\u00f3mica y bajo qu\u00e9 condiciones, los argentinos se vieron en la posici\u00f3n de compradores ante el mundo porque nuestra moneda se ubic\u00f3 por sobre el valor de otras (siempre bajo alguna maniobra ficticia, por supuesto) y cu\u00e1ndo se gener\u00f3 un sinceramiento, quedando el peso en un nivel de devaluaci\u00f3n acorde a la realidad, como para que los habitantes de este pa\u00eds salgamos a producir lo que sea que pueda ser vendido, especialmente, a turistas.<\/p>\n<p>Durante la hiperinflaci\u00f3n de 1988\/89, en la que -supuestamente- debimos ser \u00abvendedores\u00bb, la gravedad de la situaci\u00f3n no era solamente cambiaria y financiera. Por entonces, tambi\u00e9n lo era cultural, de tal modo que ni siquiera est\u00e1bamos preparados para recibir a los extranjeros como para que se enamoren y vuelvan (en realidad, jam\u00e1s nos preguntamos si semejante plan de madurez tur\u00edstica va con nuestra idiosincrasia bardera).<\/p>\n<p>Ya en los a\u00f1os 90, bajo la presidencia de Carlos Menem y con la implementaci\u00f3n de la Ley de Convertibilidad, el peso estaba atado al d\u00f3lar a una tasa de 1:1. Esta pol\u00edtica, tal como lo marc\u00e1bamos, provoc\u00f3 una apreciaci\u00f3n artificial del peso. Los productos y servicios de cualquier lugar del mundo quedaron, durante unos a\u00f1os \u00abfiesta\u00bb, relativamente baratos para los argentinos. Visitar Chile, Uruguay y Brasil era cosa com\u00fan para un trabajador de clase media. Incluso, fue la etapa de mayor salida de d\u00f3lares hacia el extranjeros que los argentinos hayan experimentado.<\/p>\n<p>A\u00fan sabiendo que ante el insoslayable subdesarrollo cultural de nuestro pa\u00eds, el dinero obtenido por las privatizaciones de la empresas nacionales, se iba a dilapidar en consumo y especulaci\u00f3n financiera con una velocidad espasm\u00f3dica, Domingo Cavallo, ministro de econom\u00eda dise\u00f1ador del plan econ\u00f3mico, lo puso en marcha con la anuencia de Menem. En el corto per\u00edodo en que las estad\u00edsticas indicaron que -para quienes ten\u00edan la suerte de a\u00fan contar con empleo- los sueldos promediaban valores en d\u00f3lares inimaginables cinco a\u00f1os antes, el gobierno repet\u00eda que la Argentina hab\u00eda ingresado \u00abal primer mundo\u00bb. Los medios de comunicaci\u00f3n de mayor llegada lo repet\u00edan y celebraban. Los viajes a Europa, playas del Caribe y otros destinos caros, eran gestionados con mucha frecuencia en las agencias de turismo de Buenos Aires, C\u00f3rdoba, Rosario, Mendoza, Tucum\u00e1n, Paran\u00e1, Salta, Santa F\u00e9, Mar del Plata, R\u00edo Cuarto, Neuqu\u00e9n y Corrientes.<\/p>\n<p>Menem dej\u00f3 el gobierno en 1999 y Fernando De la R\u00faa asumi\u00f3 la presidencia convencido que hab\u00eda que sostener la base del 1 a 1 entre el Peso y el D\u00f3lar. Ya a mediados del a\u00f1o 2000, hab\u00eda economistas que planteaban que la Argentina deb\u00eda salir de la convertibilidad porque el plan estaba agotado. Como Cavallo hab\u00eda perge\u00f1ado el programa en 1992, durante el gobierno de Menem, Fernando De la R\u00faa lo convoc\u00f3 para que continuara \u00abhaciendo magia\u00bb.<\/p>\n<p>Pero la fiesta se hab\u00eda terminado.<\/p>\n<p>En 2001, se desencaden\u00f3 una crisis econ\u00f3mica sin precedentes. Y volvi\u00f3 a tomar a los argentinos a traspi\u00e9, como en 1975, 1981 y 1988. Tras la ca\u00edda del gobierno de la Alianza, qued\u00f3 un saldo de pobreza desconocido hasta entonces. Y s\u00f3lo se abrieron caminos a m\u00e1s pobreza. M\u00e1s all\u00e1 de si fue err\u00f3nea decisi\u00f3n de De la R\u00faa de no detener el proceso de convertibilidad al asumir (y soportar el costo pol\u00edtico de la reprobaci\u00f3n de los argentinos que estaban felices con la \u00abfiesta trucha\u00bb) vale recordar y dejar en claro para la historia que tal plan fue una bomba de tiempo que le iba a explotar a cualquiera que asumiera la presidencia en 1999.<\/p>\n<p>Y le explot\u00f3 a \u00e9l porque fue el que gan\u00f3. Y tampoco hay que olvidar que al peronismo moderno nunca le gust\u00f3 que ganen otros. Y menos que menos que esos otros gobiernen c\u00f3modos. De la R\u00faa, sabiendo que todo el andamiaje econ\u00f3mico se desmoronaba, eligi\u00f3 la jugada pol\u00edtica de convocar al \u00abPadre de la Criatura\u00bb (Domingo Cavallo) para que reasumiera el ministerio de Econom\u00eda. Se supon\u00eda que si le resultaba imposible recuperar los niveles econ\u00f3micos de 1994\/95, ser\u00eda el propio Cavallo quien pagar\u00eda los costos si, llegado el momento, el propio De la R\u00faa lo echaba y romp\u00eda con el 1 a 1. Pero todo se precipit\u00f3 y el \u00abcorralito\u00bb anunci\u00f3 que la parva de d\u00f3lares que corculaba por la Argentina desde los tiempos de las privatizaciones, se hab\u00eda esfumado. El Plan Megacanje termin\u00f3 por descuajeringar -una vez m\u00e1s- el sistema financiero.<\/p>\n<p>Obviamente, adi\u00f3s al \u00abargentino comprador\u00bb.<\/p>\n<p>La abrupta devaluaci\u00f3n del peso en 2002 tras el colapso de la convertibilidad, hizo que los productos argentinos se abarataran, casi risue\u00f1amente, en t\u00e9rminos de moneda extranjera.<\/p>\n<p>Nueva oleada de ciudadanos de pa\u00edses lim\u00edtrofes que aprovecharon la situaci\u00f3n para comprar en Argentina, dado el bajo costo relativo de los productos. La afluencia de uruguayos, brasile\u00f1os y chilenos que aprovechaban para comprar productos m\u00e1s baratos en Argentina durante este periodo nos dej\u00f3 a todos con la boca abierta.<\/p>\n<p>El atraso cambiario volvi\u00f3 con la \u00abFiebre de la Soja\u00bb, durante los gobiernos de N\u00e9stor Kirchner y Cristina Fern\u00e1ndez de Kirchner. Pero nunca m\u00e1s volvi\u00f3 a existir una tendencia cambiaria que abriera la opci\u00f3n de los argentinos -a nivel masivo, claro-\u00a0 se transformaran en gastadores de d\u00f3lares. Durante un breve periodo entre 2005 y 2007, la reactivaci\u00f3n econ\u00f3mica y la apreciaci\u00f3n del peso relativa a los salarios internos hicieron que algunos argentinos encontraran ventajoso cruzar a pa\u00edses vecinos para ciertas compras espec\u00edficas, aunque este fen\u00f3meno fue menos marcado que en otros periodos<\/p>\n<p>En 2017, Clar\u00edn public\u00f3 una nota sus secci\u00f3n Sociedad con este t\u00edtulo: \u00ab<a href=\"https:\/\/www.clarin.com\/sociedad\/sorpresa-gondolas-productos-made-in-argentina-cuestan-aca-afuera_0_ByJo1TwDl.html\" target=\"_blank\" rel=\"noopener\">Sorpresa en las g\u00f3ndolas: productos \u201cmade in Argentina\u201d cuestan m\u00e1s ac\u00e1 que afuera<\/a>\u00ab. En realidad, la sorpresa era para la gente m\u00e1s joven. Si bien siempre hay posibilidades de que las cosas se produzcan de un modo peor al que uno conoce, uno conoce. Uno, es argentino.<\/p>\n<p>Desde 2018 tuvimos varias devaluaciones del peso y alta inflaci\u00f3n. Estas circunstancias han vuelto a hacer de Argentina un destino atractivo para compras para ciudadanos de pa\u00edses lim\u00edtrofes. Esto ha generado un incremento en el turismo de compra, especialmente desde Chile y Uruguay, donde los ciudadanos cruzaban la frontera para aprovechar precios m\u00e1s bajos en productos electr\u00f3nicos, ropa y alimentos.<\/p>\n<p>Desde 2018, con la alta inflaci\u00f3n y los controles cambiarios, muchos argentinos han buscado productos m\u00e1s econ\u00f3micos en pa\u00edses vecinos como Paraguay y Bolivia, donde la diferencia de precios puede ser considerable para ciertos bienes.<\/p>\n<p>Lo incre\u00edble fue que la inflaci\u00f3n en el pa\u00eds alcanz\u00f3 niveles tan impresionantes en 2024, que, con el d\u00f3lar encepado y un ajuste galopante, los precios llegaron a valores irrisorios y la gente pudo se fue a comprar a Uruguay, a Brasil o a Chile. Se trat\u00f3 del efecto de una actitud que muchos empresarios argentinos, asumen al verse dominadores de su mercado. Ellos entienden que pedir por sus productos monopolizados un dinero\u00a0 excesivo y que termine despojando de su \u00faltimos pesos a quienes les compran, es un derecho natural.<\/p>\n<p>La din\u00e1mica de compras transfronterizas entre Argentina y los miembros del Mercosur m\u00e1s Chile, estuvo siempre influenciada por la estabilidad (inestabilidad, en realidad) econ\u00f3mica, los tipos de cambio y las pol\u00edticas econ\u00f3micas de cada periodo. Estas fluctuaciones determinaron qui\u00e9n cruza la frontera y con qu\u00e9 prop\u00f3sito, haciendo que en distintas \u00e9pocas, tanto los argentinos como nuestros vecinos hayamos buscado mejores oportunidades de compra al otro lado de la frontera. Un espanto que miles de inconscientes lo ven como divertido porque justifica organizar un viaje.<\/p>\n<p><!--googleoff: index--><br \/>\n<!--googleon: index--><br \/>\n<img decoding=\"async\" loading=\"lazy\" class=\"aligncenter size-full wp-image-686748\" src=\"https:\/\/www.diario5.com.ar\/wp-content\/uploads\/2024\/06\/ar_capital_rosario20240604.jpg\" width=\"700\" height=\"940\" srcset=\"https:\/\/www.diario5.com.ar\/wp-content\/uploads\/2024\/06\/ar_capital_rosario20240604.jpg 700w, https:\/\/www.diario5.com.ar\/wp-content\/uploads\/2024\/06\/ar_capital_rosario20240604-223x300.jpg 223w\" sizes=\"(max-width: 700px) 100vw, 700px\" \/><\/p>\n<p><img decoding=\"async\" loading=\"lazy\" class=\"aligncenter size-full wp-image-686749\" src=\"https:\/\/www.diario5.com.ar\/wp-content\/uploads\/2024\/06\/esquiu20240604.jpg\" width=\"700\" height=\"920\" srcset=\"https:\/\/www.diario5.com.ar\/wp-content\/uploads\/2024\/06\/esquiu20240604.jpg 700w, https:\/\/www.diario5.com.ar\/wp-content\/uploads\/2024\/06\/esquiu20240604-228x300.jpg 228w\" sizes=\"(max-width: 700px) 100vw, 700px\" \/><\/p>\n<p><img decoding=\"async\" loading=\"lazy\" class=\"aligncenter size-full wp-image-686750\" src=\"https:\/\/www.diario5.com.ar\/wp-content\/uploads\/2024\/06\/voz_chaco20240604.jpg\" width=\"700\" height=\"816\" srcset=\"https:\/\/www.diario5.com.ar\/wp-content\/uploads\/2024\/06\/voz_chaco20240604.jpg 700w, https:\/\/www.diario5.com.ar\/wp-content\/uploads\/2024\/06\/voz_chaco20240604-257x300.jpg 257w\" sizes=\"(max-width: 700px) 100vw, 700px\" \/><\/p>\n<p><img decoding=\"async\" loading=\"lazy\" class=\"aligncenter size-full wp-image-686751\" src=\"https:\/\/www.diario5.com.ar\/wp-content\/uploads\/2024\/06\/ar_cronista20240604.jpg\" width=\"700\" height=\"886\" srcset=\"https:\/\/www.diario5.com.ar\/wp-content\/uploads\/2024\/06\/ar_cronista20240604.jpg 700w, https:\/\/www.diario5.com.ar\/wp-content\/uploads\/2024\/06\/ar_cronista20240604-237x300.jpg 237w\" sizes=\"(max-width: 700px) 100vw, 700px\" \/><\/p>\n<p><img decoding=\"async\" loading=\"lazy\" class=\"aligncenter size-full wp-image-686752\" src=\"https:\/\/www.diario5.com.ar\/wp-content\/uploads\/2024\/06\/ar_eldia20240604.jpg\" width=\"699\" height=\"1041\" srcset=\"https:\/\/www.diario5.com.ar\/wp-content\/uploads\/2024\/06\/ar_eldia20240604.jpg 699w, https:\/\/www.diario5.com.ar\/wp-content\/uploads\/2024\/06\/ar_eldia20240604-201x300.jpg 201w, https:\/\/www.diario5.com.ar\/wp-content\/uploads\/2024\/06\/ar_eldia20240604-688x1024.jpg 688w\" sizes=\"(max-width: 699px) 100vw, 699px\" \/><\/p>\n<p><img decoding=\"async\" loading=\"lazy\" class=\"aligncenter size-full wp-image-686753\" src=\"https:\/\/www.diario5.com.ar\/wp-content\/uploads\/2024\/06\/ar_hoy20240604.jpg\" width=\"700\" height=\"924\" srcset=\"https:\/\/www.diario5.com.ar\/wp-content\/uploads\/2024\/06\/ar_hoy20240604.jpg 700w, https:\/\/www.diario5.com.ar\/wp-content\/uploads\/2024\/06\/ar_hoy20240604-227x300.jpg 227w\" sizes=\"(max-width: 700px) 100vw, 700px\" \/><\/p>\n<p><img decoding=\"async\" loading=\"lazy\" class=\"aligncenter size-full wp-image-686754\" src=\"https:\/\/www.diario5.com.ar\/wp-content\/uploads\/2024\/06\/ar_chubut20240604.jpg\" width=\"700\" height=\"896\" srcset=\"https:\/\/www.diario5.com.ar\/wp-content\/uploads\/2024\/06\/ar_chubut20240604.jpg 700w, https:\/\/www.diario5.com.ar\/wp-content\/uploads\/2024\/06\/ar_chubut20240604-234x300.jpg 234w\" sizes=\"(max-width: 700px) 100vw, 700px\" \/><\/p>\n<p><img decoding=\"async\" loading=\"lazy\" class=\"aligncenter size-full wp-image-686755\" src=\"https:\/\/www.diario5.com.ar\/wp-content\/uploads\/2024\/06\/ar_litoral20240604.jpg\" width=\"699\" height=\"914\" srcset=\"https:\/\/www.diario5.com.ar\/wp-content\/uploads\/2024\/06\/ar_litoral20240604.jpg 699w, https:\/\/www.diario5.com.ar\/wp-content\/uploads\/2024\/06\/ar_litoral20240604-229x300.jpg 229w\" sizes=\"(max-width: 699px) 100vw, 699px\" \/><\/p>\n<p><img decoding=\"async\" loading=\"lazy\" class=\"aligncenter size-full wp-image-686759\" src=\"https:\/\/www.diario5.com.ar\/wp-content\/uploads\/2024\/06\/ar_diario_republica20240604.jpg\" width=\"700\" height=\"979\" srcset=\"https:\/\/www.diario5.com.ar\/wp-content\/uploads\/2024\/06\/ar_diario_republica20240604.jpg 700w, https:\/\/www.diario5.com.ar\/wp-content\/uploads\/2024\/06\/ar_diario_republica20240604-215x300.jpg 215w\" sizes=\"(max-width: 700px) 100vw, 700px\" \/><\/p>\n<p><img decoding=\"async\" loading=\"lazy\" class=\"aligncenter size-full wp-image-686756\" src=\"https:\/\/www.diario5.com.ar\/wp-content\/uploads\/2024\/06\/ciudadano20240604.jpg\" width=\"700\" height=\"943\" srcset=\"https:\/\/www.diario5.com.ar\/wp-content\/uploads\/2024\/06\/ciudadano20240604.jpg 700w, https:\/\/www.diario5.com.ar\/wp-content\/uploads\/2024\/06\/ciudadano20240604-223x300.jpg 223w\" sizes=\"(max-width: 700px) 100vw, 700px\" \/><\/p>\n<p><img decoding=\"async\" loading=\"lazy\" class=\"aligncenter size-full wp-image-686757\" src=\"https:\/\/www.diario5.com.ar\/wp-content\/uploads\/2024\/06\/ar_clarin20240604.jpg\" width=\"700\" height=\"968\" srcset=\"https:\/\/www.diario5.com.ar\/wp-content\/uploads\/2024\/06\/ar_clarin20240604.jpg 700w, https:\/\/www.diario5.com.ar\/wp-content\/uploads\/2024\/06\/ar_clarin20240604-217x300.jpg 217w\" sizes=\"(max-width: 700px) 100vw, 700px\" \/><\/p>\n<p><img decoding=\"async\" loading=\"lazy\" class=\"aligncenter size-full wp-image-686758\" src=\"https:\/\/www.diario5.com.ar\/wp-content\/uploads\/2024\/06\/nacion20240604.jpg\" width=\"699\" height=\"1060\" srcset=\"https:\/\/www.diario5.com.ar\/wp-content\/uploads\/2024\/06\/nacion20240604.jpg 699w, https:\/\/www.diario5.com.ar\/wp-content\/uploads\/2024\/06\/nacion20240604-198x300.jpg 198w, https:\/\/www.diario5.com.ar\/wp-content\/uploads\/2024\/06\/nacion20240604-675x1024.jpg 675w\" sizes=\"(max-width: 699px) 100vw, 699px\" \/><\/p>\n<p><img decoding=\"async\" loading=\"lazy\" class=\"aligncenter size-full wp-image-686760\" src=\"https:\/\/www.diario5.com.ar\/wp-content\/uploads\/2024\/06\/ar_rio_negro20240604.jpg\" width=\"700\" height=\"1069\" srcset=\"https:\/\/www.diario5.com.ar\/wp-content\/uploads\/2024\/06\/ar_rio_negro20240604.jpg 700w, https:\/\/www.diario5.com.ar\/wp-content\/uploads\/2024\/06\/ar_rio_negro20240604-196x300.jpg 196w, https:\/\/www.diario5.com.ar\/wp-content\/uploads\/2024\/06\/ar_rio_negro20240604-671x1024.jpg 671w\" sizes=\"(max-width: 700px) 100vw, 700px\" \/><\/p>","protected":false},"excerpt":{"rendered":"<p>Nos qued\u00f3 por revisar en qu\u00e9 momentos de la \u00faltima y m\u00e1s grave etapa de la vida econ\u00f3mica y bajo qu\u00e9 condiciones, los argentinos se vieron en la posici\u00f3n de compradores ante el mundo porque nuestra moneda se ubic\u00f3 por sobre el valor de otras (siempre bajo alguna maniobra ficticia, por supuesto) y cu\u00e1ndo se [&hellip;]<\/p>","protected":false},"author":27,"featured_media":686745,"comment_status":"open","ping_status":"open","sticky":false,"template":"","format":"standard","meta":[],"categories":[1],"tags":[1160,1866,1177,1890,474,377,1891,934,935,734,1826,1300,980,2024,2026,1035,362,936,1864,937,144,1400,939,1869,941,942,944,1683],"series":[],"_links":{"self":[{"href":"https:\/\/www.diario5.com.ar\/es\/wp-json\/wp\/v2\/posts\/677265"}],"collection":[{"href":"https:\/\/www.diario5.com.ar\/es\/wp-json\/wp\/v2\/posts"}],"about":[{"href":"https:\/\/www.diario5.com.ar\/es\/wp-json\/wp\/v2\/types\/post"}],"author":[{"embeddable":true,"href":"https:\/\/www.diario5.com.ar\/es\/wp-json\/wp\/v2\/users\/27"}],"replies":[{"embeddable":true,"href":"https:\/\/www.diario5.com.ar\/es\/wp-json\/wp\/v2\/comments?post=677265"}],"version-history":[{"count":6,"href":"https:\/\/www.diario5.com.ar\/es\/wp-json\/wp\/v2\/posts\/677265\/revisions"}],"predecessor-version":[{"id":686761,"href":"https:\/\/www.diario5.com.ar\/es\/wp-json\/wp\/v2\/posts\/677265\/revisions\/686761"}],"wp:featuredmedia":[{"embeddable":true,"href":"https:\/\/www.diario5.com.ar\/es\/wp-json\/wp\/v2\/media\/686745"}],"wp:attachment":[{"href":"https:\/\/www.diario5.com.ar\/es\/wp-json\/wp\/v2\/media?parent=677265"}],"wp:term":[{"taxonomy":"category","embeddable":true,"href":"https:\/\/www.diario5.com.ar\/es\/wp-json\/wp\/v2\/categories?post=677265"},{"taxonomy":"post_tag","embeddable":true,"href":"https:\/\/www.diario5.com.ar\/es\/wp-json\/wp\/v2\/tags?post=677265"},{"taxonomy":"series","embeddable":true,"href":"https:\/\/www.diario5.com.ar\/es\/wp-json\/wp\/v2\/series?post=677265"}],"curies":[{"name":"wp","href":"https:\/\/api.w.org\/{rel}","templated":true}]}}