{"id":677245,"date":"2024-05-15T06:11:00","date_gmt":"2024-05-15T09:11:00","guid":{"rendered":"http:\/\/diario5.com.ar\/?p=677245"},"modified":"2024-05-15T14:54:54","modified_gmt":"2024-05-15T17:54:54","slug":"677245","status":"publish","type":"post","link":"https:\/\/www.diario5.com.ar\/es\/677245\/","title":{"rendered":"Docente Universitario: Por qu\u00e9 este d\u00eda"},"content":{"rendered":"<h2 class=\"sub-title-primary\"><\/h2> <p><img decoding=\"async\" src=\"https:\/\/pxc.cdn.ellitoral.com.ar\/litoral\/052019\/1557894622808.webp?cw=770&amp;ch=440&amp;extw=jpg\" alt=\"La Tapa. El diario El Litoral en su edici\u00f3n del 16 de mayo reflej\u00f3 todo el repudio y la tristeza que gener\u00f3 el asesinato de Juan Jos\u00e9 Cabral a manos de las balas policiales.\" \/><\/p>\n<p>El \u00abCorrentinazo\u00bb hace referencia a un importante levantamiento social y pol\u00edtico ocurrido en la provincia de Corrientes durante la d\u00e9cada de 1960.<\/p>\n<p>Ocurri\u00f3 en el contexto de un malestar social y econ\u00f3mico m\u00e1s amplio en el pa\u00eds entonces, con las incipientes pero firmes bases de desigualdad social m\u00e1s la insatisfacci\u00f3n de la poblaci\u00f3n con las pol\u00edticas gubernamentales tan conocidas tambi\u00e9n en nuestro siglo, pero con dos aditamentos que resultan \u00abimposibles de conseguir en el mercado\u00bb: mucha inestabilidad pol\u00edtica y una tendencia -casi cultural del poder- a la represi\u00f3n.<\/p>\n<p>Corrientes, como muchas otras provincias de Argentina en ese momento, enfrentaba varios desaf\u00edos econ\u00f3micos, incluidos problemas agr\u00edcolas, pobreza rural y falta de desarrollo de infraestructura.<\/p>\n<p>Pero el epicentro de la protesta en mayo de 1969 se dispara cuando el rector-interventor de la la Universidad Nacional del Nordeste (UNNE) Carlos Walker quit\u00f3 hizo subir los precios del comedor universitario en la friolera de 500% y la medida complementaria de \u00a0disolver de los centros de estudiantes de todas las facultades con la intenci\u00f3n de debilitar la resistencia.<\/p>\n<p>El Correntinazo estall\u00f3 en manifestaciones con miles de personas saliendo a las calles para expresar su apoyo a los reclamos de los estudiantes y de los profesores.<\/p>\n<p>De hecho, el 15 de mayo se celebra como el \u00abD\u00eda del Docente Universitario\u00bb en Argentina y est\u00e1 vinculado al Correntinazo. En aquella fecha, profesores y estudiantes universitarios protagonizaron su propio cap\u00edtulo en la lucha por lograr las demandas del pueblo correntino.<\/p>\n<p>Ese d\u00eda, lamentablemente, hubo un m\u00e1rtir: Juan Jos\u00e9 Cabral, estudiante. Innecesariamente, una bala policial lo alcanz\u00f3 durante la represi\u00f3n por un tema tan menor, injusto y provocador: La UNNE de la dictadura aspiraba a desprenderse de los estudiantes de bajos recursos.<\/p>\n<p>Los profesores de todas las facultades se mostraron solidarios con los reclamos de su alumnos y participaren de los actos y manifestaciones en todo momento.\u00a0\u00a0En reconocimiento al papel desempe\u00f1ado por los docentes universitarios en la promoci\u00f3n del cambio social y su apoyo al Correntinazo, el 15 de mayo fue designado posteriormente como el D\u00eda del Docente Universitario. Es un jornada para honrar y apreciar las contribuciones de los profesores universitarios a la educaci\u00f3n, la academia y la sociedad en su conjunto.<\/p>\n<p style=\"text-align: right;\">Clara Mart\u00ednez<\/p>\n<p><img decoding=\"async\" loading=\"lazy\" class=\"alignnone size-full wp-image-686310\" src=\"https:\/\/www.diario5.com.ar\/wp-content\/uploads\/2024\/05\/clarin_19690516_correntinazo.jpg\" alt=\"\" width=\"948\" height=\"1308\" srcset=\"https:\/\/www.diario5.com.ar\/wp-content\/uploads\/2024\/05\/clarin_19690516_correntinazo.jpg 948w, https:\/\/www.diario5.com.ar\/wp-content\/uploads\/2024\/05\/clarin_19690516_correntinazo-217x300.jpg 217w, https:\/\/www.diario5.com.ar\/wp-content\/uploads\/2024\/05\/clarin_19690516_correntinazo-742x1024.jpg 742w, https:\/\/www.diario5.com.ar\/wp-content\/uploads\/2024\/05\/clarin_19690516_correntinazo-768x1060.jpg 768w\" sizes=\"(max-width: 948px) 100vw, 948px\" \/><\/p>\n<h3 style=\"text-align: center;\">UN TIRO EN EL PIE<\/h3>\n<p style=\"text-align: center;\">Por Marcelo Zanotti<\/p>\n<p><em>En el Correntinazo, la dictadura de Juan Carlos Ongan\u00eda qued\u00f3 debilitada por su insoslayable torpeza pol\u00edtica. Detentaba la presidencia de la Naci\u00f3n desde 1966, tras perpetrar el imperdonable golpe de estado contra el presidente constitucional Arturo Umberto Illia.<\/em><\/p>\n<p><em>Apenas d\u00edas despu\u00e9s del Correntinazo, surgi\u00f3 otra protesta estudiantil, esta vez en Rosario. Y la incre\u00edble actitud troglodita de Ongan\u00eda fue volver a reprimir. Hab\u00edamos pasado al Rosariazo. El primate uniformado con delirios napole\u00f3nicos declar\u00f3 \u00abzona de emergencia bajo jurisdicci\u00f3n militar\u00bb a la ciudad. Como tanto va el c\u00e1ntaro a la fuente, que al final\u00a0 se rompe, a la semana siguiente se le ocurri\u00f3 habilitar sus fuerzas de choque en otra protesta popular, ya de caracter\u00edsticas casi multitudinarias, el legendario Cordobazo, del 29 de mayo de 1969.<\/em><\/p>\n<p><em>Tantas demostraciones de imbecilidad por parte de Ongan\u00eda, llevaron a m\u00e1s de treinta oficiales superiores de la Fuerzas Armadas a manifestarle al Comandante en Jefe del Ej\u00e9rcito de entonces, Alejandro Agust\u00edn Lanusse, su virtual apoyo para sacarse de encima un presidente cuyos planes de gesti\u00f3n pol\u00edtica quedaban a expensas de tener que reprimir a la sociedad por cualquier motivo.<\/em><\/p>\n<p>&nbsp;<\/p>\n<p>&nbsp;<\/p>\n<p><!--googleoff: index--><!--googleon: index--><br \/>\n<img decoding=\"async\" loading=\"lazy\" class=\"aligncenter size-full wp-image-686314\" src=\"https:\/\/www.diario5.com.ar\/wp-content\/uploads\/2024\/05\/ar_capital_rosario20240515.jpg\" width=\"700\" height=\"922\" srcset=\"https:\/\/www.diario5.com.ar\/wp-content\/uploads\/2024\/05\/ar_capital_rosario20240515.jpg 700w, https:\/\/www.diario5.com.ar\/wp-content\/uploads\/2024\/05\/ar_capital_rosario20240515-228x300.jpg 228w\" sizes=\"(max-width: 700px) 100vw, 700px\" \/><\/p>\n<p><img decoding=\"async\" loading=\"lazy\" class=\"aligncenter size-full wp-image-686315\" src=\"https:\/\/www.diario5.com.ar\/wp-content\/uploads\/2024\/05\/esquiu20240515.jpg\" width=\"700\" height=\"920\" srcset=\"https:\/\/www.diario5.com.ar\/wp-content\/uploads\/2024\/05\/esquiu20240515.jpg 700w, https:\/\/www.diario5.com.ar\/wp-content\/uploads\/2024\/05\/esquiu20240515-228x300.jpg 228w\" sizes=\"(max-width: 700px) 100vw, 700px\" \/><\/p>\n<p><img decoding=\"async\" loading=\"lazy\" class=\"aligncenter size-full wp-image-686316\" src=\"https:\/\/www.diario5.com.ar\/wp-content\/uploads\/2024\/05\/voz_chaco20240515.jpg\" width=\"700\" height=\"816\" srcset=\"https:\/\/www.diario5.com.ar\/wp-content\/uploads\/2024\/05\/voz_chaco20240515.jpg 700w, https:\/\/www.diario5.com.ar\/wp-content\/uploads\/2024\/05\/voz_chaco20240515-257x300.jpg 257w\" sizes=\"(max-width: 700px) 100vw, 700px\" \/><\/p>\n<p><img decoding=\"async\" loading=\"lazy\" class=\"aligncenter size-full wp-image-686317\" src=\"https:\/\/www.diario5.com.ar\/wp-content\/uploads\/2024\/05\/ar_cronista20240515.jpg\" width=\"700\" height=\"881\" srcset=\"https:\/\/www.diario5.com.ar\/wp-content\/uploads\/2024\/05\/ar_cronista20240515.jpg 700w, https:\/\/www.diario5.com.ar\/wp-content\/uploads\/2024\/05\/ar_cronista20240515-238x300.jpg 238w\" sizes=\"(max-width: 700px) 100vw, 700px\" \/><\/p>\n<p><img decoding=\"async\" loading=\"lazy\" class=\"aligncenter size-full wp-image-686318\" src=\"https:\/\/www.diario5.com.ar\/wp-content\/uploads\/2024\/05\/ar_eldia20240515.jpg\" width=\"700\" height=\"1045\" srcset=\"https:\/\/www.diario5.com.ar\/wp-content\/uploads\/2024\/05\/ar_eldia20240515.jpg 700w, https:\/\/www.diario5.com.ar\/wp-content\/uploads\/2024\/05\/ar_eldia20240515-201x300.jpg 201w, https:\/\/www.diario5.com.ar\/wp-content\/uploads\/2024\/05\/ar_eldia20240515-686x1024.jpg 686w\" sizes=\"(max-width: 700px) 100vw, 700px\" \/><\/p>\n<p><img decoding=\"async\" loading=\"lazy\" class=\"aligncenter size-full wp-image-686319\" src=\"https:\/\/www.diario5.com.ar\/wp-content\/uploads\/2024\/05\/ar_hoy20240515.jpg\" width=\"700\" height=\"924\" srcset=\"https:\/\/www.diario5.com.ar\/wp-content\/uploads\/2024\/05\/ar_hoy20240515.jpg 700w, https:\/\/www.diario5.com.ar\/wp-content\/uploads\/2024\/05\/ar_hoy20240515-227x300.jpg 227w\" sizes=\"(max-width: 700px) 100vw, 700px\" \/><\/p>\n<p><img decoding=\"async\" loading=\"lazy\" class=\"aligncenter size-full wp-image-686320\" src=\"https:\/\/www.diario5.com.ar\/wp-content\/uploads\/2024\/05\/ar_chubut20240515.jpg\" width=\"700\" height=\"896\" srcset=\"https:\/\/www.diario5.com.ar\/wp-content\/uploads\/2024\/05\/ar_chubut20240515.jpg 700w, https:\/\/www.diario5.com.ar\/wp-content\/uploads\/2024\/05\/ar_chubut20240515-234x300.jpg 234w\" sizes=\"(max-width: 700px) 100vw, 700px\" \/><\/p>\n<p><img decoding=\"async\" loading=\"lazy\" class=\"aligncenter size-full wp-image-686321\" src=\"https:\/\/www.diario5.com.ar\/wp-content\/uploads\/2024\/05\/ar_litoral20240515.jpg\" width=\"700\" height=\"925\" srcset=\"https:\/\/www.diario5.com.ar\/wp-content\/uploads\/2024\/05\/ar_litoral20240515.jpg 700w, https:\/\/www.diario5.com.ar\/wp-content\/uploads\/2024\/05\/ar_litoral20240515-227x300.jpg 227w\" sizes=\"(max-width: 700px) 100vw, 700px\" \/><\/p>\n<p><img decoding=\"async\" loading=\"lazy\" class=\"aligncenter size-full wp-image-686325\" src=\"https:\/\/www.diario5.com.ar\/wp-content\/uploads\/2024\/05\/ar_diario_republica20240515.jpg\" width=\"700\" height=\"979\" srcset=\"https:\/\/www.diario5.com.ar\/wp-content\/uploads\/2024\/05\/ar_diario_republica20240515.jpg 700w, https:\/\/www.diario5.com.ar\/wp-content\/uploads\/2024\/05\/ar_diario_republica20240515-215x300.jpg 215w\" sizes=\"(max-width: 700px) 100vw, 700px\" \/><\/p>\n<p><img decoding=\"async\" loading=\"lazy\" class=\"aligncenter size-full wp-image-686326\" src=\"https:\/\/www.diario5.com.ar\/wp-content\/uploads\/2024\/05\/ar_litoral_sfe20240515.jpg\" width=\"700\" height=\"924\" srcset=\"https:\/\/www.diario5.com.ar\/wp-content\/uploads\/2024\/05\/ar_litoral_sfe20240515.jpg 700w, https:\/\/www.diario5.com.ar\/wp-content\/uploads\/2024\/05\/ar_litoral_sfe20240515-227x300.jpg 227w\" sizes=\"(max-width: 700px) 100vw, 700px\" \/><\/p>\n<p><img decoding=\"async\" loading=\"lazy\" class=\"aligncenter size-full wp-image-686322\" src=\"https:\/\/www.diario5.com.ar\/wp-content\/uploads\/2024\/05\/ciudadano20240515.jpg\" width=\"700\" height=\"917\" srcset=\"https:\/\/www.diario5.com.ar\/wp-content\/uploads\/2024\/05\/ciudadano20240515.jpg 700w, https:\/\/www.diario5.com.ar\/wp-content\/uploads\/2024\/05\/ciudadano20240515-229x300.jpg 229w\" sizes=\"(max-width: 700px) 100vw, 700px\" \/><\/p>\n<p><img decoding=\"async\" loading=\"lazy\" class=\"aligncenter size-full wp-image-686327\" src=\"https:\/\/www.diario5.com.ar\/wp-content\/uploads\/2024\/05\/ar_mirador_provincial20240515.jpg\" width=\"700\" height=\"939\" srcset=\"https:\/\/www.diario5.com.ar\/wp-content\/uploads\/2024\/05\/ar_mirador_provincial20240515.jpg 700w, https:\/\/www.diario5.com.ar\/wp-content\/uploads\/2024\/05\/ar_mirador_provincial20240515-224x300.jpg 224w\" sizes=\"(max-width: 700px) 100vw, 700px\" \/><\/p>\n<p><img decoding=\"async\" loading=\"lazy\" class=\"aligncenter size-full wp-image-686328\" src=\"https:\/\/www.diario5.com.ar\/wp-content\/uploads\/2024\/05\/ar_clarin20240515.jpg\" width=\"700\" height=\"967\" srcset=\"https:\/\/www.diario5.com.ar\/wp-content\/uploads\/2024\/05\/ar_clarin20240515.jpg 700w, https:\/\/www.diario5.com.ar\/wp-content\/uploads\/2024\/05\/ar_clarin20240515-217x300.jpg 217w\" sizes=\"(max-width: 700px) 100vw, 700px\" \/><\/p>\n<p><img decoding=\"async\" loading=\"lazy\" class=\"aligncenter size-full wp-image-686323\" src=\"https:\/\/www.diario5.com.ar\/wp-content\/uploads\/2024\/05\/nacion20240515.jpg\" width=\"700\" height=\"1057\" srcset=\"https:\/\/www.diario5.com.ar\/wp-content\/uploads\/2024\/05\/nacion20240515.jpg 700w, https:\/\/www.diario5.com.ar\/wp-content\/uploads\/2024\/05\/nacion20240515-199x300.jpg 199w, https:\/\/www.diario5.com.ar\/wp-content\/uploads\/2024\/05\/nacion20240515-678x1024.jpg 678w\" sizes=\"(max-width: 700px) 100vw, 700px\" \/><\/p>\n<p><img decoding=\"async\" loading=\"lazy\" class=\"aligncenter size-full wp-image-686324\" src=\"https:\/\/www.diario5.com.ar\/wp-content\/uploads\/2024\/05\/nuevo_diario20240515.jpg\" width=\"700\" height=\"1047\" srcset=\"https:\/\/www.diario5.com.ar\/wp-content\/uploads\/2024\/05\/nuevo_diario20240515.jpg 700w, https:\/\/www.diario5.com.ar\/wp-content\/uploads\/2024\/05\/nuevo_diario20240515-201x300.jpg 201w, https:\/\/www.diario5.com.ar\/wp-content\/uploads\/2024\/05\/nuevo_diario20240515-685x1024.jpg 685w\" sizes=\"(max-width: 700px) 100vw, 700px\" \/><\/p>\n<p><img decoding=\"async\" loading=\"lazy\" class=\"aligncenter size-full wp-image-686329\" src=\"https:\/\/www.diario5.com.ar\/wp-content\/uploads\/2024\/05\/ar_rio_negro20240515.jpg\" width=\"700\" height=\"1062\" srcset=\"https:\/\/www.diario5.com.ar\/wp-content\/uploads\/2024\/05\/ar_rio_negro20240515.jpg 700w, https:\/\/www.diario5.com.ar\/wp-content\/uploads\/2024\/05\/ar_rio_negro20240515-198x300.jpg 198w, https:\/\/www.diario5.com.ar\/wp-content\/uploads\/2024\/05\/ar_rio_negro20240515-675x1024.jpg 675w\" sizes=\"(max-width: 700px) 100vw, 700px\" \/><\/p>\n<p>&nbsp;<\/p>","protected":false},"excerpt":{"rendered":"<p>El \u00abCorrentinazo\u00bb hace referencia a un importante levantamiento social y pol\u00edtico ocurrido en la provincia de Corrientes durante la d\u00e9cada de 1960. Ocurri\u00f3 en el contexto de un malestar social y econ\u00f3mico m\u00e1s amplio en el pa\u00eds entonces, con las incipientes pero firmes bases de desigualdad social m\u00e1s la insatisfacci\u00f3n de la poblaci\u00f3n con las [&hellip;]<\/p>","protected":false},"author":4,"featured_media":686331,"comment_status":"open","ping_status":"open","sticky":false,"template":"","format":"standard","meta":[],"categories":[75,26,45,52,56],"tags":[1966,1963,1177,1961,1967,1965,1953,935,1954,1957,27,1959,1042,1284,1968,1962,1958,226,1789,1580,1873,1874,238,1964,941,1960,1956,1955],"series":[],"_links":{"self":[{"href":"https:\/\/www.diario5.com.ar\/es\/wp-json\/wp\/v2\/posts\/677245"}],"collection":[{"href":"https:\/\/www.diario5.com.ar\/es\/wp-json\/wp\/v2\/posts"}],"about":[{"href":"https:\/\/www.diario5.com.ar\/es\/wp-json\/wp\/v2\/types\/post"}],"author":[{"embeddable":true,"href":"https:\/\/www.diario5.com.ar\/es\/wp-json\/wp\/v2\/users\/4"}],"replies":[{"embeddable":true,"href":"https:\/\/www.diario5.com.ar\/es\/wp-json\/wp\/v2\/comments?post=677245"}],"version-history":[{"count":5,"href":"https:\/\/www.diario5.com.ar\/es\/wp-json\/wp\/v2\/posts\/677245\/revisions"}],"predecessor-version":[{"id":686330,"href":"https:\/\/www.diario5.com.ar\/es\/wp-json\/wp\/v2\/posts\/677245\/revisions\/686330"}],"wp:featuredmedia":[{"embeddable":true,"href":"https:\/\/www.diario5.com.ar\/es\/wp-json\/wp\/v2\/media\/686331"}],"wp:attachment":[{"href":"https:\/\/www.diario5.com.ar\/es\/wp-json\/wp\/v2\/media?parent=677245"}],"wp:term":[{"taxonomy":"category","embeddable":true,"href":"https:\/\/www.diario5.com.ar\/es\/wp-json\/wp\/v2\/categories?post=677245"},{"taxonomy":"post_tag","embeddable":true,"href":"https:\/\/www.diario5.com.ar\/es\/wp-json\/wp\/v2\/tags?post=677245"},{"taxonomy":"series","embeddable":true,"href":"https:\/\/www.diario5.com.ar\/es\/wp-json\/wp\/v2\/series?post=677245"}],"curies":[{"name":"wp","href":"https:\/\/api.w.org\/{rel}","templated":true}]}}