{"id":677235,"date":"2024-05-05T06:11:00","date_gmt":"2024-05-05T09:11:00","guid":{"rendered":"http:\/\/diario5.com.ar\/?p=677235"},"modified":"2024-05-05T15:12:17","modified_gmt":"2024-05-05T18:12:17","slug":"677235","status":"publish","type":"post","link":"https:\/\/www.diario5.com.ar\/es\/677235\/","title":{"rendered":"Zeus, extraordinario"},"content":{"rendered":"<h2 class=\"sub-title-primary\"><\/h2> <div class=\"bg-light pt-4 pb-3 mb-5 px-1 _none\">\n<div class=\"container\">\n<div class=\"layout row layout-builder__layout\">\n<div class=\"col-lg-8 col-md-12 col-12\">\n<div class=\"_none mb-3 block block-layout-builder block-field-blocknodearticletitle\">\n<div class=\"content\">\n<p><img decoding=\"async\" loading=\"lazy\" class=\"aligncenter size-full wp-image-686103\" src=\"https:\/\/www.diario5.com.ar\/wp-content\/uploads\/2024\/05\/WhatsApp-Image-2024-04-17-at-14.31.4120240505.jpeg\" alt=\"Zeus K9 Bomberos\" width=\"700\" height=\"466\" srcset=\"https:\/\/www.diario5.com.ar\/wp-content\/uploads\/2024\/05\/WhatsApp-Image-2024-04-17-at-14.31.4120240505.jpeg 700w, https:\/\/www.diario5.com.ar\/wp-content\/uploads\/2024\/05\/WhatsApp-Image-2024-04-17-at-14.31.4120240505-300x200.jpeg 300w\" sizes=\"(max-width: 700px) 100vw, 700px\" \/><\/p>\n<p class=\"mb-3\">En un informe atrapante, el portal web del GCBA rescata la historia de un cana que cumple funciones de salvataje al servicio de una dotaci\u00f3n de Bomberos. Rescatamos el relato<\/p>\n<p class=\"mb-3\">Zeus, el perro superh\u00e9roe que busca, nada y vuela para rescatar a vecinos ante una emergencia<\/p>\n<\/div>\n<\/div>\n<div class=\"_none block block-layout-builder block-field-blocknodearticlefield-summary\">\n<div class=\"content\">\n<p class=\"lead\">Es un labrador que interviene en operativos de rescate en derrumbes y forma parte de los Bomberos de la Ciudad. Desde los 45 d\u00edas de vida entrena con Daniel Ezequiel Medina. \u201cEs un gran compa\u00f1ero conmigo\u201d, se\u00f1ala el gu\u00eda.<\/p>\n<\/div>\n<\/div>\n<div class=\"_none mt-4 d-flex flex-row\"><\/div>\n<\/div>\n<\/div>\n<\/div>\n<\/div>\n<div class=\"_none\">\n<div class=\"container\">\n<div class=\"layout row layout-builder__layout\">\n<div class=\"col-lg-8 col-md-8 col-12\">\n<div class=\"_none block block-layout-builder block-field-blocknodearticlebody\">\n<div class=\"content\">\n<div class=\"clearfix text-formatted field field--name-body field--type-text-with-summary field--label-hidden field__item\">\n<p><strong>Zeus olfatea, da vueltas y ladra<\/strong>. \u201cAh\u00ed detect\u00f3, m\u00e1s o menos, d\u00f3nde est\u00e1 la persona\u201d, explica el bombero calificado Daniel Ezequiel Medina, su gu\u00eda, la otra mitad del binomio. La escena es similar a la que sucedi\u00f3 en Pedro Goyena al 500 en enero de este a\u00f1o, cuando Zeus marc\u00f3 que, bajo seis metros de escombros, estaba el cuerpo de una persona.<\/p>\n<p>Esta vez, no obstante, la estructura es hueca y est\u00e1 cubierta por tierra, madera y adoquines. Simula ser escombros para la pr\u00e1ctica. Adentro est\u00e1 escondido el bombero superior Eric Donopaulo y, una vez que Zeus lo hubo encontrado,\u00a0<strong>Medina le dar\u00e1 una pelota de tenis. \u201cEs su premio y lo \u00fanico que le interesa\u201d, apunta.<\/strong><\/p>\n<p>Zeus es un labrador, que tiene casi dos a\u00f1os y medio y pelaje dorado.\u00a0<strong>Lleg\u00f3 a la divisi\u00f3n del K9 de los Bomberos de la Ciudad junto a su hermana Nala con 45 d\u00edas<\/strong>\u00a0y por una donaci\u00f3n de una vecina de La Boca. Sus nombres se sometieron a votaci\u00f3n a trav\u00e9s de las redes sociales digitales y a Medina le alegra el que result\u00f3 electo por los porte\u00f1os.<\/p>\n<blockquote><p>\u00abAdaptamos al perro a estructuras y olores nuevos y, pasados los meses, nos abocamos a la tarea de b\u00fasqueda\u00bb.\u00a0<strong>(Bombero Daniel Ezequiel Medina)<\/strong><\/p><\/blockquote>\n<p><strong>FOTOS: JUAN MANUEL LAURENS \/ GCBA<\/strong><\/p>\n<p>Hasta entonces sin un compa\u00f1ero que completara su binomio, Medina se hizo cargo del entrenamiento: \u201c<strong>Adaptamos al perro a estructuras y olores nuevos, trabajamos la coordinaci\u00f3n y, pasados los meses, nos abocamos a la tarea espec\u00edfica de b\u00fasqueda<\/strong>\u00a0y localizaci\u00f3n de personas vivas y sepultadas en estructuras colapsadas\u201d.<\/p>\n<p>\u201cZeus comenz\u00f3 a estar operativo despu\u00e9s de los 14 meses\u201d, recuerda el gu\u00eda. Desde entonces, particip\u00f3 de diez intervenciones y\u00a0<strong>es el primer perro de los Bomberos de la Ciudad que forma parte de los despliegues que no es, tambi\u00e9n, mascota<\/strong>\u00a0de alguno de los agentes de la fuerza. \u00c9l, a diferencia de Fly, Tyson y Kaia, pasa todos sus d\u00edas en el destacamento.<\/p>\n<p>Adem\u00e1s del entrenamiento en la estaci\u00f3n, con obst\u00e1culos, estructuras diferentes, a veces inestables y la estimulaci\u00f3n del olfato,\u00a0<strong>los perros de la Unidad Canina hacen las pr\u00e1cticas necesarias para poder colaborar en operativos que se desarrollen en el agua<\/strong>. \u201cA Zeus le encanta\u201d, dice, entre risas, Donopaulo, que lleg\u00f3 hace pocas semanas a la dependencia.<\/p>\n<blockquote><p>Zeus lleg\u00f3 a la divisi\u00f3n del K9 de los Bomberos de la Ciudad junto a su hermana Nala con 45 d\u00edas<\/p><\/blockquote>\n<p><img decoding=\"async\" loading=\"lazy\" class=\"aligncenter size-full wp-image-686104\" src=\"https:\/\/www.diario5.com.ar\/wp-content\/uploads\/2024\/05\/WhatsApp-Image-2024-04-17-at-14.31.40-220240505.jpeg\" alt=\"Zeus K9 Bomberos\" width=\"700\" height=\"466\" srcset=\"https:\/\/www.diario5.com.ar\/wp-content\/uploads\/2024\/05\/WhatsApp-Image-2024-04-17-at-14.31.40-220240505.jpeg 700w, https:\/\/www.diario5.com.ar\/wp-content\/uploads\/2024\/05\/WhatsApp-Image-2024-04-17-at-14.31.40-220240505-300x200.jpeg 300w\" sizes=\"(max-width: 700px) 100vw, 700px\" \/><strong>FOTOS: JUAN MANUEL LAURENS \/ GCBA<\/strong><\/p>\n<p>Asimismo, los canes se preparan para participar en despliegues que incluyan saltos desde un helic\u00f3ptero. Marcos Pastore, bombero calificado de la Divisi\u00f3n y gu\u00eda principal de Boa, una pastora belga malinois que est\u00e1 en proceso de formaci\u00f3n, indica: \u201cPrimero,\u00a0<strong>los subimos con el veh\u00edculo detenido; despu\u00e9s lo ponemos en marcha y m\u00e1s tarde, cuando ya est\u00e1 acostumbrado, empezamos a volar<\/strong>\u201d.<\/p>\n<p>\u201cSiempre con arn\u00e9s\u201d, aclara Pastore, para cuidar su integridad. Durante los operativos y los entrenamientos,\u00a0<strong>las precauciones tomadas son las mismas que cuando participan las personas<\/strong>. \u201cEvitamos las zonas peligrosas que puedan lesionar al can. Apuntamos siempre a la seguridad de ambos\u201d, agrega Medina.<\/p>\n<p>Pese a la intensidad de su formaci\u00f3n, los perros de la Divisi\u00f3n K9 son d\u00f3ciles. Donopaulo suma: \u201cLas muestras que hacemos en los colegios sirven para demostrarlo\u201d.<\/p>\n<blockquote><p>Adem\u00e1s del entrenamiento habitual, los perros del K9 se preparan para colaborar en operativos que se desarrollen en el agua o que necesiten saltos desde helic\u00f3pteros<\/p><\/blockquote>\n<p><img decoding=\"async\" loading=\"lazy\" class=\"aligncenter size-full wp-image-686105\" src=\"https:\/\/www.diario5.com.ar\/wp-content\/uploads\/2024\/05\/WhatsApp-Image-2024-04-17-at-14.31.42-220240505.jpeg\" alt=\"Zeus K9 Bomberos\" width=\"700\" height=\"466\" srcset=\"https:\/\/www.diario5.com.ar\/wp-content\/uploads\/2024\/05\/WhatsApp-Image-2024-04-17-at-14.31.42-220240505.jpeg 700w, https:\/\/www.diario5.com.ar\/wp-content\/uploads\/2024\/05\/WhatsApp-Image-2024-04-17-at-14.31.42-220240505-300x200.jpeg 300w\" sizes=\"(max-width: 700px) 100vw, 700px\" \/><strong>FOTOS: JUAN MANUEL LAURENS \/ GCBA<\/strong><\/p>\n<p>\u201c\u00c9l es muy cari\u00f1oso\u201d, afirma Pastore y se\u00f1ala al labrador. Tambi\u00e9n obediente: Medina le indica que espere quieto mientras va a buscar algo a la oficina. Zeus lo hace y lo sigue con la mirada. \u201cEs un gran compa\u00f1ero conmigo\u201d, cuenta el gu\u00eda mientras se le escapa una sonrisa. Y detalla: \u201cFue mi primer perro en la labor de b\u00fasqueda y fue con el que me form\u00e9.\u00a0<strong>Me he quedado d\u00edas de franco y compartimos pr\u00e1cticas para mejorar el v\u00ednculo tan fuerte que hoy tenemos<\/strong>\u201d.<\/p>\n<p>Los perros de la Divisi\u00f3n K9 de Bomberos de la Ciudad est\u00e1n operativos hasta, aproximadamente, los siete a\u00f1os, cuando buscan un hogar. \u201cSin dudas que, cumplidos sus a\u00f1os de servicio,\u00a0<strong>me encantar\u00eda que est\u00e9 en la familia<\/strong>\u201d, expresa Medina.<\/p>\n<p>Zeus acata cada orden su gu\u00eda: se sienta y se acuesta a su lado, atraviesa t\u00faneles, salta obst\u00e1culos, sube escaleras y busca bomberos escondidos. \u201c<strong>Todo es un juego para \u00e9l<\/strong>\u201d, afirma Medina. Cuando los encuentra, vuelve por su pelota, su premio, lo \u00fanico que le interesa.<\/p>\n<\/div>\n<\/div>\n<\/div>\n<\/div>\n<\/div>\n<\/div>\n<\/div>\n<p><!--googleon: index--><br \/>\n<img decoding=\"async\" loading=\"lazy\" class=\"aligncenter size-full wp-image-686106\" src=\"https:\/\/www.diario5.com.ar\/wp-content\/uploads\/2024\/05\/ar_capital_rosario20240505.jpg\" width=\"700\" height=\"922\" srcset=\"https:\/\/www.diario5.com.ar\/wp-content\/uploads\/2024\/05\/ar_capital_rosario20240505.jpg 700w, https:\/\/www.diario5.com.ar\/wp-content\/uploads\/2024\/05\/ar_capital_rosario20240505-228x300.jpg 228w\" sizes=\"(max-width: 700px) 100vw, 700px\" \/><\/p>\n<p><img decoding=\"async\" loading=\"lazy\" class=\"aligncenter size-full wp-image-686107\" src=\"https:\/\/www.diario5.com.ar\/wp-content\/uploads\/2024\/05\/esquiu20240505.jpg\" width=\"700\" height=\"920\" srcset=\"https:\/\/www.diario5.com.ar\/wp-content\/uploads\/2024\/05\/esquiu20240505.jpg 700w, https:\/\/www.diario5.com.ar\/wp-content\/uploads\/2024\/05\/esquiu20240505-228x300.jpg 228w\" sizes=\"(max-width: 700px) 100vw, 700px\" \/><\/p>\n<p><img decoding=\"async\" loading=\"lazy\" class=\"aligncenter size-full wp-image-686108\" src=\"https:\/\/www.diario5.com.ar\/wp-content\/uploads\/2024\/05\/voz_chaco20240505.jpg\" width=\"700\" height=\"830\" srcset=\"https:\/\/www.diario5.com.ar\/wp-content\/uploads\/2024\/05\/voz_chaco20240505.jpg 700w, https:\/\/www.diario5.com.ar\/wp-content\/uploads\/2024\/05\/voz_chaco20240505-253x300.jpg 253w\" sizes=\"(max-width: 700px) 100vw, 700px\" \/><\/p>\n<p><img decoding=\"async\" loading=\"lazy\" class=\"aligncenter size-full wp-image-686116\" src=\"https:\/\/www.diario5.com.ar\/wp-content\/uploads\/2024\/05\/ar_eldia20240505.jpg\" width=\"700\" height=\"1041\" srcset=\"https:\/\/www.diario5.com.ar\/wp-content\/uploads\/2024\/05\/ar_eldia20240505.jpg 700w, https:\/\/www.diario5.com.ar\/wp-content\/uploads\/2024\/05\/ar_eldia20240505-202x300.jpg 202w, https:\/\/www.diario5.com.ar\/wp-content\/uploads\/2024\/05\/ar_eldia20240505-689x1024.jpg 689w\" sizes=\"(max-width: 700px) 100vw, 700px\" \/><\/p>\n<p><img decoding=\"async\" loading=\"lazy\" class=\"aligncenter size-full wp-image-686109\" src=\"https:\/\/www.diario5.com.ar\/wp-content\/uploads\/2024\/05\/ar_hoy20240505.jpg\" width=\"700\" height=\"924\" srcset=\"https:\/\/www.diario5.com.ar\/wp-content\/uploads\/2024\/05\/ar_hoy20240505.jpg 700w, https:\/\/www.diario5.com.ar\/wp-content\/uploads\/2024\/05\/ar_hoy20240505-227x300.jpg 227w\" sizes=\"(max-width: 700px) 100vw, 700px\" \/><\/p>\n<p><img decoding=\"async\" loading=\"lazy\" class=\"aligncenter size-full wp-image-686110\" src=\"https:\/\/www.diario5.com.ar\/wp-content\/uploads\/2024\/05\/ar_chubut20240505.jpg\" width=\"700\" height=\"904\" srcset=\"https:\/\/www.diario5.com.ar\/wp-content\/uploads\/2024\/05\/ar_chubut20240505.jpg 700w, https:\/\/www.diario5.com.ar\/wp-content\/uploads\/2024\/05\/ar_chubut20240505-232x300.jpg 232w\" sizes=\"(max-width: 700px) 100vw, 700px\" \/><\/p>\n<p><img decoding=\"async\" loading=\"lazy\" class=\"aligncenter size-full wp-image-686117\" src=\"https:\/\/www.diario5.com.ar\/wp-content\/uploads\/2024\/05\/ar_diario_republica20240505.jpg\" width=\"700\" height=\"980\" srcset=\"https:\/\/www.diario5.com.ar\/wp-content\/uploads\/2024\/05\/ar_diario_republica20240505.jpg 700w, https:\/\/www.diario5.com.ar\/wp-content\/uploads\/2024\/05\/ar_diario_republica20240505-214x300.jpg 214w\" sizes=\"(max-width: 700px) 100vw, 700px\" \/><\/p>\n<p><img decoding=\"async\" loading=\"lazy\" class=\"aligncenter size-full wp-image-686112\" src=\"https:\/\/www.diario5.com.ar\/wp-content\/uploads\/2024\/05\/ciudadano20240505.jpg\" width=\"700\" height=\"950\" srcset=\"https:\/\/www.diario5.com.ar\/wp-content\/uploads\/2024\/05\/ciudadano20240505.jpg 700w, https:\/\/www.diario5.com.ar\/wp-content\/uploads\/2024\/05\/ciudadano20240505-221x300.jpg 221w\" sizes=\"(max-width: 700px) 100vw, 700px\" \/><\/p>\n<p><img decoding=\"async\" loading=\"lazy\" class=\"aligncenter size-full wp-image-686118\" src=\"https:\/\/www.diario5.com.ar\/wp-content\/uploads\/2024\/05\/ar_clarin20240505.jpg\" width=\"700\" height=\"966\" srcset=\"https:\/\/www.diario5.com.ar\/wp-content\/uploads\/2024\/05\/ar_clarin20240505.jpg 700w, https:\/\/www.diario5.com.ar\/wp-content\/uploads\/2024\/05\/ar_clarin20240505-217x300.jpg 217w\" sizes=\"(max-width: 700px) 100vw, 700px\" \/><\/p>\n<p><img decoding=\"async\" loading=\"lazy\" class=\"aligncenter size-full wp-image-686113\" src=\"https:\/\/www.diario5.com.ar\/wp-content\/uploads\/2024\/05\/nacion20240505.jpg\" width=\"699\" height=\"1059\" srcset=\"https:\/\/www.diario5.com.ar\/wp-content\/uploads\/2024\/05\/nacion20240505.jpg 699w, https:\/\/www.diario5.com.ar\/wp-content\/uploads\/2024\/05\/nacion20240505-198x300.jpg 198w, https:\/\/www.diario5.com.ar\/wp-content\/uploads\/2024\/05\/nacion20240505-676x1024.jpg 676w\" sizes=\"(max-width: 699px) 100vw, 699px\" \/><\/p>\n<p><img decoding=\"async\" loading=\"lazy\" class=\"aligncenter size-full wp-image-686114\" src=\"https:\/\/www.diario5.com.ar\/wp-content\/uploads\/2024\/05\/nuevo_diario20240505.jpg\" width=\"700\" height=\"1069\" srcset=\"https:\/\/www.diario5.com.ar\/wp-content\/uploads\/2024\/05\/nuevo_diario20240505.jpg 700w, https:\/\/www.diario5.com.ar\/wp-content\/uploads\/2024\/05\/nuevo_diario20240505-196x300.jpg 196w, https:\/\/www.diario5.com.ar\/wp-content\/uploads\/2024\/05\/nuevo_diario20240505-671x1024.jpg 671w\" sizes=\"(max-width: 700px) 100vw, 700px\" \/><\/p>\n<p><img decoding=\"async\" loading=\"lazy\" class=\"aligncenter size-full wp-image-686115\" src=\"https:\/\/www.diario5.com.ar\/wp-content\/uploads\/2024\/05\/ar_ancasti20240505.jpg\" width=\"700\" height=\"919\" srcset=\"https:\/\/www.diario5.com.ar\/wp-content\/uploads\/2024\/05\/ar_ancasti20240505.jpg 700w, https:\/\/www.diario5.com.ar\/wp-content\/uploads\/2024\/05\/ar_ancasti20240505-229x300.jpg 229w\" sizes=\"(max-width: 700px) 100vw, 700px\" \/><\/p>\n<p><img decoding=\"async\" loading=\"lazy\" class=\"aligncenter size-full wp-image-686119\" src=\"https:\/\/www.diario5.com.ar\/wp-content\/uploads\/2024\/05\/ar_rio_negro20240505.jpg\" width=\"700\" height=\"1053\" srcset=\"https:\/\/www.diario5.com.ar\/wp-content\/uploads\/2024\/05\/ar_rio_negro20240505.jpg 700w, https:\/\/www.diario5.com.ar\/wp-content\/uploads\/2024\/05\/ar_rio_negro20240505-199x300.jpg 199w, https:\/\/www.diario5.com.ar\/wp-content\/uploads\/2024\/05\/ar_rio_negro20240505-681x1024.jpg 681w\" sizes=\"(max-width: 700px) 100vw, 700px\" \/><\/p>\n<p>&nbsp;<\/p>","protected":false},"excerpt":{"rendered":"<p>En un informe atrapante, el portal web del GCBA rescata la historia de un cana que cumple funciones de salvataje al servicio de una dotaci\u00f3n de Bomberos. Rescatamos el relato Zeus, el perro superh\u00e9roe que busca, nada y vuela para rescatar a vecinos ante una emergencia Es un labrador que interviene en operativos de rescate [&hellip;]<\/p>","protected":false},"author":12,"featured_media":686103,"comment_status":"open","ping_status":"open","sticky":false,"template":"","format":"standard","meta":[],"categories":[702,28,56],"tags":[126,1631,362,567,942,537,329],"series":[],"_links":{"self":[{"href":"https:\/\/www.diario5.com.ar\/es\/wp-json\/wp\/v2\/posts\/677235"}],"collection":[{"href":"https:\/\/www.diario5.com.ar\/es\/wp-json\/wp\/v2\/posts"}],"about":[{"href":"https:\/\/www.diario5.com.ar\/es\/wp-json\/wp\/v2\/types\/post"}],"author":[{"embeddable":true,"href":"https:\/\/www.diario5.com.ar\/es\/wp-json\/wp\/v2\/users\/12"}],"replies":[{"embeddable":true,"href":"https:\/\/www.diario5.com.ar\/es\/wp-json\/wp\/v2\/comments?post=677235"}],"version-history":[{"count":3,"href":"https:\/\/www.diario5.com.ar\/es\/wp-json\/wp\/v2\/posts\/677235\/revisions"}],"predecessor-version":[{"id":686120,"href":"https:\/\/www.diario5.com.ar\/es\/wp-json\/wp\/v2\/posts\/677235\/revisions\/686120"}],"wp:featuredmedia":[{"embeddable":true,"href":"https:\/\/www.diario5.com.ar\/es\/wp-json\/wp\/v2\/media\/686103"}],"wp:attachment":[{"href":"https:\/\/www.diario5.com.ar\/es\/wp-json\/wp\/v2\/media?parent=677235"}],"wp:term":[{"taxonomy":"category","embeddable":true,"href":"https:\/\/www.diario5.com.ar\/es\/wp-json\/wp\/v2\/categories?post=677235"},{"taxonomy":"post_tag","embeddable":true,"href":"https:\/\/www.diario5.com.ar\/es\/wp-json\/wp\/v2\/tags?post=677235"},{"taxonomy":"series","embeddable":true,"href":"https:\/\/www.diario5.com.ar\/es\/wp-json\/wp\/v2\/series?post=677235"}],"curies":[{"name":"wp","href":"https:\/\/api.w.org\/{rel}","templated":true}]}}