{"id":677232,"date":"2024-05-02T06:11:00","date_gmt":"2024-05-02T09:11:00","guid":{"rendered":"http:\/\/diario5.com.ar\/?p=677232"},"modified":"2024-05-02T06:13:56","modified_gmt":"2024-05-02T09:13:56","slug":"677232","status":"publish","type":"post","link":"https:\/\/www.diario5.com.ar\/es\/677232\/","title":{"rendered":"Asoman los cr\u00e9ditos hipotecarios"},"content":{"rendered":"<h2 class=\"sub-title-primary\">Pic\u00f3 en punta el Banco Ciudad.<\/h2> <p><img decoding=\"async\" loading=\"lazy\" class=\"aligncenter size-full wp-image-686058\" src=\"https:\/\/www.diario5.com.ar\/wp-content\/uploads\/2024\/05\/WhatsApp-Image-2024-04-29-at-09.15.43-120240502.jpeg\" width=\"700\" height=\"466\" alt=\"Jorge Macri anunci\u00f3 los nuevos cr\u00e9ditos hipotecarios del Banco Ciudad\" srcset=\"https:\/\/www.diario5.com.ar\/wp-content\/uploads\/2024\/05\/WhatsApp-Image-2024-04-29-at-09.15.43-120240502.jpeg 700w, https:\/\/www.diario5.com.ar\/wp-content\/uploads\/2024\/05\/WhatsApp-Image-2024-04-29-at-09.15.43-120240502-300x200.jpeg 300w\" sizes=\"(max-width: 700px) 100vw, 700px\" \/><\/p>\n<p>Se anunciaron los nuevos cr\u00e9ditos hipotecarios del Banco Ciudad. Destino: adquisici\u00f3n, refacci\u00f3n, mejora y ampliaci\u00f3n de viviendas. El palan incluye acelerar el desarrollo en el Microcentro porte\u00f1o.<\/p>\n<p>Apunta a chequear cu\u00e1nto puede sostenerse o recuperarse la base institucional hist\u00f3rica de la clase media, que fue la vivienda propia.<\/p>\n<p>Se financian hasta $ 250 millones<\/p>\n<p>Hay plazos de hasta 20 a\u00f1os<\/p>\n<p>La tasa es en UVAs (Unidad de Valor Adquisitivo) y se suma m\u00e1s una Tasa Nominal Anual (TNA) que rondar\u00e1 el 3,5%.<\/p>\n<p>Estos nuevos cr\u00e9ditos hipotecarios del Banco Ciudad fueron dados a conocer por el propio Jefe de Gobierno, Jorge Macri.<\/p>\n<p>Qu\u00e9 dijo:<br \/>\n<!--googleoff: index--><br \/>\n\u201cAbrimos la inscripci\u00f3n a dos l\u00edneas de cr\u00e9dito hipotecario. Una es para quienes deseen adquirir una primera o segunda vivienda en las zonas de influencia del Banco Ciudad: AMBA, C\u00f3rdoba, Mendoza, Tucum\u00e1n y Salta. Y la otra es para los porte\u00f1os que quieran acceder a una vivienda familiar \u00fanica y permanente en la zona del Microcentro. Tambi\u00e9n para realizar las reformas y ampliaciones\u201d, expres\u00f3 Jorge Macri, quien estuvo acompa\u00f1ado por l; y el presidente del Banco Ciudad, Guillermo Laje.<\/p>\n<p>Asimismo, indic\u00f3: \u201cEsto tiene el objetivo de apoyar a la clase media, a los que laburan, a los que la pelean todos los d\u00edas y se esfuerzan para seguir adelante a pesar de las dificultades. Creemos que si nosotros ayudamos un poquito con el esfuerzo van a lograr esa libertad que da poder poner la cabeza en la almohada y decir, este lugar en el que estoy durmiendo, aunque tarde 20 a\u00f1os, ser\u00e1 m\u00edo, que es el sue\u00f1o de la vivienda\u201d.<\/p>\n<p>\u201cCuando se lanz\u00f3 el Plan de Transformaci\u00f3n y Reconversi\u00f3n del Microcentro, el objetivo era convertirlo en un \u00e1rea urbana inteligente, sostenible y residencial. Como parte de esa iniciativa estaba previsto que el Banco Ciudad ofreciera cr\u00e9ditos para la adquisici\u00f3n de viviendas. Hoy eso se concreta y es una forma de darle vida e impulso a esa zona que, despu\u00e9s de la pandemia, qued\u00f3 muy afectada con edificios de oficinas completamente vac\u00edos y espacios deshabitados que se reconvirtieron\u201d.<\/p>\n<p>Qu\u00e9 dijo la vicejefa de Gobierno, Clara Muzzio:<\/p>\n<p>\u201cEstos nuevos cr\u00e9ditos del Banco Ciudad son una herramienta clave para que cada vez m\u00e1s familias puedan dejar atr\u00e1s el esfuerzo de pagar un alquiler y tengan la oportunidad de acceder a su propia casa o ampliar o refaccionar la que ya tienen\u201d.<\/p>\n<p>Ambas l\u00edneas hipotecarias son en UVAs. La l\u00ednea general tiene una tasa de inter\u00e9s del 5,5% + UVAs y la de Microcentro, del 3,5% + UVAs. La l\u00ednea espec\u00edfica acompa\u00f1a el plan del Gobierno de CABA que tiene como objetivos el desarrollo y la inversi\u00f3n en el Microcentro, a trav\u00e9s de incentivos a la vivienda y de beneficios impositivos en actividades estrat\u00e9gicas.<\/p>\n<p>Estos cr\u00e9ditos estar\u00e1n disponibles a trav\u00e9s de la web del Banco Ciudad y en todas las sucursales de la entidad y permiten financiar hasta el 75% del valor de venta del inmueble a adquirir. A su vez, la relaci\u00f3n cuota-ingreso no debe exceder el 25% de los ingresos netos del solicitante y\/o de su grupo familiar.<\/p>\n<p>El Jefe de Gobierno a\u00f1adi\u00f3: \u201cCada medida que impulsamos es producto de una gesti\u00f3n que cuida los recursos para ofrecerles a los porte\u00f1os una mejor calidad de vida. En este Gobierno los recursos se administran de forma eficiente y reordenando prioridades\u201d.<\/p>\n<p>Son cr\u00e9ditos que se destacan por su accesibilidad, por ejemplo, con relaci\u00f3n al importe de la cuota mensual: cada $ 10 millones que se soliciten a 20 a\u00f1os para adquirir una vivienda en el Microcentro de CABA, la cuota mensual inicial es de $ 58.149. Asimismo, con respecto a la relaci\u00f3n cuota-ingreso, si la persona, familia o conjunto de tomadores del cr\u00e9dito suman ingresos por $ 1.930.000, pueden acceder, como ejemplo, a un pr\u00e9stamo de $ 70 millones, con una cuota inicial de $ 482.000.<\/p>\n<p>Qu\u00e9 hay que saber sobre los nuevos pr\u00e9stamos hipotecarios:<\/p>\n<p>* Son para la adquisici\u00f3n, refacci\u00f3n, mejora y ampliaci\u00f3n de viviendas, tanto \u00fanicas y permanentes, como no permanentes.<br \/>\n* La financiaci\u00f3n alcanza hasta los $250 millones, a plazos de hasta 20 a\u00f1os.<br \/>\n* Incluye dos l\u00edneas hipotecarias de similares caracter\u00edsticas.<br \/>\n* Una l\u00ednea que permite adquirir primera y segunda vivienda en todas las zonas de influencia del Banco Ciudad (AMBA, provincias de C\u00f3rdoba, Mendoza, Tucum\u00e1n y Salta) y otra para adquisici\u00f3n de vivienda familiar, \u00fanica y de ocupaci\u00f3n permanente en el Microcentro de la Ciudad Aut\u00f3noma de Buenos Aires.<br \/>\n* Ambas son en UVAs, la l\u00ednea general tiene una tasa de inter\u00e9s del 5,5% + UVAs y la de Microcentro, del 3,5% + UVAs.<br \/>\n* Los cr\u00e9ditos estar\u00e1n disponibles a partir de hoy, lunes 29 de abril, a trav\u00e9s de la web del Banco Ciudad y en todas las sucursales de la entidad.<br \/>\n* Permiten financiar hasta el 75% del valor de venta del inmueble a adquirir.<br \/>\n* La relaci\u00f3n cuota-ingreso no debe exceder el 25% de los ingresos netos del solicitante y\/o de su grupo familiar.<br \/>\n* Cada $10 millones que se soliciten a 20 a\u00f1os para adquirir una vivienda en el Microcentro de CABA, la cuota mensual inicial es de $ 58.149.<br \/>\n* Si la persona, familia o conjunto de tomadores del cr\u00e9dito suman ingresos por $ 1.930.000, pueden acceder, como ejemplo, a un pr\u00e9stamo de $ 70 millones, con una cuota inicial de $ 482.000.<br \/>\n* Se puede solicitar una extensi\u00f3n del plazo si el importe de la cuota a pagar llega a superar el 10% del valor de cuota resultante de haber aplicado a ese pr\u00e9stamo un ajuste de capital por el Coeficiente de Variaci\u00f3n de Salarios (CVS) desde su desembolso. En esos casos se podr\u00e1 extender en hasta 25% el plazo original del pr\u00e9stamo.<\/p>\n<p><!--googleon: index--><br \/>\n<img decoding=\"async\" loading=\"lazy\" class=\"aligncenter size-full wp-image-686059\" src=\"https:\/\/www.diario5.com.ar\/wp-content\/uploads\/2024\/05\/ar_capital_rosario20240502.jpg\" width=\"700\" height=\"897\" srcset=\"https:\/\/www.diario5.com.ar\/wp-content\/uploads\/2024\/05\/ar_capital_rosario20240502.jpg 700w, https:\/\/www.diario5.com.ar\/wp-content\/uploads\/2024\/05\/ar_capital_rosario20240502-234x300.jpg 234w\" sizes=\"(max-width: 700px) 100vw, 700px\" \/><\/p>\n<p><img decoding=\"async\" src=\"https:\/\/img.kiosko.net\/2024\/05\/02\/ar\/ar_nueva_provincia.jpg\" \/><\/p>\n<p><img decoding=\"async\" src=\"https:\/\/img.kiosko.net\/2024\/05\/02\/ar\/ar_duplicado.jpg\" \/><\/p>\n<p><img decoding=\"async\" loading=\"lazy\" class=\"aligncenter size-full wp-image-686060\" src=\"https:\/\/www.diario5.com.ar\/wp-content\/uploads\/2024\/05\/esquiu20240502.jpg\" width=\"700\" height=\"920\" srcset=\"https:\/\/www.diario5.com.ar\/wp-content\/uploads\/2024\/05\/esquiu20240502.jpg 700w, https:\/\/www.diario5.com.ar\/wp-content\/uploads\/2024\/05\/esquiu20240502-228x300.jpg 228w\" sizes=\"(max-width: 700px) 100vw, 700px\" \/><\/p>\n<p><img decoding=\"async\" src=\"https:\/\/img.kiosko.net\/2024\/05\/02\/ar\/ar_diario_norte.jpg\" \/><\/p>\n<p><img decoding=\"async\" loading=\"lazy\" class=\"aligncenter size-full wp-image-686061\" src=\"https:\/\/www.diario5.com.ar\/wp-content\/uploads\/2024\/05\/voz_chaco20240502.jpg\" width=\"700\" height=\"816\" srcset=\"https:\/\/www.diario5.com.ar\/wp-content\/uploads\/2024\/05\/voz_chaco20240502.jpg 700w, https:\/\/www.diario5.com.ar\/wp-content\/uploads\/2024\/05\/voz_chaco20240502-257x300.jpg 257w\" sizes=\"(max-width: 700px) 100vw, 700px\" \/><\/p>\n<p><img decoding=\"async\" src=\"https:\/\/img.kiosko.net\/2024\/05\/02\/ar\/ar_diario_madryn.jpg\" \/><\/p>\n<p><img decoding=\"async\" src=\"https:\/\/img.kiosko.net\/2024\/05\/02\/ar\/ar_laprensa.jpg\" \/><\/p>\n<p><img decoding=\"async\" loading=\"lazy\" class=\"aligncenter size-full wp-image-686062\" src=\"https:\/\/www.diario5.com.ar\/wp-content\/uploads\/2024\/05\/ar_cronista20240502.jpg\" width=\"700\" height=\"883\" srcset=\"https:\/\/www.diario5.com.ar\/wp-content\/uploads\/2024\/05\/ar_cronista20240502.jpg 700w, https:\/\/www.diario5.com.ar\/wp-content\/uploads\/2024\/05\/ar_cronista20240502-238x300.jpg 238w\" sizes=\"(max-width: 700px) 100vw, 700px\" \/><\/p>\n<p><img decoding=\"async\" src=\"https:\/\/img.kiosko.net\/2024\/05\/02\/ar\/buenosaires_economico.jpg\" \/><\/p>\n<p><img decoding=\"async\" src=\"https:\/\/img.kiosko.net\/2024\/05\/02\/ar\/ar_perfil.jpg\" \/><\/p>\n<p><img decoding=\"async\" loading=\"lazy\" class=\"aligncenter size-full wp-image-686063\" src=\"https:\/\/www.diario5.com.ar\/wp-content\/uploads\/2024\/05\/ar_eldia20240502.jpg\" width=\"700\" height=\"1046\" srcset=\"https:\/\/www.diario5.com.ar\/wp-content\/uploads\/2024\/05\/ar_eldia20240502.jpg 700w, https:\/\/www.diario5.com.ar\/wp-content\/uploads\/2024\/05\/ar_eldia20240502-201x300.jpg 201w, https:\/\/www.diario5.com.ar\/wp-content\/uploads\/2024\/05\/ar_eldia20240502-685x1024.jpg 685w\" sizes=\"(max-width: 700px) 100vw, 700px\" \/><\/p>\n<p><img decoding=\"async\" loading=\"lazy\" class=\"aligncenter size-full wp-image-686064\" src=\"https:\/\/www.diario5.com.ar\/wp-content\/uploads\/2024\/05\/ar_hoy20240502.jpg\" width=\"700\" height=\"923\" srcset=\"https:\/\/www.diario5.com.ar\/wp-content\/uploads\/2024\/05\/ar_hoy20240502.jpg 700w, https:\/\/www.diario5.com.ar\/wp-content\/uploads\/2024\/05\/ar_hoy20240502-228x300.jpg 228w\" sizes=\"(max-width: 700px) 100vw, 700px\" \/><\/p>\n<p><img decoding=\"async\" src=\"https:\/\/img.kiosko.net\/2024\/05\/02\/ar\/ar_democracia.jpg\" \/><\/p>\n<p><img decoding=\"async\" loading=\"lazy\" class=\"aligncenter size-full wp-image-686065\" src=\"https:\/\/www.diario5.com.ar\/wp-content\/uploads\/2024\/05\/ar_chubut20240502.jpg\" width=\"700\" height=\"903\" srcset=\"https:\/\/www.diario5.com.ar\/wp-content\/uploads\/2024\/05\/ar_chubut20240502.jpg 700w, https:\/\/www.diario5.com.ar\/wp-content\/uploads\/2024\/05\/ar_chubut20240502-233x300.jpg 233w\" sizes=\"(max-width: 700px) 100vw, 700px\" \/><\/p>\n<p><img decoding=\"async\" src=\"https:\/\/img.kiosko.net\/2024\/05\/02\/ar\/ar_epoca.jpg\" \/><\/p>\n<p><img decoding=\"async\" loading=\"lazy\" class=\"aligncenter size-full wp-image-686066\" src=\"https:\/\/www.diario5.com.ar\/wp-content\/uploads\/2024\/05\/ar_litoral20240502.jpg\" width=\"700\" height=\"908\" srcset=\"https:\/\/www.diario5.com.ar\/wp-content\/uploads\/2024\/05\/ar_litoral20240502.jpg 700w, https:\/\/www.diario5.com.ar\/wp-content\/uploads\/2024\/05\/ar_litoral20240502-231x300.jpg 231w\" sizes=\"(max-width: 700px) 100vw, 700px\" \/><\/p>\n<p><img decoding=\"async\" src=\"https:\/\/img.kiosko.net\/2024\/05\/02\/ar\/ar_heraldo.jpg\" \/><\/p>\n<p><img decoding=\"async\" src=\"https:\/\/img.kiosko.net\/2024\/05\/02\/ar\/ar_manana_formosa.jpg\" \/><\/p>\n<p><img decoding=\"async\" src=\"https:\/\/img.kiosko.net\/2024\/05\/02\/ar\/ar_diario_pampa.jpg\" \/><\/p>\n<p><img decoding=\"async\" src=\"https:\/\/img.kiosko.net\/2024\/05\/02\/ar\/ar_pagina12.jpg\" \/><\/p>\n<p><img decoding=\"async\" src=\"https:\/\/img.kiosko.net\/2024\/05\/02\/ar\/ar_arena.jpg\" \/><\/p>\n<p><img decoding=\"async\" src=\"https:\/\/img.kiosko.net\/2024\/05\/02\/ar\/independiente.jpg\" \/><\/p>\n<p><img decoding=\"async\" src=\"https:\/\/img.kiosko.net\/2024\/05\/02\/ar\/nueva_rioja.jpg\" \/><\/p>\n<p><img decoding=\"async\" src=\"https:\/\/img.kiosko.net\/2024\/05\/02\/ar\/ar_losandes.jpg\" \/><\/p>\n<p><img decoding=\"async\" src=\"https:\/\/img.kiosko.net\/2024\/05\/02\/ar\/ar_tribuno.jpg\" \/><\/p>\n<p><img decoding=\"async\" src=\"https:\/\/img.kiosko.net\/2024\/05\/02\/ar\/lea.jpg\" \/><\/p>\n<p><img decoding=\"async\" src=\"https:\/\/img.kiosko.net\/2024\/05\/02\/ar\/ar_nuevo_diario.jpg\" \/><\/p>\n<p><img decoding=\"async\" src=\"https:\/\/img.kiosko.net\/2024\/05\/02\/ar\/ar_diario_cuyo.jpg\" \/><\/p>\n<p><img decoding=\"async\" src=\"https:\/\/img.kiosko.net\/2024\/05\/02\/ar\/huarpe.jpg\" \/><\/p>\n<p><img decoding=\"async\" src=\"https:\/\/img.kiosko.net\/2024\/05\/02\/ar\/ar_diario_republica.jpg\" \/><\/p>\n<p><img decoding=\"async\" loading=\"lazy\" class=\"aligncenter size-full wp-image-686067\" src=\"https:\/\/www.diario5.com.ar\/wp-content\/uploads\/2024\/05\/ar_litoral_sfe20240502.jpg\" width=\"700\" height=\"950\" srcset=\"https:\/\/www.diario5.com.ar\/wp-content\/uploads\/2024\/05\/ar_litoral_sfe20240502.jpg 700w, https:\/\/www.diario5.com.ar\/wp-content\/uploads\/2024\/05\/ar_litoral_sfe20240502-221x300.jpg 221w\" sizes=\"(max-width: 700px) 100vw, 700px\" \/><\/p>\n<p><img decoding=\"async\" loading=\"lazy\" class=\"aligncenter size-full wp-image-686068\" src=\"https:\/\/www.diario5.com.ar\/wp-content\/uploads\/2024\/05\/ciudadano20240502.jpg\" width=\"700\" height=\"962\" srcset=\"https:\/\/www.diario5.com.ar\/wp-content\/uploads\/2024\/05\/ciudadano20240502.jpg 700w, https:\/\/www.diario5.com.ar\/wp-content\/uploads\/2024\/05\/ciudadano20240502-218x300.jpg 218w\" sizes=\"(max-width: 700px) 100vw, 700px\" \/><\/p>\n<p><img decoding=\"async\" loading=\"lazy\" class=\"aligncenter size-full wp-image-686069\" src=\"https:\/\/www.diario5.com.ar\/wp-content\/uploads\/2024\/05\/ar_mirador_provincial20240502.jpg\" width=\"700\" height=\"939\" srcset=\"https:\/\/www.diario5.com.ar\/wp-content\/uploads\/2024\/05\/ar_mirador_provincial20240502.jpg 700w, https:\/\/www.diario5.com.ar\/wp-content\/uploads\/2024\/05\/ar_mirador_provincial20240502-224x300.jpg 224w\" sizes=\"(max-width: 700px) 100vw, 700px\" \/><\/p>\n<p><img decoding=\"async\" src=\"https:\/\/img.kiosko.net\/2024\/05\/02\/ar\/ar_gaceta.jpg\" \/><\/p>\n<p><img decoding=\"async\" src=\"https:\/\/img.kiosko.net\/2024\/05\/02\/ar\/ar_cronica.jpg\" \/><\/p>\n<p><img decoding=\"async\" src=\"https:\/\/img.kiosko.net\/2024\/05\/02\/ar\/ar_clarin.jpg\" \/><\/p>\n<p><img decoding=\"async\" loading=\"lazy\" class=\"aligncenter size-full wp-image-686070\" src=\"https:\/\/www.diario5.com.ar\/wp-content\/uploads\/2024\/05\/nacion20240502.jpg\" width=\"699\" height=\"1059\" srcset=\"https:\/\/www.diario5.com.ar\/wp-content\/uploads\/2024\/05\/nacion20240502.jpg 699w, https:\/\/www.diario5.com.ar\/wp-content\/uploads\/2024\/05\/nacion20240502-198x300.jpg 198w, https:\/\/www.diario5.com.ar\/wp-content\/uploads\/2024\/05\/nacion20240502-676x1024.jpg 676w\" sizes=\"(max-width: 699px) 100vw, 699px\" \/><\/p>\n<p><img decoding=\"async\" src=\"https:\/\/img.kiosko.net\/2024\/05\/02\/ar\/ar_eco.jpg\" \/><\/p>\n<p><img decoding=\"async\" loading=\"lazy\" class=\"aligncenter size-full wp-image-686071\" src=\"https:\/\/www.diario5.com.ar\/wp-content\/uploads\/2024\/05\/nuevo_diario20240502.jpg\" width=\"700\" height=\"1047\" srcset=\"https:\/\/www.diario5.com.ar\/wp-content\/uploads\/2024\/05\/nuevo_diario20240502.jpg 700w, https:\/\/www.diario5.com.ar\/wp-content\/uploads\/2024\/05\/nuevo_diario20240502-201x300.jpg 201w, https:\/\/www.diario5.com.ar\/wp-content\/uploads\/2024\/05\/nuevo_diario20240502-685x1024.jpg 685w\" sizes=\"(max-width: 700px) 100vw, 700px\" \/><\/p>\n<p><img decoding=\"async\" src=\"https:\/\/img.kiosko.net\/2024\/05\/02\/ar\/sureno.jpg\" \/><\/p>\n<p><img decoding=\"async\" src=\"https:\/\/img.kiosko.net\/2024\/05\/02\/ar\/ar_duplicado.jpg\" \/><\/p>\n<p><img decoding=\"async\" src=\"https:\/\/img.kiosko.net\/2024\/05\/02\/ar\/tiempo_sur.jpg\" \/><\/p>\n<p><img decoding=\"async\" src=\"https:\/\/img.kiosko.net\/2024\/05\/02\/ar\/tiempo_argentino.jpg\" \/><\/p>\n<p><img decoding=\"async\" src=\"https:\/\/img.kiosko.net\/2024\/05\/02\/ar\/ar_epoca.jpg\" \/><\/p>\n<p><img decoding=\"async\" src=\"https:\/\/img.kiosko.net\/2024\/05\/02\/ar\/ar_elsol.jpg\" \/><\/p>\n<p><img decoding=\"async\" loading=\"lazy\" class=\"aligncenter size-full wp-image-686072\" src=\"https:\/\/www.diario5.com.ar\/wp-content\/uploads\/2024\/05\/ar_ancasti20240502.jpg\" width=\"700\" height=\"949\" srcset=\"https:\/\/www.diario5.com.ar\/wp-content\/uploads\/2024\/05\/ar_ancasti20240502.jpg 700w, https:\/\/www.diario5.com.ar\/wp-content\/uploads\/2024\/05\/ar_ancasti20240502-221x300.jpg 221w\" sizes=\"(max-width: 700px) 100vw, 700px\" \/><\/p>\n<p><img decoding=\"async\" src=\"https:\/\/img.kiosko.net\/2024\/05\/02\/ar\/ar_rio_negro.jpg\" \/><\/p>\n<p><img decoding=\"async\" src=\"https:\/\/img.kiosko.net\/2024\/05\/02\/ar\/ar_03.jpg\" \/><\/p>\n<p><img decoding=\"async\" src=\"https:\/\/img.kiosko.net\/2024\/05\/02\/ar\/ar_04.jpg\" \/><\/p>\n<p><img decoding=\"async\" src=\"https:\/\/img.kiosko.net\/2024\/05\/02\/ar\/ar_05.jpg\" \/><\/p>\n<p>&nbsp;<\/p>","protected":false},"excerpt":{"rendered":"<p>Pic\u00f3 en punta el Banco Ciudad. Se anunciaron los nuevos cr\u00e9ditos hipotecarios del Banco Ciudad. Destino: adquisici\u00f3n, refacci\u00f3n, mejora y ampliaci\u00f3n de viviendas. El palan incluye acelerar el desarrollo en el Microcentro porte\u00f1o. Apunta a chequear cu\u00e1nto puede sostenerse o recuperarse la base institucional hist\u00f3rica de la clase media, que fue la vivienda propia. Se [&hellip;]<\/p>","protected":false},"author":12,"featured_media":686058,"comment_status":"open","ping_status":"open","sticky":false,"template":"","format":"standard","meta":[],"categories":[1829,81,482,56],"tags":[631,474,1095,934,1094,982,937,942,275,944,1683,1097],"series":[],"_links":{"self":[{"href":"https:\/\/www.diario5.com.ar\/es\/wp-json\/wp\/v2\/posts\/677232"}],"collection":[{"href":"https:\/\/www.diario5.com.ar\/es\/wp-json\/wp\/v2\/posts"}],"about":[{"href":"https:\/\/www.diario5.com.ar\/es\/wp-json\/wp\/v2\/types\/post"}],"author":[{"embeddable":true,"href":"https:\/\/www.diario5.com.ar\/es\/wp-json\/wp\/v2\/users\/12"}],"replies":[{"embeddable":true,"href":"https:\/\/www.diario5.com.ar\/es\/wp-json\/wp\/v2\/comments?post=677232"}],"version-history":[{"count":2,"href":"https:\/\/www.diario5.com.ar\/es\/wp-json\/wp\/v2\/posts\/677232\/revisions"}],"predecessor-version":[{"id":686047,"href":"https:\/\/www.diario5.com.ar\/es\/wp-json\/wp\/v2\/posts\/677232\/revisions\/686047"}],"wp:featuredmedia":[{"embeddable":true,"href":"https:\/\/www.diario5.com.ar\/es\/wp-json\/wp\/v2\/media\/686058"}],"wp:attachment":[{"href":"https:\/\/www.diario5.com.ar\/es\/wp-json\/wp\/v2\/media?parent=677232"}],"wp:term":[{"taxonomy":"category","embeddable":true,"href":"https:\/\/www.diario5.com.ar\/es\/wp-json\/wp\/v2\/categories?post=677232"},{"taxonomy":"post_tag","embeddable":true,"href":"https:\/\/www.diario5.com.ar\/es\/wp-json\/wp\/v2\/tags?post=677232"},{"taxonomy":"series","embeddable":true,"href":"https:\/\/www.diario5.com.ar\/es\/wp-json\/wp\/v2\/series?post=677232"}],"curies":[{"name":"wp","href":"https:\/\/api.w.org\/{rel}","templated":true}]}}