{"id":677230,"date":"2024-04-30T06:11:00","date_gmt":"2024-04-30T09:11:00","guid":{"rendered":"http:\/\/diario5.com.ar\/?p=677230"},"modified":"2024-05-30T01:54:07","modified_gmt":"2024-05-30T04:54:07","slug":"677230","status":"publish","type":"post","link":"https:\/\/www.diario5.com.ar\/es\/677230\/","title":{"rendered":"Aqu\u00ed, all\u00e1 y en todas partes"},"content":{"rendered":"<h2 class=\"sub-title-primary\">No. No hablamos de la bella balada \"Here, there, and everywhere\" que Paul McCartney cre\u00f3 para los Beatles. Observamos el fen\u00f3meno de la venta ambulante en todas las grandes ciudades del mundo. Vemos que en todas ellas, el asunto es un problema no menor. \u00bfEn Buenos Aires se nos fue de las manos?<\/h2> <figure id=\"attachment_686019\" aria-describedby=\"caption-attachment-686019\" style=\"width: 1280px\" class=\"wp-caption alignnone\"><img decoding=\"async\" loading=\"lazy\" class=\"wp-image-686019 size-full\" src=\"https:\/\/www.diario5.com.ar\/wp-content\/uploads\/2024\/04\/manteros1.jpg\" alt=\"\" width=\"1280\" height=\"720\" srcset=\"https:\/\/www.diario5.com.ar\/wp-content\/uploads\/2024\/04\/manteros1.jpg 1280w, https:\/\/www.diario5.com.ar\/wp-content\/uploads\/2024\/04\/manteros1-300x169.jpg 300w, https:\/\/www.diario5.com.ar\/wp-content\/uploads\/2024\/04\/manteros1-1024x576.jpg 1024w, https:\/\/www.diario5.com.ar\/wp-content\/uploads\/2024\/04\/manteros1-768x432.jpg 768w\" sizes=\"(max-width: 1280px) 100vw, 1280px\" \/><figcaption id=\"caption-attachment-686019\" class=\"wp-caption-text\">La calle Castelli, en Once (Balvanera\/Comuna 3). El comercio callejero se pierde en el horizonte.<\/figcaption><\/figure>\n<p><img decoding=\"async\" loading=\"lazy\" class=\"alignnone size-full wp-image-686020\" src=\"https:\/\/www.diario5.com.ar\/wp-content\/uploads\/2024\/04\/manteros6.jpg\" alt=\"\" width=\"1280\" height=\"720\" srcset=\"https:\/\/www.diario5.com.ar\/wp-content\/uploads\/2024\/04\/manteros6.jpg 1280w, https:\/\/www.diario5.com.ar\/wp-content\/uploads\/2024\/04\/manteros6-300x169.jpg 300w, https:\/\/www.diario5.com.ar\/wp-content\/uploads\/2024\/04\/manteros6-1024x576.jpg 1024w, https:\/\/www.diario5.com.ar\/wp-content\/uploads\/2024\/04\/manteros6-768x432.jpg 768w\" sizes=\"(max-width: 1280px) 100vw, 1280px\" \/><\/p>\n<p>En muchos lugares del mundo existen regulaciones y normas que rigen la venta ambulante o las compras ambulantes. Estas reglas pueden variar significativamente seg\u00fan el pa\u00eds, la ciudad o incluso el vecindario. Pero es muy dif\u00edcil de ejecutar<\/p>\n<p>Algunas ciudades, incluso, tienen regulaciones estrictas sobre la venta ambulante para mantener el orden, garantizar la seguridad p\u00fablica y gestionar las actividades comerciales. Lo habitual: requisitos de permisos, \u00e1reas de venta designadas, est\u00e1ndares de higiene, leyes de zonificaci\u00f3n y restricciones sobre ciertos productos o horarios de operaci\u00f3n.<\/p>\n<p>En algunos casos, la venta ambulante puede estar completamente prohibida en ciertas \u00e1reas o durante horarios espec\u00edficos, mientras que en otros lugares puede estar permitida pero estrictamente regulada. La violaci\u00f3n de estas regulaciones resulta en multas, confiscaci\u00f3n de bienes u otras sanciones. Pero vuelven. Y ocurre en todas partes del mundo.<\/p>\n<p>Sin embargo, tambi\u00e9n hay lugares donde las compras callejeras son consideradas \u00abuna parte propia de la cultura y la econom\u00eda locales\u00bb. Podemos encontrarnos con que esa \u00abmotivaci\u00f3n cultural\u00bb haga que las regulaciones sean m\u00e1s indulgentes para adaptarse a este aspecto de la vida comunitaria.<\/p>\n<figure style=\"width: 550px\" class=\"wp-caption alignnone\"><img decoding=\"async\" loading=\"lazy\" class=\"aligncenter size-full wp-image-686032\" src=\"https:\/\/www.diario5.com.ar\/wp-content\/uploads\/2024\/04\/foto_3779228-31-juliol20240430.jpg\" alt=\"\" width=\"550\" height=\"367\" srcset=\"https:\/\/www.diario5.com.ar\/wp-content\/uploads\/2024\/04\/foto_3779228-31-juliol20240430.jpg 550w, https:\/\/www.diario5.com.ar\/wp-content\/uploads\/2024\/04\/foto_3779228-31-juliol20240430-300x200.jpg 300w\" sizes=\"(max-width: 550px) 100vw, 550px\" \/><figcaption class=\"wp-caption-text\">Barcelona<\/figcaption><\/figure>\n<p>Sabemos que es un problema permanente y ultra expandido. Realmente depende de la ubicaci\u00f3n espec\u00edfica y sus pol\u00edticas con respecto a la venta ambulante.<\/p>\n<p>Veamos ciudades donde la venta o las compras ambulantes est\u00e1n -supuestamente- reguladas con grandes \u00edtems prohibitivos y pueden estar sujetas a castigos si se violan las reglas.<\/p>\n<p>En la Ciudad de Nueva York, la venta ambulante est\u00e1 regulada por el Departamento de Asuntos del Consumidor de la ciudad de Nueva York. Los proveedores deben tener permisos y cumplir con regulaciones estrictas sobre d\u00f3nde y c\u00f3mo pueden operar. Las normas dicen que la violaci\u00f3n de estas regulaciones puede resultar en multas o confiscaci\u00f3n de bienes. Por supuesto que es una poderosa arma disponible para el Estado. Pero se usa de manera discrecional, alivianando el clima para no tener que estar todos los d\u00edas reprimiendo ciudadanos por contravenciones comerciales consideradas menores.<\/p>\n<figure style=\"width: 700px\" class=\"wp-caption alignnone\"><img decoding=\"async\" loading=\"lazy\" class=\"aligncenter size-full wp-image-686033\" src=\"https:\/\/www.diario5.com.ar\/wp-content\/uploads\/2024\/04\/ILLEGAL_VENDORS_IN_THE_BRONX_720240430.jpg\" alt=\"\" width=\"700\" height=\"466\" srcset=\"https:\/\/www.diario5.com.ar\/wp-content\/uploads\/2024\/04\/ILLEGAL_VENDORS_IN_THE_BRONX_720240430.jpg 700w, https:\/\/www.diario5.com.ar\/wp-content\/uploads\/2024\/04\/ILLEGAL_VENDORS_IN_THE_BRONX_720240430-300x200.jpg 300w\" sizes=\"(max-width: 700px) 100vw, 700px\" \/><figcaption class=\"wp-caption-text\">Nueva York<\/figcaption><\/figure>\n<p>En 2021, el Diario New York Post revel\u00f3 que vendedores ilegales se hab\u00edan apoderado de una zona comercial en el Bronx, gracias a una <a href=\"https:\/\/nypost.com\/2021\/01\/25\/de-blasio-backs-more-permits-for-food-carts-as-restaurants-struggle\/\">nueva ley de la ciudad<\/a>\u00a0que traslad\u00f3 las responsabilidades de aplicaci\u00f3n de la ley del Departamento de Polic\u00eda de Nueva York a una agencia que carece de autoridad para confiscar bienes, o incluso exigir identificaci\u00f3n a los vendedores ambulantes.<\/p>\n<p>\u00abParece un bazar en Estambul\u00bb, dijo Marko Majic, jefe de desarrollo comercial de City Jeans en East Fordham Road.\u00bbLa \u00fanica diferencia es que en Estambul es legal y est\u00e1 organizado y aqu\u00ed es ilegal y no est\u00e1 organizado\u00bb, se lament\u00f3 Majic.<\/p>\n<p>En ese momento, en Fordham Road, contaron 242 vendedores ambulantes a lo largo de un apetecible corredor comercial desde Grand Concourse hasta Webster Avenue.<\/p>\n<p>Igual que ac\u00e1, pero menos. En Buenos Aires se aplica esta \u00abpermisividad\u00bb de manera relativa. El problema es que la venta ambulante excede todo c\u00e1lculo y crece d\u00eda a d\u00eda.<\/p>\n<p>En Londres, los manteros est\u00e1n regulados por las autoridades locales y los vendedores deben obtener permisos y cumplir con reglas espec\u00edficas con respecto a lugares, horarios y tipos de productos vendidos. La venta ambulante no autorizada puede dar lugar a multas o acciones legales. Aqu\u00ed, habr\u00eda que creerles. Si te permiten con l\u00edmite, mejor no cruzarlo.<\/p>\n<p>Veamos Singapur. La venta ambulante est\u00e1 estrictamente regulada y los vendedores deben obtener licencias y cumplir estrictas normas de higiene y seguridad. La ley dice la venta no autorizada puede resultar en multas, prisi\u00f3n o ambas cosas.No est\u00e1 para arriesgarse.<\/p>\n<p>En Par\u00eds: los vendedores ambulantes est\u00e1n regulados por la ciudad y deben obtener permisos, con reglas, aparentemente, estrictas en cuanto a ubicaciones y horarios de atenci\u00f3n. La violaci\u00f3n de estas regulaciones puede dar lugar a multas u otras sanciones.<\/p>\n<figure style=\"width: 700px\" class=\"wp-caption alignnone\"><img decoding=\"async\" loading=\"lazy\" class=\"aligncenter size-full wp-image-686034\" src=\"https:\/\/www.diario5.com.ar\/wp-content\/uploads\/2024\/04\/mantero_paris20240430.jpg\" alt=\"\" width=\"700\" height=\"952\" srcset=\"https:\/\/www.diario5.com.ar\/wp-content\/uploads\/2024\/04\/mantero_paris20240430.jpg 700w, https:\/\/www.diario5.com.ar\/wp-content\/uploads\/2024\/04\/mantero_paris20240430-221x300.jpg 221w\" sizes=\"(max-width: 700px) 100vw, 700px\" \/><figcaption class=\"wp-caption-text\">Par\u00eds. Mejor ubicaci\u00f3n para este vendedor, imposible.<\/figcaption><\/figure>\n<p>Un soplo de l\u00f3gica nos hace entender que las autoridades deben equilibrar el deseo de apoyar a los vendedores locales y la cultura callejera con la necesidad de mantener el orden y la seguridad p\u00fablica mediante regulaciones y aplicaci\u00f3n de la ley, especialmente la que obliga a los comerciantes que trabajan en locales a pagar una serie de impuestos, servicios y alquileres que\u00a0 ponen a los manteros en una ventaja competitiva de alta deslealtad comercial.<\/p>\n<p>Est\u00e1n en todas partes.<\/p>\n<div class=\"mceTemp\"><\/div>\n<div class=\"mceTemp\"><\/div>\n<div class=\"mceTemp\"><\/div>\n<p><!--googleoff: index--><br \/>\n<!--googleon: index--><br \/>\n<img decoding=\"async\" loading=\"lazy\" class=\"aligncenter size-full wp-image-686035\" src=\"https:\/\/www.diario5.com.ar\/wp-content\/uploads\/2024\/04\/ar_capital_rosario20240430.jpg\" width=\"700\" height=\"929\" srcset=\"https:\/\/www.diario5.com.ar\/wp-content\/uploads\/2024\/04\/ar_capital_rosario20240430.jpg 700w, https:\/\/www.diario5.com.ar\/wp-content\/uploads\/2024\/04\/ar_capital_rosario20240430-226x300.jpg 226w\" sizes=\"(max-width: 700px) 100vw, 700px\" \/><\/p>\n<p><img decoding=\"async\" loading=\"lazy\" class=\"aligncenter size-full wp-image-686036\" src=\"https:\/\/www.diario5.com.ar\/wp-content\/uploads\/2024\/04\/esquiu20240430.jpg\" width=\"700\" height=\"920\" srcset=\"https:\/\/www.diario5.com.ar\/wp-content\/uploads\/2024\/04\/esquiu20240430.jpg 700w, https:\/\/www.diario5.com.ar\/wp-content\/uploads\/2024\/04\/esquiu20240430-228x300.jpg 228w\" sizes=\"(max-width: 700px) 100vw, 700px\" \/><\/p>\n<p><img decoding=\"async\" loading=\"lazy\" class=\"aligncenter size-full wp-image-686037\" src=\"https:\/\/www.diario5.com.ar\/wp-content\/uploads\/2024\/04\/voz_chaco20240430.jpg\" width=\"700\" height=\"823\" srcset=\"https:\/\/www.diario5.com.ar\/wp-content\/uploads\/2024\/04\/voz_chaco20240430.jpg 700w, https:\/\/www.diario5.com.ar\/wp-content\/uploads\/2024\/04\/voz_chaco20240430-255x300.jpg 255w\" sizes=\"(max-width: 700px) 100vw, 700px\" \/><\/p>\n<p><img decoding=\"async\" loading=\"lazy\" class=\"aligncenter size-full wp-image-686048\" src=\"https:\/\/www.diario5.com.ar\/wp-content\/uploads\/2024\/04\/ar_cronista20240430.jpg\" width=\"700\" height=\"884\" srcset=\"https:\/\/www.diario5.com.ar\/wp-content\/uploads\/2024\/04\/ar_cronista20240430.jpg 700w, https:\/\/www.diario5.com.ar\/wp-content\/uploads\/2024\/04\/ar_cronista20240430-238x300.jpg 238w\" sizes=\"(max-width: 700px) 100vw, 700px\" \/><\/p>\n<p><img decoding=\"async\" loading=\"lazy\" class=\"aligncenter size-full wp-image-686049\" src=\"https:\/\/www.diario5.com.ar\/wp-content\/uploads\/2024\/04\/ar_eldia20240430.jpg\" width=\"700\" height=\"1049\" srcset=\"https:\/\/www.diario5.com.ar\/wp-content\/uploads\/2024\/04\/ar_eldia20240430.jpg 700w, https:\/\/www.diario5.com.ar\/wp-content\/uploads\/2024\/04\/ar_eldia20240430-200x300.jpg 200w, https:\/\/www.diario5.com.ar\/wp-content\/uploads\/2024\/04\/ar_eldia20240430-683x1024.jpg 683w\" sizes=\"(max-width: 700px) 100vw, 700px\" \/><\/p>\n<p><img decoding=\"async\" loading=\"lazy\" class=\"aligncenter size-full wp-image-686038\" src=\"https:\/\/www.diario5.com.ar\/wp-content\/uploads\/2024\/04\/ar_hoy20240430.jpg\" width=\"700\" height=\"906\" srcset=\"https:\/\/www.diario5.com.ar\/wp-content\/uploads\/2024\/04\/ar_hoy20240430.jpg 700w, https:\/\/www.diario5.com.ar\/wp-content\/uploads\/2024\/04\/ar_hoy20240430-232x300.jpg 232w\" sizes=\"(max-width: 700px) 100vw, 700px\" \/><\/p>\n<p><img decoding=\"async\" loading=\"lazy\" class=\"aligncenter size-full wp-image-686039\" src=\"https:\/\/www.diario5.com.ar\/wp-content\/uploads\/2024\/04\/ar_chubut20240430.jpg\" width=\"700\" height=\"902\" srcset=\"https:\/\/www.diario5.com.ar\/wp-content\/uploads\/2024\/04\/ar_chubut20240430.jpg 700w, https:\/\/www.diario5.com.ar\/wp-content\/uploads\/2024\/04\/ar_chubut20240430-233x300.jpg 233w\" sizes=\"(max-width: 700px) 100vw, 700px\" \/><\/p>\n<p><img decoding=\"async\" loading=\"lazy\" class=\"aligncenter size-full wp-image-686040\" src=\"https:\/\/www.diario5.com.ar\/wp-content\/uploads\/2024\/04\/ar_litoral20240430.jpg\" width=\"700\" height=\"908\" srcset=\"https:\/\/www.diario5.com.ar\/wp-content\/uploads\/2024\/04\/ar_litoral20240430.jpg 700w, https:\/\/www.diario5.com.ar\/wp-content\/uploads\/2024\/04\/ar_litoral20240430-231x300.jpg 231w\" sizes=\"(max-width: 700px) 100vw, 700px\" \/><\/p>\n<p><img decoding=\"async\" loading=\"lazy\" class=\"aligncenter size-full wp-image-686050\" src=\"https:\/\/www.diario5.com.ar\/wp-content\/uploads\/2024\/04\/ar_diario_republica20240430.jpg\" width=\"700\" height=\"990\" srcset=\"https:\/\/www.diario5.com.ar\/wp-content\/uploads\/2024\/04\/ar_diario_republica20240430.jpg 700w, https:\/\/www.diario5.com.ar\/wp-content\/uploads\/2024\/04\/ar_diario_republica20240430-212x300.jpg 212w\" sizes=\"(max-width: 700px) 100vw, 700px\" \/><\/p>\n<p><img decoding=\"async\" loading=\"lazy\" class=\"aligncenter size-full wp-image-686051\" src=\"https:\/\/www.diario5.com.ar\/wp-content\/uploads\/2024\/04\/ar_litoral_sfe20240430.jpg\" width=\"700\" height=\"944\" srcset=\"https:\/\/www.diario5.com.ar\/wp-content\/uploads\/2024\/04\/ar_litoral_sfe20240430.jpg 700w, https:\/\/www.diario5.com.ar\/wp-content\/uploads\/2024\/04\/ar_litoral_sfe20240430-222x300.jpg 222w\" sizes=\"(max-width: 700px) 100vw, 700px\" \/><\/p>\n<p><img decoding=\"async\" loading=\"lazy\" class=\"aligncenter size-full wp-image-686041\" src=\"https:\/\/www.diario5.com.ar\/wp-content\/uploads\/2024\/04\/ciudadano20240430.jpg\" width=\"700\" height=\"950\" srcset=\"https:\/\/www.diario5.com.ar\/wp-content\/uploads\/2024\/04\/ciudadano20240430.jpg 700w, https:\/\/www.diario5.com.ar\/wp-content\/uploads\/2024\/04\/ciudadano20240430-221x300.jpg 221w\" sizes=\"(max-width: 700px) 100vw, 700px\" \/><\/p>\n<p><img decoding=\"async\" loading=\"lazy\" class=\"aligncenter size-full wp-image-686052\" src=\"https:\/\/www.diario5.com.ar\/wp-content\/uploads\/2024\/04\/ar_mirador_provincial20240430.jpg\" width=\"700\" height=\"939\" srcset=\"https:\/\/www.diario5.com.ar\/wp-content\/uploads\/2024\/04\/ar_mirador_provincial20240430.jpg 700w, https:\/\/www.diario5.com.ar\/wp-content\/uploads\/2024\/04\/ar_mirador_provincial20240430-224x300.jpg 224w\" sizes=\"(max-width: 700px) 100vw, 700px\" \/><\/p>\n<p><img decoding=\"async\" loading=\"lazy\" class=\"aligncenter size-full wp-image-686042\" src=\"https:\/\/www.diario5.com.ar\/wp-content\/uploads\/2024\/04\/ar_clarin20240430.jpg\" width=\"700\" height=\"964\" srcset=\"https:\/\/www.diario5.com.ar\/wp-content\/uploads\/2024\/04\/ar_clarin20240430.jpg 700w, https:\/\/www.diario5.com.ar\/wp-content\/uploads\/2024\/04\/ar_clarin20240430-218x300.jpg 218w\" sizes=\"(max-width: 700px) 100vw, 700px\" \/><\/p>\n<p><img decoding=\"async\" loading=\"lazy\" class=\"aligncenter size-full wp-image-686043\" src=\"https:\/\/www.diario5.com.ar\/wp-content\/uploads\/2024\/04\/nacion20240430.jpg\" width=\"700\" height=\"1052\" srcset=\"https:\/\/www.diario5.com.ar\/wp-content\/uploads\/2024\/04\/nacion20240430.jpg 700w, https:\/\/www.diario5.com.ar\/wp-content\/uploads\/2024\/04\/nacion20240430-200x300.jpg 200w, https:\/\/www.diario5.com.ar\/wp-content\/uploads\/2024\/04\/nacion20240430-681x1024.jpg 681w\" sizes=\"(max-width: 700px) 100vw, 700px\" \/><\/p>\n<p><img decoding=\"async\" loading=\"lazy\" class=\"aligncenter size-full wp-image-686044\" src=\"https:\/\/www.diario5.com.ar\/wp-content\/uploads\/2024\/04\/nuevo_diario20240430.jpg\" width=\"700\" height=\"1083\" srcset=\"https:\/\/www.diario5.com.ar\/wp-content\/uploads\/2024\/04\/nuevo_diario20240430.jpg 700w, https:\/\/www.diario5.com.ar\/wp-content\/uploads\/2024\/04\/nuevo_diario20240430-194x300.jpg 194w, https:\/\/www.diario5.com.ar\/wp-content\/uploads\/2024\/04\/nuevo_diario20240430-662x1024.jpg 662w\" sizes=\"(max-width: 700px) 100vw, 700px\" \/><\/p>\n<p><img decoding=\"async\" loading=\"lazy\" class=\"aligncenter size-full wp-image-686053\" src=\"https:\/\/www.diario5.com.ar\/wp-content\/uploads\/2024\/04\/ar_rio_negro20240430.jpg\" width=\"699\" height=\"1060\" srcset=\"https:\/\/www.diario5.com.ar\/wp-content\/uploads\/2024\/04\/ar_rio_negro20240430.jpg 699w, https:\/\/www.diario5.com.ar\/wp-content\/uploads\/2024\/04\/ar_rio_negro20240430-198x300.jpg 198w, https:\/\/www.diario5.com.ar\/wp-content\/uploads\/2024\/04\/ar_rio_negro20240430-675x1024.jpg 675w\" sizes=\"(max-width: 699px) 100vw, 699px\" \/><\/p>","protected":false},"excerpt":{"rendered":"<p>No. No hablamos de la bella balada \u00abHere, there, and everywhere\u00bb que Paul McCartney cre\u00f3 para los Beatles. Observamos el fen\u00f3meno de la venta ambulante en todas las grandes ciudades del mundo. Vemos que en todas ellas, el asunto es un problema no menor. \u00bfEn Buenos Aires se nos fue de las manos? En muchos [&hellip;]<\/p>","protected":false},"author":27,"featured_media":686019,"comment_status":"open","ping_status":"open","sticky":false,"template":"","format":"standard","meta":[],"categories":[603,81,482,52,56],"tags":[1805,957,474,1801,1370,536,1799,1102,1803,1807,1800,1806,1462,1107,1804,537,1802,1114,1103,1127],"series":[],"_links":{"self":[{"href":"https:\/\/www.diario5.com.ar\/es\/wp-json\/wp\/v2\/posts\/677230"}],"collection":[{"href":"https:\/\/www.diario5.com.ar\/es\/wp-json\/wp\/v2\/posts"}],"about":[{"href":"https:\/\/www.diario5.com.ar\/es\/wp-json\/wp\/v2\/types\/post"}],"author":[{"embeddable":true,"href":"https:\/\/www.diario5.com.ar\/es\/wp-json\/wp\/v2\/users\/27"}],"replies":[{"embeddable":true,"href":"https:\/\/www.diario5.com.ar\/es\/wp-json\/wp\/v2\/comments?post=677230"}],"version-history":[{"count":10,"href":"https:\/\/www.diario5.com.ar\/es\/wp-json\/wp\/v2\/posts\/677230\/revisions"}],"predecessor-version":[{"id":686626,"href":"https:\/\/www.diario5.com.ar\/es\/wp-json\/wp\/v2\/posts\/677230\/revisions\/686626"}],"wp:featuredmedia":[{"embeddable":true,"href":"https:\/\/www.diario5.com.ar\/es\/wp-json\/wp\/v2\/media\/686019"}],"wp:attachment":[{"href":"https:\/\/www.diario5.com.ar\/es\/wp-json\/wp\/v2\/media?parent=677230"}],"wp:term":[{"taxonomy":"category","embeddable":true,"href":"https:\/\/www.diario5.com.ar\/es\/wp-json\/wp\/v2\/categories?post=677230"},{"taxonomy":"post_tag","embeddable":true,"href":"https:\/\/www.diario5.com.ar\/es\/wp-json\/wp\/v2\/tags?post=677230"},{"taxonomy":"series","embeddable":true,"href":"https:\/\/www.diario5.com.ar\/es\/wp-json\/wp\/v2\/series?post=677230"}],"curies":[{"name":"wp","href":"https:\/\/api.w.org\/{rel}","templated":true}]}}