{"id":677229,"date":"2024-04-29T06:11:00","date_gmt":"2024-04-29T09:11:00","guid":{"rendered":"http:\/\/diario5.com.ar\/?p=677229"},"modified":"2024-04-30T11:02:01","modified_gmt":"2024-04-30T14:02:01","slug":"677229","status":"publish","type":"post","link":"https:\/\/www.diario5.com.ar\/es\/677229\/","title":{"rendered":"El dilema de un lunes 29"},"content":{"rendered":"<h2 class=\"sub-title-primary\">\u00bfD\u00f3nde comprar los \u00f1oquis? \u00bfLas f\u00e1bricas de pastas abrir\u00e1n en el d\u00eda que consideran su sagrado descanso? \u00bfEstar\u00e1n dispuestos sus propietarios a pagar extra a sus empleados para que se pueda satisfacer la demanda que hoy tendr\u00e1 la gran creaci\u00f3n piamontesa? \u00bfVan a cerrar hoy, sabiendo que el mi\u00e9rcoles 1\u00ba de mayo tambi\u00e9n lo har\u00e1n? Los lectores de Diario 5 podr\u00e1n ser, esta vez, cronistas de c\u00f3mo se resolver\u00e1 un escenario de oferta y demanda, en medio de la situaci\u00f3n econ\u00f3mica ultra delicada que atraviesa la Argentina. <\/h2> <p><img decoding=\"async\" loading=\"lazy\" class=\"aligncenter size-full wp-image-686003\" src=\"https:\/\/www.diario5.com.ar\/wp-content\/uploads\/2024\/04\/gnocchi-sq-1-of-120240429.jpg\" width=\"700\" height=\"700\" srcset=\"https:\/\/www.diario5.com.ar\/wp-content\/uploads\/2024\/04\/gnocchi-sq-1-of-120240429.jpg 700w, https:\/\/www.diario5.com.ar\/wp-content\/uploads\/2024\/04\/gnocchi-sq-1-of-120240429-300x300.jpg 300w, https:\/\/www.diario5.com.ar\/wp-content\/uploads\/2024\/04\/gnocchi-sq-1-of-120240429-150x150.jpg 150w\" sizes=\"(max-width: 700px) 100vw, 700px\" \/><\/p>\n<p>Es 29 y hace falta dinero en todas partes. Todos apelan a la tradici\u00f3n de los \u00f1oquis del 29 para que podamos financiar nuestra existencia con la mayor fluidez posible. Diario 5 te da una mano para que elijas d\u00f3nde comprar esta y otras exquisitas pastas en la Ciudad de Buenos Aires y municipios cercanos. De nada.<\/p>\n<p>Est\u00e1n las direcciones y los tel\u00e9fonos. Imposible no resolver el dilema. Esperamos saber c\u00f3mo te fue.<\/p>\n<p>En el camino, algunas referencias a los gnocchi que realiz\u00f3 esta redacci\u00f3n. Si en la lista encontr\u00e1s tu preferida, comentanos por qu\u00e9 lo es y qu\u00e9 te parece alguna de las otras mencionadas.<\/p>\n<p>&nbsp;<\/p>\n<p>F\u00e1brica de Pasta Frescas de Paco Biasatti<br \/>\nBucarelli 2599 \u00b7 011 4523-1038<\/p>\n<p>F\u00e1brica de Pastas Belgrano<br \/>\nC1093AAA, Av. Belgrano 1201 \u00b7 011 4381-8683<\/p>\n<p>F\u00e1brica de Pastas Frescas Buon Giorno Artesanales<br \/>\nAAS, Dean Funes 2181 \u00b7 011 4943-4388<\/p>\n<p>Fabrica de Pastas Frescas la Buenos Aires de Paco<br \/>\nAltolaguirre 2210 \u00b7 011 4521-5750<\/p>\n<p>Nueva Genova Fabrica de Pastas Frescas<br \/>\nSarmiento 1590 \u00b7 011 4382-3887<\/p>\n<p>La Leonesa &#8211; F\u00e1brica de pastas<br \/>\n011 4362-7888<\/p>\n<p>F\u00e1brica de Pastas Frescas Las Malvinas<br \/>\nGral. Lucio Norberto Mansilla 2907 \u00b7 011 4825-4049<\/p>\n<p>F\u00e1brica de Pastas Amelia<br \/>\nAv. Boedo 1639 \u00b7 011 4921-2471<\/p>\n<p>El Buen Gusto &#8211; F\u00e1brica de Pastas<br \/>\nLavalle 2799 \u00b7 011 4961-9103<\/p>\n<p>La Genovesa, F\u00e1brica de Pastas Frescas<br \/>\nThames 2080 \u00b7 011 4774-0319<\/p>\n<p>F\u00e1brica de Pastas La Hispano Argentina<br \/>\nAv. Regimiento de Patricios 102 \u00b7 4307-3790<\/p>\n<p>F\u00e1brica de Pastas San Cayetano<br \/>\nLa Rioja 487 \u00b7 011 4957-6568<\/p>\n<p>F\u00e1brica de Pastas Mouzo<br \/>\nAv. Montes de Oca 399 \u00b7 011 4307-4808<\/p>\n<p>F\u00e1brica de Pastas Laurimar<br \/>\nAv. Caseros 2431 \u00b7 011 4942-0890<\/p>\n<p>F\u00e1brica de pastas \u00abLa Pradera\u00bb<br \/>\nSalcedo 2899 \u00b7 011 4941-3203<\/p>\n<p>La Macarena F\u00e1brica de Pastas<br \/>\nGral. Lucio Norberto Mansilla 2544 \u00b7 011 4961-2347<\/p>\n<p>F\u00e1brica de Pastas Santa Mar\u00eda<br \/>\nTte. Gral. Eustaquio Fr\u00edas 208 \u00b7 011 4857-6789<\/p>\n<p>F\u00e1brica de Pastas Frescas La Nonna<br \/>\nAv. Juan Bautista Alberdi 4774 \u00b7 011 4683-6676<\/p>\n<p>Fabrica de Pastas &#8211; San Jos\u00e9<br \/>\nAv. C\u00f3rdoba 3520 \u00b7 4862-0880<\/p>\n<blockquote class=\"wp-embedded-content\" data-secret=\"6BN2IFBFdz\"><p><a href=\"https:\/\/www.diario5.com.ar\/es\/los-primeros-noquis-del-ano\/\">Los primeros \u00f1oquis del a\u00f1o<\/a><\/p><\/blockquote>\n<p><iframe class=\"wp-embedded-content\" sandbox=\"allow-scripts\" security=\"restricted\" style=\"position: absolute; clip: rect(1px, 1px, 1px, 1px);\" title=\"\u00abLos primeros \u00f1oquis del a\u00f1o\u00bb \u2014 Diario 5\" src=\"https:\/\/www.diario5.com.ar\/los-primeros-noquis-del-ano\/embed\/#?secret=nFkoK4kSsI#?secret=6BN2IFBFdz\" data-secret=\"6BN2IFBFdz\" width=\"600\" height=\"338\" frameborder=\"0\" marginwidth=\"0\" marginheight=\"0\" scrolling=\"no\"><\/iframe><\/p>\n<p>F\u00e1brica De Pastas Los Abuelos<br \/>\nAv. Tte. Gral. Donato \u00c1lvarez 2136 \u00b7 011 4585-6712<\/p>\n<p>Fabrica de Pastas La Central<br \/>\nAHH, Provincia de Buenos Aires \u00b7 011 4208-7468<\/p>\n<p>F\u00e1brica de Pasta Piatto Rosso<br \/>\nEcheverr\u00eda 5119 \u00b7 011 4836-6173<\/p>\n<p>Fabrica de Pasta Piatto Rosso<br \/>\nAv. Gral. Mosconi 2412 \u00b7 011 4966-4128<\/p>\n<p>B&amp;L F\u00e1brica de Pastas<br \/>\nAv. Corrientes 4356 \u00b7 011 4862-5790<\/p>\n<p>La Rua<br \/>\nLuis Viale 202 \u00b7 011 4854-0936<\/p>\n<p>F\u00e1brica de Pastas Frescas \u00abEl Parque\u00bb<br \/>\nAv. Nazca 2829 \u00b7 011 4501-5180<\/p>\n<p>F\u00e1brica de Pastas \u00abLa especialista\u00bb<br \/>\nAdolfo Alsina 1963 \u00b7 011 4583-3148<\/p>\n<p>F\u00e1brica de pastas Civitavecchia Pastas Frescas<br \/>\nAv. Directorio 934 \u00b7 011 15-4145-0939<\/p>\n<p>Miguel Angel &#8211; fabrica de Pastas<br \/>\n(103) \u00b7 Pasta<br \/>\nMendoza 5450 \u00b7 011 5253-2385<\/p>\n<p>La Genovesa F\u00e1brica de Pastas Frescas<br \/>\nAv. Emilio Castro 5594 \u00b7 011 4635-0778<\/p>\n<p>Al Buen Tallar\u00edn Barracas &#8211; F\u00e1brica de Pastas<br \/>\nC1268AEB, Manuel J. Samperio 918<\/p>\n<p>F\u00e1brica de Pastas 5 Estrellas<br \/>\nAv. Asamblea 884 \u00b7 011 4926-2223<\/p>\n<p>Piatto Rosso &#8211; F\u00e1brica de Pastas<br \/>\nC1419DFQ, Av. Nazca 4086 \u00b7 4571-0151<\/p>\n<p>La Delfina Fabrica de Pastas<br \/>\nCap. Gral. Ram\u00f3n Freire 2894 \u00b7 011 15-5221-8284<\/p>\n<p>Fabrica de Pasta<br \/>\nEstado de Palestina 896 \u00b7 011 15-5181-9233<\/p>\n<p>Centro de Fabricantes de Past<br \/>\nAv. Belgrano 3971 \u00b7 011 4983-7528<\/p>\n<p>F\u00e1brica de Pastas &#8211; La Moderna de N\u00fa\u00f1ez<br \/>\nCris\u00f3logo Larralde 1901 \u00b7 011 4701-5147<\/p>\n<p>Casa Vidal<br \/>\nLa Rioja 1155 \u00b7 011 4956-0889<\/p>\n<p>San Jorge &#8211; F\u00e1brica de pastas<br \/>\nBah\u00eda Blanca 3084 \u00b7 011 5339-5432<\/p>\n<p>La Buena Fe (F\u00e1brica de Pastas Artesanales)<br \/>\nMariano Acha 3010 \u00b7 011 4541-9842<\/p>\n<p>Biasatti F\u00e1brica Pastas en Belgrano. Pastificio y Mercato<br \/>\nCdad. de la Paz 1925 \u00b7 011 15-2590-8766<\/p>\n<p>F\u00e1brica de pastas Santa Elena<br \/>\nAv. Lope de Vega 1272 \u00b7 011 3189-6707<\/p>\n<p>Hoy Pasta<br \/>\nBulnes 2627 \u00b7 011 4803-8818<\/p>\n<p>Fabrica de pasta la leonesa<br \/>\nCarlos Calvo 474<\/p>\n<p>La Estrellita<br \/>\nDel Barco Centenera 1231 \u00b7 011 4923-0543<\/p>\n<p>Juvenal &#8211; F\u00e1brica de pastas frescas<br \/>\nGran Buenos Aires, Provincia de Buenos Aires \u00b7 4267-4392<\/p>\n<p>F\u00e1brica de Pastas Frescas Ntra. Sra de Luj\u00e1n<br \/>\nAv. Mariano Acosta 1131 \u00b7 011 4613-9193<\/p>\n<p>F\u00e1brica de Pastas \u00abLacioppa\u00bb<br \/>\nAv. Lisandro de la Torre 801 \u00b7 011 6138-4040<\/p>\n<p>La Caserita Pastas Frescas<br \/>\nAv. Avellaneda 2100 \u00b7 011 4633-5682<\/p>\n<p>F\u00e1brica de Pastas Artesanales \u00abLa Blanquita\u00bb<br \/>\nAv. Rivadavia 9569 \u00b7 011 4683-0145<\/p>\n<p>Fabrica De Pastas Frescas<br \/>\nSevero Garc\u00eda Grande de Zequeira 6706<\/p>\n<p>El C\u00f3ndor &#8211; F\u00e1brica de Pastas<br \/>\nDYF, Av. Rivadavia 8399 \u00b7 011 4671-8650<\/p>\n<p>Dominga Fabrica De Pastas<br \/>\nValent\u00edn Alsina, Provincia de Buenos Aires \u00b7 7504-7937<\/p>\n<p>Via Reggio &#8211; Pastas Artesanales<br \/>\nQuintino Bocayuva 945 \u00b7 011 4922-9672<\/p>\n<p>Fabrica de Pastas ROSSO<br \/>\nDel Barco Centenera 139 \u00b7 011 4902-3305<\/p>\n<blockquote class=\"wp-embedded-content\" data-secret=\"3dafafp1XF\"><p><a href=\"https:\/\/www.diario5.com.ar\/es\/676078\/\">Gnocchi per tutti<\/a><\/p><\/blockquote>\n<p><iframe class=\"wp-embedded-content\" sandbox=\"allow-scripts\" security=\"restricted\" style=\"position: absolute; clip: rect(1px, 1px, 1px, 1px);\" title=\"\u00abGnocchi per tutti\u00bb \u2014 Diario 5\" src=\"https:\/\/www.diario5.com.ar\/676078\/embed\/#?secret=TNoNVshB2K#?secret=3dafafp1XF\" data-secret=\"3dafafp1XF\" width=\"600\" height=\"338\" frameborder=\"0\" marginwidth=\"0\" marginheight=\"0\" scrolling=\"no\"><\/iframe><\/p>\n<p>F\u00e1brica de Pastas Santa Elena<br \/>\n(195) \u00b7 Restaurante especializado en fideos<br \/>\nAv. San Juan 3011 \u00b7 011 4931-6422<\/p>\n<p>La Perla &#8211; Farica de Pastas<br \/>\nBoulogne Sur Mer 913 \u00b7 011 4710-0425<\/p>\n<p>La Estrella De Oro, Fabrica de Pastas Frescas<br \/>\nValent\u00edn Alsina, Provincia de Buenos Aires<\/p>\n<p>Pastas Frescas EL \u00c1GUILA S.R.L.<br \/>\nSegurola 202 \u00b7 0800-345-2484<\/p>\n<p>TITO&#8217;S<br \/>\nG\u00fcemes 3821 \u00b7 011 4824-3752<\/p>\n<p>Fabrica de pastas atendidas por sus due\u00f1os.<\/p>\n<p>San Jos\u00e9 &#8211; El Emporio de las Pastas<br \/>\nC1424CEJ 5487, CEJ, Av. Rivadavia \u00b7 011 4432-3866<\/p>\n<p>F\u00e1brica de Pastas La Sarita<br \/>\nVicente L\u00f3pez, Provincia de Buenos Aires \u00b7 011 4791-5224<\/p>\n<p>SetteBellezze Fabrica De Fideos Rellenos<br \/>\nNazarre 3268 Esquina, Cuenca \u00b7 011 15-2287-7873<\/p>\n<p>TU PASTA F\u00e1brica De Pastas<br \/>\nAv. 25 de Mayo 660 \u00b7 011 4241-3435<\/p>\n<p>La Flor de San Juan<br \/>\nAv. San Juan 1871 \u00b7 011 4304-9860<\/p>\n<p>Fabrica de Pastas Lourdes<br \/>\n(17) \u00b7 Restaurante especializado en fideos<br \/>\nAv. Sta. Fe 5008 \u00b7 011 4772-2370<\/p>\n<p>F\u00e1brica de Pastas Frescas La Giralda<br \/>\nGran Buenos Aires, Provincia de Buenos Aires \u00b7 011 4760-1222<\/p>\n<p>Al Dente<br \/>\nLambar\u00e9 897 \u00b7 011 4863-4521<\/p>\n<p>F\u00e1brica de pastas de calidad y precios accesibles.<\/p>\n<p>VERSAILLES<br \/>\nAv. Directorio 2504 \u00b7 011 4611-7859<\/p>\n<p>Belgrano Pastas Artesanales<br \/>\nAAG, Av. Belgrano 1201 \u00b7 011 4381-8683<\/p>\n<p>Bologna<br \/>\nAv. Regimiento de Patricios 1855 \u00b7 011 4302-8061<\/p>\n<p>Santa Rita<br \/>\nAv. Entre R\u00edos 629 \u00b7 011 4381-0307<\/p>\n<p>Pastas Frescas<br \/>\nBoulogne Sur Mer 392<\/p>\n<p>La Nueva Alfa<br \/>\nGiribone 2399 \u00b7 011 4522-7166<\/p>\n<p>B&amp;L<br \/>\nAv. Medrano 332 \u00b7 011 4981-8339<\/p>\n<p>Pastas la Leonesa<br \/>\nCarlos Calvo 4467 \u00b7 011 4362-7888<\/p>\n<p>Pastas Mouzo<br \/>\nMalabia 223 \u00b7 011 4857-0900<\/p>\n<p>La Mia Casa &#8211; Rotiser\u00eda y F\u00e1brica de Pastas<br \/>\nAv. Pedro Goyena 540 \u00b7 4923-0242<\/p>\n<p>Bella Italia Pastas<br \/>\nAv. Brasil 689 \u00b7 011 4307-3477<\/p>\n<p>Caprizzi Pastas<br \/>\nFrench 2279 \u00b7 011 4807-5884<\/p>\n<p>La Luisita<br \/>\nAv. Rivadavia 4063 \u00b7 011 4981-4375<\/p>\n<p>F\u00e1brica de Pastas Per Voi<br \/>\nGran Buenos Aires, Provincia de Buenos Aires \u00b7 011 4734-7791<\/p>\n<p>El T\u00edo Ravioli<br \/>\nCnel.Mariano Necochea 546 \u00b7 011 4300-5353<\/p>\n<p>PASTAS RAVIOLON<br \/>\nGallo 1578 \u00b7 011 4825-0095<\/p>\n<p>Pastas Florencia<br \/>\nAv. Medrano 96 \u00b7 011 4981-2969<\/p>\n<p>El gustitoo.fabrica de pastas<br \/>\nAlmeira 5723 \u00b7 011 3404-0184<\/p>\n<p>La Nieves<br \/>\nC1072AAP, Bernardo de Irigoyen 716 \u00b7 011 4334-0626<\/p>\n<p>Do\u00f1a Rosa Fabrica de Pastas<br \/>\nAvellaneda, Provincia de Buenos Aires \u00b7 011 4222-3826<\/p>\n<p>\u00a1QUIERO MAS..!<br \/>\nAzcu\u00e9naga 1769 \u00b7 011 4807-6592<\/p>\n<p>La Mejor<br \/>\nFelipe Vallese 632 \u00b7 011 4903-9360<\/p>\n<p>Fabrica de Pastas La Central<br \/>\nLan\u00fas, Provincia de Buenos Aires \u00b7 011 4240-9444<\/p>\n<p>Italpasta<br \/>\nHumberto 1\u00ba 1818 \u00b7 011 4304-7303<\/p>\n<p>Pastas Quintela<br \/>\nAv. Boedo 187 \u00b7 011 4862-2717<\/p>\n<p>Pastas Frescas<br \/>\nAv. Rivadavia 5927<\/p>\n<p>La Cuquita<br \/>\nFamatina 3201 \u00b7 011 4911-8073<\/p>\n<p>La Confianza Pastas<br \/>\nManuela Pedraza 2311 \u00b7 011 7512-0286<\/p>\n<p>Caprizzi Pastas<br \/>\nAv. Rivadavia 3501 \u00b7 011 4861-5737<\/p>\n<p>L&#8217; Artisan taller de pastas<br \/>\nTres Arroyos 1902 \u00b7 011 4584-3812<\/p>\n<p>Casa V\u00e1zquez<br \/>\nAv. Directorio 538<\/p>\n<p>Master pastas frescas<br \/>\nCr\u00e1mer 1775 \u00b7 011 4783-3493<\/p>\n<p>Pastas Fideo Fresh<br \/>\nAv. Ra\u00fal Scalabrini Ortiz 1159 \u00b7 011 2104-1200<\/p>\n<p>La abuela amasa<br \/>\nDel Barco Centenera 1185 \u00b7 011 4925-0638<\/p>\n<p>La Italiana Pastas Frescas<br \/>\nAv. Emilio Castro 7319 \u00b7 011 4642-9171<\/p>\n<p>Pastas Frescas Dany<br \/>\nBBF, Beruti 2800 \u00b7 011 4822-6222<\/p>\n<p>Pastas Frescas Conde<br \/>\nConde 730 \u00b7 011 4551-8548<\/p>\n<p>DIPPO PASTAS<br \/>\nAv. Gaona 2708 \u00b7 011 4582-6064<\/p>\n<p>La Candela<br \/>\nAv. \u00c1lvarez Jonte 3019 \u00b7 011 4501-8195<\/p>\n<p>Pastas Artesanales \u00abLa Estrellita\u00bb<br \/>\nAv. \u00c1lvarez Jonte 2492 \u00b7 011 4581-1416<\/p>\n<p>Mazzeo<br \/>\n1669, ABA, Vicente L\u00f3pez \u00b7 011 4815-7501<\/p>\n<p>La Castellana<br \/>\nFederico Lacroze 3173 \u00b7 011 4552-6514<\/p>\n<p>Raviolandia<br \/>\nAv. Gaona 3102 \u00b7 011 4585-2320<\/p>\n<p>La Perla<br \/>\nAv. Belgrano 3299 \u00b7 011 4864-2313<\/p>\n<p>Fabrica De Pastas<br \/>\nAbraham J. Luppi 926<\/p>\n<p>PastaNoble<br \/>\nBillinghurst 1174 \u00b7 011 5934-7009<\/p>\n<p>Pastas Quintela<br \/>\nAv. D\u00edaz V\u00e9lez 3860 \u00b7 011 4958-0555<\/p>\n<p>La Coqueta<br \/>\nAv. de los Incas 4596 \u00b7 011 4523-0371<\/p>\n<p>Pastas ramos<br \/>\nLaprida 1917 \u00b7 011 4806-9452<\/p>\n<p>Pastas El Sembrador<br \/>\nAv. Corrientes 5590 \u00b7 011 4857-1199<\/p>\n<p>P\u00c1 Pastas Artesanales.<br \/>\nSan Ireneo 299<\/p>\n<p>Milena Pastas Artesanales<br \/>\nArce 890 \u00b7 011 4777-6018<\/p>\n<p>Pastas Mouzo<br \/>\nBoulogne Sur Mer 392 \u00b7 011 4864-5259<\/p>\n<p>D&#8217; IPPO<br \/>\nAv. Cnel. D\u00edaz 1411 \u00b7 011 4963-4123<\/p>\n<p>La Cibeles<br \/>\nPichincha 26 \u00b7 011 6502-8181<\/p>\n<p>Pomodoro Pastas<br \/>\nHumboldt 537<\/p>\n<p>Pastificio \u00abDel Pratello. Pastas Hechas a Mano\u00bb.<br \/>\nParaguay 3421 \u00b7 011 3176-0047<\/p>\n<p>Pasta mil<br \/>\nAv. Nazca 1488<\/p>\n<p>La Confianza \u2022 Pastas Artesanales<br \/>\nFranklin 902 \u00b7 011 4585-5701<\/p>\n<p>La Juvenil Pastas<br \/>\nG\u00fcemes 4401 \u00b7 011 7524-5478<\/p>\n<p>Se\u00f1ora Pasta<br \/>\nAv. Juan Bautista Alberdi 178 \u00b7 011 4924-2715<\/p>\n<blockquote class=\"wp-embedded-content\" data-secret=\"svVi1weOtD\"><p><a href=\"https:\/\/www.diario5.com.ar\/es\/636108\/\">Gnocchi<\/a><\/p><\/blockquote>\n<p><iframe class=\"wp-embedded-content\" sandbox=\"allow-scripts\" security=\"restricted\" style=\"position: absolute; clip: rect(1px, 1px, 1px, 1px);\" title=\"\u00abGnocchi\u00bb \u2014 Diario 5\" src=\"https:\/\/www.diario5.com.ar\/636108\/embed\/#?secret=oOpuB1XSBV#?secret=svVi1weOtD\" data-secret=\"svVi1weOtD\" width=\"600\" height=\"338\" frameborder=\"0\" marginwidth=\"0\" marginheight=\"0\" scrolling=\"no\"><\/iframe><\/p>\n<p>Pastas Santa Magdalena<br \/>\nAv. Salvador Mar\u00eda del Carril 2492 1419 \u00b7 011 4571-2254<\/p>\n<p>PAF<br \/>\nManzanares 2002 \u00b7 011 15-3957-5649<\/p>\n<p>Siete Pastas. Local Microcentro<br \/>\nParaguay 785 \u00b7 011 3334-9196<\/p>\n<p>La Rua Pastas Elaboracion Propia<br \/>\nAv. Medrano 423 \u00b7 011 3557-8271<\/p>\n<p>Ravioli<br \/>\nVirrey Cevallos 325 \u00b7 011 3823-8877<\/p>\n<p>Al Buen Tallar\u00edn<br \/>\nGasc\u00f3n 1602 \u00b7 011 4832-1364<\/p>\n<p>Fabrica de Pastas La Nueva<br \/>\nBuenos Aires, Provincia de Buenos Aires \u00b7 011 4230-0336<\/p>\n<p>La Matildita<br \/>\nAv. D\u00edaz V\u00e9lez 4602 \u00b7 011 4982-1373<\/p>\n<p>La Juvenil Pastas<br \/>\nJer\u00f3nimo Salguero 2663 \u00b7 011 5609-1658<\/p>\n<p>Pastas Bayo<br \/>\nJuan Ram\u00edrez de Velasco 700 \u00b7 011 4854-2283<\/p>\n<p>Amamos.. es nuestra fabrica de pastas.<\/p>\n<p>Santa Mar\u00eda Pastas Artesanales<br \/>\n324, AAQ, Av. Jos\u00e9 Mar\u00eda Moreno \u00b7 011 4902-1751<\/p>\n<p>El Gran Sabor<br \/>\nAv. D\u00edaz V\u00e9lez 4199 \u00b7 011 4981-2887<\/p>\n<p>Rio de La Plata<br \/>\nSalta 1190 \u00b7 011 4304-2984<\/p>\n<p>La Buona Pasta<br \/>\n(458) \u00b7 Restaurante especializado en fideos<br \/>\nAv. Juan Bautista Alberdi 1499 \u00b7 4432-8209<\/p>\n<p>Umami Pastas<br \/>\nTte. Benjam\u00edn Matienzo 1778 \u00b7 011 4777-9757<\/p>\n<p>Lacroze Pastas boyac\u00e1<br \/>\nAv. Boyac\u00e1 459 \u00b7 011 4633-3055<\/p>\n<p>Pasta Cerrini<br \/>\nCochabamba 2662, C1252AAR \u00b7 011 3411-2959<\/p>\n<p>Pastas Frescas Los Mellizos<br \/>\nBogot\u00e1 2526 \u00b7 011 4637-4171<\/p>\n<p>PASTAS SIVORI<br \/>\nAv. Rivadavia 5927 \u00b7 011 4431-5025<\/p>\n<p>La Esperanza Pastas Frescas<br \/>\nSantiago del Estero 390 \u00b7 011 4381-3500<\/p>\n<p>Caro mio<br \/>\nValent\u00edn Alsina, Cdad. Aut\u00f3noma de Buenos Aires \u00b7 011 4228-1784<\/p>\n<p>El Trigal<br \/>\nAv. Rivadavia 9419 \u00b7 011 4683-2445<\/p>\n<p>Pastas y Confiteria San Jose de Flores<br \/>\nDMA, Av. Coronel Esteban Bonorino 45 \u00b7 011 4631-3547<\/p>\n<p>Don Chiquillo<br \/>\nAAI, Piedras 459 \u00b7 011 4342-4332<\/p>\n<p>F\u00e1brica de pastas \u00abLa Uno\u00bb<br \/>\nAvellaneda, Provincia de Buenos Aires \u00b7 011 4217-0387<\/p>\n<p>Pastas Frescas<br \/>\nRojas 295<\/p>\n<p>Pastas Artesanales<br \/>\nAv. Montes de Oca 1121 \u00b7 011 3009-3067<br \/>\n<img decoding=\"async\" loading=\"lazy\" class=\"aligncenter size-full wp-image-686004\" src=\"https:\/\/www.diario5.com.ar\/wp-content\/uploads\/2024\/04\/ar_capital_rosario20240429.jpg\" width=\"700\" height=\"922\" srcset=\"https:\/\/www.diario5.com.ar\/wp-content\/uploads\/2024\/04\/ar_capital_rosario20240429.jpg 700w, https:\/\/www.diario5.com.ar\/wp-content\/uploads\/2024\/04\/ar_capital_rosario20240429-228x300.jpg 228w\" sizes=\"(max-width: 700px) 100vw, 700px\" \/><\/p>\n<p><img decoding=\"async\" loading=\"lazy\" class=\"aligncenter size-full wp-image-686005\" src=\"https:\/\/www.diario5.com.ar\/wp-content\/uploads\/2024\/04\/esquiu20240429.jpg\" width=\"700\" height=\"920\" srcset=\"https:\/\/www.diario5.com.ar\/wp-content\/uploads\/2024\/04\/esquiu20240429.jpg 700w, https:\/\/www.diario5.com.ar\/wp-content\/uploads\/2024\/04\/esquiu20240429-228x300.jpg 228w\" sizes=\"(max-width: 700px) 100vw, 700px\" \/><\/p>\n<p><img decoding=\"async\" loading=\"lazy\" class=\"aligncenter size-full wp-image-686006\" src=\"https:\/\/www.diario5.com.ar\/wp-content\/uploads\/2024\/04\/voz_chaco20240429.jpg\" width=\"700\" height=\"816\" srcset=\"https:\/\/www.diario5.com.ar\/wp-content\/uploads\/2024\/04\/voz_chaco20240429.jpg 700w, https:\/\/www.diario5.com.ar\/wp-content\/uploads\/2024\/04\/voz_chaco20240429-257x300.jpg 257w\" sizes=\"(max-width: 700px) 100vw, 700px\" \/><\/p>\n<p><img decoding=\"async\" loading=\"lazy\" class=\"aligncenter size-full wp-image-686007\" src=\"https:\/\/www.diario5.com.ar\/wp-content\/uploads\/2024\/04\/ar_cronista20240429.jpg\" width=\"700\" height=\"883\" srcset=\"https:\/\/www.diario5.com.ar\/wp-content\/uploads\/2024\/04\/ar_cronista20240429.jpg 700w, https:\/\/www.diario5.com.ar\/wp-content\/uploads\/2024\/04\/ar_cronista20240429-238x300.jpg 238w\" sizes=\"(max-width: 700px) 100vw, 700px\" \/><\/p>\n<p><img decoding=\"async\" loading=\"lazy\" class=\"aligncenter size-full wp-image-686008\" src=\"https:\/\/www.diario5.com.ar\/wp-content\/uploads\/2024\/04\/ar_eldia20240429.jpg\" width=\"699\" height=\"1045\" srcset=\"https:\/\/www.diario5.com.ar\/wp-content\/uploads\/2024\/04\/ar_eldia20240429.jpg 699w, https:\/\/www.diario5.com.ar\/wp-content\/uploads\/2024\/04\/ar_eldia20240429-201x300.jpg 201w, https:\/\/www.diario5.com.ar\/wp-content\/uploads\/2024\/04\/ar_eldia20240429-685x1024.jpg 685w\" sizes=\"(max-width: 699px) 100vw, 699px\" \/><\/p>\n<p><img decoding=\"async\" loading=\"lazy\" class=\"aligncenter size-full wp-image-686009\" src=\"https:\/\/www.diario5.com.ar\/wp-content\/uploads\/2024\/04\/ar_hoy20240429.jpg\" width=\"700\" height=\"925\" srcset=\"https:\/\/www.diario5.com.ar\/wp-content\/uploads\/2024\/04\/ar_hoy20240429.jpg 700w, https:\/\/www.diario5.com.ar\/wp-content\/uploads\/2024\/04\/ar_hoy20240429-227x300.jpg 227w\" sizes=\"(max-width: 700px) 100vw, 700px\" \/><\/p>\n<p><img decoding=\"async\" loading=\"lazy\" class=\"aligncenter size-full wp-image-686010\" src=\"https:\/\/www.diario5.com.ar\/wp-content\/uploads\/2024\/04\/ar_chubut20240429.jpg\" width=\"700\" height=\"903\" srcset=\"https:\/\/www.diario5.com.ar\/wp-content\/uploads\/2024\/04\/ar_chubut20240429.jpg 700w, https:\/\/www.diario5.com.ar\/wp-content\/uploads\/2024\/04\/ar_chubut20240429-233x300.jpg 233w\" sizes=\"(max-width: 700px) 100vw, 700px\" \/><\/p>\n<p><img decoding=\"async\" loading=\"lazy\" class=\"aligncenter size-full wp-image-686011\" src=\"https:\/\/www.diario5.com.ar\/wp-content\/uploads\/2024\/04\/ar_litoral20240429.jpg\" width=\"700\" height=\"908\" srcset=\"https:\/\/www.diario5.com.ar\/wp-content\/uploads\/2024\/04\/ar_litoral20240429.jpg 700w, https:\/\/www.diario5.com.ar\/wp-content\/uploads\/2024\/04\/ar_litoral20240429-231x300.jpg 231w\" sizes=\"(max-width: 700px) 100vw, 700px\" \/><\/p>\n<p><img decoding=\"async\" loading=\"lazy\" class=\"aligncenter size-full wp-image-686012\" src=\"https:\/\/www.diario5.com.ar\/wp-content\/uploads\/2024\/04\/ciudadano20240429.jpg\" width=\"700\" height=\"962\" srcset=\"https:\/\/www.diario5.com.ar\/wp-content\/uploads\/2024\/04\/ciudadano20240429.jpg 700w, https:\/\/www.diario5.com.ar\/wp-content\/uploads\/2024\/04\/ciudadano20240429-218x300.jpg 218w\" sizes=\"(max-width: 700px) 100vw, 700px\" \/><\/p>\n<p><img decoding=\"async\" loading=\"lazy\" class=\"aligncenter size-full wp-image-686013\" src=\"https:\/\/www.diario5.com.ar\/wp-content\/uploads\/2024\/04\/ar_clarin20240429.jpg\" width=\"700\" height=\"979\" srcset=\"https:\/\/www.diario5.com.ar\/wp-content\/uploads\/2024\/04\/ar_clarin20240429.jpg 700w, https:\/\/www.diario5.com.ar\/wp-content\/uploads\/2024\/04\/ar_clarin20240429-215x300.jpg 215w\" sizes=\"(max-width: 700px) 100vw, 700px\" \/><\/p>\n<p><img decoding=\"async\" loading=\"lazy\" class=\"aligncenter size-full wp-image-686014\" src=\"https:\/\/www.diario5.com.ar\/wp-content\/uploads\/2024\/04\/nacion20240429.jpg\" width=\"700\" height=\"1053\" srcset=\"https:\/\/www.diario5.com.ar\/wp-content\/uploads\/2024\/04\/nacion20240429.jpg 700w, https:\/\/www.diario5.com.ar\/wp-content\/uploads\/2024\/04\/nacion20240429-199x300.jpg 199w, https:\/\/www.diario5.com.ar\/wp-content\/uploads\/2024\/04\/nacion20240429-681x1024.jpg 681w\" sizes=\"(max-width: 700px) 100vw, 700px\" \/><\/p>\n<p><img decoding=\"async\" loading=\"lazy\" class=\"aligncenter size-full wp-image-686015\" src=\"https:\/\/www.diario5.com.ar\/wp-content\/uploads\/2024\/04\/nuevo_diario20240429.jpg\" width=\"700\" height=\"1047\" srcset=\"https:\/\/www.diario5.com.ar\/wp-content\/uploads\/2024\/04\/nuevo_diario20240429.jpg 700w, https:\/\/www.diario5.com.ar\/wp-content\/uploads\/2024\/04\/nuevo_diario20240429-201x300.jpg 201w, https:\/\/www.diario5.com.ar\/wp-content\/uploads\/2024\/04\/nuevo_diario20240429-685x1024.jpg 685w\" sizes=\"(max-width: 700px) 100vw, 700px\" \/><\/p>","protected":false},"excerpt":{"rendered":"<p>\u00bfD\u00f3nde comprar los \u00f1oquis? \u00bfLas f\u00e1bricas de pastas abrir\u00e1n en el d\u00eda que consideran su sagrado descanso? \u00bfEstar\u00e1n dispuestos sus propietarios a pagar extra a sus empleados para que se pueda satisfacer la demanda que hoy tendr\u00e1 la gran creaci\u00f3n piamontesa? \u00bfVan a cerrar hoy, sabiendo que el mi\u00e9rcoles 1\u00ba de mayo tambi\u00e9n lo har\u00e1n? [&hellip;]<\/p>","protected":false},"author":18,"featured_media":686003,"comment_status":"open","ping_status":"open","sticky":false,"template":"","format":"standard","meta":[],"categories":[483,603,20,482,56],"tags":[888,1177,367,932,883,959,474,630,934,935,1283,1796,1797,1126,931,626,373,1798,265,937,71,938,1424,884,942,798,1334,885,1083],"series":[],"_links":{"self":[{"href":"https:\/\/www.diario5.com.ar\/es\/wp-json\/wp\/v2\/posts\/677229"}],"collection":[{"href":"https:\/\/www.diario5.com.ar\/es\/wp-json\/wp\/v2\/posts"}],"about":[{"href":"https:\/\/www.diario5.com.ar\/es\/wp-json\/wp\/v2\/types\/post"}],"author":[{"embeddable":true,"href":"https:\/\/www.diario5.com.ar\/es\/wp-json\/wp\/v2\/users\/18"}],"replies":[{"embeddable":true,"href":"https:\/\/www.diario5.com.ar\/es\/wp-json\/wp\/v2\/comments?post=677229"}],"version-history":[{"count":8,"href":"https:\/\/www.diario5.com.ar\/es\/wp-json\/wp\/v2\/posts\/677229\/revisions"}],"predecessor-version":[{"id":686045,"href":"https:\/\/www.diario5.com.ar\/es\/wp-json\/wp\/v2\/posts\/677229\/revisions\/686045"}],"wp:featuredmedia":[{"embeddable":true,"href":"https:\/\/www.diario5.com.ar\/es\/wp-json\/wp\/v2\/media\/686003"}],"wp:attachment":[{"href":"https:\/\/www.diario5.com.ar\/es\/wp-json\/wp\/v2\/media?parent=677229"}],"wp:term":[{"taxonomy":"category","embeddable":true,"href":"https:\/\/www.diario5.com.ar\/es\/wp-json\/wp\/v2\/categories?post=677229"},{"taxonomy":"post_tag","embeddable":true,"href":"https:\/\/www.diario5.com.ar\/es\/wp-json\/wp\/v2\/tags?post=677229"},{"taxonomy":"series","embeddable":true,"href":"https:\/\/www.diario5.com.ar\/es\/wp-json\/wp\/v2\/series?post=677229"}],"curies":[{"name":"wp","href":"https:\/\/api.w.org\/{rel}","templated":true}]}}