{"id":677228,"date":"2024-04-28T06:11:00","date_gmt":"2024-04-28T09:11:00","guid":{"rendered":"http:\/\/diario5.com.ar\/?p=677228"},"modified":"2024-04-28T20:46:57","modified_gmt":"2024-04-28T23:46:57","slug":"677228","status":"publish","type":"post","link":"https:\/\/www.diario5.com.ar\/es\/677228\/","title":{"rendered":"Evitar acidentes en el trabajo"},"content":{"rendered":"<h2 class=\"sub-title-primary\">Ese es el principal objetivo por el que se estableci\u00f3 en esta fecha el D\u00eda Mundial de la Seguridad y Salud en el Trabajo.<\/h2> <p><img decoding=\"async\" loading=\"lazy\" class=\"aligncenter size-full wp-image-685973\" src=\"https:\/\/www.diario5.com.ar\/wp-content\/uploads\/2024\/04\/how-dangerous-is-your-job20240428.jpg\" width=\"700\" height=\"525\" srcset=\"https:\/\/www.diario5.com.ar\/wp-content\/uploads\/2024\/04\/how-dangerous-is-your-job20240428.jpg 700w, https:\/\/www.diario5.com.ar\/wp-content\/uploads\/2024\/04\/how-dangerous-is-your-job20240428-300x225.jpg 300w\" sizes=\"(max-width: 700px) 100vw, 700px\" \/><\/p>\n<p>La Organizaci\u00f3n Internacional del Trabajo (OIT) celebra el D\u00eda Mundial de la Seguridad y la Salud en el Trabajo el 28 de abril de cada a\u00f1o. La iniciativa, que comenz\u00f3 en 2003, es una campa\u00f1a internacional que promueve el trabajo seguro, saludable y decente en todo el mundo.<\/p>\n<p>Las organizaciones vinculadas a estudiar la seguridad en las diversas actividades que generan empleo apoyan la promoci\u00f3n de este d\u00eda por parte de la OIT y ayudan a crear conciencia y buscar la prevenci\u00f3n de accidentes y enfermedades relacionados con el trabajo en todo el mundo.<\/p>\n<p>\u00bfCu\u00e1l es el enfoque del D\u00eda Mundial de la Seguridad y Salud en el Trabajo?<\/p>\n<p>Mientras seguimos viviendo una crisis de salud global y enfrentamos riesgos continuos en el <b>Sistema de Gesti\u00f3n de Seguridad y Salud en el Trabajo<\/b> (SST), debemos seguir avanzando hacia la construcci\u00f3n de una cultura s\u00f3lida de seguridad y salud en todos los niveles.<\/p>\n<p>Como es costumbre en los d\u00edas especiales de calendario internacional dedicaddos a la toma de conciencia ante derterminado peligros para la poblaci\u00f3n en todo el mundo, se establecen consignasaa anuales para esta diciplina<\/p>\n<p>&nbsp;<\/p>\n<p>En 2022 el tema fue la participaci\u00f3n y el di\u00e1logo social en la creaci\u00f3n de una cultura positiva en materia de seguridad y salud.<\/p>\n<p>Los anteriores hicieron referencia a<\/p>\n<ul>\n<li>Invertir en sistemas resilientes de seguridad y salud en el trabajo<\/li>\n<li>Mejorar la seguridad y la salud de los trabajadores j\u00f3venes<\/li>\n<li>Recopilaci\u00f3n y uso de datos sobre SST<\/li>\n<li>Estr\u00e9s laboral<\/li>\n<li>Construyendo una cultura de prevenci\u00f3n en SST.<\/li>\n<\/ul>\n<p>&nbsp;<\/p>\n<p>Uno de los temas m\u00e1s difundi<\/p>\n<p>Existe un movimiento llamado Fall Fighter, dedicado a concientizar los inconvenientes referidos a ca\u00eddas y recopilar t\u00e9cnicas provenientes de todo el mundo para poder evitarlas<\/p>\n<p>Las ca\u00eddas son la principal causa de diagn\u00f3sticos graves y muerte accidental para personas mayores de 65 a\u00f1os en muchos pa\u00edses. Tambi\u00e9n tienen un enorme impacto en la vida de las personas y en la sociedad, costando a los sistemas sanitarios en general miles millones de d\u00f3lares cada a\u00f1o.<\/p>\n<p>\u00bfQu\u00e9 es un luchador contra ca\u00eddas?<\/p>\n<p>Un Fall Fighter es alguien que ha aprendido sobre las ca\u00eddas y c\u00f3mo prevenirlas. Utilizan el conocimiento y las habilidades que han aprendido para educar e inspirar a otros en su lugar de trabajo y comunidad.<\/p>\n<p><!--googleoff: index--><img decoding=\"async\" loading=\"lazy\" class=\"aligncenter size-full wp-image-685974\" src=\"https:\/\/www.diario5.com.ar\/wp-content\/uploads\/2024\/04\/trabajosaltura2-scaled20240428.jpg\" width=\"700\" height=\"466\" srcset=\"https:\/\/www.diario5.com.ar\/wp-content\/uploads\/2024\/04\/trabajosaltura2-scaled20240428.jpg 700w, https:\/\/www.diario5.com.ar\/wp-content\/uploads\/2024\/04\/trabajosaltura2-scaled20240428-300x200.jpg 300w\" sizes=\"(max-width: 700px) 100vw, 700px\" \/><br \/>\n<!--googleon: index--><br \/>\n<img decoding=\"async\" loading=\"lazy\" class=\"aligncenter size-full wp-image-685975\" src=\"https:\/\/www.diario5.com.ar\/wp-content\/uploads\/2024\/04\/ar_capital_rosario20240428.jpg\" width=\"700\" height=\"936\" srcset=\"https:\/\/www.diario5.com.ar\/wp-content\/uploads\/2024\/04\/ar_capital_rosario20240428.jpg 700w, https:\/\/www.diario5.com.ar\/wp-content\/uploads\/2024\/04\/ar_capital_rosario20240428-224x300.jpg 224w\" sizes=\"(max-width: 700px) 100vw, 700px\" \/><\/p>\n<p><img decoding=\"async\" loading=\"lazy\" class=\"aligncenter size-full wp-image-685976\" src=\"https:\/\/www.diario5.com.ar\/wp-content\/uploads\/2024\/04\/esquiu20240428.jpg\" width=\"700\" height=\"920\" srcset=\"https:\/\/www.diario5.com.ar\/wp-content\/uploads\/2024\/04\/esquiu20240428.jpg 700w, https:\/\/www.diario5.com.ar\/wp-content\/uploads\/2024\/04\/esquiu20240428-228x300.jpg 228w\" sizes=\"(max-width: 700px) 100vw, 700px\" \/><\/p>\n<p><img decoding=\"async\" loading=\"lazy\" class=\"aligncenter size-full wp-image-685977\" src=\"https:\/\/www.diario5.com.ar\/wp-content\/uploads\/2024\/04\/voz_chaco20240428.jpg\" width=\"700\" height=\"816\" srcset=\"https:\/\/www.diario5.com.ar\/wp-content\/uploads\/2024\/04\/voz_chaco20240428.jpg 700w, https:\/\/www.diario5.com.ar\/wp-content\/uploads\/2024\/04\/voz_chaco20240428-257x300.jpg 257w\" sizes=\"(max-width: 700px) 100vw, 700px\" \/><\/p>\n<p><img decoding=\"async\" loading=\"lazy\" class=\"aligncenter size-full wp-image-685978\" src=\"https:\/\/www.diario5.com.ar\/wp-content\/uploads\/2024\/04\/ar_eldia20240428.jpg\" width=\"700\" height=\"1045\" srcset=\"https:\/\/www.diario5.com.ar\/wp-content\/uploads\/2024\/04\/ar_eldia20240428.jpg 700w, https:\/\/www.diario5.com.ar\/wp-content\/uploads\/2024\/04\/ar_eldia20240428-201x300.jpg 201w, https:\/\/www.diario5.com.ar\/wp-content\/uploads\/2024\/04\/ar_eldia20240428-686x1024.jpg 686w\" sizes=\"(max-width: 700px) 100vw, 700px\" \/><\/p>\n<p><img decoding=\"async\" loading=\"lazy\" class=\"aligncenter size-full wp-image-685979\" src=\"https:\/\/www.diario5.com.ar\/wp-content\/uploads\/2024\/04\/ar_hoy20240428.jpg\" width=\"700\" height=\"924\" srcset=\"https:\/\/www.diario5.com.ar\/wp-content\/uploads\/2024\/04\/ar_hoy20240428.jpg 700w, https:\/\/www.diario5.com.ar\/wp-content\/uploads\/2024\/04\/ar_hoy20240428-227x300.jpg 227w\" sizes=\"(max-width: 700px) 100vw, 700px\" \/><\/p>\n<p><img decoding=\"async\" loading=\"lazy\" class=\"aligncenter size-full wp-image-685980\" src=\"https:\/\/www.diario5.com.ar\/wp-content\/uploads\/2024\/04\/ar_chubut20240428.jpg\" width=\"700\" height=\"904\" srcset=\"https:\/\/www.diario5.com.ar\/wp-content\/uploads\/2024\/04\/ar_chubut20240428.jpg 700w, https:\/\/www.diario5.com.ar\/wp-content\/uploads\/2024\/04\/ar_chubut20240428-232x300.jpg 232w\" sizes=\"(max-width: 700px) 100vw, 700px\" \/><\/p>\n<p><img decoding=\"async\" loading=\"lazy\" class=\"aligncenter size-full wp-image-685981\" src=\"https:\/\/www.diario5.com.ar\/wp-content\/uploads\/2024\/04\/ar_litoral20240428.jpg\" width=\"700\" height=\"908\" srcset=\"https:\/\/www.diario5.com.ar\/wp-content\/uploads\/2024\/04\/ar_litoral20240428.jpg 700w, https:\/\/www.diario5.com.ar\/wp-content\/uploads\/2024\/04\/ar_litoral20240428-231x300.jpg 231w\" sizes=\"(max-width: 700px) 100vw, 700px\" \/><\/p>\n<p><img decoding=\"async\" loading=\"lazy\" class=\"aligncenter size-full wp-image-685985\" src=\"https:\/\/www.diario5.com.ar\/wp-content\/uploads\/2024\/04\/ar_diario_cuyo20240428.jpg\" width=\"700\" height=\"1051\" srcset=\"https:\/\/www.diario5.com.ar\/wp-content\/uploads\/2024\/04\/ar_diario_cuyo20240428.jpg 700w, https:\/\/www.diario5.com.ar\/wp-content\/uploads\/2024\/04\/ar_diario_cuyo20240428-200x300.jpg 200w, https:\/\/www.diario5.com.ar\/wp-content\/uploads\/2024\/04\/ar_diario_cuyo20240428-682x1024.jpg 682w\" sizes=\"(max-width: 700px) 100vw, 700px\" \/><\/p>\n<p><img decoding=\"async\" loading=\"lazy\" class=\"aligncenter size-full wp-image-685986\" src=\"https:\/\/www.diario5.com.ar\/wp-content\/uploads\/2024\/04\/ar_diario_republica20240428.jpg\" width=\"700\" height=\"979\" srcset=\"https:\/\/www.diario5.com.ar\/wp-content\/uploads\/2024\/04\/ar_diario_republica20240428.jpg 700w, https:\/\/www.diario5.com.ar\/wp-content\/uploads\/2024\/04\/ar_diario_republica20240428-215x300.jpg 215w\" sizes=\"(max-width: 700px) 100vw, 700px\" \/><\/p>\n<p><img decoding=\"async\" loading=\"lazy\" class=\"aligncenter size-full wp-image-685982\" src=\"https:\/\/www.diario5.com.ar\/wp-content\/uploads\/2024\/04\/ciudadano20240428.jpg\" width=\"700\" height=\"950\" srcset=\"https:\/\/www.diario5.com.ar\/wp-content\/uploads\/2024\/04\/ciudadano20240428.jpg 700w, https:\/\/www.diario5.com.ar\/wp-content\/uploads\/2024\/04\/ciudadano20240428-221x300.jpg 221w\" sizes=\"(max-width: 700px) 100vw, 700px\" \/><\/p>\n<p><img decoding=\"async\" loading=\"lazy\" class=\"aligncenter size-full wp-image-685983\" src=\"https:\/\/www.diario5.com.ar\/wp-content\/uploads\/2024\/04\/ar_clarin20240428.jpg\" width=\"700\" height=\"965\" srcset=\"https:\/\/www.diario5.com.ar\/wp-content\/uploads\/2024\/04\/ar_clarin20240428.jpg 700w, https:\/\/www.diario5.com.ar\/wp-content\/uploads\/2024\/04\/ar_clarin20240428-218x300.jpg 218w\" sizes=\"(max-width: 700px) 100vw, 700px\" \/><\/p>\n<p><img decoding=\"async\" loading=\"lazy\" class=\"aligncenter size-full wp-image-685984\" src=\"https:\/\/www.diario5.com.ar\/wp-content\/uploads\/2024\/04\/nacion20240428.jpg\" width=\"699\" height=\"1059\" srcset=\"https:\/\/www.diario5.com.ar\/wp-content\/uploads\/2024\/04\/nacion20240428.jpg 699w, https:\/\/www.diario5.com.ar\/wp-content\/uploads\/2024\/04\/nacion20240428-198x300.jpg 198w, https:\/\/www.diario5.com.ar\/wp-content\/uploads\/2024\/04\/nacion20240428-676x1024.jpg 676w\" sizes=\"(max-width: 699px) 100vw, 699px\" \/><\/p>\n<p><img decoding=\"async\" loading=\"lazy\" class=\"aligncenter size-full wp-image-685987\" src=\"https:\/\/www.diario5.com.ar\/wp-content\/uploads\/2024\/04\/ar_rio_negro20240428.jpg\" width=\"700\" height=\"1053\" srcset=\"https:\/\/www.diario5.com.ar\/wp-content\/uploads\/2024\/04\/ar_rio_negro20240428.jpg 700w, https:\/\/www.diario5.com.ar\/wp-content\/uploads\/2024\/04\/ar_rio_negro20240428-199x300.jpg 199w, https:\/\/www.diario5.com.ar\/wp-content\/uploads\/2024\/04\/ar_rio_negro20240428-681x1024.jpg 681w\" sizes=\"(max-width: 700px) 100vw, 700px\" \/><\/p>\n<p>&nbsp;<\/p>","protected":false},"excerpt":{"rendered":"<p>Ese es el principal objetivo por el que se estableci\u00f3 en esta fecha el D\u00eda Mundial de la Seguridad y Salud en el Trabajo. La Organizaci\u00f3n Internacional del Trabajo (OIT) celebra el D\u00eda Mundial de la Seguridad y la Salud en el Trabajo el 28 de abril de cada a\u00f1o. La iniciativa, que comenz\u00f3 en [&hellip;]<\/p>","protected":false},"author":19,"featured_media":685973,"comment_status":"open","ping_status":"open","sticky":false,"template":"","format":"standard","meta":[],"categories":[28,56],"tags":[668,537,1685],"series":[],"_links":{"self":[{"href":"https:\/\/www.diario5.com.ar\/es\/wp-json\/wp\/v2\/posts\/677228"}],"collection":[{"href":"https:\/\/www.diario5.com.ar\/es\/wp-json\/wp\/v2\/posts"}],"about":[{"href":"https:\/\/www.diario5.com.ar\/es\/wp-json\/wp\/v2\/types\/post"}],"author":[{"embeddable":true,"href":"https:\/\/www.diario5.com.ar\/es\/wp-json\/wp\/v2\/users\/19"}],"replies":[{"embeddable":true,"href":"https:\/\/www.diario5.com.ar\/es\/wp-json\/wp\/v2\/comments?post=677228"}],"version-history":[{"count":4,"href":"https:\/\/www.diario5.com.ar\/es\/wp-json\/wp\/v2\/posts\/677228\/revisions"}],"predecessor-version":[{"id":685988,"href":"https:\/\/www.diario5.com.ar\/es\/wp-json\/wp\/v2\/posts\/677228\/revisions\/685988"}],"wp:featuredmedia":[{"embeddable":true,"href":"https:\/\/www.diario5.com.ar\/es\/wp-json\/wp\/v2\/media\/685973"}],"wp:attachment":[{"href":"https:\/\/www.diario5.com.ar\/es\/wp-json\/wp\/v2\/media?parent=677228"}],"wp:term":[{"taxonomy":"category","embeddable":true,"href":"https:\/\/www.diario5.com.ar\/es\/wp-json\/wp\/v2\/categories?post=677228"},{"taxonomy":"post_tag","embeddable":true,"href":"https:\/\/www.diario5.com.ar\/es\/wp-json\/wp\/v2\/tags?post=677228"},{"taxonomy":"series","embeddable":true,"href":"https:\/\/www.diario5.com.ar\/es\/wp-json\/wp\/v2\/series?post=677228"}],"curies":[{"name":"wp","href":"https:\/\/api.w.org\/{rel}","templated":true}]}}