{"id":677224,"date":"2024-04-24T06:11:00","date_gmt":"2024-04-24T09:11:00","guid":{"rendered":"http:\/\/diario5.com.ar\/?p=677224"},"modified":"2024-04-25T21:44:50","modified_gmt":"2024-04-26T00:44:50","slug":"677224","status":"publish","type":"post","link":"https:\/\/www.diario5.com.ar\/es\/677224\/","title":{"rendered":"Armenios en la Argentina: Un Viaje de Resiliencia y Contribuci\u00f3n"},"content":{"rendered":"<h2 class=\"sub-title-primary\"><\/h2> <p><img decoding=\"async\" loading=\"lazy\" class=\"aligncenter size-full wp-image-685940\" src=\"https:\/\/www.diario5.com.ar\/wp-content\/uploads\/2024\/04\/Centro_Armenio120240425.jpg\" width=\"547\" height=\"400\" srcset=\"https:\/\/www.diario5.com.ar\/wp-content\/uploads\/2024\/04\/Centro_Armenio120240425.jpg 547w, https:\/\/www.diario5.com.ar\/wp-content\/uploads\/2024\/04\/Centro_Armenio120240425-300x219.jpg 300w\" sizes=\"(max-width: 547px) 100vw, 547px\" \/><\/p>\n<p>La historia de la migraci\u00f3n armenia hacia la Argentina es un relato fascinante de resiliencia, adaptaci\u00f3n y enriquecimiento cultural. Si bien no fue un proceso masivo como en otros pa\u00edses, la comunidad armenia ha dejado una huella profunda en la sociedad argentina.<\/p>\n<p>Los primeros pasos se dieron a finales del siglo XIX y principios del XX. Aquellos primeros armenios llegaron a la Argentina escapando de las persecuciones y masacres en el Imperio Otomano, la actual Turqu\u00eda. Buscaban un refugio seguro y la posibilidad de construir una nueva vida.<\/p>\n<p>Buenos Aires como punto de entrada fue una bendici\u00f3n. La mayor\u00eda de los inmigrantes se establecieron en nuestra ciudad, particularmente en los barrios de Palermo y Villa Crespo. Con el tiempo, la comunidad se organiz\u00f3 y fund\u00f3 iglesias, escuelas y centros culturales para preservar su identidad y tradiciones.<\/p>\n<p>Resulta casi innecesario analizar las motivaciones que este pueblo encontr\u00f3 para emigrar. Naturalmente, el Genocidio Armenio (1915-1923) fue excluyente. El horror de la masacre fue el principal motor de la migraci\u00f3n armenia a la Argentina y al mundo. Los sobrevivientes buscaban escapar del trauma y la persecuci\u00f3n.<\/p>\n<p>Por supuesto que las oportunidades econ\u00f3micas que pod\u00eda brindar la Argentina, con su econom\u00eda en crecimiento y su sociedad abierta a la inmigraci\u00f3n, eran un punto a favor.<\/p>\n<p>Los armenios han enriquecido la cultura argentina con su m\u00fasica, danza, gastronom\u00eda y arte y han contribuido al desarrollo econ\u00f3mico del pa\u00eds a trav\u00e9s de su trabajo en diversos sectores, como el comercio, la industria y las profesiones liberales.<\/p>\n<p>En cuanto al aporte educativo, la comunidad ha establecido escuelas que no s\u00f3lo sirven a la poblaci\u00f3n armenia, sino que quedaron abiertas a toda la comunidad.<\/p>\n<p>Los armenios mantuvieron vivo su idioma y su f\u00e9 cristiana apost\u00f3lica armenia a trav\u00e9s de las generaciones.<\/p>\n<p>En cuanto a la conmemoraci\u00f3n del Genocidio, este acto de Memoria colectiva es una parte fundamental de la identidad de la comunidad armenia, que se conmemora anualmente cada 24 de abril.<\/p>\n<p>En la actualidad, si bien no es una de las comunidades armenias m\u00e1s grandes del mundo, en Buenos Aires es activa y vibrante. Sus miembros siguen contribuyendo al desarrollo del pa\u00eds y mantienen fuertes lazos con su herencia cultural.<\/p>\n<p>Para saber m\u00e1s:<\/p>\n<p>Centro Armenio &#8211; Iglesia y<br \/>\nArmenia 1353 \u00b7 4772-8174<\/p>\n<p>Sala Siranush<br \/>\nArmenia 1353 &#8211; 4775-2877<\/p>\n<p>Centro Cultural Armenio &#8211; Lugar de culto<br \/>\nArmenia 1366<\/p>\n<p>Asociaci\u00f3n Cultural Armenia &#8211; Asociaci\u00f3n sociocultural<br \/>\nArmenia 1366 \u00b7 2863-6327<\/p>\n<p>&nbsp;<\/p>\n<p>&nbsp;<\/p>\n<p>&nbsp;<\/p>\n<p><img decoding=\"async\" loading=\"lazy\" class=\"aligncenter size-full wp-image-685907\" src=\"https:\/\/www.diario5.com.ar\/wp-content\/uploads\/2024\/04\/ar_capital_rosario20240424.jpg\" width=\"700\" height=\"922\" srcset=\"https:\/\/www.diario5.com.ar\/wp-content\/uploads\/2024\/04\/ar_capital_rosario20240424.jpg 700w, https:\/\/www.diario5.com.ar\/wp-content\/uploads\/2024\/04\/ar_capital_rosario20240424-228x300.jpg 228w\" sizes=\"(max-width: 700px) 100vw, 700px\" \/><\/p>\n<p><img decoding=\"async\" loading=\"lazy\" class=\"aligncenter size-full wp-image-685908\" src=\"https:\/\/www.diario5.com.ar\/wp-content\/uploads\/2024\/04\/esquiu20240424.jpg\" width=\"700\" height=\"920\" srcset=\"https:\/\/www.diario5.com.ar\/wp-content\/uploads\/2024\/04\/esquiu20240424.jpg 700w, https:\/\/www.diario5.com.ar\/wp-content\/uploads\/2024\/04\/esquiu20240424-228x300.jpg 228w\" sizes=\"(max-width: 700px) 100vw, 700px\" \/><\/p>\n<p><img decoding=\"async\" loading=\"lazy\" class=\"aligncenter size-full wp-image-685909\" src=\"https:\/\/www.diario5.com.ar\/wp-content\/uploads\/2024\/04\/voz_chaco20240424.jpg\" width=\"700\" height=\"816\" srcset=\"https:\/\/www.diario5.com.ar\/wp-content\/uploads\/2024\/04\/voz_chaco20240424.jpg 700w, https:\/\/www.diario5.com.ar\/wp-content\/uploads\/2024\/04\/voz_chaco20240424-257x300.jpg 257w\" sizes=\"(max-width: 700px) 100vw, 700px\" \/><\/p>\n<p><img decoding=\"async\" loading=\"lazy\" class=\"aligncenter size-full wp-image-685910\" src=\"https:\/\/www.diario5.com.ar\/wp-content\/uploads\/2024\/04\/ar_cronista20240424.jpg\" width=\"700\" height=\"883\" srcset=\"https:\/\/www.diario5.com.ar\/wp-content\/uploads\/2024\/04\/ar_cronista20240424.jpg 700w, https:\/\/www.diario5.com.ar\/wp-content\/uploads\/2024\/04\/ar_cronista20240424-238x300.jpg 238w\" sizes=\"(max-width: 700px) 100vw, 700px\" \/><\/p>\n<p><img decoding=\"async\" loading=\"lazy\" class=\"aligncenter size-full wp-image-685911\" src=\"https:\/\/www.diario5.com.ar\/wp-content\/uploads\/2024\/04\/ar_eldia20240424.jpg\" width=\"700\" height=\"1042\" srcset=\"https:\/\/www.diario5.com.ar\/wp-content\/uploads\/2024\/04\/ar_eldia20240424.jpg 700w, https:\/\/www.diario5.com.ar\/wp-content\/uploads\/2024\/04\/ar_eldia20240424-202x300.jpg 202w, https:\/\/www.diario5.com.ar\/wp-content\/uploads\/2024\/04\/ar_eldia20240424-688x1024.jpg 688w\" sizes=\"(max-width: 700px) 100vw, 700px\" \/><\/p>\n<p><img decoding=\"async\" loading=\"lazy\" class=\"aligncenter size-full wp-image-685912\" src=\"https:\/\/www.diario5.com.ar\/wp-content\/uploads\/2024\/04\/ar_hoy20240424.jpg\" width=\"700\" height=\"893\" srcset=\"https:\/\/www.diario5.com.ar\/wp-content\/uploads\/2024\/04\/ar_hoy20240424.jpg 700w, https:\/\/www.diario5.com.ar\/wp-content\/uploads\/2024\/04\/ar_hoy20240424-235x300.jpg 235w\" sizes=\"(max-width: 700px) 100vw, 700px\" \/><\/p>\n<p><img decoding=\"async\" loading=\"lazy\" class=\"aligncenter size-full wp-image-685913\" src=\"https:\/\/www.diario5.com.ar\/wp-content\/uploads\/2024\/04\/ar_chubut20240424.jpg\" width=\"700\" height=\"896\" srcset=\"https:\/\/www.diario5.com.ar\/wp-content\/uploads\/2024\/04\/ar_chubut20240424.jpg 700w, https:\/\/www.diario5.com.ar\/wp-content\/uploads\/2024\/04\/ar_chubut20240424-234x300.jpg 234w\" sizes=\"(max-width: 700px) 100vw, 700px\" \/><\/p>\n<p><img decoding=\"async\" loading=\"lazy\" class=\"aligncenter size-full wp-image-685914\" src=\"https:\/\/www.diario5.com.ar\/wp-content\/uploads\/2024\/04\/ar_litoral20240424.jpg\" width=\"700\" height=\"919\" srcset=\"https:\/\/www.diario5.com.ar\/wp-content\/uploads\/2024\/04\/ar_litoral20240424.jpg 700w, https:\/\/www.diario5.com.ar\/wp-content\/uploads\/2024\/04\/ar_litoral20240424-229x300.jpg 229w\" sizes=\"(max-width: 700px) 100vw, 700px\" \/><\/p>\n<p><img decoding=\"async\" loading=\"lazy\" class=\"aligncenter size-full wp-image-685915\" src=\"https:\/\/www.diario5.com.ar\/wp-content\/uploads\/2024\/04\/ciudadano20240424.jpg\" width=\"700\" height=\"906\" srcset=\"https:\/\/www.diario5.com.ar\/wp-content\/uploads\/2024\/04\/ciudadano20240424.jpg 700w, https:\/\/www.diario5.com.ar\/wp-content\/uploads\/2024\/04\/ciudadano20240424-232x300.jpg 232w\" sizes=\"(max-width: 700px) 100vw, 700px\" \/><\/p>\n<p><img decoding=\"async\" loading=\"lazy\" class=\"aligncenter size-full wp-image-685916\" src=\"https:\/\/www.diario5.com.ar\/wp-content\/uploads\/2024\/04\/ar_clarin20240424.jpg\" width=\"700\" height=\"964\" srcset=\"https:\/\/www.diario5.com.ar\/wp-content\/uploads\/2024\/04\/ar_clarin20240424.jpg 700w, https:\/\/www.diario5.com.ar\/wp-content\/uploads\/2024\/04\/ar_clarin20240424-218x300.jpg 218w\" sizes=\"(max-width: 700px) 100vw, 700px\" \/><\/p>\n<p><img decoding=\"async\" loading=\"lazy\" class=\"aligncenter size-full wp-image-685917\" src=\"https:\/\/www.diario5.com.ar\/wp-content\/uploads\/2024\/04\/nacion20240424.jpg\" width=\"700\" height=\"1053\" srcset=\"https:\/\/www.diario5.com.ar\/wp-content\/uploads\/2024\/04\/nacion20240424.jpg 700w, https:\/\/www.diario5.com.ar\/wp-content\/uploads\/2024\/04\/nacion20240424-199x300.jpg 199w, https:\/\/www.diario5.com.ar\/wp-content\/uploads\/2024\/04\/nacion20240424-681x1024.jpg 681w\" sizes=\"(max-width: 700px) 100vw, 700px\" \/><\/p>\n<p><img decoding=\"async\" loading=\"lazy\" class=\"aligncenter size-full wp-image-685918\" src=\"https:\/\/www.diario5.com.ar\/wp-content\/uploads\/2024\/04\/nuevo_diario20240424.jpg\" width=\"700\" height=\"1047\" srcset=\"https:\/\/www.diario5.com.ar\/wp-content\/uploads\/2024\/04\/nuevo_diario20240424.jpg 700w, https:\/\/www.diario5.com.ar\/wp-content\/uploads\/2024\/04\/nuevo_diario20240424-201x300.jpg 201w, https:\/\/www.diario5.com.ar\/wp-content\/uploads\/2024\/04\/nuevo_diario20240424-685x1024.jpg 685w\" sizes=\"(max-width: 700px) 100vw, 700px\" \/><\/p>\n<p>&nbsp;<\/p>","protected":false},"excerpt":{"rendered":"<p>La historia de la migraci\u00f3n armenia hacia la Argentina es un relato fascinante de resiliencia, adaptaci\u00f3n y enriquecimiento cultural. Si bien no fue un proceso masivo como en otros pa\u00edses, la comunidad armenia ha dejado una huella profunda en la sociedad argentina. Los primeros pasos se dieron a finales del siglo XIX y principios del [&hellip;]<\/p>","protected":false},"author":5,"featured_media":685942,"comment_status":"open","ping_status":"open","sticky":false,"template":"","format":"standard","meta":[],"categories":[452,5,19,482,53],"tags":[1177,1777,1781,474,1784,1779,1780,1775,1778,1776,1573,1773,286,1782,1783,1246,1771,1774,1362,1366,1685,1772],"series":[],"_links":{"self":[{"href":"https:\/\/www.diario5.com.ar\/es\/wp-json\/wp\/v2\/posts\/677224"}],"collection":[{"href":"https:\/\/www.diario5.com.ar\/es\/wp-json\/wp\/v2\/posts"}],"about":[{"href":"https:\/\/www.diario5.com.ar\/es\/wp-json\/wp\/v2\/types\/post"}],"author":[{"embeddable":true,"href":"https:\/\/www.diario5.com.ar\/es\/wp-json\/wp\/v2\/users\/5"}],"replies":[{"embeddable":true,"href":"https:\/\/www.diario5.com.ar\/es\/wp-json\/wp\/v2\/comments?post=677224"}],"version-history":[{"count":5,"href":"https:\/\/www.diario5.com.ar\/es\/wp-json\/wp\/v2\/posts\/677224\/revisions"}],"predecessor-version":[{"id":685941,"href":"https:\/\/www.diario5.com.ar\/es\/wp-json\/wp\/v2\/posts\/677224\/revisions\/685941"}],"wp:featuredmedia":[{"embeddable":true,"href":"https:\/\/www.diario5.com.ar\/es\/wp-json\/wp\/v2\/media\/685942"}],"wp:attachment":[{"href":"https:\/\/www.diario5.com.ar\/es\/wp-json\/wp\/v2\/media?parent=677224"}],"wp:term":[{"taxonomy":"category","embeddable":true,"href":"https:\/\/www.diario5.com.ar\/es\/wp-json\/wp\/v2\/categories?post=677224"},{"taxonomy":"post_tag","embeddable":true,"href":"https:\/\/www.diario5.com.ar\/es\/wp-json\/wp\/v2\/tags?post=677224"},{"taxonomy":"series","embeddable":true,"href":"https:\/\/www.diario5.com.ar\/es\/wp-json\/wp\/v2\/series?post=677224"}],"curies":[{"name":"wp","href":"https:\/\/api.w.org\/{rel}","templated":true}]}}