{"id":677222,"date":"2024-04-22T06:11:00","date_gmt":"2024-04-22T09:11:00","guid":{"rendered":"http:\/\/diario5.com.ar\/?p=677222"},"modified":"2024-05-30T01:54:09","modified_gmt":"2024-05-30T04:54:09","slug":"677222","status":"publish","type":"post","link":"https:\/\/www.diario5.com.ar\/es\/677222\/","title":{"rendered":"Seg\u00fan pasan los a\u00f1os"},"content":{"rendered":"<h2 class=\"sub-title-primary\">Los medios de comunicaci\u00f3n y la tecnolog\u00eda tienen, desde hace un tiempo, un conflictivo v\u00ednculo.<\/h2> <figure id=\"attachment_685859\" aria-describedby=\"caption-attachment-685859\" style=\"width: 2381px\" class=\"wp-caption alignnone\"><img decoding=\"async\" loading=\"lazy\" class=\"wp-image-685859 size-full\" src=\"https:\/\/www.diario5.com.ar\/wp-content\/uploads\/2024\/04\/lectura_diario_celu2.jpg\" alt=\"\" width=\"2381\" height=\"1424\" srcset=\"https:\/\/www.diario5.com.ar\/wp-content\/uploads\/2024\/04\/lectura_diario_celu2.jpg 2381w, https:\/\/www.diario5.com.ar\/wp-content\/uploads\/2024\/04\/lectura_diario_celu2-300x179.jpg 300w, https:\/\/www.diario5.com.ar\/wp-content\/uploads\/2024\/04\/lectura_diario_celu2-1024x612.jpg 1024w, https:\/\/www.diario5.com.ar\/wp-content\/uploads\/2024\/04\/lectura_diario_celu2-768x459.jpg 768w, https:\/\/www.diario5.com.ar\/wp-content\/uploads\/2024\/04\/lectura_diario_celu2-1536x919.jpg 1536w, https:\/\/www.diario5.com.ar\/wp-content\/uploads\/2024\/04\/lectura_diario_celu2-2048x1225.jpg 2048w\" sizes=\"(max-width: 2381px) 100vw, 2381px\" \/><figcaption id=\"caption-attachment-685859\" class=\"wp-caption-text\">Hay personas que lo han vivido todo en materia de comunicaci\u00f3n.<\/figcaption><\/figure>\n<p>La cantidad de diarios impresos ha ido disminuyendo en muchas partes del mundo en las \u00faltimas d\u00e9cadas. Hay varios factores que contribuyen a esta tendencia:<\/p>\n<p>Como el facilismo se impone y no es una moda, se puede comprobar que muchas personas prefieren consumir noticias en l\u00ednea a trav\u00e9s de sitios web, aplicaciones m\u00f3viles o redes sociales en lugar de comprar peri\u00f3dicos impresos. La conveniencia de acceder a noticias en tiempo real desde dispositivos electr\u00f3nicos ha afectado la demanda de peri\u00f3dicos f\u00edsicos.<\/p>\n<p>S\u00ed, s\u00ed, s\u00ed,&#8230; ya lo sabemos de memoria: la producci\u00f3n y distribuci\u00f3n de peri\u00f3dicos impresos es costosa. Encima, con la disminuci\u00f3n en las ventas y publicidad en papel, la mayor\u00eda de los medios con recursos vienen encontrando m\u00e1s rentable enfocarse en plataformas digitales. Programar y lanzarsin salir a la calle siempre requiere menos inversi\u00f3n. No hay impresi\u00f3n ni distribuci\u00f3n f\u00edsica.<\/p>\n<p>Hubo demasiados cambios en el comportamiento del consumidor. Especialmente desde la aparici\u00f3n de los smartphones. Las nuevas generaciones tienden a preferir la inmediatez y la interactividad de las noticias en l\u00ednea. Sabemos que se trata de una valoraci\u00f3n innecesaria y hasta caprichosa. Pero para ellos, hoy, la lectura de peri\u00f3dicos impresos parece menos atractiva en comparaci\u00f3n con las opciones digitales m\u00e1s din\u00e1micas y personalizadas.<\/p>\n<p>La pandemia de COVID-19 aceler\u00f3 a\u00fan m\u00e1s la transici\u00f3n hacia lo digital, ya que las restricciones de movilidad y las preocupaciones sanitarias limitaron la venta y distribuci\u00f3n de peri\u00f3dicos f\u00edsicos.<\/p>\n<p>Por supuesto que los peri\u00f3dicos impresos contin\u00faan siendo valorados por ciertos segmentos de la poblaci\u00f3n. \u00bfSon s\u00f3lo los lectores mayores? \u00bfo no se est\u00e1 tomando en cuenta a una digna casta \u00e1vida de la experiencia t\u00e1ctil de leer noticias en papel? La industria de los medios intenta adaptarse a demandas cambiantes. Los consumidores, que hoy parecen estar priorizando cada vez m\u00e1s las plataformas digitales que se les ofrecen para ver noticias, pueden cirar -en cualquier momento- hacia alg\u00fan rumbo desconocido.<\/p>\n<p><!--googleon: index--><br \/>\n<img decoding=\"async\" loading=\"lazy\" class=\"aligncenter size-full wp-image-685862\" src=\"https:\/\/www.diario5.com.ar\/wp-content\/uploads\/2024\/04\/ar_capital_rosario20240422.jpg\" width=\"700\" height=\"922\" srcset=\"https:\/\/www.diario5.com.ar\/wp-content\/uploads\/2024\/04\/ar_capital_rosario20240422.jpg 700w, https:\/\/www.diario5.com.ar\/wp-content\/uploads\/2024\/04\/ar_capital_rosario20240422-228x300.jpg 228w\" sizes=\"(max-width: 700px) 100vw, 700px\" \/><\/p>\n<p><img decoding=\"async\" loading=\"lazy\" class=\"aligncenter size-full wp-image-685863\" src=\"https:\/\/www.diario5.com.ar\/wp-content\/uploads\/2024\/04\/esquiu20240422.jpg\" width=\"700\" height=\"920\" srcset=\"https:\/\/www.diario5.com.ar\/wp-content\/uploads\/2024\/04\/esquiu20240422.jpg 700w, https:\/\/www.diario5.com.ar\/wp-content\/uploads\/2024\/04\/esquiu20240422-228x300.jpg 228w\" sizes=\"(max-width: 700px) 100vw, 700px\" \/><\/p>\n<p><img decoding=\"async\" loading=\"lazy\" class=\"aligncenter size-full wp-image-685864\" src=\"https:\/\/www.diario5.com.ar\/wp-content\/uploads\/2024\/04\/ar_cronista20240422.jpg\" width=\"700\" height=\"883\" srcset=\"https:\/\/www.diario5.com.ar\/wp-content\/uploads\/2024\/04\/ar_cronista20240422.jpg 700w, https:\/\/www.diario5.com.ar\/wp-content\/uploads\/2024\/04\/ar_cronista20240422-238x300.jpg 238w\" sizes=\"(max-width: 700px) 100vw, 700px\" \/><\/p>\n<p><img decoding=\"async\" loading=\"lazy\" class=\"aligncenter size-full wp-image-685865\" src=\"https:\/\/www.diario5.com.ar\/wp-content\/uploads\/2024\/04\/ar_eldia20240422.jpg\" width=\"700\" height=\"1042\" srcset=\"https:\/\/www.diario5.com.ar\/wp-content\/uploads\/2024\/04\/ar_eldia20240422.jpg 700w, https:\/\/www.diario5.com.ar\/wp-content\/uploads\/2024\/04\/ar_eldia20240422-202x300.jpg 202w, https:\/\/www.diario5.com.ar\/wp-content\/uploads\/2024\/04\/ar_eldia20240422-688x1024.jpg 688w\" sizes=\"(max-width: 700px) 100vw, 700px\" \/><\/p>\n<p><img decoding=\"async\" loading=\"lazy\" class=\"aligncenter size-full wp-image-685866\" src=\"https:\/\/www.diario5.com.ar\/wp-content\/uploads\/2024\/04\/ar_hoy20240422.jpg\" width=\"700\" height=\"914\" srcset=\"https:\/\/www.diario5.com.ar\/wp-content\/uploads\/2024\/04\/ar_hoy20240422.jpg 700w, https:\/\/www.diario5.com.ar\/wp-content\/uploads\/2024\/04\/ar_hoy20240422-230x300.jpg 230w\" sizes=\"(max-width: 700px) 100vw, 700px\" \/><\/p>\n<p><img decoding=\"async\" loading=\"lazy\" class=\"aligncenter size-full wp-image-685867\" src=\"https:\/\/www.diario5.com.ar\/wp-content\/uploads\/2024\/04\/ar_chubut20240422.jpg\" width=\"700\" height=\"896\" srcset=\"https:\/\/www.diario5.com.ar\/wp-content\/uploads\/2024\/04\/ar_chubut20240422.jpg 700w, https:\/\/www.diario5.com.ar\/wp-content\/uploads\/2024\/04\/ar_chubut20240422-234x300.jpg 234w\" sizes=\"(max-width: 700px) 100vw, 700px\" \/><\/p>\n<p><img decoding=\"async\" loading=\"lazy\" class=\"aligncenter size-full wp-image-685868\" src=\"https:\/\/www.diario5.com.ar\/wp-content\/uploads\/2024\/04\/ar_litoral20240422.jpg\" width=\"700\" height=\"919\" srcset=\"https:\/\/www.diario5.com.ar\/wp-content\/uploads\/2024\/04\/ar_litoral20240422.jpg 700w, https:\/\/www.diario5.com.ar\/wp-content\/uploads\/2024\/04\/ar_litoral20240422-229x300.jpg 229w\" sizes=\"(max-width: 700px) 100vw, 700px\" \/><\/p>\n<p><img decoding=\"async\" loading=\"lazy\" class=\"aligncenter size-full wp-image-685874\" src=\"https:\/\/www.diario5.com.ar\/wp-content\/uploads\/2024\/04\/ar_diario_cuyo20240422.jpg\" width=\"700\" height=\"1051\" srcset=\"https:\/\/www.diario5.com.ar\/wp-content\/uploads\/2024\/04\/ar_diario_cuyo20240422.jpg 700w, https:\/\/www.diario5.com.ar\/wp-content\/uploads\/2024\/04\/ar_diario_cuyo20240422-200x300.jpg 200w, https:\/\/www.diario5.com.ar\/wp-content\/uploads\/2024\/04\/ar_diario_cuyo20240422-682x1024.jpg 682w\" sizes=\"(max-width: 700px) 100vw, 700px\" \/><\/p>\n<p><img decoding=\"async\" loading=\"lazy\" class=\"aligncenter size-full wp-image-685875\" src=\"https:\/\/www.diario5.com.ar\/wp-content\/uploads\/2024\/04\/ar_diario_republica20240422.jpg\" width=\"700\" height=\"972\" srcset=\"https:\/\/www.diario5.com.ar\/wp-content\/uploads\/2024\/04\/ar_diario_republica20240422.jpg 700w, https:\/\/www.diario5.com.ar\/wp-content\/uploads\/2024\/04\/ar_diario_republica20240422-216x300.jpg 216w\" sizes=\"(max-width: 700px) 100vw, 700px\" \/><\/p>\n<p><img decoding=\"async\" loading=\"lazy\" class=\"aligncenter size-full wp-image-685876\" src=\"https:\/\/www.diario5.com.ar\/wp-content\/uploads\/2024\/04\/ar_litoral_sfe20240422.jpg\" width=\"700\" height=\"944\" srcset=\"https:\/\/www.diario5.com.ar\/wp-content\/uploads\/2024\/04\/ar_litoral_sfe20240422.jpg 700w, https:\/\/www.diario5.com.ar\/wp-content\/uploads\/2024\/04\/ar_litoral_sfe20240422-222x300.jpg 222w\" sizes=\"(max-width: 700px) 100vw, 700px\" \/><\/p>\n<p><img decoding=\"async\" loading=\"lazy\" class=\"aligncenter size-full wp-image-685869\" src=\"https:\/\/www.diario5.com.ar\/wp-content\/uploads\/2024\/04\/ciudadano20240422.jpg\" width=\"700\" height=\"962\" srcset=\"https:\/\/www.diario5.com.ar\/wp-content\/uploads\/2024\/04\/ciudadano20240422.jpg 700w, https:\/\/www.diario5.com.ar\/wp-content\/uploads\/2024\/04\/ciudadano20240422-218x300.jpg 218w\" sizes=\"(max-width: 700px) 100vw, 700px\" \/><\/p>\n<p><img decoding=\"async\" loading=\"lazy\" class=\"aligncenter size-full wp-image-685877\" src=\"https:\/\/www.diario5.com.ar\/wp-content\/uploads\/2024\/04\/ar_mirador_provincial20240422.jpg\" width=\"700\" height=\"939\" srcset=\"https:\/\/www.diario5.com.ar\/wp-content\/uploads\/2024\/04\/ar_mirador_provincial20240422.jpg 700w, https:\/\/www.diario5.com.ar\/wp-content\/uploads\/2024\/04\/ar_mirador_provincial20240422-224x300.jpg 224w\" sizes=\"(max-width: 700px) 100vw, 700px\" \/><\/p>\n<p><img decoding=\"async\" loading=\"lazy\" class=\"aligncenter size-full wp-image-685870\" src=\"https:\/\/www.diario5.com.ar\/wp-content\/uploads\/2024\/04\/ar_clarin20240422.jpg\" width=\"700\" height=\"966\" srcset=\"https:\/\/www.diario5.com.ar\/wp-content\/uploads\/2024\/04\/ar_clarin20240422.jpg 700w, https:\/\/www.diario5.com.ar\/wp-content\/uploads\/2024\/04\/ar_clarin20240422-217x300.jpg 217w\" sizes=\"(max-width: 700px) 100vw, 700px\" \/><\/p>\n<p><img decoding=\"async\" loading=\"lazy\" class=\"aligncenter size-full wp-image-685871\" src=\"https:\/\/www.diario5.com.ar\/wp-content\/uploads\/2024\/04\/nacion20240422.jpg\" width=\"700\" height=\"1057\" srcset=\"https:\/\/www.diario5.com.ar\/wp-content\/uploads\/2024\/04\/nacion20240422.jpg 700w, https:\/\/www.diario5.com.ar\/wp-content\/uploads\/2024\/04\/nacion20240422-199x300.jpg 199w, https:\/\/www.diario5.com.ar\/wp-content\/uploads\/2024\/04\/nacion20240422-678x1024.jpg 678w\" sizes=\"(max-width: 700px) 100vw, 700px\" \/><\/p>\n<p><img decoding=\"async\" loading=\"lazy\" class=\"aligncenter size-full wp-image-685872\" src=\"https:\/\/www.diario5.com.ar\/wp-content\/uploads\/2024\/04\/nuevo_diario20240422.jpg\" width=\"700\" height=\"1083\" srcset=\"https:\/\/www.diario5.com.ar\/wp-content\/uploads\/2024\/04\/nuevo_diario20240422.jpg 700w, https:\/\/www.diario5.com.ar\/wp-content\/uploads\/2024\/04\/nuevo_diario20240422-194x300.jpg 194w, https:\/\/www.diario5.com.ar\/wp-content\/uploads\/2024\/04\/nuevo_diario20240422-662x1024.jpg 662w\" sizes=\"(max-width: 700px) 100vw, 700px\" \/><\/p>\n<p><img decoding=\"async\" loading=\"lazy\" class=\"aligncenter size-full wp-image-685873\" src=\"https:\/\/www.diario5.com.ar\/wp-content\/uploads\/2024\/04\/ar_ancasti20240422.jpg\" width=\"700\" height=\"949\" srcset=\"https:\/\/www.diario5.com.ar\/wp-content\/uploads\/2024\/04\/ar_ancasti20240422.jpg 700w, https:\/\/www.diario5.com.ar\/wp-content\/uploads\/2024\/04\/ar_ancasti20240422-221x300.jpg 221w\" sizes=\"(max-width: 700px) 100vw, 700px\" \/><\/p>\n<p><img decoding=\"async\" loading=\"lazy\" class=\"aligncenter size-full wp-image-685878\" src=\"https:\/\/www.diario5.com.ar\/wp-content\/uploads\/2024\/04\/ar_rio_negro20240422.jpg\" width=\"700\" height=\"1048\" srcset=\"https:\/\/www.diario5.com.ar\/wp-content\/uploads\/2024\/04\/ar_rio_negro20240422.jpg 700w, https:\/\/www.diario5.com.ar\/wp-content\/uploads\/2024\/04\/ar_rio_negro20240422-200x300.jpg 200w, https:\/\/www.diario5.com.ar\/wp-content\/uploads\/2024\/04\/ar_rio_negro20240422-684x1024.jpg 684w\" sizes=\"(max-width: 700px) 100vw, 700px\" \/><\/p>\n<p>&nbsp;<\/p>","protected":false},"excerpt":{"rendered":"<p>Los medios de comunicaci\u00f3n y la tecnolog\u00eda tienen, desde hace un tiempo, un conflictivo v\u00ednculo. La cantidad de diarios impresos ha ido disminuyendo en muchas partes del mundo en las \u00faltimas d\u00e9cadas. Hay varios factores que contribuyen a esta tendencia: Como el facilismo se impone y no es una moda, se puede comprobar que muchas [&hellip;]<\/p>","protected":false},"author":27,"featured_media":685859,"comment_status":"open","ping_status":"open","sticky":false,"template":"","format":"standard","meta":[],"categories":[75,487,52,56],"tags":[1491,1246,993,567],"series":[],"_links":{"self":[{"href":"https:\/\/www.diario5.com.ar\/es\/wp-json\/wp\/v2\/posts\/677222"}],"collection":[{"href":"https:\/\/www.diario5.com.ar\/es\/wp-json\/wp\/v2\/posts"}],"about":[{"href":"https:\/\/www.diario5.com.ar\/es\/wp-json\/wp\/v2\/types\/post"}],"author":[{"embeddable":true,"href":"https:\/\/www.diario5.com.ar\/es\/wp-json\/wp\/v2\/users\/27"}],"replies":[{"embeddable":true,"href":"https:\/\/www.diario5.com.ar\/es\/wp-json\/wp\/v2\/comments?post=677222"}],"version-history":[{"count":5,"href":"https:\/\/www.diario5.com.ar\/es\/wp-json\/wp\/v2\/posts\/677222\/revisions"}],"predecessor-version":[{"id":685879,"href":"https:\/\/www.diario5.com.ar\/es\/wp-json\/wp\/v2\/posts\/677222\/revisions\/685879"}],"wp:featuredmedia":[{"embeddable":true,"href":"https:\/\/www.diario5.com.ar\/es\/wp-json\/wp\/v2\/media\/685859"}],"wp:attachment":[{"href":"https:\/\/www.diario5.com.ar\/es\/wp-json\/wp\/v2\/media?parent=677222"}],"wp:term":[{"taxonomy":"category","embeddable":true,"href":"https:\/\/www.diario5.com.ar\/es\/wp-json\/wp\/v2\/categories?post=677222"},{"taxonomy":"post_tag","embeddable":true,"href":"https:\/\/www.diario5.com.ar\/es\/wp-json\/wp\/v2\/tags?post=677222"},{"taxonomy":"series","embeddable":true,"href":"https:\/\/www.diario5.com.ar\/es\/wp-json\/wp\/v2\/series?post=677222"}],"curies":[{"name":"wp","href":"https:\/\/api.w.org\/{rel}","templated":true}]}}