{"id":677200,"date":"2024-03-31T06:11:00","date_gmt":"2024-03-31T09:11:00","guid":{"rendered":"http:\/\/diario5.com.ar\/?p=677200"},"modified":"2024-03-31T14:07:46","modified_gmt":"2024-03-31T17:07:46","slug":"677200","status":"publish","type":"post","link":"https:\/\/www.diario5.com.ar\/es\/677200\/","title":{"rendered":"No lo entender\u00edas"},"content":{"rendered":"<h2 class=\"sub-title-primary\"><\/h2> <p><img decoding=\"async\" loading=\"lazy\" class=\"alignnone size-full wp-image-685386\" src=\"https:\/\/www.diario5.com.ar\/wp-content\/uploads\/2024\/03\/inflacion_01.jpg\" alt=\"\" width=\"1000\" height=\"559\" srcset=\"https:\/\/www.diario5.com.ar\/wp-content\/uploads\/2024\/03\/inflacion_01.jpg 1000w, https:\/\/www.diario5.com.ar\/wp-content\/uploads\/2024\/03\/inflacion_01-300x168.jpg 300w, https:\/\/www.diario5.com.ar\/wp-content\/uploads\/2024\/03\/inflacion_01-768x429.jpg 768w\" sizes=\"(max-width: 1000px) 100vw, 1000px\" \/><\/p>\n<p>El cierre del primer trimestre del a\u00f1o deja, sin ligar a dudas, un sinf\u00edn de sacrificios por parte de la sociedad argentina. Con enojos o esperanzada, intransigente o resignada, esc\u00e9ptica o ilusionada, todas las posturas posibles de los argentinos tienen un \u00fanico blanco enfrente: el gobierno.<\/p>\n<p>\u00bfSe le parece este \u00abaguante\u00bb a otros que la gente haya hecho en el pasado?<\/p>\n<p>No.<\/p>\n<p>\u00bfPor qu\u00e9?<\/p>\n<p>En cualquier crisis econ\u00f3mica y dentro de todas las debacles conocidas, siempre los gobiernos apelaron a salvatajes para que la sociedad pueda paliar la situaci\u00f3n del momento. Se hizo, casi siempre con emisi\u00f3n de moneda para que el dinero llegara lo m\u00e1s r\u00e1pidamente al bolsillo de la poblaci\u00f3n. Otras, con endeudamiento<\/p>\n<p>\u00bfQu\u00e9 aduce el actual gobierno? \u00bfpor qu\u00e9 no apela a alguno de esos m\u00e9todos para evitar que la poblaci\u00f3n caiga, en esta etapa, m\u00e1s a\u00fan en la pobreza?<\/p>\n<p>Aplica un m\u00e9todo ultra ortodoxo para obtener equilibrio fiscal y dejar que decante la econom\u00eda hasta arribar al detenimiento de la inflaci\u00f3n.<\/p>\n<p>\u00bfSab\u00eda el gobierno lo costosa que ser\u00eda esta manera de enfrentar las tasas de aumento de todos los \u00edndices de precios?<\/p>\n<p>Por supuesto que lo sab\u00eda.<\/p>\n<p>\u00bfCu\u00e1l habr\u00eda sido la diferencia de haber implementado los ajuste de Milei y Caputo frente a la hipot\u00e9tica continuidad de la pol\u00edtica de Fern\u00e1ndez y Massa?<\/p>\n<p>El gobierno de Milei le viene costando a los Argentinos, midiendo proyecciones al trimestre que finaliza, un 62% m\u00e1s caro que lo que le habr\u00eda costado si la pol\u00edtica econ\u00f3mica de Sergio Massa se hubiera mantenido.<\/p>\n<p>\u00bfEsa proyecci\u00f3n se mantendr\u00eda igual para los pr\u00f3ximos meses?<\/p>\n<p>Se estima que ya no. Mayo podr\u00eda ser un mes en el que la inflaci\u00f3n de Milei ser\u00eda id\u00e9ntica a la que habr\u00eda generado la pol\u00edtica massista hasta ese momento (5 meses de gobierno), con la diferencia de que los sacrificios mayores que hoya realiza la poblaci\u00f3n argentina podr\u00edan alivianarse si la moneda encuentra un punto de apoyo para estabilizarse.<\/p>\n<p>\u00bfHabr\u00e1 mayor recesi\u00f3n?<\/p>\n<p>Ya la vemos. Sin embargo, una sola se\u00f1al de desaceleraci\u00f3n real de la inflaci\u00f3n y la reactivaci\u00f3n se puede volver contagiosa.<\/p>\n<p>\u00bfEl precio de la pol\u00edtica de Milei redunda en mayor pobreza?<\/p>\n<p>S\u00ed, pero sus medidas no cargan con la responsabilidad exclusiva.<\/p>\n<p>\u00bfY a qui\u00e9n m\u00e1s hay que atribuirle la licuaci\u00f3n de los ingresos de la gente?<\/p>\n<p>A la bomba.<\/p>\n<p>\u00bfLa bomba?<\/p>\n<p>Hablamos de la utilizaci\u00f3n de fondos p\u00fablicos que el Ministerio de Econom\u00eda, durante 2023, hizo para financiar la campa\u00f1a presidencial del propio titular de la cartera y cuyo efecto negativo se sab\u00eda que iba a producirse en 2024.<\/p>\n<p>Estamos, como dec\u00eda Menem, \u00abmal pero vamos bien\u00bb?<\/p>\n<p>Si hay algo de lo que estamos seguros es lo mal que lo est\u00e1 pasando la poblaci\u00f3n m\u00e1s vulnerable. Todas las recetas de ajuste fiscal que se aplicaron en el mundo obligaron a grandes sacrificios por parte de la sociedad, para luego, terminar dando resultados satisfactorios.<\/p>\n<p>\u00bfSe corre riesgo de que, en la Argentina, esta vez, las recetas no produzcan el resultado esperado?<\/p>\n<p>Se supone que deber\u00e1 funcionar.<\/p>\n<p>Pero es la Argentina.<\/p>\n<p>No lo entender\u00edas<\/p>\n<p><img decoding=\"async\" loading=\"lazy\" class=\"aligncenter size-full wp-image-685411\" src=\"https:\/\/www.diario5.com.ar\/wp-content\/uploads\/2024\/03\/ar_capital_rosario20240331.jpg\" width=\"700\" height=\"949\" srcset=\"https:\/\/www.diario5.com.ar\/wp-content\/uploads\/2024\/03\/ar_capital_rosario20240331.jpg 700w, https:\/\/www.diario5.com.ar\/wp-content\/uploads\/2024\/03\/ar_capital_rosario20240331-221x300.jpg 221w\" sizes=\"(max-width: 700px) 100vw, 700px\" \/><\/p>\n<p><img decoding=\"async\" loading=\"lazy\" class=\"aligncenter size-full wp-image-685421\" src=\"https:\/\/www.diario5.com.ar\/wp-content\/uploads\/2024\/03\/esquiu20240331.jpg\" width=\"700\" height=\"872\" srcset=\"https:\/\/www.diario5.com.ar\/wp-content\/uploads\/2024\/03\/esquiu20240331.jpg 700w, https:\/\/www.diario5.com.ar\/wp-content\/uploads\/2024\/03\/esquiu20240331-241x300.jpg 241w\" sizes=\"(max-width: 700px) 100vw, 700px\" \/><\/p>\n<p><img decoding=\"async\" loading=\"lazy\" class=\"aligncenter size-full wp-image-685412\" src=\"https:\/\/www.diario5.com.ar\/wp-content\/uploads\/2024\/03\/voz_chaco20240331.jpg\" width=\"700\" height=\"816\" srcset=\"https:\/\/www.diario5.com.ar\/wp-content\/uploads\/2024\/03\/voz_chaco20240331.jpg 700w, https:\/\/www.diario5.com.ar\/wp-content\/uploads\/2024\/03\/voz_chaco20240331-257x300.jpg 257w\" sizes=\"(max-width: 700px) 100vw, 700px\" \/><\/p>\n<p><img decoding=\"async\" loading=\"lazy\" class=\"aligncenter size-full wp-image-685413\" src=\"https:\/\/www.diario5.com.ar\/wp-content\/uploads\/2024\/03\/ar_eldia20240331.jpg\" width=\"700\" height=\"1042\" srcset=\"https:\/\/www.diario5.com.ar\/wp-content\/uploads\/2024\/03\/ar_eldia20240331.jpg 700w, https:\/\/www.diario5.com.ar\/wp-content\/uploads\/2024\/03\/ar_eldia20240331-202x300.jpg 202w, https:\/\/www.diario5.com.ar\/wp-content\/uploads\/2024\/03\/ar_eldia20240331-688x1024.jpg 688w\" sizes=\"(max-width: 700px) 100vw, 700px\" \/><\/p>\n<p><img decoding=\"async\" loading=\"lazy\" class=\"aligncenter size-full wp-image-685414\" src=\"https:\/\/www.diario5.com.ar\/wp-content\/uploads\/2024\/03\/ar_hoy20240331.jpg\" width=\"700\" height=\"925\" srcset=\"https:\/\/www.diario5.com.ar\/wp-content\/uploads\/2024\/03\/ar_hoy20240331.jpg 700w, https:\/\/www.diario5.com.ar\/wp-content\/uploads\/2024\/03\/ar_hoy20240331-227x300.jpg 227w\" sizes=\"(max-width: 700px) 100vw, 700px\" \/><\/p>\n<p><img decoding=\"async\" loading=\"lazy\" class=\"aligncenter size-full wp-image-685415\" src=\"https:\/\/www.diario5.com.ar\/wp-content\/uploads\/2024\/03\/ar_chubut20240331.jpg\" width=\"700\" height=\"906\" srcset=\"https:\/\/www.diario5.com.ar\/wp-content\/uploads\/2024\/03\/ar_chubut20240331.jpg 700w, https:\/\/www.diario5.com.ar\/wp-content\/uploads\/2024\/03\/ar_chubut20240331-232x300.jpg 232w\" sizes=\"(max-width: 700px) 100vw, 700px\" \/><\/p>\n<p><img decoding=\"async\" loading=\"lazy\" class=\"aligncenter size-full wp-image-685416\" src=\"https:\/\/www.diario5.com.ar\/wp-content\/uploads\/2024\/03\/ar_litoral20240331.jpg\" width=\"700\" height=\"907\" srcset=\"https:\/\/www.diario5.com.ar\/wp-content\/uploads\/2024\/03\/ar_litoral20240331.jpg 700w, https:\/\/www.diario5.com.ar\/wp-content\/uploads\/2024\/03\/ar_litoral20240331-232x300.jpg 232w\" sizes=\"(max-width: 700px) 100vw, 700px\" \/><\/p>\n<p><img decoding=\"async\" loading=\"lazy\" class=\"aligncenter size-full wp-image-685422\" src=\"https:\/\/www.diario5.com.ar\/wp-content\/uploads\/2024\/03\/ar_diario_cuyo20240331.jpg\" width=\"700\" height=\"1057\" srcset=\"https:\/\/www.diario5.com.ar\/wp-content\/uploads\/2024\/03\/ar_diario_cuyo20240331.jpg 700w, https:\/\/www.diario5.com.ar\/wp-content\/uploads\/2024\/03\/ar_diario_cuyo20240331-199x300.jpg 199w, https:\/\/www.diario5.com.ar\/wp-content\/uploads\/2024\/03\/ar_diario_cuyo20240331-678x1024.jpg 678w\" sizes=\"(max-width: 700px) 100vw, 700px\" \/><\/p>\n<p><img decoding=\"async\" loading=\"lazy\" class=\"aligncenter size-full wp-image-685423\" src=\"https:\/\/www.diario5.com.ar\/wp-content\/uploads\/2024\/03\/ar_diario_republica20240331.jpg\" width=\"700\" height=\"984\" srcset=\"https:\/\/www.diario5.com.ar\/wp-content\/uploads\/2024\/03\/ar_diario_republica20240331.jpg 700w, https:\/\/www.diario5.com.ar\/wp-content\/uploads\/2024\/03\/ar_diario_republica20240331-213x300.jpg 213w\" sizes=\"(max-width: 700px) 100vw, 700px\" \/><\/p>\n<p><img decoding=\"async\" loading=\"lazy\" class=\"aligncenter size-full wp-image-685417\" src=\"https:\/\/www.diario5.com.ar\/wp-content\/uploads\/2024\/03\/ciudadano20240331.jpg\" width=\"700\" height=\"926\" srcset=\"https:\/\/www.diario5.com.ar\/wp-content\/uploads\/2024\/03\/ciudadano20240331.jpg 700w, https:\/\/www.diario5.com.ar\/wp-content\/uploads\/2024\/03\/ciudadano20240331-227x300.jpg 227w\" sizes=\"(max-width: 700px) 100vw, 700px\" \/><\/p>\n<p><img decoding=\"async\" loading=\"lazy\" class=\"aligncenter size-full wp-image-685418\" src=\"https:\/\/www.diario5.com.ar\/wp-content\/uploads\/2024\/03\/ar_clarin20240331.jpg\" width=\"700\" height=\"963\" srcset=\"https:\/\/www.diario5.com.ar\/wp-content\/uploads\/2024\/03\/ar_clarin20240331.jpg 700w, https:\/\/www.diario5.com.ar\/wp-content\/uploads\/2024\/03\/ar_clarin20240331-218x300.jpg 218w\" sizes=\"(max-width: 700px) 100vw, 700px\" \/><\/p>\n<p><img decoding=\"async\" loading=\"lazy\" class=\"aligncenter size-full wp-image-685419\" src=\"https:\/\/www.diario5.com.ar\/wp-content\/uploads\/2024\/03\/nacion20240331.jpg\" width=\"699\" height=\"1059\" srcset=\"https:\/\/www.diario5.com.ar\/wp-content\/uploads\/2024\/03\/nacion20240331.jpg 699w, https:\/\/www.diario5.com.ar\/wp-content\/uploads\/2024\/03\/nacion20240331-198x300.jpg 198w, https:\/\/www.diario5.com.ar\/wp-content\/uploads\/2024\/03\/nacion20240331-676x1024.jpg 676w\" sizes=\"(max-width: 699px) 100vw, 699px\" \/><\/p>\n<p><img decoding=\"async\" loading=\"lazy\" class=\"aligncenter size-full wp-image-685420\" src=\"https:\/\/www.diario5.com.ar\/wp-content\/uploads\/2024\/03\/nuevo_diario20240331.jpg\" width=\"700\" height=\"1047\" srcset=\"https:\/\/www.diario5.com.ar\/wp-content\/uploads\/2024\/03\/nuevo_diario20240331.jpg 700w, https:\/\/www.diario5.com.ar\/wp-content\/uploads\/2024\/03\/nuevo_diario20240331-201x300.jpg 201w, https:\/\/www.diario5.com.ar\/wp-content\/uploads\/2024\/03\/nuevo_diario20240331-685x1024.jpg 685w\" sizes=\"(max-width: 700px) 100vw, 700px\" \/><\/p>\n<p><img decoding=\"async\" loading=\"lazy\" class=\"aligncenter size-full wp-image-685424\" src=\"https:\/\/www.diario5.com.ar\/wp-content\/uploads\/2024\/03\/ar_ancasti20240331.jpg\" width=\"700\" height=\"906\" srcset=\"https:\/\/www.diario5.com.ar\/wp-content\/uploads\/2024\/03\/ar_ancasti20240331.jpg 700w, https:\/\/www.diario5.com.ar\/wp-content\/uploads\/2024\/03\/ar_ancasti20240331-232x300.jpg 232w\" sizes=\"(max-width: 700px) 100vw, 700px\" \/><\/p>\n<p><img decoding=\"async\" loading=\"lazy\" class=\"aligncenter size-full wp-image-685425\" src=\"https:\/\/www.diario5.com.ar\/wp-content\/uploads\/2024\/03\/ar_rio_negro20240331.jpg\" width=\"700\" height=\"1060\" srcset=\"https:\/\/www.diario5.com.ar\/wp-content\/uploads\/2024\/03\/ar_rio_negro20240331.jpg 700w, https:\/\/www.diario5.com.ar\/wp-content\/uploads\/2024\/03\/ar_rio_negro20240331-198x300.jpg 198w, https:\/\/www.diario5.com.ar\/wp-content\/uploads\/2024\/03\/ar_rio_negro20240331-676x1024.jpg 676w\" sizes=\"(max-width: 700px) 100vw, 700px\" \/><\/p>\n<p>&nbsp;<\/p>","protected":false},"excerpt":{"rendered":"<p>El cierre del primer trimestre del a\u00f1o deja, sin ligar a dudas, un sinf\u00edn de sacrificios por parte de la sociedad argentina. Con enojos o esperanzada, intransigente o resignada, esc\u00e9ptica o ilusionada, todas las posturas posibles de los argentinos tienen un \u00fanico blanco enfrente: el gobierno. \u00bfSe le parece este \u00abaguante\u00bb a otros que la [&hellip;]<\/p>","protected":false},"author":23,"featured_media":685386,"comment_status":"open","ping_status":"open","sticky":false,"template":"","format":"standard","meta":[],"categories":[75,81,45,56],"tags":[1160,1177,1399,1639,1640,1645,1643,1646,1647,144,1060,1642,1641,747,1644],"series":[],"_links":{"self":[{"href":"https:\/\/www.diario5.com.ar\/es\/wp-json\/wp\/v2\/posts\/677200"}],"collection":[{"href":"https:\/\/www.diario5.com.ar\/es\/wp-json\/wp\/v2\/posts"}],"about":[{"href":"https:\/\/www.diario5.com.ar\/es\/wp-json\/wp\/v2\/types\/post"}],"author":[{"embeddable":true,"href":"https:\/\/www.diario5.com.ar\/es\/wp-json\/wp\/v2\/users\/23"}],"replies":[{"embeddable":true,"href":"https:\/\/www.diario5.com.ar\/es\/wp-json\/wp\/v2\/comments?post=677200"}],"version-history":[{"count":5,"href":"https:\/\/www.diario5.com.ar\/es\/wp-json\/wp\/v2\/posts\/677200\/revisions"}],"predecessor-version":[{"id":685426,"href":"https:\/\/www.diario5.com.ar\/es\/wp-json\/wp\/v2\/posts\/677200\/revisions\/685426"}],"wp:featuredmedia":[{"embeddable":true,"href":"https:\/\/www.diario5.com.ar\/es\/wp-json\/wp\/v2\/media\/685386"}],"wp:attachment":[{"href":"https:\/\/www.diario5.com.ar\/es\/wp-json\/wp\/v2\/media?parent=677200"}],"wp:term":[{"taxonomy":"category","embeddable":true,"href":"https:\/\/www.diario5.com.ar\/es\/wp-json\/wp\/v2\/categories?post=677200"},{"taxonomy":"post_tag","embeddable":true,"href":"https:\/\/www.diario5.com.ar\/es\/wp-json\/wp\/v2\/tags?post=677200"},{"taxonomy":"series","embeddable":true,"href":"https:\/\/www.diario5.com.ar\/es\/wp-json\/wp\/v2\/series?post=677200"}],"curies":[{"name":"wp","href":"https:\/\/api.w.org\/{rel}","templated":true}]}}