{"id":677199,"date":"2024-03-30T06:11:00","date_gmt":"2024-03-30T09:11:00","guid":{"rendered":"http:\/\/diario5.com.ar\/?p=677199"},"modified":"2024-03-30T23:53:14","modified_gmt":"2024-03-31T02:53:14","slug":"677199","status":"publish","type":"post","link":"https:\/\/www.diario5.com.ar\/es\/677199\/","title":{"rendered":"\u00bfPascua durante toda la Semana Santa?"},"content":{"rendered":"<h2 class=\"sub-title-primary\">Observamos una ambig\u00fcedad innecesaria en la promoci\u00f3n de actividades que apenas apuntan a un entretenimiento de fin de semana largo. <\/h2> <p><!--more--><img decoding=\"async\" loading=\"lazy\" class=\"alignnone size-full wp-image-685364\" src=\"https:\/\/www.diario5.com.ar\/wp-content\/uploads\/2024\/03\/pascua_ambigua_d5.jpg\" alt=\"\" width=\"2560\" height=\"1706\" srcset=\"https:\/\/www.diario5.com.ar\/wp-content\/uploads\/2024\/03\/pascua_ambigua_d5.jpg 2560w, https:\/\/www.diario5.com.ar\/wp-content\/uploads\/2024\/03\/pascua_ambigua_d5-300x200.jpg 300w, https:\/\/www.diario5.com.ar\/wp-content\/uploads\/2024\/03\/pascua_ambigua_d5-1024x682.jpg 1024w, https:\/\/www.diario5.com.ar\/wp-content\/uploads\/2024\/03\/pascua_ambigua_d5-768x512.jpg 768w, https:\/\/www.diario5.com.ar\/wp-content\/uploads\/2024\/03\/pascua_ambigua_d5-1536x1024.jpg 1536w, https:\/\/www.diario5.com.ar\/wp-content\/uploads\/2024\/03\/pascua_ambigua_d5-2048x1365.jpg 2048w\" sizes=\"(max-width: 2560px) 100vw, 2560px\" \/><\/p>\n<p>Con una presentaci\u00f3n de car\u00e1cter festivo -que parece denotar orgullo- la Ciudad de Buenos Aires anunci\u00f3, una serie de actividades, casi todas l\u00fadicas, con un t\u00edtulo que reza \u00ab<em>La Ciudad celebra Pascua con dos parques tem\u00e1ticos y actividades para toda la familia<\/em>\u00ab.<\/p>\n<p>Fue el mi\u00e9rcoles pasado. En el informe se detallan diversas ofertas para los vecinos, dejando en claro que est\u00e1 asegurada la diversi\u00f3n, que m\u00e1s no sea,\u00a0para los m\u00e1s chicos.<\/p>\n<p>Este es el texto que resume la totalidad de la propuesta:<\/p>\n<p><em>\u00abLa Ciudad celebrar\u00e1 Pascua con dos parques tem\u00e1ticos e intervenciones art\u00edsticas en distintos puntos del territorio porte\u00f1o. Desde este jueves y hasta el domingo 31, la Plaza Seeber y el Parque de la Ciudad ser\u00e1n los escenarios de instalaciones que incluyen laberintos, conejos gigantes que se iluminan, talleres, juegos y shows en vivo, entre otras actividades que invitar\u00e1n a los turistas y vecinos a vivir una experiencia inmersiva que resaltar\u00e1 la esencia familiar y de encuentro de esta celebraci\u00f3n. La entrada a los parques es libre y gratuita\u00bb.<\/em><br \/>\n<!--googleon: index--><\/p>\n<p>Lo primero que aparenta quedar descolocado es que la propuesta descripta no diferencia el concepto de \u00abPascua\u00bb del de \u00abSemana Santa\u00bb.\u00a0 Sin ingresar en el terreno de las costumbres religiosas propias de la Argentina, entendemos que, por lo menos, habr\u00eda tenido cierta l\u00f3gica asociar toda esa superproducci\u00f3n de entretenimientos con el motivo que nos lleva a tener estos cl\u00e1sicos feriados.<\/p>\n<p>Pero no hay nada de esa informaci\u00f3n.<\/p>\n<p>Por si no es un dato popularizado, recordamos que hay pibes que aseguran que la Pascua es \u00ab<em>recordar cuando la gente fue carapintada<\/em>\u00bb (sic) en una err\u00f3nea, confusa y desafortunada forma de alusi\u00f3n a la tarde en que el Pueblo argentino sali\u00f3 a defender el sistema democr\u00e1tico en 1987.<\/p>\n<p>El hecho de que las actividades se programen\u00a0 \u00ab&#8230; <em>desde este jueves y hasta el domingo 31&#8230;\u00bb<\/em> significa que ayer, Viernes Santo, nada se diferenci\u00f3 de los conejos gigantes, la \u00abburbugraf\u00eda\u00bb, los atrapaluces y toda la diversi\u00f3n ofrecida el jueves.<\/p>\n<p>Ahora s\u00ed &#8211; y bien a prop\u00f3sito- entramos en el \u00e1rea que antes preferimos obviar: Preguntamos -y con la certeza de que nadie se va a ofender- \u00bfestamos en condiciones de asegurar que el 100% de las personas que participan de estos parques tem\u00e1ticos, tiene en claro que el protagonista de los feriados del finde largo es un tal Jes\u00fas? Y no contamos a los que leyeron la p\u00e1gina del GCBA que anuncia esos d\u00edas de fiesta \u00abdel jueves al domingo\u00bb usando s\u00f3lo la palabra \u00abPascua\u00bb, sin nombrar la expresi\u00f3n \u00abSemana Santa\u00bb, ni tangencialmente.<\/p>\n<p>No mentimos. <a href=\"https:\/\/buenosaires.gob.ar\/noticias\/la-ciudad-celebra-pascua-con-dos-parques-tematicos-y-actividades-para-toda-la-familia\" target=\"_blank\" rel=\"noopener\">Chequear<\/a><\/p>\n<p>La nota no alcanza a diferenciarse de una promoci\u00f3n del D\u00eda del Estudiante o del Carnaval.<\/p>\n<p>Las actividades de los \u00e1mbitos privados no tienen por qu\u00e9 tomar consideraci\u00f3n de tradiciones de ning\u00fan tipo. Dentro del marco de la legalidad, la vida privada garantiza libertad de acci\u00f3n. Ahora, cuando hablamos de eventos p\u00fablicos que pasan por la mano del Estado, lo l\u00f3gico es manejarse con cierta cautela y responsabilidad. Y no reforzar conceptos y conocimientos cuando es pertinente, es perder -innecesaria y est\u00fapidamente- la oportunidad de sumar puntos para todos, a nivel cultural.<\/p>\n<p>Claro que, si se le contin\u00faa confiando una web oficial de inmensa importancia, como la del Gobierno de la Ciudad de Buenos Aires, a masomenistas imposibilitados de diferenciar \u00abverde oliva de ver de lejos\u00bb o limitados a lo b\u00e1sico en sus niveles de redacci\u00f3n, formativo y cultural, no se alcanzar\u00e1n objetivos de importancia.<\/p>\n<hr \/>\n<p><strong>Horarios de la Catedral Primada, Bas\u00edlica de Luj\u00e1n y Catedral de Mar del Plata<\/strong><\/p>\n<p>Con la ausencia del Papa Francisco ayer en el Via Crucis junto al Coliseo romano, se dispararon nuchas especulaciones. Como el Vaticano ya anunci\u00f3 que el Pont\u00edfice va a presidir la Misa Pascual y confirm\u00f3 que luego dar\u00e1 la Bendici\u00f3n Urbi et Orbi, nosotros aprovechamos para repasar el calendario de hoy y ma\u00f1ana en Buenos Aires y algo m\u00e1s.<br \/>\nHoy, s\u00e1bado, en la Catedral Metropolitana, el Arzobispo de Buenos Aires, Monse\u00f1or Jorge Garc\u00eda Cuervas, estar\u00e1 al frente de la Vigilia Pascual, a las 20.30<br \/>\nLa Misa Pascual la dar\u00e1 Monse\u00f1or Gustavo Carrara y ser\u00e1 a las 11.30, de ma\u00f1ana, domingo. A las 16.30, Gran Concierto de Pascua, con el Maestro organista Profesor Enrique Rimoldi y la Capilla Musical de la Catedral Primada con direcci\u00f3n de Mat\u00edas Cano.<\/p>\n<p>Y fuera de Buenos Aires, los templos m\u00e1s concurridos para este domingo: la Bas\u00edlica de Luj\u00e1n mantendr\u00e1 sus 7 misas dominicales y en la Catedral de Mar del Plata, que est\u00e1 llena de turistas, habr\u00e1 8 servicios.<\/p>\n<p>&nbsp;<\/p>\n<p><img decoding=\"async\" loading=\"lazy\" class=\"aligncenter size-full wp-image-685403\" src=\"https:\/\/www.diario5.com.ar\/wp-content\/uploads\/2024\/03\/ar_nueva_provincia20240330.jpg\" width=\"700\" height=\"967\" srcset=\"https:\/\/www.diario5.com.ar\/wp-content\/uploads\/2024\/03\/ar_nueva_provincia20240330.jpg 700w, https:\/\/www.diario5.com.ar\/wp-content\/uploads\/2024\/03\/ar_nueva_provincia20240330-217x300.jpg 217w\" sizes=\"(max-width: 700px) 100vw, 700px\" \/><\/p>\n<p><img decoding=\"async\" loading=\"lazy\" class=\"aligncenter size-full wp-image-685394\" src=\"https:\/\/www.diario5.com.ar\/wp-content\/uploads\/2024\/03\/esquiu20240330.jpg\" width=\"700\" height=\"920\" srcset=\"https:\/\/www.diario5.com.ar\/wp-content\/uploads\/2024\/03\/esquiu20240330.jpg 700w, https:\/\/www.diario5.com.ar\/wp-content\/uploads\/2024\/03\/esquiu20240330-228x300.jpg 228w\" sizes=\"(max-width: 700px) 100vw, 700px\" \/><\/p>\n<p><img decoding=\"async\" loading=\"lazy\" class=\"aligncenter size-full wp-image-685395\" src=\"https:\/\/www.diario5.com.ar\/wp-content\/uploads\/2024\/03\/voz_chaco20240330.jpg\" width=\"700\" height=\"823\" srcset=\"https:\/\/www.diario5.com.ar\/wp-content\/uploads\/2024\/03\/voz_chaco20240330.jpg 700w, https:\/\/www.diario5.com.ar\/wp-content\/uploads\/2024\/03\/voz_chaco20240330-255x300.jpg 255w\" sizes=\"(max-width: 700px) 100vw, 700px\" \/><\/p>\n<p><img decoding=\"async\" loading=\"lazy\" class=\"aligncenter size-full wp-image-685396\" src=\"https:\/\/www.diario5.com.ar\/wp-content\/uploads\/2024\/03\/ar_eldia20240330.jpg\" width=\"700\" height=\"1040\" srcset=\"https:\/\/www.diario5.com.ar\/wp-content\/uploads\/2024\/03\/ar_eldia20240330.jpg 700w, https:\/\/www.diario5.com.ar\/wp-content\/uploads\/2024\/03\/ar_eldia20240330-202x300.jpg 202w, https:\/\/www.diario5.com.ar\/wp-content\/uploads\/2024\/03\/ar_eldia20240330-689x1024.jpg 689w\" sizes=\"(max-width: 700px) 100vw, 700px\" \/><\/p>\n<p><img decoding=\"async\" loading=\"lazy\" class=\"aligncenter size-full wp-image-685397\" src=\"https:\/\/www.diario5.com.ar\/wp-content\/uploads\/2024\/03\/ar_hoy20240330.jpg\" width=\"700\" height=\"914\" srcset=\"https:\/\/www.diario5.com.ar\/wp-content\/uploads\/2024\/03\/ar_hoy20240330.jpg 700w, https:\/\/www.diario5.com.ar\/wp-content\/uploads\/2024\/03\/ar_hoy20240330-230x300.jpg 230w\" sizes=\"(max-width: 700px) 100vw, 700px\" \/><\/p>\n<p><img decoding=\"async\" loading=\"lazy\" class=\"aligncenter size-full wp-image-685399\" src=\"https:\/\/www.diario5.com.ar\/wp-content\/uploads\/2024\/03\/ar_litoral20240330.jpg\" width=\"700\" height=\"916\" srcset=\"https:\/\/www.diario5.com.ar\/wp-content\/uploads\/2024\/03\/ar_litoral20240330.jpg 700w, https:\/\/www.diario5.com.ar\/wp-content\/uploads\/2024\/03\/ar_litoral20240330-229x300.jpg 229w\" sizes=\"(max-width: 700px) 100vw, 700px\" \/><\/p>\n<p><img decoding=\"async\" loading=\"lazy\" class=\"aligncenter size-full wp-image-685404\" src=\"https:\/\/www.diario5.com.ar\/wp-content\/uploads\/2024\/03\/ar_diario_cuyo20240330.jpg\" width=\"700\" height=\"1059\" srcset=\"https:\/\/www.diario5.com.ar\/wp-content\/uploads\/2024\/03\/ar_diario_cuyo20240330.jpg 700w, https:\/\/www.diario5.com.ar\/wp-content\/uploads\/2024\/03\/ar_diario_cuyo20240330-198x300.jpg 198w, https:\/\/www.diario5.com.ar\/wp-content\/uploads\/2024\/03\/ar_diario_cuyo20240330-677x1024.jpg 677w\" sizes=\"(max-width: 700px) 100vw, 700px\" \/><\/p>\n<p><img decoding=\"async\" loading=\"lazy\" class=\"aligncenter size-full wp-image-685405\" src=\"https:\/\/www.diario5.com.ar\/wp-content\/uploads\/2024\/03\/ar_diario_republica20240330.jpg\" width=\"700\" height=\"973\" srcset=\"https:\/\/www.diario5.com.ar\/wp-content\/uploads\/2024\/03\/ar_diario_republica20240330.jpg 700w, https:\/\/www.diario5.com.ar\/wp-content\/uploads\/2024\/03\/ar_diario_republica20240330-216x300.jpg 216w\" sizes=\"(max-width: 700px) 100vw, 700px\" \/><\/p>\n<p><img decoding=\"async\" loading=\"lazy\" class=\"aligncenter size-full wp-image-685400\" src=\"https:\/\/www.diario5.com.ar\/wp-content\/uploads\/2024\/03\/ciudadano20240330.jpg\" width=\"700\" height=\"926\" srcset=\"https:\/\/www.diario5.com.ar\/wp-content\/uploads\/2024\/03\/ciudadano20240330.jpg 700w, https:\/\/www.diario5.com.ar\/wp-content\/uploads\/2024\/03\/ciudadano20240330-227x300.jpg 227w\" sizes=\"(max-width: 700px) 100vw, 700px\" \/><\/p>\n<p><img decoding=\"async\" loading=\"lazy\" class=\"aligncenter size-full wp-image-685401\" src=\"https:\/\/www.diario5.com.ar\/wp-content\/uploads\/2024\/03\/ar_clarin20240330.jpg\" width=\"700\" height=\"968\" srcset=\"https:\/\/www.diario5.com.ar\/wp-content\/uploads\/2024\/03\/ar_clarin20240330.jpg 700w, https:\/\/www.diario5.com.ar\/wp-content\/uploads\/2024\/03\/ar_clarin20240330-217x300.jpg 217w\" sizes=\"(max-width: 700px) 100vw, 700px\" \/><\/p>\n<p><img decoding=\"async\" loading=\"lazy\" class=\"aligncenter size-full wp-image-685406\" src=\"https:\/\/www.diario5.com.ar\/wp-content\/uploads\/2024\/03\/nacion20240330.jpg\" width=\"699\" height=\"1059\" srcset=\"https:\/\/www.diario5.com.ar\/wp-content\/uploads\/2024\/03\/nacion20240330.jpg 699w, https:\/\/www.diario5.com.ar\/wp-content\/uploads\/2024\/03\/nacion20240330-198x300.jpg 198w, https:\/\/www.diario5.com.ar\/wp-content\/uploads\/2024\/03\/nacion20240330-676x1024.jpg 676w\" sizes=\"(max-width: 699px) 100vw, 699px\" \/><\/p>\n<p><img decoding=\"async\" loading=\"lazy\" class=\"aligncenter size-full wp-image-685402\" src=\"https:\/\/www.diario5.com.ar\/wp-content\/uploads\/2024\/03\/nuevo_diario20240330.jpg\" width=\"700\" height=\"1067\" srcset=\"https:\/\/www.diario5.com.ar\/wp-content\/uploads\/2024\/03\/nuevo_diario20240330.jpg 700w, https:\/\/www.diario5.com.ar\/wp-content\/uploads\/2024\/03\/nuevo_diario20240330-197x300.jpg 197w, https:\/\/www.diario5.com.ar\/wp-content\/uploads\/2024\/03\/nuevo_diario20240330-672x1024.jpg 672w\" sizes=\"(max-width: 700px) 100vw, 700px\" \/><\/p>\n<p><img decoding=\"async\" loading=\"lazy\" class=\"aligncenter size-full wp-image-685407\" src=\"https:\/\/www.diario5.com.ar\/wp-content\/uploads\/2024\/03\/ar_rio_negro20240330.jpg\" width=\"700\" height=\"1052\" srcset=\"https:\/\/www.diario5.com.ar\/wp-content\/uploads\/2024\/03\/ar_rio_negro20240330.jpg 700w, https:\/\/www.diario5.com.ar\/wp-content\/uploads\/2024\/03\/ar_rio_negro20240330-200x300.jpg 200w, https:\/\/www.diario5.com.ar\/wp-content\/uploads\/2024\/03\/ar_rio_negro20240330-681x1024.jpg 681w\" sizes=\"(max-width: 700px) 100vw, 700px\" \/><\/p>\n<p>&nbsp;<\/p>","protected":false},"excerpt":{"rendered":"<p>Observamos una ambig\u00fcedad innecesaria en la promoci\u00f3n de actividades que apenas apuntan a un entretenimiento de fin de semana largo.<\/p>","protected":false},"author":13,"featured_media":685364,"comment_status":"open","ping_status":"open","sticky":false,"template":"","format":"standard","meta":[],"categories":[75,452,5,56],"tags":[1177,1658,1660,1663,474,1630,1655,1329,1661,638,1659,630,1651,1634,1667,31,1656,1629,1631,1632,1664,1662,1637,1636,1623,936,1666,1654,1653,1657,1650,1236,1625,1635,1626,1627,1624,1628,1638,1652,1459,1649,1633,1665],"series":[],"_links":{"self":[{"href":"https:\/\/www.diario5.com.ar\/es\/wp-json\/wp\/v2\/posts\/677199"}],"collection":[{"href":"https:\/\/www.diario5.com.ar\/es\/wp-json\/wp\/v2\/posts"}],"about":[{"href":"https:\/\/www.diario5.com.ar\/es\/wp-json\/wp\/v2\/types\/post"}],"author":[{"embeddable":true,"href":"https:\/\/www.diario5.com.ar\/es\/wp-json\/wp\/v2\/users\/13"}],"replies":[{"embeddable":true,"href":"https:\/\/www.diario5.com.ar\/es\/wp-json\/wp\/v2\/comments?post=677199"}],"version-history":[{"count":7,"href":"https:\/\/www.diario5.com.ar\/es\/wp-json\/wp\/v2\/posts\/677199\/revisions"}],"predecessor-version":[{"id":685410,"href":"https:\/\/www.diario5.com.ar\/es\/wp-json\/wp\/v2\/posts\/677199\/revisions\/685410"}],"wp:featuredmedia":[{"embeddable":true,"href":"https:\/\/www.diario5.com.ar\/es\/wp-json\/wp\/v2\/media\/685364"}],"wp:attachment":[{"href":"https:\/\/www.diario5.com.ar\/es\/wp-json\/wp\/v2\/media?parent=677199"}],"wp:term":[{"taxonomy":"category","embeddable":true,"href":"https:\/\/www.diario5.com.ar\/es\/wp-json\/wp\/v2\/categories?post=677199"},{"taxonomy":"post_tag","embeddable":true,"href":"https:\/\/www.diario5.com.ar\/es\/wp-json\/wp\/v2\/tags?post=677199"},{"taxonomy":"series","embeddable":true,"href":"https:\/\/www.diario5.com.ar\/es\/wp-json\/wp\/v2\/series?post=677199"}],"curies":[{"name":"wp","href":"https:\/\/api.w.org\/{rel}","templated":true}]}}