{"id":677196,"date":"2024-03-27T06:11:00","date_gmt":"2024-03-27T09:11:00","guid":{"rendered":"http:\/\/diario5.com.ar\/?p=677196"},"modified":"2024-03-27T13:27:14","modified_gmt":"2024-03-27T16:27:14","slug":"677196","status":"publish","type":"post","link":"https:\/\/www.diario5.com.ar\/es\/677196\/","title":{"rendered":"Autos en el Paseo del Bajo"},"content":{"rendered":"<h2 class=\"sub-title-primary\"><\/h2> <p><img decoding=\"async\" loading=\"lazy\" class=\"aligncenter size-full wp-image-685325\" src=\"https:\/\/www.diario5.com.ar\/wp-content\/uploads\/2024\/03\/WhatsApp-Image-2024-03-26-at-15.17.0820240327.jpeg\" width=\"700\" height=\"525\" srcset=\"https:\/\/www.diario5.com.ar\/wp-content\/uploads\/2024\/03\/WhatsApp-Image-2024-03-26-at-15.17.0820240327.jpeg 700w, https:\/\/www.diario5.com.ar\/wp-content\/uploads\/2024\/03\/WhatsApp-Image-2024-03-26-at-15.17.0820240327-300x225.jpeg 300w\" sizes=\"(max-width: 700px) 100vw, 700px\" \/><\/p>\n<p>En el Paseo del Bajo quedar\u00e1 permitida la circulaci\u00f3n de autom\u00f3viles durante los fines de semana y feriados. Ya en este fin de semana largo, el paso ser\u00e1 gratuito, como para dar la bienvenida al cambio de criterio. Se cobrar\u00e1 peaje desde el s\u00e1bado 7 de abril.<\/p>\n<p>El anuncio lo hizo el propio Jefe de Gobierno, Jorge Macri. El objetivo aducido es el de agilizar la movilidad de la Ciudad durante esos d\u00edas, cuando baja la cantidad de micros, pero muy especialmente, camiones. A la velocidad autorizada, en unos 12 minutos se puede recorrer la autopista atrincherada de siete kil\u00f3metros.<\/p>\n<p>Seg\u00edn Macri, se trata de una determinaci\u00f3n alineada con la acci\u00f3n de gobierno en otras \u00e1reas. El Jefe de Gobierno remarca que su gesti\u00f3n apunta a \u00abconstruir una ciudad m\u00e1s conectada de manera inteligente\u00bb, para lo que es necesario revisar decisiones.<\/p>\n<p>Los directivos de la empresa AUSA mostraron su acuerdo y el ministro de Infraestructura, Pablo Bereciartua es quien debe encargarse de supervisar el cambio de f\u00f3rmula para la circulaci\u00f3n de veh\u00edculos en los d\u00edas festivos. Los controles estar\u00e1n m\u00e1s alertas que antes, dado que, hasta ahora, los eventuales resultados de alcoholemia elevados no ser\u00e1n nada frente a lo que se podr\u00eda avecinar en el Paseo del Bajo<\/p>\n<p>La etapa de gratuidad inicial regir\u00e1 hasta el 3 de abril a las 06.00. De ah\u00ed en m\u00e1s, en los fines de semana, los veh\u00edculos con TelePASE estar\u00e1n habilitados a circular por el camino escondido de Puerto Madero desde cada viernes a las 22.00 hasta el lunes a las 05.00. El\u00a0 peaje costar\u00e1 $ 3.553.- por autom\u00f3vil.<\/p>\n<p><!--googleon: index--><br \/>\n<img decoding=\"async\" loading=\"lazy\" class=\"aligncenter size-full wp-image-685326\" src=\"https:\/\/www.diario5.com.ar\/wp-content\/uploads\/2024\/03\/ar_capital_rosario20240327.jpg\" width=\"700\" height=\"928\" srcset=\"https:\/\/www.diario5.com.ar\/wp-content\/uploads\/2024\/03\/ar_capital_rosario20240327.jpg 700w, https:\/\/www.diario5.com.ar\/wp-content\/uploads\/2024\/03\/ar_capital_rosario20240327-226x300.jpg 226w\" sizes=\"(max-width: 700px) 100vw, 700px\" \/><\/p>\n<p><img decoding=\"async\" loading=\"lazy\" class=\"aligncenter size-full wp-image-685327\" src=\"https:\/\/www.diario5.com.ar\/wp-content\/uploads\/2024\/03\/esquiu20240327.jpg\" width=\"700\" height=\"920\" srcset=\"https:\/\/www.diario5.com.ar\/wp-content\/uploads\/2024\/03\/esquiu20240327.jpg 700w, https:\/\/www.diario5.com.ar\/wp-content\/uploads\/2024\/03\/esquiu20240327-228x300.jpg 228w\" sizes=\"(max-width: 700px) 100vw, 700px\" \/><\/p>\n<p><img decoding=\"async\" loading=\"lazy\" class=\"aligncenter size-full wp-image-685328\" src=\"https:\/\/www.diario5.com.ar\/wp-content\/uploads\/2024\/03\/voz_chaco20240327.jpg\" width=\"700\" height=\"816\" srcset=\"https:\/\/www.diario5.com.ar\/wp-content\/uploads\/2024\/03\/voz_chaco20240327.jpg 700w, https:\/\/www.diario5.com.ar\/wp-content\/uploads\/2024\/03\/voz_chaco20240327-257x300.jpg 257w\" sizes=\"(max-width: 700px) 100vw, 700px\" \/><\/p>\n<p><img decoding=\"async\" loading=\"lazy\" class=\"aligncenter size-full wp-image-685336\" src=\"https:\/\/www.diario5.com.ar\/wp-content\/uploads\/2024\/03\/ar_cronista20240327.jpg\" width=\"700\" height=\"1019\" srcset=\"https:\/\/www.diario5.com.ar\/wp-content\/uploads\/2024\/03\/ar_cronista20240327.jpg 700w, https:\/\/www.diario5.com.ar\/wp-content\/uploads\/2024\/03\/ar_cronista20240327-206x300.jpg 206w\" sizes=\"(max-width: 700px) 100vw, 700px\" \/><\/p>\n<p><img decoding=\"async\" loading=\"lazy\" class=\"aligncenter size-full wp-image-685337\" src=\"https:\/\/www.diario5.com.ar\/wp-content\/uploads\/2024\/03\/ar_eldia20240327.jpg\" width=\"700\" height=\"1045\" srcset=\"https:\/\/www.diario5.com.ar\/wp-content\/uploads\/2024\/03\/ar_eldia20240327.jpg 700w, https:\/\/www.diario5.com.ar\/wp-content\/uploads\/2024\/03\/ar_eldia20240327-201x300.jpg 201w, https:\/\/www.diario5.com.ar\/wp-content\/uploads\/2024\/03\/ar_eldia20240327-686x1024.jpg 686w\" sizes=\"(max-width: 700px) 100vw, 700px\" \/><\/p>\n<p><img decoding=\"async\" loading=\"lazy\" class=\"aligncenter size-full wp-image-685329\" src=\"https:\/\/www.diario5.com.ar\/wp-content\/uploads\/2024\/03\/ar_hoy20240327.jpg\" width=\"700\" height=\"911\" srcset=\"https:\/\/www.diario5.com.ar\/wp-content\/uploads\/2024\/03\/ar_hoy20240327.jpg 700w, https:\/\/www.diario5.com.ar\/wp-content\/uploads\/2024\/03\/ar_hoy20240327-231x300.jpg 231w\" sizes=\"(max-width: 700px) 100vw, 700px\" \/><\/p>\n<p><img decoding=\"async\" loading=\"lazy\" class=\"aligncenter size-full wp-image-685330\" src=\"https:\/\/www.diario5.com.ar\/wp-content\/uploads\/2024\/03\/ar_chubut20240327.jpg\" width=\"700\" height=\"902\" srcset=\"https:\/\/www.diario5.com.ar\/wp-content\/uploads\/2024\/03\/ar_chubut20240327.jpg 700w, https:\/\/www.diario5.com.ar\/wp-content\/uploads\/2024\/03\/ar_chubut20240327-233x300.jpg 233w\" sizes=\"(max-width: 700px) 100vw, 700px\" \/><\/p>\n<p><img decoding=\"async\" loading=\"lazy\" class=\"aligncenter size-full wp-image-685331\" src=\"https:\/\/www.diario5.com.ar\/wp-content\/uploads\/2024\/03\/ar_litoral20240327.jpg\" width=\"700\" height=\"908\" srcset=\"https:\/\/www.diario5.com.ar\/wp-content\/uploads\/2024\/03\/ar_litoral20240327.jpg 700w, https:\/\/www.diario5.com.ar\/wp-content\/uploads\/2024\/03\/ar_litoral20240327-231x300.jpg 231w\" sizes=\"(max-width: 700px) 100vw, 700px\" \/><\/p>\n<p><img decoding=\"async\" loading=\"lazy\" class=\"aligncenter size-full wp-image-685332\" src=\"https:\/\/www.diario5.com.ar\/wp-content\/uploads\/2024\/03\/ar_diario_cuyo20240327.jpg\" width=\"700\" height=\"1049\" srcset=\"https:\/\/www.diario5.com.ar\/wp-content\/uploads\/2024\/03\/ar_diario_cuyo20240327.jpg 700w, https:\/\/www.diario5.com.ar\/wp-content\/uploads\/2024\/03\/ar_diario_cuyo20240327-200x300.jpg 200w, https:\/\/www.diario5.com.ar\/wp-content\/uploads\/2024\/03\/ar_diario_cuyo20240327-683x1024.jpg 683w\" sizes=\"(max-width: 700px) 100vw, 700px\" \/><\/p>\n<p><img decoding=\"async\" loading=\"lazy\" class=\"aligncenter size-full wp-image-685338\" src=\"https:\/\/www.diario5.com.ar\/wp-content\/uploads\/2024\/03\/ar_diario_republica20240327.jpg\" width=\"700\" height=\"984\" srcset=\"https:\/\/www.diario5.com.ar\/wp-content\/uploads\/2024\/03\/ar_diario_republica20240327.jpg 700w, https:\/\/www.diario5.com.ar\/wp-content\/uploads\/2024\/03\/ar_diario_republica20240327-213x300.jpg 213w\" sizes=\"(max-width: 700px) 100vw, 700px\" \/><\/p>\n<p><img decoding=\"async\" loading=\"lazy\" class=\"aligncenter size-full wp-image-685339\" src=\"https:\/\/www.diario5.com.ar\/wp-content\/uploads\/2024\/03\/ar_litoral_sfe20240327.jpg\" width=\"700\" height=\"944\" srcset=\"https:\/\/www.diario5.com.ar\/wp-content\/uploads\/2024\/03\/ar_litoral_sfe20240327.jpg 700w, https:\/\/www.diario5.com.ar\/wp-content\/uploads\/2024\/03\/ar_litoral_sfe20240327-222x300.jpg 222w\" sizes=\"(max-width: 700px) 100vw, 700px\" \/><\/p>\n<p><img decoding=\"async\" loading=\"lazy\" class=\"aligncenter size-full wp-image-685333\" src=\"https:\/\/www.diario5.com.ar\/wp-content\/uploads\/2024\/03\/ciudadano20240327.jpg\" width=\"700\" height=\"940\" srcset=\"https:\/\/www.diario5.com.ar\/wp-content\/uploads\/2024\/03\/ciudadano20240327.jpg 700w, https:\/\/www.diario5.com.ar\/wp-content\/uploads\/2024\/03\/ciudadano20240327-223x300.jpg 223w\" sizes=\"(max-width: 700px) 100vw, 700px\" \/><\/p>\n<p><img decoding=\"async\" loading=\"lazy\" class=\"aligncenter size-full wp-image-685340\" src=\"https:\/\/www.diario5.com.ar\/wp-content\/uploads\/2024\/03\/ar_mirador_provincial20240327.jpg\" width=\"700\" height=\"939\" srcset=\"https:\/\/www.diario5.com.ar\/wp-content\/uploads\/2024\/03\/ar_mirador_provincial20240327.jpg 700w, https:\/\/www.diario5.com.ar\/wp-content\/uploads\/2024\/03\/ar_mirador_provincial20240327-224x300.jpg 224w\" sizes=\"(max-width: 700px) 100vw, 700px\" \/><\/p>\n<p><img decoding=\"async\" loading=\"lazy\" class=\"aligncenter size-full wp-image-685334\" src=\"https:\/\/www.diario5.com.ar\/wp-content\/uploads\/2024\/03\/ar_clarin20240327.jpg\" width=\"700\" height=\"963\" srcset=\"https:\/\/www.diario5.com.ar\/wp-content\/uploads\/2024\/03\/ar_clarin20240327.jpg 700w, https:\/\/www.diario5.com.ar\/wp-content\/uploads\/2024\/03\/ar_clarin20240327-218x300.jpg 218w\" sizes=\"(max-width: 700px) 100vw, 700px\" \/><\/p>\n<p><img decoding=\"async\" loading=\"lazy\" class=\"aligncenter size-full wp-image-685341\" src=\"https:\/\/www.diario5.com.ar\/wp-content\/uploads\/2024\/03\/nacion20240327.jpg\" width=\"699\" height=\"1059\" srcset=\"https:\/\/www.diario5.com.ar\/wp-content\/uploads\/2024\/03\/nacion20240327.jpg 699w, https:\/\/www.diario5.com.ar\/wp-content\/uploads\/2024\/03\/nacion20240327-198x300.jpg 198w, https:\/\/www.diario5.com.ar\/wp-content\/uploads\/2024\/03\/nacion20240327-676x1024.jpg 676w\" sizes=\"(max-width: 699px) 100vw, 699px\" \/><\/p>\n<p><img decoding=\"async\" loading=\"lazy\" class=\"aligncenter size-full wp-image-685335\" src=\"https:\/\/www.diario5.com.ar\/wp-content\/uploads\/2024\/03\/nuevo_diario20240327.jpg\" width=\"700\" height=\"1047\" srcset=\"https:\/\/www.diario5.com.ar\/wp-content\/uploads\/2024\/03\/nuevo_diario20240327.jpg 700w, https:\/\/www.diario5.com.ar\/wp-content\/uploads\/2024\/03\/nuevo_diario20240327-201x300.jpg 201w, https:\/\/www.diario5.com.ar\/wp-content\/uploads\/2024\/03\/nuevo_diario20240327-685x1024.jpg 685w\" sizes=\"(max-width: 700px) 100vw, 700px\" \/><\/p>\n<p><img decoding=\"async\" loading=\"lazy\" class=\"aligncenter size-full wp-image-685342\" src=\"https:\/\/www.diario5.com.ar\/wp-content\/uploads\/2024\/03\/ar_rio_negro20240327.jpg\" width=\"700\" height=\"1060\" srcset=\"https:\/\/www.diario5.com.ar\/wp-content\/uploads\/2024\/03\/ar_rio_negro20240327.jpg 700w, https:\/\/www.diario5.com.ar\/wp-content\/uploads\/2024\/03\/ar_rio_negro20240327-198x300.jpg 198w, https:\/\/www.diario5.com.ar\/wp-content\/uploads\/2024\/03\/ar_rio_negro20240327-676x1024.jpg 676w\" sizes=\"(max-width: 700px) 100vw, 700px\" \/><\/p>\n<p>&nbsp;<\/p>","protected":false},"excerpt":{"rendered":"<p>En el Paseo del Bajo quedar\u00e1 permitida la circulaci\u00f3n de autom\u00f3viles durante los fines de semana y feriados. Ya en este fin de semana largo, el paso ser\u00e1 gratuito, como para dar la bienvenida al cambio de criterio. Se cobrar\u00e1 peaje desde el s\u00e1bado 7 de abril. El anuncio lo hizo el propio Jefe de [&hellip;]<\/p>","protected":false},"author":12,"featured_media":685325,"comment_status":"open","ping_status":"open","sticky":false,"template":"","format":"standard","meta":[],"categories":[28,56,202],"tags":[1594,1592,1596,1094,982,1593,1591,1597,1595],"series":[],"_links":{"self":[{"href":"https:\/\/www.diario5.com.ar\/es\/wp-json\/wp\/v2\/posts\/677196"}],"collection":[{"href":"https:\/\/www.diario5.com.ar\/es\/wp-json\/wp\/v2\/posts"}],"about":[{"href":"https:\/\/www.diario5.com.ar\/es\/wp-json\/wp\/v2\/types\/post"}],"author":[{"embeddable":true,"href":"https:\/\/www.diario5.com.ar\/es\/wp-json\/wp\/v2\/users\/12"}],"replies":[{"embeddable":true,"href":"https:\/\/www.diario5.com.ar\/es\/wp-json\/wp\/v2\/comments?post=677196"}],"version-history":[{"count":3,"href":"https:\/\/www.diario5.com.ar\/es\/wp-json\/wp\/v2\/posts\/677196\/revisions"}],"predecessor-version":[{"id":685343,"href":"https:\/\/www.diario5.com.ar\/es\/wp-json\/wp\/v2\/posts\/677196\/revisions\/685343"}],"wp:featuredmedia":[{"embeddable":true,"href":"https:\/\/www.diario5.com.ar\/es\/wp-json\/wp\/v2\/media\/685325"}],"wp:attachment":[{"href":"https:\/\/www.diario5.com.ar\/es\/wp-json\/wp\/v2\/media?parent=677196"}],"wp:term":[{"taxonomy":"category","embeddable":true,"href":"https:\/\/www.diario5.com.ar\/es\/wp-json\/wp\/v2\/categories?post=677196"},{"taxonomy":"post_tag","embeddable":true,"href":"https:\/\/www.diario5.com.ar\/es\/wp-json\/wp\/v2\/tags?post=677196"},{"taxonomy":"series","embeddable":true,"href":"https:\/\/www.diario5.com.ar\/es\/wp-json\/wp\/v2\/series?post=677196"}],"curies":[{"name":"wp","href":"https:\/\/api.w.org\/{rel}","templated":true}]}}