{"id":677194,"date":"2024-03-25T06:11:00","date_gmt":"2024-03-25T09:11:00","guid":{"rendered":"http:\/\/diario5.com.ar\/?p=677194"},"modified":"2024-03-25T20:47:10","modified_gmt":"2024-03-25T23:47:10","slug":"677194","status":"publish","type":"post","link":"https:\/\/www.diario5.com.ar\/es\/677194\/","title":{"rendered":"Antecedentes de una idiosincrasia"},"content":{"rendered":"<h2 class=\"sub-title-primary\">Una importante fecha internacional incluye a la Argentina como parte protag\u00f3nica de una historia que reparte verg\u00fcenzas en todo el planeta. <\/h2> <p><img decoding=\"async\" loading=\"lazy\" class=\"alignnone size-full wp-image-685293\" src=\"https:\/\/www.diario5.com.ar\/wp-content\/uploads\/2024\/03\/esclavos1.jpg\" alt=\"\" width=\"1200\" height=\"720\" srcset=\"https:\/\/www.diario5.com.ar\/wp-content\/uploads\/2024\/03\/esclavos1.jpg 1200w, https:\/\/www.diario5.com.ar\/wp-content\/uploads\/2024\/03\/esclavos1-300x180.jpg 300w, https:\/\/www.diario5.com.ar\/wp-content\/uploads\/2024\/03\/esclavos1-1024x614.jpg 1024w, https:\/\/www.diario5.com.ar\/wp-content\/uploads\/2024\/03\/esclavos1-768x461.jpg 768w\" sizes=\"(max-width: 1200px) 100vw, 1200px\" \/><\/p>\n<p>&nbsp;<\/p>\n<p>\u00bfC\u00f3mo se vincula la Argentina con la jornada reflexiva propuesta por las Naciones Unidas como \u00abD\u00eda Internacional en Recuerdo de las V\u00edctimas de la Esclavitud y la Trata Transatl\u00e1ntica de Esclavos\u00bb?<\/p>\n<p>La Argentina est\u00e1 vinculada con esta parte vergonzosa del devenir humano. La fecha sirve como recordatorio de la tr\u00e1gica historia de la trata transatl\u00e1ntica de esclavos y honra a los millones de personas que sufrieron y murieron como resultado de la esclavitud.<\/p>\n<p>La trata transatl\u00e1ntica de esclavos implic\u00f3 el transporte forzoso de millones de africanos a Am\u00e9rica entre los siglos XVI y XIX. Estos individuos fueron sometidos a condiciones brutales, trabajos forzados y explotaci\u00f3n. Si bien el Virreinato del R\u00edo de la Plata no ten\u00eda una importancia central durante los a\u00f1os de mayor actividad de las colonias a beneficio de sus principales naciones conquistadoras (Inglaterra, Espa\u00f1a, Portugal y Francia), qued\u00f3 claro que los esclavos ten\u00edan, tambi\u00e9n, como destino a Buenos Aires.<\/p>\n<p>La Asamblea General de las Naciones Unidas design\u00f3 el 25 de marzo como el D\u00eda Internacional en Recuerdo de las V\u00edctimas de la Esclavitud y la Trata Transatl\u00e1ntica de Esclavos en 2007. Esa decisi\u00f3n persigui\u00f3 el objetivo de crear conciencia sobre el impacto duradero de la esclavitud y promover la tolerancia y la comprensi\u00f3n.<\/p>\n<p>En nuestro medio y durante tres a\u00f1os seguidos, <a href=\"https:\/\/www.diario5.com.ar\/es\/author\/marcelo\/\">Marcelo Zanotti<\/a> (\u00b9) ha hecho hincapi\u00e9 en la decisi\u00f3n de la Asamblea del A\u00f1o XIII, de declarar la Libertad de Vientres, el 2 de febrero de 1813, justo el d\u00eda anterior en que un ej\u00e9rcito lleno de esclavos participar\u00eda del bautismo de fuego de las fuerzas del General Jos\u00e9 de San Mart\u00edn, en la localidad de San Lorenzo, contra las fuerzas realistas que resist\u00edan la Revoluci\u00f3n de Mayo.<\/p>\n<p>Para esta fecha se conocen diversos eventos conmemorativos en todo el mundo. Casi siempre son debates, exposiciones, espect\u00e1culos culturales y programas educativos. Se resalta la importancia hist\u00f3rica de mantener en la memoria a la m\u00e1s brutal de las formas de comercio de la historia: la de los propios seres humanos.<\/p>\n<p>Cada a\u00f1o, el D\u00eda Internacional en Recuerdo de las V\u00edctimas de la Esclavitud y la Trata Transatl\u00e1ntica de Esclavos se centra en un tema espec\u00edfico relacionado con la esclavitud y su abolici\u00f3n. Estos temas siempre abordan cuestiones contempor\u00e1neas como el racismo, la discriminaci\u00f3n y la justicia social. En 2024 es \u201cRecuerda la esclavitud: celebrando el patrimonio y la cultura de la di\u00e1spora africana y sus ra\u00edces\u201d.<\/p>\n<p>La trata transatl\u00e1ntica de esclavos afect\u00f3 principalmente a \u00c1frica, Am\u00e9rica y Europa, aunque sus consecuencias tuvieron impacto global. Al tomar una fecha anual que ponga de manifiesto la propia historia del flagelo, se facilita la cooperaci\u00f3n internacional para combatir las formas modernas de esclavitud y trata de personas. Al recordar a las v\u00edctimas, se honra su resiliencia y se reafirma el compromiso de promover los derechos humanos y la igualdad para todos.<\/p>\n<p>La etapa de la esclavitud y el tr\u00e1fico de personas en la Argentina tiene su porci\u00f3n de incidencia en la idiosincrasia nacional. Ning\u00fan juicio de valor agregaremos al respecto. La premisa es innegable y est\u00e1 en quienquiera que la comprenda con la propiedad que el tema merece, podr\u00e1 deducir y opinar en qu\u00e9 deriv\u00f3 esa incidencia, pasados los siglos.<\/p>\n<hr \/>\n<p>&nbsp;<\/p>\n<p>(\u00b9) Notas relacionadas publicadas en Diario 5<\/p>\n<blockquote class=\"wp-embedded-content\" data-secret=\"FpmR5iXpOo\"><p><a href=\"https:\/\/www.diario5.com.ar\/es\/676143\/\">La noche de la ilusi\u00f3n y el enga\u00f1o<\/a><\/p><\/blockquote>\n<p><iframe class=\"wp-embedded-content\" sandbox=\"allow-scripts\" security=\"restricted\" style=\"position: absolute; clip: rect(1px, 1px, 1px, 1px);\" title=\"\u00abLa noche de la ilusi\u00f3n y el enga\u00f1o\u00bb \u2014 Diario 5\" src=\"https:\/\/www.diario5.com.ar\/676143\/embed\/#?secret=5xqrN5ZYw2#?secret=FpmR5iXpOo\" data-secret=\"FpmR5iXpOo\" width=\"600\" height=\"338\" frameborder=\"0\" marginwidth=\"0\" marginheight=\"0\" scrolling=\"no\"><\/iframe><\/p>\n<blockquote class=\"wp-embedded-content\" data-secret=\"A3Y0kdJoQQ\"><p><a href=\"https:\/\/www.diario5.com.ar\/es\/636509\/\">La Primera Gran Mentira Argentina<\/a><\/p><\/blockquote>\n<p><iframe class=\"wp-embedded-content\" sandbox=\"allow-scripts\" security=\"restricted\" style=\"position: absolute; clip: rect(1px, 1px, 1px, 1px);\" title=\"\u00abLa Primera Gran Mentira Argentina\u00bb \u2014 Diario 5\" src=\"https:\/\/www.diario5.com.ar\/636509\/embed\/#?secret=5DIIDrYLvy#?secret=A3Y0kdJoQQ\" data-secret=\"A3Y0kdJoQQ\" width=\"600\" height=\"338\" frameborder=\"0\" marginwidth=\"0\" marginheight=\"0\" scrolling=\"no\"><\/iframe><\/p>\n<blockquote class=\"wp-embedded-content\" data-secret=\"iEgTqaiulo\"><p><a href=\"https:\/\/www.diario5.com.ar\/es\/636144\/\">Una fecha controvertida<\/a><\/p><\/blockquote>\n<p><iframe class=\"wp-embedded-content\" sandbox=\"allow-scripts\" security=\"restricted\" style=\"position: absolute; clip: rect(1px, 1px, 1px, 1px);\" title=\"\u00abUna fecha controvertida\u00bb \u2014 Diario 5\" src=\"https:\/\/www.diario5.com.ar\/636144\/embed\/#?secret=9hHruOOiZq#?secret=iEgTqaiulo\" data-secret=\"iEgTqaiulo\" width=\"600\" height=\"338\" frameborder=\"0\" marginwidth=\"0\" marginheight=\"0\" scrolling=\"no\"><\/iframe><\/p>\n<p><img decoding=\"async\" loading=\"lazy\" class=\"aligncenter size-full wp-image-685274\" src=\"https:\/\/www.diario5.com.ar\/wp-content\/uploads\/2024\/03\/ar_capital_rosario20240325.jpg\" width=\"700\" height=\"922\" srcset=\"https:\/\/www.diario5.com.ar\/wp-content\/uploads\/2024\/03\/ar_capital_rosario20240325.jpg 700w, https:\/\/www.diario5.com.ar\/wp-content\/uploads\/2024\/03\/ar_capital_rosario20240325-228x300.jpg 228w\" sizes=\"(max-width: 700px) 100vw, 700px\" \/><\/p>\n<p><img decoding=\"async\" loading=\"lazy\" class=\"aligncenter size-full wp-image-685275\" src=\"https:\/\/www.diario5.com.ar\/wp-content\/uploads\/2024\/03\/esquiu20240325.jpg\" width=\"700\" height=\"924\" srcset=\"https:\/\/www.diario5.com.ar\/wp-content\/uploads\/2024\/03\/esquiu20240325.jpg 700w, https:\/\/www.diario5.com.ar\/wp-content\/uploads\/2024\/03\/esquiu20240325-227x300.jpg 227w\" sizes=\"(max-width: 700px) 100vw, 700px\" \/><\/p>\n<p><img decoding=\"async\" loading=\"lazy\" class=\"aligncenter size-full wp-image-685276\" src=\"https:\/\/www.diario5.com.ar\/wp-content\/uploads\/2024\/03\/voz_chaco20240325.jpg\" width=\"700\" height=\"816\" srcset=\"https:\/\/www.diario5.com.ar\/wp-content\/uploads\/2024\/03\/voz_chaco20240325.jpg 700w, https:\/\/www.diario5.com.ar\/wp-content\/uploads\/2024\/03\/voz_chaco20240325-257x300.jpg 257w\" sizes=\"(max-width: 700px) 100vw, 700px\" \/><\/p>\n<p><img decoding=\"async\" loading=\"lazy\" class=\"aligncenter size-full wp-image-685284\" src=\"https:\/\/www.diario5.com.ar\/wp-content\/uploads\/2024\/03\/ar_cronista20240325.jpg\" width=\"700\" height=\"1020\" srcset=\"https:\/\/www.diario5.com.ar\/wp-content\/uploads\/2024\/03\/ar_cronista20240325.jpg 700w, https:\/\/www.diario5.com.ar\/wp-content\/uploads\/2024\/03\/ar_cronista20240325-206x300.jpg 206w\" sizes=\"(max-width: 700px) 100vw, 700px\" \/><\/p>\n<p><img decoding=\"async\" loading=\"lazy\" class=\"aligncenter size-full wp-image-685285\" src=\"https:\/\/www.diario5.com.ar\/wp-content\/uploads\/2024\/03\/ar_eldia20240325.jpg\" width=\"700\" height=\"1045\" srcset=\"https:\/\/www.diario5.com.ar\/wp-content\/uploads\/2024\/03\/ar_eldia20240325.jpg 700w, https:\/\/www.diario5.com.ar\/wp-content\/uploads\/2024\/03\/ar_eldia20240325-201x300.jpg 201w, https:\/\/www.diario5.com.ar\/wp-content\/uploads\/2024\/03\/ar_eldia20240325-686x1024.jpg 686w\" sizes=\"(max-width: 700px) 100vw, 700px\" \/><\/p>\n<p><img decoding=\"async\" loading=\"lazy\" class=\"aligncenter size-full wp-image-685277\" src=\"https:\/\/www.diario5.com.ar\/wp-content\/uploads\/2024\/03\/ar_hoy20240325.jpg\" width=\"700\" height=\"922\" srcset=\"https:\/\/www.diario5.com.ar\/wp-content\/uploads\/2024\/03\/ar_hoy20240325.jpg 700w, https:\/\/www.diario5.com.ar\/wp-content\/uploads\/2024\/03\/ar_hoy20240325-228x300.jpg 228w\" sizes=\"(max-width: 700px) 100vw, 700px\" \/><\/p>\n<p><img decoding=\"async\" loading=\"lazy\" class=\"aligncenter size-full wp-image-685278\" src=\"https:\/\/www.diario5.com.ar\/wp-content\/uploads\/2024\/03\/ar_chubut20240325.jpg\" width=\"700\" height=\"896\" srcset=\"https:\/\/www.diario5.com.ar\/wp-content\/uploads\/2024\/03\/ar_chubut20240325.jpg 700w, https:\/\/www.diario5.com.ar\/wp-content\/uploads\/2024\/03\/ar_chubut20240325-234x300.jpg 234w\" sizes=\"(max-width: 700px) 100vw, 700px\" \/><\/p>\n<p><img decoding=\"async\" loading=\"lazy\" class=\"aligncenter size-full wp-image-685279\" src=\"https:\/\/www.diario5.com.ar\/wp-content\/uploads\/2024\/03\/ar_litoral20240325.jpg\" width=\"700\" height=\"908\" srcset=\"https:\/\/www.diario5.com.ar\/wp-content\/uploads\/2024\/03\/ar_litoral20240325.jpg 700w, https:\/\/www.diario5.com.ar\/wp-content\/uploads\/2024\/03\/ar_litoral20240325-231x300.jpg 231w\" sizes=\"(max-width: 700px) 100vw, 700px\" \/><\/p>\n<p><img decoding=\"async\" loading=\"lazy\" class=\"aligncenter size-full wp-image-685286\" src=\"https:\/\/www.diario5.com.ar\/wp-content\/uploads\/2024\/03\/ar_diario_cuyo20240325.jpg\" width=\"700\" height=\"1051\" srcset=\"https:\/\/www.diario5.com.ar\/wp-content\/uploads\/2024\/03\/ar_diario_cuyo20240325.jpg 700w, https:\/\/www.diario5.com.ar\/wp-content\/uploads\/2024\/03\/ar_diario_cuyo20240325-200x300.jpg 200w, https:\/\/www.diario5.com.ar\/wp-content\/uploads\/2024\/03\/ar_diario_cuyo20240325-682x1024.jpg 682w\" sizes=\"(max-width: 700px) 100vw, 700px\" \/><\/p>\n<p><img decoding=\"async\" loading=\"lazy\" class=\"aligncenter size-full wp-image-685287\" src=\"https:\/\/www.diario5.com.ar\/wp-content\/uploads\/2024\/03\/ar_diario_republica20240325.jpg\" width=\"700\" height=\"988\" srcset=\"https:\/\/www.diario5.com.ar\/wp-content\/uploads\/2024\/03\/ar_diario_republica20240325.jpg 700w, https:\/\/www.diario5.com.ar\/wp-content\/uploads\/2024\/03\/ar_diario_republica20240325-213x300.jpg 213w\" sizes=\"(max-width: 700px) 100vw, 700px\" \/><\/p>\n<p><img decoding=\"async\" loading=\"lazy\" class=\"aligncenter size-full wp-image-685288\" src=\"https:\/\/www.diario5.com.ar\/wp-content\/uploads\/2024\/03\/ar_litoral_sfe20240325.jpg\" width=\"700\" height=\"944\" srcset=\"https:\/\/www.diario5.com.ar\/wp-content\/uploads\/2024\/03\/ar_litoral_sfe20240325.jpg 700w, https:\/\/www.diario5.com.ar\/wp-content\/uploads\/2024\/03\/ar_litoral_sfe20240325-222x300.jpg 222w\" sizes=\"(max-width: 700px) 100vw, 700px\" \/><\/p>\n<p><img decoding=\"async\" loading=\"lazy\" class=\"aligncenter size-full wp-image-685280\" src=\"https:\/\/www.diario5.com.ar\/wp-content\/uploads\/2024\/03\/ciudadano20240325.jpg\" width=\"700\" height=\"943\" srcset=\"https:\/\/www.diario5.com.ar\/wp-content\/uploads\/2024\/03\/ciudadano20240325.jpg 700w, https:\/\/www.diario5.com.ar\/wp-content\/uploads\/2024\/03\/ciudadano20240325-223x300.jpg 223w\" sizes=\"(max-width: 700px) 100vw, 700px\" \/><\/p>\n<p><img decoding=\"async\" loading=\"lazy\" class=\"aligncenter size-full wp-image-685289\" src=\"https:\/\/www.diario5.com.ar\/wp-content\/uploads\/2024\/03\/ar_mirador_provincial20240325.jpg\" width=\"700\" height=\"939\" srcset=\"https:\/\/www.diario5.com.ar\/wp-content\/uploads\/2024\/03\/ar_mirador_provincial20240325.jpg 700w, https:\/\/www.diario5.com.ar\/wp-content\/uploads\/2024\/03\/ar_mirador_provincial20240325-224x300.jpg 224w\" sizes=\"(max-width: 700px) 100vw, 700px\" \/><\/p>\n<p><img decoding=\"async\" loading=\"lazy\" class=\"aligncenter size-full wp-image-685281\" src=\"https:\/\/www.diario5.com.ar\/wp-content\/uploads\/2024\/03\/ar_clarin20240325.jpg\" width=\"700\" height=\"965\" srcset=\"https:\/\/www.diario5.com.ar\/wp-content\/uploads\/2024\/03\/ar_clarin20240325.jpg 700w, https:\/\/www.diario5.com.ar\/wp-content\/uploads\/2024\/03\/ar_clarin20240325-218x300.jpg 218w\" sizes=\"(max-width: 700px) 100vw, 700px\" \/><\/p>\n<p><img decoding=\"async\" loading=\"lazy\" class=\"aligncenter size-full wp-image-685290\" src=\"https:\/\/www.diario5.com.ar\/wp-content\/uploads\/2024\/03\/nacion20240325.jpg\" width=\"699\" height=\"1059\" srcset=\"https:\/\/www.diario5.com.ar\/wp-content\/uploads\/2024\/03\/nacion20240325.jpg 699w, https:\/\/www.diario5.com.ar\/wp-content\/uploads\/2024\/03\/nacion20240325-198x300.jpg 198w, https:\/\/www.diario5.com.ar\/wp-content\/uploads\/2024\/03\/nacion20240325-676x1024.jpg 676w\" sizes=\"(max-width: 699px) 100vw, 699px\" \/><\/p>\n<p><img decoding=\"async\" loading=\"lazy\" class=\"aligncenter size-full wp-image-685282\" src=\"https:\/\/www.diario5.com.ar\/wp-content\/uploads\/2024\/03\/nuevo_diario20240325.jpg\" width=\"700\" height=\"1083\" srcset=\"https:\/\/www.diario5.com.ar\/wp-content\/uploads\/2024\/03\/nuevo_diario20240325.jpg 700w, https:\/\/www.diario5.com.ar\/wp-content\/uploads\/2024\/03\/nuevo_diario20240325-194x300.jpg 194w, https:\/\/www.diario5.com.ar\/wp-content\/uploads\/2024\/03\/nuevo_diario20240325-662x1024.jpg 662w\" sizes=\"(max-width: 700px) 100vw, 700px\" \/><\/p>\n<p><img decoding=\"async\" loading=\"lazy\" class=\"aligncenter size-full wp-image-685283\" src=\"https:\/\/www.diario5.com.ar\/wp-content\/uploads\/2024\/03\/ar_ancasti20240325.jpg\" width=\"700\" height=\"949\" srcset=\"https:\/\/www.diario5.com.ar\/wp-content\/uploads\/2024\/03\/ar_ancasti20240325.jpg 700w, https:\/\/www.diario5.com.ar\/wp-content\/uploads\/2024\/03\/ar_ancasti20240325-221x300.jpg 221w\" sizes=\"(max-width: 700px) 100vw, 700px\" \/><\/p>\n<p><img decoding=\"async\" loading=\"lazy\" class=\"aligncenter size-full wp-image-685291\" src=\"https:\/\/www.diario5.com.ar\/wp-content\/uploads\/2024\/03\/ar_rio_negro20240325.jpg\" width=\"700\" height=\"1082\" srcset=\"https:\/\/www.diario5.com.ar\/wp-content\/uploads\/2024\/03\/ar_rio_negro20240325.jpg 700w, https:\/\/www.diario5.com.ar\/wp-content\/uploads\/2024\/03\/ar_rio_negro20240325-194x300.jpg 194w, https:\/\/www.diario5.com.ar\/wp-content\/uploads\/2024\/03\/ar_rio_negro20240325-662x1024.jpg 662w\" sizes=\"(max-width: 700px) 100vw, 700px\" \/><\/p>","protected":false},"excerpt":{"rendered":"<p>Una importante fecha internacional incluye a la Argentina como parte protag\u00f3nica de una historia que reparte verg\u00fcenzas en todo el planeta. &nbsp; \u00bfC\u00f3mo se vincula la Argentina con la jornada reflexiva propuesta por las Naciones Unidas como \u00abD\u00eda Internacional en Recuerdo de las V\u00edctimas de la Esclavitud y la Trata Transatl\u00e1ntica de Esclavos\u00bb? La Argentina [&hellip;]<\/p>","protected":false},"author":9,"featured_media":685293,"comment_status":"open","ping_status":"open","sticky":false,"template":"","format":"standard","meta":[],"categories":[75,5,161,45,52,56],"tags":[154,1160,1387,1177,474,1297,669,1283,1300,1315,931,1580,1246,665,1236,262,817,418],"series":[],"_links":{"self":[{"href":"https:\/\/www.diario5.com.ar\/es\/wp-json\/wp\/v2\/posts\/677194"}],"collection":[{"href":"https:\/\/www.diario5.com.ar\/es\/wp-json\/wp\/v2\/posts"}],"about":[{"href":"https:\/\/www.diario5.com.ar\/es\/wp-json\/wp\/v2\/types\/post"}],"author":[{"embeddable":true,"href":"https:\/\/www.diario5.com.ar\/es\/wp-json\/wp\/v2\/users\/9"}],"replies":[{"embeddable":true,"href":"https:\/\/www.diario5.com.ar\/es\/wp-json\/wp\/v2\/comments?post=677194"}],"version-history":[{"count":7,"href":"https:\/\/www.diario5.com.ar\/es\/wp-json\/wp\/v2\/posts\/677194\/revisions"}],"predecessor-version":[{"id":685296,"href":"https:\/\/www.diario5.com.ar\/es\/wp-json\/wp\/v2\/posts\/677194\/revisions\/685296"}],"wp:featuredmedia":[{"embeddable":true,"href":"https:\/\/www.diario5.com.ar\/es\/wp-json\/wp\/v2\/media\/685293"}],"wp:attachment":[{"href":"https:\/\/www.diario5.com.ar\/es\/wp-json\/wp\/v2\/media?parent=677194"}],"wp:term":[{"taxonomy":"category","embeddable":true,"href":"https:\/\/www.diario5.com.ar\/es\/wp-json\/wp\/v2\/categories?post=677194"},{"taxonomy":"post_tag","embeddable":true,"href":"https:\/\/www.diario5.com.ar\/es\/wp-json\/wp\/v2\/tags?post=677194"},{"taxonomy":"series","embeddable":true,"href":"https:\/\/www.diario5.com.ar\/es\/wp-json\/wp\/v2\/series?post=677194"}],"curies":[{"name":"wp","href":"https:\/\/api.w.org\/{rel}","templated":true}]}}