{"id":677184,"date":"2024-03-15T06:22:00","date_gmt":"2024-03-15T09:22:00","guid":{"rendered":"http:\/\/diario5.com.ar\/?p=677184"},"modified":"2024-03-15T13:23:01","modified_gmt":"2024-03-15T16:23:01","slug":"677184","status":"publish","type":"post","link":"https:\/\/www.diario5.com.ar\/es\/677184\/","title":{"rendered":"BNA: Pr\u00e9stamos a jubilados"},"content":{"rendered":"<h2 class=\"sub-title-primary\"><\/h2> <p><img decoding=\"async\" loading=\"lazy\" class=\"alignnone size-full wp-image-685078\" src=\"https:\/\/www.diario5.com.ar\/wp-content\/uploads\/2024\/03\/BN17374.jpg\" alt=\"\" width=\"2560\" height=\"1850\" \/><\/p>\n<p>En casi todos los pa\u00edses se espera siempre que un banco estatal o cualquier instituci\u00f3n financiera ofrezca tasas de inter\u00e9s preferenciales o programas especiales para adultos mayores. Lo damos por sentado como una cuesti\u00f3n de pol\u00edtica y responsabilidad social m\u00e1s que un requisito legal estricto. Pero tomar iniciativas para proteger a las poblaciones vulnerables, incluidos los ancianos y promover la inclusi\u00f3n financiera y el bienestar como pol\u00edtica propia del banco es celebrable.<\/p>\n<p>El Banco Naci\u00f3n tiene el mandato de servir al inter\u00e9s p\u00fablico, lo que incluye atender las necesidades de diversos grupos demogr\u00e1ficos, incluidos los jubilados. De manera que, al ofrecerse programas especializados para ellos se da cumplimiento de este objetivo constitutivo de la m\u00e1xima instituci\u00f3n financiera argentina.<\/p>\n<p>La personas mayores enfrentan desaf\u00edos econ\u00f3micos \u00fanicos, como ingresos fijos, gastos de atenci\u00f3n m\u00e9dica y planificaci\u00f3n de la jubilaci\u00f3n. Venimos todos golpeados. Pero ellos, m\u00e1s. \u00bfAyuda a mejorar su bienestar financiero y su inclusi\u00f3n en el sistema bancario el brindarles acceso a cr\u00e9dito a tasa \u00abnormal\u00bb?\u00a0En la Argentina, eso -por lo menos en esta etapa- no se sabe.<\/p>\n<p><strong>Una responsabilidad \u00e9tica.<\/strong><\/p>\n<p>Si bien no hay que olvidar que ofrecer tasas de inter\u00e9s preferenciales para los adultos mayores tambi\u00e9n puede ser una medida estrat\u00e9gica para que el bancos estatal atraiga clientes y compita en m\u00e1s rubros con instituciones financieras privadas que puedan ofrecer programas similares, el impulso del BNA para ayudar a jubilados parece original y libre de una planificaci\u00f3n que mira al mercado. Se trata de una herramienta que debe estar disponible, en particular para quienes, con sus ingresos fijos, enfrentan dificultades econ\u00f3micas.<\/p>\n<p>Veamos ahora la presentaci\u00f3n que realiza el banco con respecto de su nueva l\u00ednea de cr\u00e9ditos y comprobemos si los n\u00fameros que se incluyen se ajustan a las premisas expuestas.<\/p>\n<p><img decoding=\"async\" loading=\"lazy\" class=\"alignnone size-full wp-image-685077\" src=\"https:\/\/www.diario5.com.ar\/wp-content\/uploads\/2024\/03\/bna_20240314_jubilados.jpg\" alt=\"\" width=\"774\" height=\"968\" srcset=\"https:\/\/www.diario5.com.ar\/wp-content\/uploads\/2024\/03\/bna_20240314_jubilados.jpg 774w, https:\/\/www.diario5.com.ar\/wp-content\/uploads\/2024\/03\/bna_20240314_jubilados-240x300.jpg 240w, https:\/\/www.diario5.com.ar\/wp-content\/uploads\/2024\/03\/bna_20240314_jubilados-768x960.jpg 768w\" sizes=\"(max-width: 774px) 100vw, 774px\" \/><\/p>\n<p>&nbsp;<\/p>\n<p><!--googleoff: index--><br \/>\n<!--googleon: index--><br \/>\n<img decoding=\"async\" loading=\"lazy\" class=\"aligncenter size-full wp-image-685096\" src=\"https:\/\/www.diario5.com.ar\/wp-content\/uploads\/2024\/03\/ar_capital_rosario20240315.jpg\" width=\"700\" height=\"907\" srcset=\"https:\/\/www.diario5.com.ar\/wp-content\/uploads\/2024\/03\/ar_capital_rosario20240315.jpg 700w, https:\/\/www.diario5.com.ar\/wp-content\/uploads\/2024\/03\/ar_capital_rosario20240315-232x300.jpg 232w\" sizes=\"(max-width: 700px) 100vw, 700px\" \/><\/p>\n<p><img decoding=\"async\" loading=\"lazy\" class=\"aligncenter size-full wp-image-685097\" src=\"https:\/\/www.diario5.com.ar\/wp-content\/uploads\/2024\/03\/esquiu20240315.jpg\" width=\"700\" height=\"920\" srcset=\"https:\/\/www.diario5.com.ar\/wp-content\/uploads\/2024\/03\/esquiu20240315.jpg 700w, https:\/\/www.diario5.com.ar\/wp-content\/uploads\/2024\/03\/esquiu20240315-228x300.jpg 228w\" sizes=\"(max-width: 700px) 100vw, 700px\" \/><\/p>\n<p><img decoding=\"async\" loading=\"lazy\" class=\"aligncenter size-full wp-image-685098\" src=\"https:\/\/www.diario5.com.ar\/wp-content\/uploads\/2024\/03\/voz_chaco20240315.jpg\" width=\"700\" height=\"816\" srcset=\"https:\/\/www.diario5.com.ar\/wp-content\/uploads\/2024\/03\/voz_chaco20240315.jpg 700w, https:\/\/www.diario5.com.ar\/wp-content\/uploads\/2024\/03\/voz_chaco20240315-257x300.jpg 257w\" sizes=\"(max-width: 700px) 100vw, 700px\" \/><\/p>\n<p><img decoding=\"async\" loading=\"lazy\" class=\"aligncenter size-full wp-image-685106\" src=\"https:\/\/www.diario5.com.ar\/wp-content\/uploads\/2024\/03\/ar_cronista20240315.jpg\" width=\"700\" height=\"1004\" srcset=\"https:\/\/www.diario5.com.ar\/wp-content\/uploads\/2024\/03\/ar_cronista20240315.jpg 700w, https:\/\/www.diario5.com.ar\/wp-content\/uploads\/2024\/03\/ar_cronista20240315-209x300.jpg 209w\" sizes=\"(max-width: 700px) 100vw, 700px\" \/><\/p>\n<p><img decoding=\"async\" loading=\"lazy\" class=\"aligncenter size-full wp-image-685099\" src=\"https:\/\/www.diario5.com.ar\/wp-content\/uploads\/2024\/03\/ar_eldia20240315.jpg\" width=\"699\" height=\"1041\" srcset=\"https:\/\/www.diario5.com.ar\/wp-content\/uploads\/2024\/03\/ar_eldia20240315.jpg 699w, https:\/\/www.diario5.com.ar\/wp-content\/uploads\/2024\/03\/ar_eldia20240315-201x300.jpg 201w, https:\/\/www.diario5.com.ar\/wp-content\/uploads\/2024\/03\/ar_eldia20240315-688x1024.jpg 688w\" sizes=\"(max-width: 699px) 100vw, 699px\" \/><\/p>\n<p><img decoding=\"async\" loading=\"lazy\" class=\"aligncenter size-full wp-image-685100\" src=\"https:\/\/www.diario5.com.ar\/wp-content\/uploads\/2024\/03\/ar_hoy20240315.jpg\" width=\"700\" height=\"922\" srcset=\"https:\/\/www.diario5.com.ar\/wp-content\/uploads\/2024\/03\/ar_hoy20240315.jpg 700w, https:\/\/www.diario5.com.ar\/wp-content\/uploads\/2024\/03\/ar_hoy20240315-228x300.jpg 228w\" sizes=\"(max-width: 700px) 100vw, 700px\" \/><\/p>\n<p><img decoding=\"async\" loading=\"lazy\" class=\"aligncenter size-full wp-image-685101\" src=\"https:\/\/www.diario5.com.ar\/wp-content\/uploads\/2024\/03\/ar_chubut20240315.jpg\" width=\"700\" height=\"902\" srcset=\"https:\/\/www.diario5.com.ar\/wp-content\/uploads\/2024\/03\/ar_chubut20240315.jpg 700w, https:\/\/www.diario5.com.ar\/wp-content\/uploads\/2024\/03\/ar_chubut20240315-233x300.jpg 233w\" sizes=\"(max-width: 700px) 100vw, 700px\" \/><\/p>\n<p><img decoding=\"async\" loading=\"lazy\" class=\"aligncenter size-full wp-image-685102\" src=\"https:\/\/www.diario5.com.ar\/wp-content\/uploads\/2024\/03\/ar_litoral20240315.jpg\" width=\"699\" height=\"914\" srcset=\"https:\/\/www.diario5.com.ar\/wp-content\/uploads\/2024\/03\/ar_litoral20240315.jpg 699w, https:\/\/www.diario5.com.ar\/wp-content\/uploads\/2024\/03\/ar_litoral20240315-229x300.jpg 229w\" sizes=\"(max-width: 699px) 100vw, 699px\" \/><\/p>\n<p><img decoding=\"async\" loading=\"lazy\" class=\"aligncenter size-full wp-image-685107\" src=\"https:\/\/www.diario5.com.ar\/wp-content\/uploads\/2024\/03\/ar_diario_cuyo20240315.jpg\" width=\"700\" height=\"1058\" srcset=\"https:\/\/www.diario5.com.ar\/wp-content\/uploads\/2024\/03\/ar_diario_cuyo20240315.jpg 700w, https:\/\/www.diario5.com.ar\/wp-content\/uploads\/2024\/03\/ar_diario_cuyo20240315-198x300.jpg 198w, https:\/\/www.diario5.com.ar\/wp-content\/uploads\/2024\/03\/ar_diario_cuyo20240315-678x1024.jpg 678w\" sizes=\"(max-width: 700px) 100vw, 700px\" \/><\/p>\n<p><img decoding=\"async\" loading=\"lazy\" class=\"aligncenter size-full wp-image-685108\" src=\"https:\/\/www.diario5.com.ar\/wp-content\/uploads\/2024\/03\/ar_diario_republica20240315.jpg\" width=\"700\" height=\"990\" srcset=\"https:\/\/www.diario5.com.ar\/wp-content\/uploads\/2024\/03\/ar_diario_republica20240315.jpg 700w, https:\/\/www.diario5.com.ar\/wp-content\/uploads\/2024\/03\/ar_diario_republica20240315-212x300.jpg 212w\" sizes=\"(max-width: 700px) 100vw, 700px\" \/><\/p>\n<p><img decoding=\"async\" loading=\"lazy\" class=\"aligncenter size-full wp-image-685109\" src=\"https:\/\/www.diario5.com.ar\/wp-content\/uploads\/2024\/03\/ar_litoral_sfe20240315.jpg\" width=\"700\" height=\"944\" srcset=\"https:\/\/www.diario5.com.ar\/wp-content\/uploads\/2024\/03\/ar_litoral_sfe20240315.jpg 700w, https:\/\/www.diario5.com.ar\/wp-content\/uploads\/2024\/03\/ar_litoral_sfe20240315-222x300.jpg 222w\" sizes=\"(max-width: 700px) 100vw, 700px\" \/><\/p>\n<p><img decoding=\"async\" loading=\"lazy\" class=\"aligncenter size-full wp-image-685103\" src=\"https:\/\/www.diario5.com.ar\/wp-content\/uploads\/2024\/03\/ciudadano20240315.jpg\" width=\"700\" height=\"936\" srcset=\"https:\/\/www.diario5.com.ar\/wp-content\/uploads\/2024\/03\/ciudadano20240315.jpg 700w, https:\/\/www.diario5.com.ar\/wp-content\/uploads\/2024\/03\/ciudadano20240315-224x300.jpg 224w\" sizes=\"(max-width: 700px) 100vw, 700px\" \/><\/p>\n<p><img decoding=\"async\" loading=\"lazy\" class=\"aligncenter size-full wp-image-685110\" src=\"https:\/\/www.diario5.com.ar\/wp-content\/uploads\/2024\/03\/ar_mirador_provincial20240315.jpg\" width=\"700\" height=\"913\" srcset=\"https:\/\/www.diario5.com.ar\/wp-content\/uploads\/2024\/03\/ar_mirador_provincial20240315.jpg 700w, https:\/\/www.diario5.com.ar\/wp-content\/uploads\/2024\/03\/ar_mirador_provincial20240315-230x300.jpg 230w\" sizes=\"(max-width: 700px) 100vw, 700px\" \/><\/p>\n<p><img decoding=\"async\" loading=\"lazy\" class=\"aligncenter size-full wp-image-685111\" src=\"https:\/\/www.diario5.com.ar\/wp-content\/uploads\/2024\/03\/ar_clarin20240315.jpg\" width=\"700\" height=\"969\" srcset=\"https:\/\/www.diario5.com.ar\/wp-content\/uploads\/2024\/03\/ar_clarin20240315.jpg 700w, https:\/\/www.diario5.com.ar\/wp-content\/uploads\/2024\/03\/ar_clarin20240315-217x300.jpg 217w\" sizes=\"(max-width: 700px) 100vw, 700px\" \/><\/p>\n<p><img decoding=\"async\" loading=\"lazy\" class=\"aligncenter size-full wp-image-685112\" src=\"https:\/\/www.diario5.com.ar\/wp-content\/uploads\/2024\/03\/nacion20240315.jpg\" width=\"699\" height=\"1061\" srcset=\"https:\/\/www.diario5.com.ar\/wp-content\/uploads\/2024\/03\/nacion20240315.jpg 699w, https:\/\/www.diario5.com.ar\/wp-content\/uploads\/2024\/03\/nacion20240315-198x300.jpg 198w, https:\/\/www.diario5.com.ar\/wp-content\/uploads\/2024\/03\/nacion20240315-675x1024.jpg 675w\" sizes=\"(max-width: 699px) 100vw, 699px\" \/><\/p>\n<p><img decoding=\"async\" loading=\"lazy\" class=\"aligncenter size-full wp-image-685104\" src=\"https:\/\/www.diario5.com.ar\/wp-content\/uploads\/2024\/03\/nuevo_diario20240315.jpg\" width=\"700\" height=\"1047\" srcset=\"https:\/\/www.diario5.com.ar\/wp-content\/uploads\/2024\/03\/nuevo_diario20240315.jpg 700w, https:\/\/www.diario5.com.ar\/wp-content\/uploads\/2024\/03\/nuevo_diario20240315-201x300.jpg 201w, https:\/\/www.diario5.com.ar\/wp-content\/uploads\/2024\/03\/nuevo_diario20240315-685x1024.jpg 685w\" sizes=\"(max-width: 700px) 100vw, 700px\" \/><\/p>\n<p><img decoding=\"async\" loading=\"lazy\" class=\"aligncenter size-full wp-image-685105\" src=\"https:\/\/www.diario5.com.ar\/wp-content\/uploads\/2024\/03\/ar_ancasti20240315.jpg\" width=\"700\" height=\"949\" srcset=\"https:\/\/www.diario5.com.ar\/wp-content\/uploads\/2024\/03\/ar_ancasti20240315.jpg 700w, https:\/\/www.diario5.com.ar\/wp-content\/uploads\/2024\/03\/ar_ancasti20240315-221x300.jpg 221w\" sizes=\"(max-width: 700px) 100vw, 700px\" \/><\/p>\n<p><img decoding=\"async\" loading=\"lazy\" class=\"aligncenter size-full wp-image-685113\" src=\"https:\/\/www.diario5.com.ar\/wp-content\/uploads\/2024\/03\/ar_rio_negro20240315.jpg\" width=\"700\" height=\"1053\" srcset=\"https:\/\/www.diario5.com.ar\/wp-content\/uploads\/2024\/03\/ar_rio_negro20240315.jpg 700w, https:\/\/www.diario5.com.ar\/wp-content\/uploads\/2024\/03\/ar_rio_negro20240315-199x300.jpg 199w, https:\/\/www.diario5.com.ar\/wp-content\/uploads\/2024\/03\/ar_rio_negro20240315-681x1024.jpg 681w\" sizes=\"(max-width: 700px) 100vw, 700px\" \/><\/p>\n<p>&nbsp;<\/p>","protected":false},"excerpt":{"rendered":"<p>En casi todos los pa\u00edses se espera siempre que un banco estatal o cualquier instituci\u00f3n financiera ofrezca tasas de inter\u00e9s preferenciales o programas especiales para adultos mayores. Lo damos por sentado como una cuesti\u00f3n de pol\u00edtica y responsabilidad social m\u00e1s que un requisito legal estricto. Pero tomar iniciativas para proteger a las poblaciones vulnerables, incluidos [&hellip;]<\/p>","protected":false},"author":13,"featured_media":685078,"comment_status":"open","ping_status":"open","sticky":false,"template":"","format":"standard","meta":[],"categories":[81,45,3,56],"tags":[1177,1475,1474,331,803,1478,1476,1479,1477],"series":[],"_links":{"self":[{"href":"https:\/\/www.diario5.com.ar\/es\/wp-json\/wp\/v2\/posts\/677184"}],"collection":[{"href":"https:\/\/www.diario5.com.ar\/es\/wp-json\/wp\/v2\/posts"}],"about":[{"href":"https:\/\/www.diario5.com.ar\/es\/wp-json\/wp\/v2\/types\/post"}],"author":[{"embeddable":true,"href":"https:\/\/www.diario5.com.ar\/es\/wp-json\/wp\/v2\/users\/13"}],"replies":[{"embeddable":true,"href":"https:\/\/www.diario5.com.ar\/es\/wp-json\/wp\/v2\/comments?post=677184"}],"version-history":[{"count":5,"href":"https:\/\/www.diario5.com.ar\/es\/wp-json\/wp\/v2\/posts\/677184\/revisions"}],"predecessor-version":[{"id":685114,"href":"https:\/\/www.diario5.com.ar\/es\/wp-json\/wp\/v2\/posts\/677184\/revisions\/685114"}],"wp:featuredmedia":[{"embeddable":true,"href":"https:\/\/www.diario5.com.ar\/es\/wp-json\/wp\/v2\/media\/685078"}],"wp:attachment":[{"href":"https:\/\/www.diario5.com.ar\/es\/wp-json\/wp\/v2\/media?parent=677184"}],"wp:term":[{"taxonomy":"category","embeddable":true,"href":"https:\/\/www.diario5.com.ar\/es\/wp-json\/wp\/v2\/categories?post=677184"},{"taxonomy":"post_tag","embeddable":true,"href":"https:\/\/www.diario5.com.ar\/es\/wp-json\/wp\/v2\/tags?post=677184"},{"taxonomy":"series","embeddable":true,"href":"https:\/\/www.diario5.com.ar\/es\/wp-json\/wp\/v2\/series?post=677184"}],"curies":[{"name":"wp","href":"https:\/\/api.w.org\/{rel}","templated":true}]}}