{"id":677183,"date":"2024-03-14T06:11:00","date_gmt":"2024-03-14T09:11:00","guid":{"rendered":"http:\/\/diario5.com.ar\/?p=677183"},"modified":"2024-03-14T13:41:00","modified_gmt":"2024-03-14T16:41:00","slug":"677183","status":"publish","type":"post","link":"https:\/\/www.diario5.com.ar\/es\/677183\/","title":{"rendered":"Juicios por Jurados en CABA"},"content":{"rendered":"<h2 class=\"sub-title-primary\"><\/h2> <p><img decoding=\"async\" loading=\"lazy\" class=\"alignnone size-full wp-image-685051\" src=\"https:\/\/www.diario5.com.ar\/wp-content\/uploads\/2024\/03\/Julia_Venslavicius_y_Alejandro_Perez.jpg\" alt=\"\" width=\"1052\" height=\"614\" srcset=\"https:\/\/www.diario5.com.ar\/wp-content\/uploads\/2024\/03\/Julia_Venslavicius_y_Alejandro_Perez.jpg 1052w, https:\/\/www.diario5.com.ar\/wp-content\/uploads\/2024\/03\/Julia_Venslavicius_y_Alejandro_Perez-300x175.jpg 300w, https:\/\/www.diario5.com.ar\/wp-content\/uploads\/2024\/03\/Julia_Venslavicius_y_Alejandro_Perez-1024x598.jpg 1024w, https:\/\/www.diario5.com.ar\/wp-content\/uploads\/2024\/03\/Julia_Venslavicius_y_Alejandro_Perez-768x448.jpg 768w\" sizes=\"(max-width: 1052px) 100vw, 1052px\" \/><\/p>\n<p>El \u00e1mbito judicial lo tiene incorporado como cualquiera de tantos aspectos de un universo complejo en el que todas las herramientas disponibles pueden y deben ser utilizadas para los esclarecimientos. Pero, para el global de los mortales, esos misterios abiertos en batallas jur\u00eddicas de leyenda, con \u00ablos doce honorables\u00bb definiendo -por s\u00ed o por no- sobre el resto de la vida de quien est\u00e1 en el banquillo, siguen abiertos. Y a\u00fan hoy generan sensaciones diversas. Y con sus correspondientes pol\u00e9micas.<\/p>\n<p>En la Ciudad de Buenos Aires, los juicios por jurado se aprobaron por ley en septiembre de 2021 y quedaron habilitados en 2022. Se trata, efectivamente, del conocido procedimiento legal en el que un conjunto de personas escucha todo lo concerniente a las eventuales pruebas que remiten a un delito, las defensas, los rebatimientos y coartadas, para emitir un veredicto.<\/p>\n<p>El prop\u00f3sito de establecer juicios de esta caracter\u00edstica es procurar imparcialidad frente a una acusaci\u00f3n y evitar posibles sesgos que puedan surgir si s\u00f3lo un juez tomara la decisi\u00f3n. La Participaci\u00f3n en un jurado para juicio implica una carga p\u00fablica. Estamos ante una obligaci\u00f3n c\u00edvica.<\/p>\n<p>La Asociaci\u00f3n de Medios Vecinales de la Ciudad consult\u00f3 sobre este siempre apasionante aspecto de la justicia a la Directora de Administraci\u00f3n de Juicios por Jurados de la Ciudad de Buenos Aires, Julia Venslavicius. En el video que acompa\u00f1a el informe, la funcionaria pasa revista a todos los aspectos que conciernen a la posibilidad permanentemente abierta de que los vecinos de CABA pueden ser designados, por sorteo, como posibles miembros de estos grupos que hacen un valioso aporte a la justicia.<\/p>\n<p>Venslavicius, junto a un destacado miembro de su equipo, Alejandro P\u00e9rez cuentan detalles sobre c\u00f3mo un jurado se conforma a partir de ciudadanos seleccionados al azar de la comunidad. Similar a otros lugares del mundo, el n\u00famero de miembros predeterminado para armar los Jurados en nuestra jurisdicci\u00f3n es de 12 personas.<\/p>\n<p>El sorteo en una fecha y turno previstos de la Loter\u00eda Oficial de la Ciudad ser\u00e1 el punto de partida para encontrar a quienes tendr\u00e1n la responsabilidad de asumir, con su voto, el destino de un acusado en juicio. La Direcci\u00f3n Nacional Electoral remite a la Administraci\u00f3n de\u00a0Juicios por Jurados los nombres de las personas cuyas tres \u00faltimas cifras de sus DNI coincide con el n\u00famero sorteado. Se ingresa, luego, a la etapa de definir habilidades e inhabilidades de los candidatos, para finalizar reduciendo -con un segundo sorteo entre todos los habilitados y aprobados- a catorce el n\u00famero de ciudadanos a integrar un Jurado. Dos de ellos ser\u00e1n suplentes en el juicio.<\/p>\n<p>En la primera parte del video, la directora de Administraci\u00f3n de Juicios por Jurados, explica c\u00f3mo se instruye a los miembros del grupo, con la participaci\u00f3n del propio juez t\u00e9cnico de la causa. Alejandro P\u00e9rez indica que estas convocatorias se realizan para definir causas en las que fiscal\u00eda o parte querellante piden condenas superiores a los 20 a\u00f1os de c\u00e1rcel para el acusado. Inmediatamente nos hace notar que hablamos de causas importantes, fuertes, medi\u00e1ticas y con una gran incidencia en la opini\u00f3n de la sociedad.<\/p>\n<ul>\n<li>\u00bfSe les paga a los integrantes del jurado?<\/li>\n<li>\u00bfEs cierto que los desocupados eran el blanco para esta selecci\u00f3n de gente?<\/li>\n<li>\u00bfQu\u00e9 pasa cuando el acusado o la acusada por un delito es una persona de evidente popularidad en el pa\u00eds?<\/li>\n<li>\u00bfSe corren riesgos de que el veredicto termine afectado por un sesgo?<\/li>\n<\/ul>\n<p>Vale la pena ver el v\u00eddeo para comprender lo cerca que podemos estar de ese tenso clima que conocimos en algunos filmes.<br \/>\nHay algo que s\u00ed podemos anticipar: Debe haber unanimidad. Hasta que los doce miembros del jurado no se expidan en bloque por \u00abculpable\u00bb o \u00abinocente\u00bb, el proceso no llega a su fin. En el Juicio por Jurados no tiene validez ning\u00fan calculo matem\u00e1tico vinculado a una mayor\u00eda. Ning\u00fan porcentual. Todos de acuerdo o a seguir deliberando.<\/p>\n<p>&nbsp;<\/p>\n<p><img decoding=\"async\" loading=\"lazy\" class=\"alignnone size-full wp-image-685055\" src=\"https:\/\/www.diario5.com.ar\/wp-content\/uploads\/2024\/03\/juicio_por_jurados_02.jpg\" alt=\"\" width=\"1500\" height=\"744\" srcset=\"https:\/\/www.diario5.com.ar\/wp-content\/uploads\/2024\/03\/juicio_por_jurados_02.jpg 1500w, https:\/\/www.diario5.com.ar\/wp-content\/uploads\/2024\/03\/juicio_por_jurados_02-300x149.jpg 300w, https:\/\/www.diario5.com.ar\/wp-content\/uploads\/2024\/03\/juicio_por_jurados_02-1024x508.jpg 1024w, https:\/\/www.diario5.com.ar\/wp-content\/uploads\/2024\/03\/juicio_por_jurados_02-768x381.jpg 768w\" sizes=\"(max-width: 1500px) 100vw, 1500px\" \/><\/p>\n<p>&nbsp;<\/p>\n<p><img decoding=\"async\" loading=\"lazy\" class=\"aligncenter size-full wp-image-685057\" src=\"https:\/\/www.diario5.com.ar\/wp-content\/uploads\/2024\/03\/ar_capital_rosario20240314.jpg\" width=\"700\" height=\"929\" srcset=\"https:\/\/www.diario5.com.ar\/wp-content\/uploads\/2024\/03\/ar_capital_rosario20240314.jpg 700w, https:\/\/www.diario5.com.ar\/wp-content\/uploads\/2024\/03\/ar_capital_rosario20240314-226x300.jpg 226w\" sizes=\"(max-width: 700px) 100vw, 700px\" \/><\/p>\n<p><img decoding=\"async\" loading=\"lazy\" class=\"aligncenter size-full wp-image-685058\" src=\"https:\/\/www.diario5.com.ar\/wp-content\/uploads\/2024\/03\/esquiu20240314.jpg\" width=\"700\" height=\"920\" srcset=\"https:\/\/www.diario5.com.ar\/wp-content\/uploads\/2024\/03\/esquiu20240314.jpg 700w, https:\/\/www.diario5.com.ar\/wp-content\/uploads\/2024\/03\/esquiu20240314-228x300.jpg 228w\" sizes=\"(max-width: 700px) 100vw, 700px\" \/><\/p>\n<p><img decoding=\"async\" loading=\"lazy\" class=\"aligncenter size-full wp-image-685059\" src=\"https:\/\/www.diario5.com.ar\/wp-content\/uploads\/2024\/03\/voz_chaco20240314.jpg\" width=\"700\" height=\"828\" srcset=\"https:\/\/www.diario5.com.ar\/wp-content\/uploads\/2024\/03\/voz_chaco20240314.jpg 700w, https:\/\/www.diario5.com.ar\/wp-content\/uploads\/2024\/03\/voz_chaco20240314-254x300.jpg 254w\" sizes=\"(max-width: 700px) 100vw, 700px\" \/><\/p>\n<p><img decoding=\"async\" loading=\"lazy\" class=\"aligncenter size-full wp-image-685067\" src=\"https:\/\/www.diario5.com.ar\/wp-content\/uploads\/2024\/03\/ar_cronista20240314.jpg\" width=\"700\" height=\"1018\" srcset=\"https:\/\/www.diario5.com.ar\/wp-content\/uploads\/2024\/03\/ar_cronista20240314.jpg 700w, https:\/\/www.diario5.com.ar\/wp-content\/uploads\/2024\/03\/ar_cronista20240314-206x300.jpg 206w\" sizes=\"(max-width: 700px) 100vw, 700px\" \/><\/p>\n<p><img decoding=\"async\" loading=\"lazy\" class=\"aligncenter size-full wp-image-685060\" src=\"https:\/\/www.diario5.com.ar\/wp-content\/uploads\/2024\/03\/ar_eldia20240314.jpg\" width=\"700\" height=\"1042\" srcset=\"https:\/\/www.diario5.com.ar\/wp-content\/uploads\/2024\/03\/ar_eldia20240314.jpg 700w, https:\/\/www.diario5.com.ar\/wp-content\/uploads\/2024\/03\/ar_eldia20240314-202x300.jpg 202w, https:\/\/www.diario5.com.ar\/wp-content\/uploads\/2024\/03\/ar_eldia20240314-688x1024.jpg 688w\" sizes=\"(max-width: 700px) 100vw, 700px\" \/><\/p>\n<p><img decoding=\"async\" loading=\"lazy\" class=\"aligncenter size-full wp-image-685061\" src=\"https:\/\/www.diario5.com.ar\/wp-content\/uploads\/2024\/03\/ar_hoy20240314.jpg\" width=\"700\" height=\"922\" srcset=\"https:\/\/www.diario5.com.ar\/wp-content\/uploads\/2024\/03\/ar_hoy20240314.jpg 700w, https:\/\/www.diario5.com.ar\/wp-content\/uploads\/2024\/03\/ar_hoy20240314-228x300.jpg 228w\" sizes=\"(max-width: 700px) 100vw, 700px\" \/><\/p>\n<p><img decoding=\"async\" loading=\"lazy\" class=\"aligncenter size-full wp-image-685062\" src=\"https:\/\/www.diario5.com.ar\/wp-content\/uploads\/2024\/03\/ar_chubut20240314.jpg\" width=\"700\" height=\"901\" srcset=\"https:\/\/www.diario5.com.ar\/wp-content\/uploads\/2024\/03\/ar_chubut20240314.jpg 700w, https:\/\/www.diario5.com.ar\/wp-content\/uploads\/2024\/03\/ar_chubut20240314-233x300.jpg 233w\" sizes=\"(max-width: 700px) 100vw, 700px\" \/><\/p>\n<p><img decoding=\"async\" loading=\"lazy\" class=\"aligncenter size-full wp-image-685063\" src=\"https:\/\/www.diario5.com.ar\/wp-content\/uploads\/2024\/03\/ar_litoral20240314.jpg\" width=\"700\" height=\"917\" srcset=\"https:\/\/www.diario5.com.ar\/wp-content\/uploads\/2024\/03\/ar_litoral20240314.jpg 700w, https:\/\/www.diario5.com.ar\/wp-content\/uploads\/2024\/03\/ar_litoral20240314-229x300.jpg 229w\" sizes=\"(max-width: 700px) 100vw, 700px\" \/><\/p>\n<p><img decoding=\"async\" loading=\"lazy\" class=\"aligncenter size-full wp-image-685068\" src=\"https:\/\/www.diario5.com.ar\/wp-content\/uploads\/2024\/03\/ar_diario_cuyo20240314.jpg\" width=\"700\" height=\"1051\" srcset=\"https:\/\/www.diario5.com.ar\/wp-content\/uploads\/2024\/03\/ar_diario_cuyo20240314.jpg 700w, https:\/\/www.diario5.com.ar\/wp-content\/uploads\/2024\/03\/ar_diario_cuyo20240314-200x300.jpg 200w, https:\/\/www.diario5.com.ar\/wp-content\/uploads\/2024\/03\/ar_diario_cuyo20240314-682x1024.jpg 682w\" sizes=\"(max-width: 700px) 100vw, 700px\" \/><\/p>\n<p><img decoding=\"async\" src=\"https:\/\/img.kiosko.net\/2024\/03\/14\/ar\/huarpe.jpg\" \/><\/p>\n<p><img decoding=\"async\" loading=\"lazy\" class=\"aligncenter size-full wp-image-685069\" src=\"https:\/\/www.diario5.com.ar\/wp-content\/uploads\/2024\/03\/ar_diario_republica20240314.jpg\" width=\"700\" height=\"990\" srcset=\"https:\/\/www.diario5.com.ar\/wp-content\/uploads\/2024\/03\/ar_diario_republica20240314.jpg 700w, https:\/\/www.diario5.com.ar\/wp-content\/uploads\/2024\/03\/ar_diario_republica20240314-212x300.jpg 212w\" sizes=\"(max-width: 700px) 100vw, 700px\" \/><\/p>\n<p><img decoding=\"async\" loading=\"lazy\" class=\"aligncenter size-full wp-image-685070\" src=\"https:\/\/www.diario5.com.ar\/wp-content\/uploads\/2024\/03\/ar_litoral_sfe20240314.jpg\" width=\"700\" height=\"950\" srcset=\"https:\/\/www.diario5.com.ar\/wp-content\/uploads\/2024\/03\/ar_litoral_sfe20240314.jpg 700w, https:\/\/www.diario5.com.ar\/wp-content\/uploads\/2024\/03\/ar_litoral_sfe20240314-221x300.jpg 221w\" sizes=\"(max-width: 700px) 100vw, 700px\" \/><\/p>\n<p><img decoding=\"async\" loading=\"lazy\" class=\"aligncenter size-full wp-image-685064\" src=\"https:\/\/www.diario5.com.ar\/wp-content\/uploads\/2024\/03\/ciudadano20240314.jpg\" width=\"700\" height=\"922\" srcset=\"https:\/\/www.diario5.com.ar\/wp-content\/uploads\/2024\/03\/ciudadano20240314.jpg 700w, https:\/\/www.diario5.com.ar\/wp-content\/uploads\/2024\/03\/ciudadano20240314-228x300.jpg 228w\" sizes=\"(max-width: 700px) 100vw, 700px\" \/><\/p>\n<p><img decoding=\"async\" loading=\"lazy\" class=\"aligncenter size-full wp-image-685071\" src=\"https:\/\/www.diario5.com.ar\/wp-content\/uploads\/2024\/03\/ar_mirador_provincial20240314.jpg\" width=\"700\" height=\"939\" srcset=\"https:\/\/www.diario5.com.ar\/wp-content\/uploads\/2024\/03\/ar_mirador_provincial20240314.jpg 700w, https:\/\/www.diario5.com.ar\/wp-content\/uploads\/2024\/03\/ar_mirador_provincial20240314-224x300.jpg 224w\" sizes=\"(max-width: 700px) 100vw, 700px\" \/><\/p>\n<p><img decoding=\"async\" loading=\"lazy\" class=\"aligncenter size-full wp-image-685072\" src=\"https:\/\/www.diario5.com.ar\/wp-content\/uploads\/2024\/03\/ar_clarin20240314.jpg\" width=\"700\" height=\"977\" srcset=\"https:\/\/www.diario5.com.ar\/wp-content\/uploads\/2024\/03\/ar_clarin20240314.jpg 700w, https:\/\/www.diario5.com.ar\/wp-content\/uploads\/2024\/03\/ar_clarin20240314-215x300.jpg 215w\" sizes=\"(max-width: 700px) 100vw, 700px\" \/><\/p>\n<p><img decoding=\"async\" loading=\"lazy\" class=\"aligncenter size-full wp-image-685073\" src=\"https:\/\/www.diario5.com.ar\/wp-content\/uploads\/2024\/03\/nacion20240314.jpg\" width=\"699\" height=\"1059\" srcset=\"https:\/\/www.diario5.com.ar\/wp-content\/uploads\/2024\/03\/nacion20240314.jpg 699w, https:\/\/www.diario5.com.ar\/wp-content\/uploads\/2024\/03\/nacion20240314-198x300.jpg 198w, https:\/\/www.diario5.com.ar\/wp-content\/uploads\/2024\/03\/nacion20240314-676x1024.jpg 676w\" sizes=\"(max-width: 699px) 100vw, 699px\" \/><\/p>\n<p><img decoding=\"async\" loading=\"lazy\" class=\"aligncenter size-full wp-image-685065\" src=\"https:\/\/www.diario5.com.ar\/wp-content\/uploads\/2024\/03\/nuevo_diario20240314.jpg\" width=\"700\" height=\"1083\" srcset=\"https:\/\/www.diario5.com.ar\/wp-content\/uploads\/2024\/03\/nuevo_diario20240314.jpg 700w, https:\/\/www.diario5.com.ar\/wp-content\/uploads\/2024\/03\/nuevo_diario20240314-194x300.jpg 194w, https:\/\/www.diario5.com.ar\/wp-content\/uploads\/2024\/03\/nuevo_diario20240314-662x1024.jpg 662w\" sizes=\"(max-width: 700px) 100vw, 700px\" \/><\/p>\n<p><img decoding=\"async\" loading=\"lazy\" class=\"aligncenter size-full wp-image-685066\" src=\"https:\/\/www.diario5.com.ar\/wp-content\/uploads\/2024\/03\/ar_ancasti20240314.jpg\" width=\"700\" height=\"906\" srcset=\"https:\/\/www.diario5.com.ar\/wp-content\/uploads\/2024\/03\/ar_ancasti20240314.jpg 700w, https:\/\/www.diario5.com.ar\/wp-content\/uploads\/2024\/03\/ar_ancasti20240314-232x300.jpg 232w\" sizes=\"(max-width: 700px) 100vw, 700px\" \/><\/p>\n<p><img decoding=\"async\" loading=\"lazy\" class=\"aligncenter size-full wp-image-685074\" src=\"https:\/\/www.diario5.com.ar\/wp-content\/uploads\/2024\/03\/ar_rio_negro20240314.jpg\" width=\"700\" height=\"1058\" srcset=\"https:\/\/www.diario5.com.ar\/wp-content\/uploads\/2024\/03\/ar_rio_negro20240314.jpg 700w, https:\/\/www.diario5.com.ar\/wp-content\/uploads\/2024\/03\/ar_rio_negro20240314-198x300.jpg 198w, https:\/\/www.diario5.com.ar\/wp-content\/uploads\/2024\/03\/ar_rio_negro20240314-678x1024.jpg 678w\" sizes=\"(max-width: 700px) 100vw, 700px\" \/><\/p>\n<p>&nbsp;<\/p>\n<p>&nbsp;<\/p>","protected":false},"excerpt":{"rendered":"<p>El \u00e1mbito judicial lo tiene incorporado como cualquiera de tantos aspectos de un universo complejo en el que todas las herramientas disponibles pueden y deben ser utilizadas para los esclarecimientos. Pero, para el global de los mortales, esos misterios abiertos en batallas jur\u00eddicas de leyenda, con \u00ablos doce honorables\u00bb definiendo -por s\u00ed o por no- [&hellip;]<\/p>","protected":false},"author":3,"featured_media":685051,"comment_status":"open","ping_status":"open","sticky":false,"template":"","format":"standard","meta":[],"categories":[724,52,56],"tags":[1443,1437,1434,1433,474,1438,630,1440,1435,1441,1442,1436,1432,1439,1444],"series":[],"_links":{"self":[{"href":"https:\/\/www.diario5.com.ar\/es\/wp-json\/wp\/v2\/posts\/677183"}],"collection":[{"href":"https:\/\/www.diario5.com.ar\/es\/wp-json\/wp\/v2\/posts"}],"about":[{"href":"https:\/\/www.diario5.com.ar\/es\/wp-json\/wp\/v2\/types\/post"}],"author":[{"embeddable":true,"href":"https:\/\/www.diario5.com.ar\/es\/wp-json\/wp\/v2\/users\/3"}],"replies":[{"embeddable":true,"href":"https:\/\/www.diario5.com.ar\/es\/wp-json\/wp\/v2\/comments?post=677183"}],"version-history":[{"count":6,"href":"https:\/\/www.diario5.com.ar\/es\/wp-json\/wp\/v2\/posts\/677183\/revisions"}],"predecessor-version":[{"id":685075,"href":"https:\/\/www.diario5.com.ar\/es\/wp-json\/wp\/v2\/posts\/677183\/revisions\/685075"}],"wp:featuredmedia":[{"embeddable":true,"href":"https:\/\/www.diario5.com.ar\/es\/wp-json\/wp\/v2\/media\/685051"}],"wp:attachment":[{"href":"https:\/\/www.diario5.com.ar\/es\/wp-json\/wp\/v2\/media?parent=677183"}],"wp:term":[{"taxonomy":"category","embeddable":true,"href":"https:\/\/www.diario5.com.ar\/es\/wp-json\/wp\/v2\/categories?post=677183"},{"taxonomy":"post_tag","embeddable":true,"href":"https:\/\/www.diario5.com.ar\/es\/wp-json\/wp\/v2\/tags?post=677183"},{"taxonomy":"series","embeddable":true,"href":"https:\/\/www.diario5.com.ar\/es\/wp-json\/wp\/v2\/series?post=677183"}],"curies":[{"name":"wp","href":"https:\/\/api.w.org\/{rel}","templated":true}]}}