{"id":677170,"date":"2024-03-01T06:11:00","date_gmt":"2024-03-01T09:11:00","guid":{"rendered":"http:\/\/diario5.com.ar\/?p=677170"},"modified":"2024-05-30T01:54:14","modified_gmt":"2024-05-30T04:54:14","slug":"677170","status":"publish","type":"post","link":"https:\/\/www.diario5.com.ar\/es\/677170\/","title":{"rendered":"Reciclaje electr\u00f3nico I"},"content":{"rendered":"<h2 class=\"sub-title-primary\">Cap\u00edtulo 1 de un informe referido a uno de los temas que ganan importancia en el proceso de despejar el camino hacia una vida humana libre de contaminaciones en las m\u00faltiples etapas que deber\u00e1 atravesar en el futuro.<\/h2> <p><img decoding=\"async\" loading=\"lazy\" class=\"aligncenter size-full wp-image-684809\" src=\"https:\/\/www.diario5.com.ar\/wp-content\/uploads\/2024\/03\/AdobeStock_38812225-1-120240301.jpg\" width=\"700\" height=\"468\" srcset=\"https:\/\/www.diario5.com.ar\/wp-content\/uploads\/2024\/03\/AdobeStock_38812225-1-120240301.jpg 700w, https:\/\/www.diario5.com.ar\/wp-content\/uploads\/2024\/03\/AdobeStock_38812225-1-120240301-300x201.jpg 300w\" sizes=\"(max-width: 700px) 100vw, 700px\" \/><\/p>\n<p>El reciclaje electr\u00f3nico o reciclaje de desechos electr\u00f3nicos, es un proceso de recuperaci\u00f3n de materiales y componentes de dispositivos electr\u00f3nicos que ya no se utilizan. Con el r\u00e1pido avance tecnol\u00f3gico, los aparatos como computadoras, tel\u00e9fonos inteligentes, tabletas, televisores y otros dispositivos se han convertido en una parte omnipresente de la vida moderna. Sin embargo, a medida de que estos dispositivos llegan al final de su ciclo de vida, surgen riesgos para el medio ambiente y la salud si no se eliminan adecuadamente.<\/p>\n<p>Estos productos contienen diversos materiales peligrosos como plomo, mercurio, cadmio y retardantes de llama bromados. Si no se eliminan a partir de un m\u00e9todo bien planificado, estas sustancias pueden filtrarse al suelo y al agua y contaminar el medio ambiente y exponer la salud humana a decenas de riesgos.<\/p>\n<p>Estos procesos de reciclaje ayudan a conservar recursos valiosos como metales (oro, plata, cobre) y elementos de tierras raras (neodimio, tantalio) que se utilizan en la producci\u00f3n de muchos dispositivos. Al recuperar estos materiales mediante el reciclaje, se reduce la necesidad de nuevas extracciones y miner\u00eda, mitigando as\u00ed el impacto ambiental de la extracci\u00f3n de recursos.<\/p>\n<p>Hay destacan que el reciclaje adecuado de electr\u00f3nicos tambi\u00e9n implica la desinfecci\u00f3n o destrucci\u00f3n de datos para garantizar que la informaci\u00f3n confidencial almacenada en los dispositivos no se vea comprometida. Esto parecer\u00eda ser importante para empresas e individuos que almacenan datos personales o confidenciales en sus dispositivos electr\u00f3nicos. Aunque para la autora de este reporte se trate de una insignificancia, dado que nadie dejar\u00eda datos importantes en un aparato a desechar, cumplimos en incluirlo como \u00edtem motivador de esta forma especial de recuperaci\u00f3n.<\/p>\n<p>Los pa\u00edses van implementando leyes y regulaciones que rigen el reciclaje y la eliminaci\u00f3n de desechos electr\u00f3nicos. El plan es mitigar el impacto ambiental. De la mano de las regulaciones, hoy es clave que se impulse a los fabricantes a asumir la responsabilidad de la gesti\u00f3n del final de la vida \u00fatil de sus productos a trav\u00e9s de programas de devoluci\u00f3n u otros medios.<\/p>\n<p>El proceso de reciclaje generalmente implica varios pasos, que incluyen recolecci\u00f3n, clasificaci\u00f3n, desmantelamiento, trituraci\u00f3n y separaci\u00f3n de materiales. Una vez separados, materiales como metales, pl\u00e1sticos, vidrio y placas de circuitos se pueden reciclar y utilizar en la producci\u00f3n de nuevos productos electr\u00f3nicos u otros productos.<\/p>\n<p>A pesar de la importancia del reciclaje de productos electr\u00f3nicos, existen varios desaf\u00edos asociados con \u00e9l, incluida la falta de conciencia entre los consumidores, la infraestructura inadecuada para la recolecci\u00f3n y el reciclaje. La peor parte de cuando no hay una conciencia equilibrada y un poder justo en este tipo de procesos, es la exportaci\u00f3n de desechos electr\u00f3nicos a pa\u00edses en desarrollo con leyes ambientales menos estrictas, ambiguas o nulas.<\/p>\n<p>Pregunta: \u00bfEstamos nosotros entre esos pa\u00edses?<\/p>\n<p>Respuesta: \u00bfHace falta pensar mucho si s\u00ed o no?<\/p>\n<p>Se puede reducir la generaci\u00f3n de desechos electr\u00f3nicos en primera instancia cuando, adem\u00e1s del reciclaje, se promueven pr\u00e1cticas de consumo responsable, como la durabilidad, reparabilidad y actualizaci\u00f3n del producto.<\/p>\n<p>En este extendido pero sencillo proceso deben participar y colaborar gobiernos, fabricantes, consumidores, instalaciones de reciclaje y comunicadores responsables. Si est\u00e1n esos cinco jugadores en la cancha, se podr\u00e1 garantizar una gesti\u00f3n eficaz de los residuos electr\u00f3nicos durante todo su ciclo de vida.<\/p>\n<p><!--googleoff: index--><br \/>\n<!--googleon: index--><br \/>\n<img decoding=\"async\" loading=\"lazy\" class=\"aligncenter size-full wp-image-684810\" src=\"https:\/\/www.diario5.com.ar\/wp-content\/uploads\/2024\/03\/ar_capital_rosario20240301.jpg\" width=\"700\" height=\"922\" srcset=\"https:\/\/www.diario5.com.ar\/wp-content\/uploads\/2024\/03\/ar_capital_rosario20240301.jpg 700w, https:\/\/www.diario5.com.ar\/wp-content\/uploads\/2024\/03\/ar_capital_rosario20240301-228x300.jpg 228w\" sizes=\"(max-width: 700px) 100vw, 700px\" \/><\/p>\n<p><img decoding=\"async\" loading=\"lazy\" class=\"aligncenter size-full wp-image-684811\" src=\"https:\/\/www.diario5.com.ar\/wp-content\/uploads\/2024\/03\/esquiu20240301.jpg\" width=\"700\" height=\"920\" srcset=\"https:\/\/www.diario5.com.ar\/wp-content\/uploads\/2024\/03\/esquiu20240301.jpg 700w, https:\/\/www.diario5.com.ar\/wp-content\/uploads\/2024\/03\/esquiu20240301-228x300.jpg 228w\" sizes=\"(max-width: 700px) 100vw, 700px\" \/><\/p>\n<p><img decoding=\"async\" loading=\"lazy\" class=\"aligncenter size-full wp-image-684812\" src=\"https:\/\/www.diario5.com.ar\/wp-content\/uploads\/2024\/03\/ar_hoy20240301.jpg\" width=\"700\" height=\"923\" srcset=\"https:\/\/www.diario5.com.ar\/wp-content\/uploads\/2024\/03\/ar_hoy20240301.jpg 700w, https:\/\/www.diario5.com.ar\/wp-content\/uploads\/2024\/03\/ar_hoy20240301-228x300.jpg 228w\" sizes=\"(max-width: 700px) 100vw, 700px\" \/><\/p>\n<p><img decoding=\"async\" loading=\"lazy\" class=\"aligncenter size-full wp-image-684813\" src=\"https:\/\/www.diario5.com.ar\/wp-content\/uploads\/2024\/03\/ar_chubut20240301.jpg\" width=\"700\" height=\"901\" srcset=\"https:\/\/www.diario5.com.ar\/wp-content\/uploads\/2024\/03\/ar_chubut20240301.jpg 700w, https:\/\/www.diario5.com.ar\/wp-content\/uploads\/2024\/03\/ar_chubut20240301-233x300.jpg 233w\" sizes=\"(max-width: 700px) 100vw, 700px\" \/><\/p>\n<p><img decoding=\"async\" loading=\"lazy\" class=\"aligncenter size-full wp-image-684814\" src=\"https:\/\/www.diario5.com.ar\/wp-content\/uploads\/2024\/03\/ar_litoral20240301.jpg\" width=\"700\" height=\"917\" srcset=\"https:\/\/www.diario5.com.ar\/wp-content\/uploads\/2024\/03\/ar_litoral20240301.jpg 700w, https:\/\/www.diario5.com.ar\/wp-content\/uploads\/2024\/03\/ar_litoral20240301-229x300.jpg 229w\" sizes=\"(max-width: 700px) 100vw, 700px\" \/><\/p>\n<p><img decoding=\"async\" loading=\"lazy\" class=\"aligncenter size-full wp-image-684815\" src=\"https:\/\/www.diario5.com.ar\/wp-content\/uploads\/2024\/03\/ar_diario_republica20240301.jpg\" width=\"700\" height=\"982\" srcset=\"https:\/\/www.diario5.com.ar\/wp-content\/uploads\/2024\/03\/ar_diario_republica20240301.jpg 700w, https:\/\/www.diario5.com.ar\/wp-content\/uploads\/2024\/03\/ar_diario_republica20240301-214x300.jpg 214w\" sizes=\"(max-width: 700px) 100vw, 700px\" \/><\/p>\n<p><img decoding=\"async\" loading=\"lazy\" class=\"aligncenter size-full wp-image-684816\" src=\"https:\/\/www.diario5.com.ar\/wp-content\/uploads\/2024\/03\/ciudadano20240301.jpg\" width=\"700\" height=\"945\" srcset=\"https:\/\/www.diario5.com.ar\/wp-content\/uploads\/2024\/03\/ciudadano20240301.jpg 700w, https:\/\/www.diario5.com.ar\/wp-content\/uploads\/2024\/03\/ciudadano20240301-222x300.jpg 222w\" sizes=\"(max-width: 700px) 100vw, 700px\" \/><\/p>\n<p><img decoding=\"async\" loading=\"lazy\" class=\"aligncenter size-full wp-image-684817\" src=\"https:\/\/www.diario5.com.ar\/wp-content\/uploads\/2024\/03\/ar_clarin20240301.jpg\" width=\"700\" height=\"963\" srcset=\"https:\/\/www.diario5.com.ar\/wp-content\/uploads\/2024\/03\/ar_clarin20240301.jpg 700w, https:\/\/www.diario5.com.ar\/wp-content\/uploads\/2024\/03\/ar_clarin20240301-218x300.jpg 218w\" sizes=\"(max-width: 700px) 100vw, 700px\" \/><\/p>\n<p><img decoding=\"async\" loading=\"lazy\" class=\"aligncenter size-full wp-image-684818\" src=\"https:\/\/www.diario5.com.ar\/wp-content\/uploads\/2024\/03\/nuevo_diario20240301.jpg\" width=\"700\" height=\"1083\" srcset=\"https:\/\/www.diario5.com.ar\/wp-content\/uploads\/2024\/03\/nuevo_diario20240301.jpg 700w, https:\/\/www.diario5.com.ar\/wp-content\/uploads\/2024\/03\/nuevo_diario20240301-194x300.jpg 194w, https:\/\/www.diario5.com.ar\/wp-content\/uploads\/2024\/03\/nuevo_diario20240301-662x1024.jpg 662w\" sizes=\"(max-width: 700px) 100vw, 700px\" \/><\/p>","protected":false},"excerpt":{"rendered":"<p>Cap\u00edtulo 1 de un informe referido a uno de los temas que ganan importancia en el proceso de despejar el camino hacia una vida humana libre de contaminaciones en las m\u00faltiples etapas que deber\u00e1 atravesar en el futuro. El reciclaje electr\u00f3nico o reciclaje de desechos electr\u00f3nicos, es un proceso de recuperaci\u00f3n de materiales y componentes [&hellip;]<\/p>","protected":false},"author":27,"featured_media":684809,"comment_status":"open","ping_status":"open","sticky":false,"template":"","format":"standard","meta":[],"categories":[95,52,48,56,98],"tags":[126,1870,1826,1893,71,1868,1869],"series":[],"_links":{"self":[{"href":"https:\/\/www.diario5.com.ar\/es\/wp-json\/wp\/v2\/posts\/677170"}],"collection":[{"href":"https:\/\/www.diario5.com.ar\/es\/wp-json\/wp\/v2\/posts"}],"about":[{"href":"https:\/\/www.diario5.com.ar\/es\/wp-json\/wp\/v2\/types\/post"}],"author":[{"embeddable":true,"href":"https:\/\/www.diario5.com.ar\/es\/wp-json\/wp\/v2\/users\/27"}],"replies":[{"embeddable":true,"href":"https:\/\/www.diario5.com.ar\/es\/wp-json\/wp\/v2\/comments?post=677170"}],"version-history":[{"count":3,"href":"https:\/\/www.diario5.com.ar\/es\/wp-json\/wp\/v2\/posts\/677170\/revisions"}],"predecessor-version":[{"id":686612,"href":"https:\/\/www.diario5.com.ar\/es\/wp-json\/wp\/v2\/posts\/677170\/revisions\/686612"}],"wp:featuredmedia":[{"embeddable":true,"href":"https:\/\/www.diario5.com.ar\/es\/wp-json\/wp\/v2\/media\/684809"}],"wp:attachment":[{"href":"https:\/\/www.diario5.com.ar\/es\/wp-json\/wp\/v2\/media?parent=677170"}],"wp:term":[{"taxonomy":"category","embeddable":true,"href":"https:\/\/www.diario5.com.ar\/es\/wp-json\/wp\/v2\/categories?post=677170"},{"taxonomy":"post_tag","embeddable":true,"href":"https:\/\/www.diario5.com.ar\/es\/wp-json\/wp\/v2\/tags?post=677170"},{"taxonomy":"series","embeddable":true,"href":"https:\/\/www.diario5.com.ar\/es\/wp-json\/wp\/v2\/series?post=677170"}],"curies":[{"name":"wp","href":"https:\/\/api.w.org\/{rel}","templated":true}]}}