{"id":676161,"date":"2024-02-20T06:22:00","date_gmt":"2024-02-20T09:22:00","guid":{"rendered":"http:\/\/diario5.com.ar\/?p=676161"},"modified":"2024-02-20T06:24:21","modified_gmt":"2024-02-20T09:24:21","slug":"676161","status":"publish","type":"post","link":"https:\/\/www.diario5.com.ar\/es\/676161\/","title":{"rendered":"En un idioma extraterrestre"},"content":{"rendered":"<h2 class=\"sub-title-primary\"><\/h2> <p><img decoding=\"async\" loading=\"lazy\" class=\"aligncenter size-full wp-image-684634\" src=\"https:\/\/www.diario5.com.ar\/wp-content\/uploads\/2024\/02\/N47WNB4VPNBMXKEUE2PBVGKOGY20240220.jpg\" width=\"700\" height=\"393\" srcset=\"https:\/\/www.diario5.com.ar\/wp-content\/uploads\/2024\/02\/N47WNB4VPNBMXKEUE2PBVGKOGY20240220.jpg 700w, https:\/\/www.diario5.com.ar\/wp-content\/uploads\/2024\/02\/N47WNB4VPNBMXKEUE2PBVGKOGY20240220-300x168.jpg 300w\" sizes=\"(max-width: 700px) 100vw, 700px\" \/><\/p>\n<p>La capacidad que debe tener una empresa de distribuci\u00f3n de electricidad para una gran ciudad depende del tama\u00f1o de la poblaci\u00f3n, el nivel de industrializaci\u00f3n, las actividades comerciales, los patrones de consumo residencial y las proyecciones de crecimiento futuro de la ciudad.<\/p>\n<p>La ciudad de Buenos Aires requiere de empresas de distribuci\u00f3n de electricidad con una capacidad sustancial para satisfacer las demandas de sus residentes, comercios, empresas e industrias.<\/p>\n<p>La compa\u00f1\u00eda necesita contar con una infraestructura que incluya subestaciones, transformadores, l\u00edneas de distribuci\u00f3n y otros equipos necesarios para transmitir y distribuir electricidad por toda la ciudad.<\/p>\n<p>La planificaci\u00f3n de capacidad tiene que ser exhaustiva. Se necesita anticipar el crecimiento futuro de la demanda y garantizar que la infraestructura existente se adapte a las crecientes necesidades de electricidad a lo largo del tiempo.<\/p>\n<p>\u00bfQu\u00e9 impica esto?<\/p>\n<p>Invertir en nueva tecnolog\u00eda, mejorar la infraestructura existente y ampliar la capacidad seg\u00fan sea necesario.<\/p>\n<p>Se observa que Edesur cumpla con esa premisa?<\/p>\n<p>No.<\/p>\n<p>Toda empresa de distribuci\u00f3n debe priorizar la resiliencia de la red para minimizar el impacto de los cortes y las interrupciones. En \u00e1reas urbanas densamente pobladas como las que hay en buenos Aires, donde los cortes de energ\u00eda tienen consecuencias a todo nivel, incluidas la seguridad p\u00fablica, el comercio y la calidad de vida, la inversi\u00f3n es un ABC salteado, tanto por Edesur como por Edenor.<\/p>\n<p>\u00bfTecnolog\u00eda de red inteligente?<\/p>\n<p>Parece que hay gente dedicada a hacer chistes futuristas.<\/p>\n<p>La implementaci\u00f3n de tecnolog\u00eda de red inteligente le mejor\u00f3 la eficiencia y confiabilidad de la distribuci\u00f3n de electricidad a varias ciudades de Europa y de los Estados Unidos. La llamada AMI (infraestructura de medici\u00f3n avanzada) con grandes capacidades de monitoreo en tiempo real, optimizan el suministro de energ\u00eda y responden r\u00e1pidamente a fallas o emergencias.<\/p>\n<p>Para una empresa com Edesur es como si estuvi\u00e9ramos hablando en un idioma extraterrestre.<\/p>\n<p>Algo b\u00e1sico: una empresa de electricidad \u00bfdebe contar con mecanismos efectivos de soporte y servicio al cliente para atender consultas, quejas y solicitudes de servicio de residentes y empresas de la ciudad? \u00bfo se considera v\u00e1lido un chat pedorro que siempre est\u00e1 reprogramando una hora falsa para el regreso del suministro suspendido, como tiene la empresa de los Bemberg, Escasany y Reca?<\/p>\n<p>El cumplimiento de los requisitos y est\u00e1ndares regulatorios resulta algo normal en la empresas que brindan servicios el\u00e9ctricos en los pa\u00edses serios, donde las leyes son para todos. As\u00ed se garantiza un funcionamiento seguro y confiable de la red de distribuci\u00f3n el\u00e9ctrica.<\/p>\n<p>En esas naciones las empresas debe cumplir con las regulaciones pertinentes y participar en procesos regulatorios para mantener el cumplimiento y la responsabilidad.<\/p>\n<p>Aqu\u00ed, no.<\/p>\n<p>Aparte, al haber un \u00e9nfasis creciente en la sostenibilidad ambiental y la reducci\u00f3n de las emisiones de carbono en el sector energ\u00e9tico, se cae de maduro que la distribuidora deba considerar la integraci\u00f3n de fuentes de energ\u00eda renovables. No por tener una oficinita con un nombre rimbombante para el universo ecol\u00f3gico, una distribuidora de segunda l\u00ednea como la que nos toca tener, se va a convertir en la reina de la eficiencia energ\u00e9tica que respeta el medio ambiente con sus operaciones.<\/p>\n<p>La eficiencia y eficacia de Edesur para cumplir con los tiempos de facturaci\u00f3n, incluyendo cualquier aumento pertinente, es absolutamente innegable y digna de destacar.<\/p>\n<p><!--googleoff: index--><br \/>\n<!--googleon: index--><br \/>\n<img decoding=\"async\" loading=\"lazy\" class=\"aligncenter size-full wp-image-684635\" src=\"https:\/\/www.diario5.com.ar\/wp-content\/uploads\/2024\/02\/ar_capital_rosario20240220.jpg\" width=\"700\" height=\"907\" srcset=\"https:\/\/www.diario5.com.ar\/wp-content\/uploads\/2024\/02\/ar_capital_rosario20240220.jpg 700w, https:\/\/www.diario5.com.ar\/wp-content\/uploads\/2024\/02\/ar_capital_rosario20240220-232x300.jpg 232w\" sizes=\"(max-width: 700px) 100vw, 700px\" \/><\/p>\n<p><img decoding=\"async\" src=\"https:\/\/img.kiosko.net\/2024\/02\/20\/ar\/ar_nueva_provincia.jpg\" \/><\/p>\n<p><img decoding=\"async\" src=\"https:\/\/img.kiosko.net\/2024\/02\/20\/ar\/ar_duplicado.jpg\" \/><\/p>\n<p><img decoding=\"async\" loading=\"lazy\" class=\"aligncenter size-full wp-image-684636\" src=\"https:\/\/www.diario5.com.ar\/wp-content\/uploads\/2024\/02\/esquiu20240220.jpg\" width=\"700\" height=\"920\" srcset=\"https:\/\/www.diario5.com.ar\/wp-content\/uploads\/2024\/02\/esquiu20240220.jpg 700w, https:\/\/www.diario5.com.ar\/wp-content\/uploads\/2024\/02\/esquiu20240220-228x300.jpg 228w\" sizes=\"(max-width: 700px) 100vw, 700px\" \/><\/p>\n<p><img decoding=\"async\" src=\"https:\/\/img.kiosko.net\/2024\/02\/20\/ar\/ar_diario_norte.jpg\" \/><\/p>\n<p><img decoding=\"async\" loading=\"lazy\" class=\"aligncenter size-full wp-image-684637\" src=\"https:\/\/www.diario5.com.ar\/wp-content\/uploads\/2024\/02\/voz_chaco20240220.jpg\" width=\"700\" height=\"815\" srcset=\"https:\/\/www.diario5.com.ar\/wp-content\/uploads\/2024\/02\/voz_chaco20240220.jpg 700w, https:\/\/www.diario5.com.ar\/wp-content\/uploads\/2024\/02\/voz_chaco20240220-258x300.jpg 258w\" sizes=\"(max-width: 700px) 100vw, 700px\" \/><\/p>\n<p><img decoding=\"async\" src=\"https:\/\/img.kiosko.net\/2024\/02\/20\/ar\/ar_diario_madryn.jpg\" \/><\/p>\n<p><img decoding=\"async\" src=\"https:\/\/img.kiosko.net\/2024\/02\/20\/ar\/ar_laprensa.jpg\" \/><\/p>\n<p><img decoding=\"async\" src=\"https:\/\/img.kiosko.net\/2024\/02\/20\/ar\/ar_cronista.jpg\" \/><\/p>\n<p><img decoding=\"async\" src=\"https:\/\/img.kiosko.net\/2024\/02\/20\/ar\/buenosaires_economico.jpg\" \/><\/p>\n<p><img decoding=\"async\" src=\"https:\/\/img.kiosko.net\/2024\/02\/20\/ar\/ar_perfil.jpg\" \/><\/p>\n<p><img decoding=\"async\" loading=\"lazy\" class=\"aligncenter size-full wp-image-684638\" src=\"https:\/\/www.diario5.com.ar\/wp-content\/uploads\/2024\/02\/ar_eldia20240220.jpg\" width=\"699\" height=\"1041\" srcset=\"https:\/\/www.diario5.com.ar\/wp-content\/uploads\/2024\/02\/ar_eldia20240220.jpg 699w, https:\/\/www.diario5.com.ar\/wp-content\/uploads\/2024\/02\/ar_eldia20240220-201x300.jpg 201w, https:\/\/www.diario5.com.ar\/wp-content\/uploads\/2024\/02\/ar_eldia20240220-688x1024.jpg 688w\" sizes=\"(max-width: 699px) 100vw, 699px\" \/><\/p>\n<p><img decoding=\"async\" loading=\"lazy\" class=\"aligncenter size-full wp-image-684639\" src=\"https:\/\/www.diario5.com.ar\/wp-content\/uploads\/2024\/02\/ar_hoy20240220.jpg\" width=\"700\" height=\"910\" srcset=\"https:\/\/www.diario5.com.ar\/wp-content\/uploads\/2024\/02\/ar_hoy20240220.jpg 700w, https:\/\/www.diario5.com.ar\/wp-content\/uploads\/2024\/02\/ar_hoy20240220-231x300.jpg 231w\" sizes=\"(max-width: 700px) 100vw, 700px\" \/><\/p>\n<p><img decoding=\"async\" src=\"https:\/\/img.kiosko.net\/2024\/02\/20\/ar\/ar_democracia.jpg\" \/><\/p>\n<p><img decoding=\"async\" loading=\"lazy\" class=\"aligncenter size-full wp-image-684640\" src=\"https:\/\/www.diario5.com.ar\/wp-content\/uploads\/2024\/02\/ar_chubut20240220.jpg\" width=\"700\" height=\"903\" srcset=\"https:\/\/www.diario5.com.ar\/wp-content\/uploads\/2024\/02\/ar_chubut20240220.jpg 700w, https:\/\/www.diario5.com.ar\/wp-content\/uploads\/2024\/02\/ar_chubut20240220-233x300.jpg 233w\" sizes=\"(max-width: 700px) 100vw, 700px\" \/><\/p>\n<p><img decoding=\"async\" src=\"https:\/\/img.kiosko.net\/2024\/02\/20\/ar\/ar_epoca.jpg\" \/><\/p>\n<p><img decoding=\"async\" loading=\"lazy\" class=\"aligncenter size-full wp-image-684641\" src=\"https:\/\/www.diario5.com.ar\/wp-content\/uploads\/2024\/02\/ar_litoral20240220.jpg\" width=\"700\" height=\"917\" srcset=\"https:\/\/www.diario5.com.ar\/wp-content\/uploads\/2024\/02\/ar_litoral20240220.jpg 700w, https:\/\/www.diario5.com.ar\/wp-content\/uploads\/2024\/02\/ar_litoral20240220-229x300.jpg 229w\" sizes=\"(max-width: 700px) 100vw, 700px\" \/><\/p>\n<p><img decoding=\"async\" src=\"https:\/\/img.kiosko.net\/2024\/02\/20\/ar\/ar_heraldo.jpg\" \/><\/p>\n<p><img decoding=\"async\" src=\"https:\/\/img.kiosko.net\/2024\/02\/20\/ar\/ar_manana_formosa.jpg\" \/><\/p>\n<p><img decoding=\"async\" src=\"https:\/\/img.kiosko.net\/2024\/02\/20\/ar\/ar_diario_pampa.jpg\" \/><\/p>\n<p><img decoding=\"async\" src=\"https:\/\/img.kiosko.net\/2024\/02\/20\/ar\/ar_pagina12.jpg\" \/><\/p>\n<p><img decoding=\"async\" src=\"https:\/\/img.kiosko.net\/2024\/02\/20\/ar\/ar_arena.jpg\" \/><\/p>\n<p><img decoding=\"async\" src=\"https:\/\/img.kiosko.net\/2024\/02\/20\/ar\/independiente.jpg\" \/><\/p>\n<p><img decoding=\"async\" src=\"https:\/\/img.kiosko.net\/2024\/02\/20\/ar\/nueva_rioja.jpg\" \/><\/p>\n<p><img decoding=\"async\" src=\"https:\/\/img.kiosko.net\/2024\/02\/20\/ar\/ar_losandes.jpg\" \/><\/p>\n<p><img decoding=\"async\" src=\"https:\/\/img.kiosko.net\/2024\/02\/20\/ar\/ar_tribuno.jpg\" \/><\/p>\n<p><img decoding=\"async\" src=\"https:\/\/img.kiosko.net\/2024\/02\/20\/ar\/lea.jpg\" \/><\/p>\n<p><img decoding=\"async\" src=\"https:\/\/img.kiosko.net\/2024\/02\/20\/ar\/ar_nuevo_diario.jpg\" \/><\/p>\n<p><img decoding=\"async\" src=\"https:\/\/img.kiosko.net\/2024\/02\/20\/ar\/ar_diario_cuyo.jpg\" \/><\/p>\n<p><img decoding=\"async\" src=\"https:\/\/img.kiosko.net\/2024\/02\/20\/ar\/huarpe.jpg\" \/><\/p>\n<p><img decoding=\"async\" loading=\"lazy\" class=\"aligncenter size-full wp-image-684642\" src=\"https:\/\/www.diario5.com.ar\/wp-content\/uploads\/2024\/02\/ar_diario_republica20240220.jpg\" width=\"700\" height=\"990\" srcset=\"https:\/\/www.diario5.com.ar\/wp-content\/uploads\/2024\/02\/ar_diario_republica20240220.jpg 700w, https:\/\/www.diario5.com.ar\/wp-content\/uploads\/2024\/02\/ar_diario_republica20240220-212x300.jpg 212w\" sizes=\"(max-width: 700px) 100vw, 700px\" \/><\/p>\n<p><img decoding=\"async\" src=\"https:\/\/img.kiosko.net\/2024\/02\/20\/ar\/ar_litoral_sfe.jpg\" \/><\/p>\n<p><img decoding=\"async\" loading=\"lazy\" class=\"aligncenter size-full wp-image-684643\" src=\"https:\/\/www.diario5.com.ar\/wp-content\/uploads\/2024\/02\/ciudadano20240220.jpg\" width=\"700\" height=\"922\" srcset=\"https:\/\/www.diario5.com.ar\/wp-content\/uploads\/2024\/02\/ciudadano20240220.jpg 700w, https:\/\/www.diario5.com.ar\/wp-content\/uploads\/2024\/02\/ciudadano20240220-228x300.jpg 228w\" sizes=\"(max-width: 700px) 100vw, 700px\" \/><\/p>\n<p><img decoding=\"async\" src=\"https:\/\/img.kiosko.net\/2024\/02\/20\/ar\/ar_mirador_provincial.jpg\" \/><\/p>\n<p><img decoding=\"async\" src=\"https:\/\/img.kiosko.net\/2024\/02\/20\/ar\/ar_gaceta.jpg\" \/><\/p>\n<p><img decoding=\"async\" src=\"https:\/\/img.kiosko.net\/2024\/02\/20\/ar\/ar_cronica.jpg\" \/><\/p>\n<p><img decoding=\"async\" loading=\"lazy\" class=\"aligncenter size-full wp-image-684644\" src=\"https:\/\/www.diario5.com.ar\/wp-content\/uploads\/2024\/02\/ar_clarin20240220.jpg\" width=\"700\" height=\"965\" srcset=\"https:\/\/www.diario5.com.ar\/wp-content\/uploads\/2024\/02\/ar_clarin20240220.jpg 700w, https:\/\/www.diario5.com.ar\/wp-content\/uploads\/2024\/02\/ar_clarin20240220-218x300.jpg 218w\" sizes=\"(max-width: 700px) 100vw, 700px\" \/><\/p>\n<p><img decoding=\"async\" src=\"https:\/\/img.kiosko.net\/2024\/02\/20\/ar\/nacion.jpg\" \/><\/p>\n<p><img decoding=\"async\" src=\"https:\/\/img.kiosko.net\/2024\/02\/20\/ar\/ar_eco.jpg\" \/><\/p>\n<p><img decoding=\"async\" loading=\"lazy\" class=\"aligncenter size-full wp-image-684645\" src=\"https:\/\/www.diario5.com.ar\/wp-content\/uploads\/2024\/02\/nuevo_diario20240220.jpg\" width=\"700\" height=\"1047\" srcset=\"https:\/\/www.diario5.com.ar\/wp-content\/uploads\/2024\/02\/nuevo_diario20240220.jpg 700w, https:\/\/www.diario5.com.ar\/wp-content\/uploads\/2024\/02\/nuevo_diario20240220-201x300.jpg 201w, https:\/\/www.diario5.com.ar\/wp-content\/uploads\/2024\/02\/nuevo_diario20240220-685x1024.jpg 685w\" sizes=\"(max-width: 700px) 100vw, 700px\" \/><\/p>\n<p><img decoding=\"async\" src=\"https:\/\/img.kiosko.net\/2024\/02\/20\/ar\/sureno.jpg\" \/><\/p>\n<p><img decoding=\"async\" src=\"https:\/\/img.kiosko.net\/2024\/02\/20\/ar\/ar_duplicado.jpg\" \/><\/p>\n<p><img decoding=\"async\" src=\"https:\/\/img.kiosko.net\/2024\/02\/20\/ar\/tiempo_sur.jpg\" \/><\/p>\n<p><img decoding=\"async\" src=\"https:\/\/img.kiosko.net\/2024\/02\/20\/ar\/tiempo_argentino.jpg\" \/><\/p>\n<p><img decoding=\"async\" src=\"https:\/\/img.kiosko.net\/2024\/02\/20\/ar\/ar_epoca.jpg\" \/><\/p>\n<p><img decoding=\"async\" src=\"https:\/\/img.kiosko.net\/2024\/02\/20\/ar\/ar_elsol.jpg\" \/><\/p>\n<p><img decoding=\"async\" src=\"https:\/\/img.kiosko.net\/2024\/02\/20\/ar\/ar_ancasti.jpg\" \/><\/p>\n<p><img decoding=\"async\" src=\"https:\/\/img.kiosko.net\/2024\/02\/20\/ar\/ar_rio_negro.jpg\" \/><\/p>\n<p><img decoding=\"async\" src=\"https:\/\/img.kiosko.net\/2024\/02\/20\/ar\/ar_03.jpg\" \/><\/p>\n<p><img decoding=\"async\" src=\"https:\/\/img.kiosko.net\/2024\/02\/20\/ar\/ar_04.jpg\" \/><\/p>\n<p><img decoding=\"async\" src=\"https:\/\/img.kiosko.net\/2024\/02\/20\/ar\/ar_05.jpg\" \/><\/p>\n<p>&nbsp;<\/p>","protected":false},"excerpt":{"rendered":"<p>La capacidad que debe tener una empresa de distribuci\u00f3n de electricidad para una gran ciudad depende del tama\u00f1o de la poblaci\u00f3n, el nivel de industrializaci\u00f3n, las actividades comerciales, los patrones de consumo residencial y las proyecciones de crecimiento futuro de la ciudad. La ciudad de Buenos Aires requiere de empresas de distribuci\u00f3n de electricidad con [&hellip;]<\/p>","protected":false},"author":4,"featured_media":684634,"comment_status":"open","ping_status":"open","sticky":false,"template":"","format":"standard","meta":[],"categories":[75,482,962,3,56],"tags":[474,630,523,994,1300,1236,537],"series":[],"_links":{"self":[{"href":"https:\/\/www.diario5.com.ar\/es\/wp-json\/wp\/v2\/posts\/676161"}],"collection":[{"href":"https:\/\/www.diario5.com.ar\/es\/wp-json\/wp\/v2\/posts"}],"about":[{"href":"https:\/\/www.diario5.com.ar\/es\/wp-json\/wp\/v2\/types\/post"}],"author":[{"embeddable":true,"href":"https:\/\/www.diario5.com.ar\/es\/wp-json\/wp\/v2\/users\/4"}],"replies":[{"embeddable":true,"href":"https:\/\/www.diario5.com.ar\/es\/wp-json\/wp\/v2\/comments?post=676161"}],"version-history":[{"count":2,"href":"https:\/\/www.diario5.com.ar\/es\/wp-json\/wp\/v2\/posts\/676161\/revisions"}],"predecessor-version":[{"id":684633,"href":"https:\/\/www.diario5.com.ar\/es\/wp-json\/wp\/v2\/posts\/676161\/revisions\/684633"}],"wp:featuredmedia":[{"embeddable":true,"href":"https:\/\/www.diario5.com.ar\/es\/wp-json\/wp\/v2\/media\/684634"}],"wp:attachment":[{"href":"https:\/\/www.diario5.com.ar\/es\/wp-json\/wp\/v2\/media?parent=676161"}],"wp:term":[{"taxonomy":"category","embeddable":true,"href":"https:\/\/www.diario5.com.ar\/es\/wp-json\/wp\/v2\/categories?post=676161"},{"taxonomy":"post_tag","embeddable":true,"href":"https:\/\/www.diario5.com.ar\/es\/wp-json\/wp\/v2\/tags?post=676161"},{"taxonomy":"series","embeddable":true,"href":"https:\/\/www.diario5.com.ar\/es\/wp-json\/wp\/v2\/series?post=676161"}],"curies":[{"name":"wp","href":"https:\/\/api.w.org\/{rel}","templated":true}]}}