{"id":676147,"date":"2024-02-06T06:22:00","date_gmt":"2024-02-06T09:22:00","guid":{"rendered":"http:\/\/diario5.com.ar\/?p=676147"},"modified":"2024-02-06T06:25:29","modified_gmt":"2024-02-06T09:25:29","slug":"676147","status":"publish","type":"post","link":"https:\/\/www.diario5.com.ar\/es\/676147\/","title":{"rendered":"Tradiciones culturales indigeribles"},"content":{"rendered":"<h2 class=\"sub-title-primary\"><\/h2> <p><!--googleoff: index--><br \/>\n<!--googleon: index--><\/p>\n<p><img decoding=\"async\" loading=\"lazy\" class=\"aligncenter size-full wp-image-684290\" src=\"https:\/\/www.diario5.com.ar\/wp-content\/uploads\/2024\/02\/230511060105-01-fgm-protest-poster-012307-file20240206.jpg\" width=\"700\" height=\"466\" srcset=\"https:\/\/www.diario5.com.ar\/wp-content\/uploads\/2024\/02\/230511060105-01-fgm-protest-poster-012307-file20240206.jpg 700w, https:\/\/www.diario5.com.ar\/wp-content\/uploads\/2024\/02\/230511060105-01-fgm-protest-poster-012307-file20240206-300x200.jpg 300w\" sizes=\"(max-width: 700px) 100vw, 700px\" \/><\/p>\n<p>El a\u00f1o pasado, en v\u00edsperas del D\u00eda Internacional de Tolerancia Cero con la Mutilaci\u00f3n Genital Femenina (MGF), el 6 de febrero de 2023, autoridades de la CEE (*), se unieron para reafirmar el firme compromiso de la Uni\u00f3n Europea para erradicar la mutilaci\u00f3n genital femenina en todo el mundo y adoptaron las siguientes medidas declaraci\u00f3n:<\/p>\n<p><em>\u201cLa mutilaci\u00f3n genital femenina es una violaci\u00f3n de los derechos humanos y una forma de violencia contra las mujeres y las ni\u00f1as. La mutilaci\u00f3n genital femenina no tiene beneficios para la salud y causa da\u00f1os de por vida a mujeres y ni\u00f1as.<\/em><\/p>\n<p><em>Afecta a m\u00e1s de 200 millones de personas en todo el mundo, de las cuales se estima que 600.000 viven en Europa. Debemos tomar medidas decididas para lograr cambios y erradicar esta pr\u00e1ctica si queremos cumplir con el plazo de los Objetivos de Desarrollo Sostenible (meta 5.3) de cero mutilaci\u00f3n genital femenina para 2030.<\/em><\/p>\n<p><em>Transformar las normas sociales y de g\u00e9nero asoci\u00e1ndonos con hombres y ni\u00f1os es clave para poner fin a la mutilaci\u00f3n genital femenina. La UE ha estado apoyando el Programa Conjunto UNFPA-UNICEF para la Eliminaci\u00f3n de la Mutilaci\u00f3n Genital Femenina con 18,5 millones de euros desde 2016, estableciendo 1.758 coaliciones de hombres y ni\u00f1os.<\/em><\/p>\n<p><em>El a\u00f1o pasado, la Comisi\u00f3n propuso normas a nivel de la UE para combatir la violencia contra las mujeres. Las nuevas normas incluir\u00e1n la penalizaci\u00f3n de la mutilaci\u00f3n genital femenina en toda la UE. Este a\u00f1o tambi\u00e9n presentaremos una recomendaci\u00f3n sobre c\u00f3mo prevenir, en primer lugar, pr\u00e1cticas nocivas contra mujeres y ni\u00f1as.<\/em><\/p>\n<p><em>A menudo, la mutilaci\u00f3n genital femenina no se practica en la UE, sino en un tercer pa\u00eds, donde se traen ni\u00f1as con ese fin. A partir de marzo, la polic\u00eda y los guardias fronterizos recibir\u00e1n alertas cuando est\u00e9n tratando con una persona en riesgo de sufrir violencia de g\u00e9nero, incluida la mutilaci\u00f3n genital femenina, gracias al Sistema de Informaci\u00f3n Schengen actualizado.<\/em><\/p>\n<p><em>Al celebrar este a\u00f1o el 75\u00ba(**) aniversario de la Declaraci\u00f3n Universal de Derechos Humanos, ha llegado el momento de que las mujeres y las ni\u00f1as est\u00e9n libres de la violencia de una vez por todas. Es nuestra responsabilidad proteger su derecho a la seguridad y a la autonom\u00eda corporal. La mutilaci\u00f3n genital femenina debe terminar\u201d.\u00a0<\/em><\/p>\n<p>&nbsp;<\/p>\n<p>La mutilaci\u00f3n genital femenina (MGF) comprende todos los procedimientos que implican la extirpaci\u00f3n parcial o total de los genitales externos femeninos u otras lesiones de los \u00f3rganos genitales femeninos por razones no m\u00e9dicas, seg\u00fan lo define la Organizaci\u00f3n Mundial de la Salud. Se estima que 190.000 ni\u00f1as s\u00f3lo en 17 pa\u00edses europeos corren el riesgo de ser mutiladas, mientras que\u00a0600.000 mujeres viven con las consecuencias de la mutilaci\u00f3n genital femenina\u00a0en Europa. Cada a\u00f1o, al menos 20.000 mujeres y ni\u00f1as llegan a Europa desde pa\u00edses con riesgo de mutilaci\u00f3n genital femenina en busca de asilo. La mutilaci\u00f3n genital femenina se lleva a cabo err\u00f3neamente por diversas razones culturales o sociales en ni\u00f1as desde la infancia hasta los 15 a\u00f1os. La mutilaci\u00f3n genital femenina constituye una forma de violencia contra mujeres y ni\u00f1as; tiene graves consecuencias f\u00edsicas y psicol\u00f3gicas para toda la vida.<\/p>\n<p>La Comisi\u00f3n Europea est\u00e1 firmemente comprometida a poner fin a todas las formas de violencia de g\u00e9nero en consonancia con las pol\u00edticas de igualdad de la Uni\u00f3n. Este compromiso se describe en el\u00a0Plan de Acci\u00f3n de la UE sobre Derechos Humanos y Democracia 2020-2024\u00a0, la\u00a0Estrategia de Igualdad de G\u00e9nero de la UE 2020-2025\u00a0, el\u00a0Plan de Acci\u00f3n de G\u00e9nero de la UE III\u00a0y la\u00a0Estrategia de la UE sobre los Derechos del Ni\u00f1o\u00a0, cuyo objetivo es poner fin a la violencia contra los ni\u00f1os, incluida la mutilaci\u00f3n genital femenina, tanto dentro como fuera de la UE. De acuerdo con estas pol\u00edticas y nuestro compromiso de poner fin a la mutilaci\u00f3n genital femenina en Europa y en todo el mundo, apoyamos y cooperamos con los sobrevivientes, las familias y comunidades afectadas, los expertos y los responsables pol\u00edticos.<\/p>\n<p>La criminalizaci\u00f3n de la mutilaci\u00f3n genital femenina es necesaria seg\u00fan\u00a0el Convenio del Consejo de Europa\u00a0sobre prevenci\u00f3n y lucha contra la violencia contra las mujeres y la violencia dom\u00e9stica. El Convenio est\u00e1 firmado por todos los Estados miembros de la UE y hasta ahora ha sido ratificado por 21 Estados miembros. La Comisi\u00f3n ha estado trabajando junto con el Consejo para lograr la adhesi\u00f3n de la UE a la Convenci\u00f3n y sigue plenamente comprometida con la adhesi\u00f3n a la UE.<\/p>\n<p>El 8 de marzo de 2022, la Comisi\u00f3n present\u00f3\u00a0una nueva propuesta para prevenir y combatir la violencia contra las mujeres y la violencia dom\u00e9stica\u00a0y adoptar\u00e1 una Recomendaci\u00f3n espec\u00edfica sobre la prevenci\u00f3n de pr\u00e1cticas nocivas, incluida la mutilaci\u00f3n genital femenina, en 2023. Esto incluir\u00eda apoyo y protecci\u00f3n adicionales y especializados para sus v\u00edctimas.<\/p>\n<p>El Programa Ciudadanos, Igualdad, Derechos y Valores (CERV) ofrece financiaci\u00f3n para proyectos que abordan la violencia de g\u00e9nero, incluida la mutilaci\u00f3n genital femenina. En el marco de la convocatoria de propuestas DAPHNE 2022, se seleccionaron diez proyectos y se les otorgaron 5,6 millones de euros para abordar cuestiones como la prevenci\u00f3n del matrimonio infantil en la comunidad roman\u00ed en Bulgaria, espacios seguros para que las mujeres y ni\u00f1as inmigrantes compartan sus experiencias en Luxemburgo y m\u00e1s. en general, involucrar a los j\u00f3venes para prevenir la mutilaci\u00f3n genital femenina en Europa.<\/p>\n<p>Las autoridades nacionales ya pueden confiar en el renovado Sistema de Informaci\u00f3n de Schengen. Proporciona una nueva categor\u00eda de alerta para evitar los viajes de posibles v\u00edctimas identificadas, protegiendo a mujeres y ni\u00f1as vulnerables en riesgo de convertirse en v\u00edctimas de violencia de g\u00e9nero, incluida la mutilaci\u00f3n genital femenina.<\/p>\n<p>La\u00a0Convenci\u00f3n de las Naciones Unidas sobre los derechos del ni\u00f1o de 1989\u00a0, de la que son parte todos los Estados miembros de la UE, tambi\u00e9n condena la violencia contra los ni\u00f1os, incluida la mutilaci\u00f3n genital femenina. En 2021, la Comisi\u00f3n adopt\u00f3 una\u00a0Estrategia integral de la UE sobre los Derechos del Ni\u00f1o\u00a0, que contiene acciones y recomendaciones concretas para poner fin a todas las formas de violencia contra los ni\u00f1os, incluida la mutilaci\u00f3n genital femenina.<\/p>\n<p>En el contexto de la acci\u00f3n exterior y la cooperaci\u00f3n al desarrollo, poner fin a la mutilaci\u00f3n genital femenina sigue siendo una acci\u00f3n clave en el marco del\u00a0Plan de Acci\u00f3n de la UE sobre Derechos Humanos y Democracia 2020-2024\u00a0y el\u00a0Plan de Acci\u00f3n de G\u00e9nero de la UE 2021-2025\u00a0. Esto se refleja en di\u00e1logos pol\u00edticos, as\u00ed como en acciones concretas, por ejemplo, a trav\u00e9s del apoyo al\u00a0Programa Conjunto Mundial UNFPA\/UNICEF para la Eliminaci\u00f3n de la Mutilaci\u00f3n Genital Femenina\u00a0, la\u00a0Iniciativa del Equipo Europa sobre Salud y Derechos Sexuales y Reproductivos en \u00c1frica\u00a0, y\u00a0Spotlight Programa Regional de \u00c1frica\u00a0, que dedic\u00f3 7,5 millones de euros a abordar esta pr\u00e1ctica en 17 pa\u00edses socios. A pesar de las restricciones durante la pandemia de COVID-19, alrededor de 650.000 mujeres y ni\u00f1as recibieron servicios contra la violencia de g\u00e9nero, incluido apoyo para la prevenci\u00f3n de pr\u00e1cticas nocivas. La UE tambi\u00e9n apoya proyectos que abordan la mutilaci\u00f3n genital femenina a nivel nacional a trav\u00e9s de su Instrumento Europeo para la Democracia y los Derechos Humanos (IEDDH). Por ejemplo, en Somalia, la UE apoya el empoderamiento de las OSC para ejercer presi\u00f3n y abogar por la adopci\u00f3n de pol\u00edticas sobre la mutilaci\u00f3n genital femenina, mientras que, en Sud\u00e1n, la UE apoya la reforma legislativa para el abandono de la mutilaci\u00f3n genital femenina en las comunidades rurales.<\/p>\n<p>La UE tambi\u00e9n ha estado apoyando el\u00a0Programa Conjunto UNFPA-UNICEF para la Eliminaci\u00f3n de la Mutilaci\u00f3n Genital Femenina\u00a0con una contribuci\u00f3n total de 18,5 millones de euros desde 2016. La UE busca transformar las normas sociales y de g\u00e9nero asoci\u00e1ndose con hombres y ni\u00f1os, lo cual es clave para poner fin a la mutilaci\u00f3n genital femenina. Para 2021, el programa hab\u00eda establecido 1.758 coaliciones de hombres y ni\u00f1os para abogar activamente por la eliminaci\u00f3n de la mutilaci\u00f3n genital femenina en sus familias y comunidades.<\/p>\n<p>El\u00a0Pacto sobre migraci\u00f3n y asilo\u00a0presentado por la Comisi\u00f3n en septiembre de 2020 tambi\u00e9n tiene como objetivo reforzar las salvaguardias de protecci\u00f3n disponibles para las personas con necesidades especiales y garantiza el derecho a recibir protecci\u00f3n internacional de mujeres y ni\u00f1as que temen ser perseguidas o corren el riesgo de sufrir mutilaci\u00f3n genital femenina.<\/p>\n<h6>* el Alto Representante de la Uni\u00f3n para Asuntos Exteriores y Pol\u00edtica de Seguridad\/Vicepresidente de la Comisi\u00f3n, Josep Borrel l, Vicepresidente <strong>de<\/strong>\u00a0Valores y Transparencia, V\u011bra\u00a0<strong>Jourov\u00e1,<\/strong>\u00a0la vicepresidenta de Demograf\u00eda y Democracia, Dubravka\u00a0<strong>\u0160uica<\/strong>\u00a0, la comisaria de Igualdad, Helena\u00a0<strong>Dalli<\/strong>\u00a0 y la comisaria de Asociaciones Internacionales, Jutta\u00a0<strong>Urpilainen<\/strong><\/h6>\n<h6>**Ahora, 76\u00ba<\/h6>\n<p><img decoding=\"async\" loading=\"lazy\" class=\"aligncenter size-full wp-image-684291\" src=\"https:\/\/www.diario5.com.ar\/wp-content\/uploads\/2024\/02\/ar_capital_rosario20240206.jpg\" width=\"700\" height=\"907\" srcset=\"https:\/\/www.diario5.com.ar\/wp-content\/uploads\/2024\/02\/ar_capital_rosario20240206.jpg 700w, https:\/\/www.diario5.com.ar\/wp-content\/uploads\/2024\/02\/ar_capital_rosario20240206-232x300.jpg 232w\" sizes=\"(max-width: 700px) 100vw, 700px\" \/><\/p>\n<p><img decoding=\"async\" src=\"https:\/\/img.kiosko.net\/2024\/02\/06\/ar\/ar_nueva_provincia.jpg\" \/><\/p>\n<p><img decoding=\"async\" src=\"https:\/\/img.kiosko.net\/2024\/02\/06\/ar\/ar_duplicado.jpg\" \/><\/p>\n<p><img decoding=\"async\" loading=\"lazy\" class=\"aligncenter size-full wp-image-684292\" src=\"https:\/\/www.diario5.com.ar\/wp-content\/uploads\/2024\/02\/esquiu20240206.jpg\" width=\"700\" height=\"920\" srcset=\"https:\/\/www.diario5.com.ar\/wp-content\/uploads\/2024\/02\/esquiu20240206.jpg 700w, https:\/\/www.diario5.com.ar\/wp-content\/uploads\/2024\/02\/esquiu20240206-228x300.jpg 228w\" sizes=\"(max-width: 700px) 100vw, 700px\" \/><\/p>\n<p><img decoding=\"async\" src=\"https:\/\/img.kiosko.net\/2024\/02\/06\/ar\/ar_diario_norte.jpg\" \/><\/p>\n<p><img decoding=\"async\" loading=\"lazy\" class=\"aligncenter size-full wp-image-684293\" src=\"https:\/\/www.diario5.com.ar\/wp-content\/uploads\/2024\/02\/voz_chaco20240206.jpg\" width=\"700\" height=\"815\" srcset=\"https:\/\/www.diario5.com.ar\/wp-content\/uploads\/2024\/02\/voz_chaco20240206.jpg 700w, https:\/\/www.diario5.com.ar\/wp-content\/uploads\/2024\/02\/voz_chaco20240206-258x300.jpg 258w\" sizes=\"(max-width: 700px) 100vw, 700px\" \/><\/p>\n<p><img decoding=\"async\" src=\"https:\/\/img.kiosko.net\/2024\/02\/06\/ar\/ar_diario_madryn.jpg\" \/><\/p>\n<p><img decoding=\"async\" src=\"https:\/\/img.kiosko.net\/2024\/02\/06\/ar\/ar_laprensa.jpg\" \/><\/p>\n<p><img decoding=\"async\" src=\"https:\/\/img.kiosko.net\/2024\/02\/06\/ar\/ar_cronista.jpg\" \/><\/p>\n<p><img decoding=\"async\" src=\"https:\/\/img.kiosko.net\/2024\/02\/06\/ar\/buenosaires_economico.jpg\" \/><\/p>\n<p><img decoding=\"async\" src=\"https:\/\/img.kiosko.net\/2024\/02\/06\/ar\/ar_perfil.jpg\" \/><\/p>\n<p><img decoding=\"async\" loading=\"lazy\" class=\"aligncenter size-full wp-image-684294\" src=\"https:\/\/www.diario5.com.ar\/wp-content\/uploads\/2024\/02\/ar_eldia20240206.jpg\" width=\"700\" height=\"1042\" srcset=\"https:\/\/www.diario5.com.ar\/wp-content\/uploads\/2024\/02\/ar_eldia20240206.jpg 700w, https:\/\/www.diario5.com.ar\/wp-content\/uploads\/2024\/02\/ar_eldia20240206-202x300.jpg 202w, https:\/\/www.diario5.com.ar\/wp-content\/uploads\/2024\/02\/ar_eldia20240206-688x1024.jpg 688w\" sizes=\"(max-width: 700px) 100vw, 700px\" \/><\/p>\n<p><img decoding=\"async\" loading=\"lazy\" class=\"aligncenter size-full wp-image-684295\" src=\"https:\/\/www.diario5.com.ar\/wp-content\/uploads\/2024\/02\/ar_hoy20240206.jpg\" width=\"700\" height=\"925\" srcset=\"https:\/\/www.diario5.com.ar\/wp-content\/uploads\/2024\/02\/ar_hoy20240206.jpg 700w, https:\/\/www.diario5.com.ar\/wp-content\/uploads\/2024\/02\/ar_hoy20240206-227x300.jpg 227w\" sizes=\"(max-width: 700px) 100vw, 700px\" \/><\/p>\n<p><img decoding=\"async\" src=\"https:\/\/img.kiosko.net\/2024\/02\/06\/ar\/ar_democracia.jpg\" \/><\/p>\n<p><img decoding=\"async\" loading=\"lazy\" class=\"aligncenter size-full wp-image-684296\" src=\"https:\/\/www.diario5.com.ar\/wp-content\/uploads\/2024\/02\/ar_chubut20240206.jpg\" width=\"700\" height=\"896\" srcset=\"https:\/\/www.diario5.com.ar\/wp-content\/uploads\/2024\/02\/ar_chubut20240206.jpg 700w, https:\/\/www.diario5.com.ar\/wp-content\/uploads\/2024\/02\/ar_chubut20240206-234x300.jpg 234w\" sizes=\"(max-width: 700px) 100vw, 700px\" \/><\/p>\n<p><img decoding=\"async\" src=\"https:\/\/img.kiosko.net\/2024\/02\/06\/ar\/ar_epoca.jpg\" \/><\/p>\n<p><img decoding=\"async\" loading=\"lazy\" class=\"aligncenter size-full wp-image-684297\" src=\"https:\/\/www.diario5.com.ar\/wp-content\/uploads\/2024\/02\/ar_litoral20240206.jpg\" width=\"700\" height=\"933\" srcset=\"https:\/\/www.diario5.com.ar\/wp-content\/uploads\/2024\/02\/ar_litoral20240206.jpg 700w, https:\/\/www.diario5.com.ar\/wp-content\/uploads\/2024\/02\/ar_litoral20240206-225x300.jpg 225w\" sizes=\"(max-width: 700px) 100vw, 700px\" \/><\/p>\n<p><img decoding=\"async\" src=\"https:\/\/img.kiosko.net\/2024\/02\/06\/ar\/ar_heraldo.jpg\" \/><\/p>\n<p><img decoding=\"async\" src=\"https:\/\/img.kiosko.net\/2024\/02\/06\/ar\/ar_manana_formosa.jpg\" \/><\/p>\n<p><img decoding=\"async\" src=\"https:\/\/img.kiosko.net\/2024\/02\/06\/ar\/ar_diario_pampa.jpg\" \/><\/p>\n<p><img decoding=\"async\" src=\"https:\/\/img.kiosko.net\/2024\/02\/06\/ar\/ar_pagina12.jpg\" \/><\/p>\n<p><img decoding=\"async\" src=\"https:\/\/img.kiosko.net\/2024\/02\/06\/ar\/ar_arena.jpg\" \/><\/p>\n<p><img decoding=\"async\" src=\"https:\/\/img.kiosko.net\/2024\/02\/06\/ar\/independiente.jpg\" \/><\/p>\n<p><img decoding=\"async\" src=\"https:\/\/img.kiosko.net\/2024\/02\/06\/ar\/nueva_rioja.jpg\" \/><\/p>\n<p><img decoding=\"async\" src=\"https:\/\/img.kiosko.net\/2024\/02\/06\/ar\/ar_losandes.jpg\" \/><\/p>\n<p><img decoding=\"async\" src=\"https:\/\/img.kiosko.net\/2024\/02\/06\/ar\/ar_tribuno.jpg\" \/><\/p>\n<p><img decoding=\"async\" src=\"https:\/\/img.kiosko.net\/2024\/02\/06\/ar\/lea.jpg\" \/><\/p>\n<p><img decoding=\"async\" src=\"https:\/\/img.kiosko.net\/2024\/02\/06\/ar\/ar_nuevo_diario.jpg\" \/><\/p>\n<p><img decoding=\"async\" loading=\"lazy\" class=\"aligncenter size-full wp-image-684298\" src=\"https:\/\/www.diario5.com.ar\/wp-content\/uploads\/2024\/02\/ar_diario_cuyo20240206.jpg\" width=\"700\" height=\"1050\" srcset=\"https:\/\/www.diario5.com.ar\/wp-content\/uploads\/2024\/02\/ar_diario_cuyo20240206.jpg 700w, https:\/\/www.diario5.com.ar\/wp-content\/uploads\/2024\/02\/ar_diario_cuyo20240206-200x300.jpg 200w, https:\/\/www.diario5.com.ar\/wp-content\/uploads\/2024\/02\/ar_diario_cuyo20240206-683x1024.jpg 683w\" sizes=\"(max-width: 700px) 100vw, 700px\" \/><\/p>\n<p><img decoding=\"async\" src=\"https:\/\/img.kiosko.net\/2024\/02\/06\/ar\/huarpe.jpg\" \/><\/p>\n<p><img decoding=\"async\" loading=\"lazy\" class=\"aligncenter size-full wp-image-684299\" src=\"https:\/\/www.diario5.com.ar\/wp-content\/uploads\/2024\/02\/ar_diario_republica20240206.jpg\" width=\"700\" height=\"979\" srcset=\"https:\/\/www.diario5.com.ar\/wp-content\/uploads\/2024\/02\/ar_diario_republica20240206.jpg 700w, https:\/\/www.diario5.com.ar\/wp-content\/uploads\/2024\/02\/ar_diario_republica20240206-215x300.jpg 215w\" sizes=\"(max-width: 700px) 100vw, 700px\" \/><\/p>\n<p><img decoding=\"async\" src=\"https:\/\/img.kiosko.net\/2024\/02\/06\/ar\/ar_litoral_sfe.jpg\" \/><\/p>\n<p><img decoding=\"async\" loading=\"lazy\" class=\"aligncenter size-full wp-image-684300\" src=\"https:\/\/www.diario5.com.ar\/wp-content\/uploads\/2024\/02\/ciudadano20240206.jpg\" width=\"700\" height=\"932\" srcset=\"https:\/\/www.diario5.com.ar\/wp-content\/uploads\/2024\/02\/ciudadano20240206.jpg 700w, https:\/\/www.diario5.com.ar\/wp-content\/uploads\/2024\/02\/ciudadano20240206-225x300.jpg 225w\" sizes=\"(max-width: 700px) 100vw, 700px\" \/><\/p>\n<p><img decoding=\"async\" src=\"https:\/\/img.kiosko.net\/2024\/02\/06\/ar\/ar_mirador_provincial.jpg\" \/><\/p>\n<p><img decoding=\"async\" src=\"https:\/\/img.kiosko.net\/2024\/02\/06\/ar\/ar_gaceta.jpg\" \/><\/p>\n<p><img decoding=\"async\" src=\"https:\/\/img.kiosko.net\/2024\/02\/06\/ar\/ar_cronica.jpg\" \/><\/p>\n<p><img decoding=\"async\" loading=\"lazy\" class=\"aligncenter size-full wp-image-684301\" src=\"https:\/\/www.diario5.com.ar\/wp-content\/uploads\/2024\/02\/ar_clarin20240206.jpg\" width=\"700\" height=\"963\" srcset=\"https:\/\/www.diario5.com.ar\/wp-content\/uploads\/2024\/02\/ar_clarin20240206.jpg 700w, https:\/\/www.diario5.com.ar\/wp-content\/uploads\/2024\/02\/ar_clarin20240206-218x300.jpg 218w\" sizes=\"(max-width: 700px) 100vw, 700px\" \/><\/p>\n<p><img decoding=\"async\" src=\"https:\/\/img.kiosko.net\/2024\/02\/06\/ar\/nacion.jpg\" \/><\/p>\n<p><img decoding=\"async\" src=\"https:\/\/img.kiosko.net\/2024\/02\/06\/ar\/ar_eco.jpg\" \/><\/p>\n<p><img decoding=\"async\" src=\"https:\/\/img.kiosko.net\/2024\/02\/06\/ar\/nuevo_diario.jpg\" \/><\/p>\n<p><img decoding=\"async\" src=\"https:\/\/img.kiosko.net\/2024\/02\/06\/ar\/sureno.jpg\" \/><\/p>\n<p><img decoding=\"async\" src=\"https:\/\/img.kiosko.net\/2024\/02\/06\/ar\/ar_duplicado.jpg\" \/><\/p>\n<p><img decoding=\"async\" src=\"https:\/\/img.kiosko.net\/2024\/02\/06\/ar\/tiempo_sur.jpg\" \/><\/p>\n<p><img decoding=\"async\" src=\"https:\/\/img.kiosko.net\/2024\/02\/06\/ar\/tiempo_argentino.jpg\" \/><\/p>\n<p><img decoding=\"async\" src=\"https:\/\/img.kiosko.net\/2024\/02\/06\/ar\/ar_epoca.jpg\" \/><\/p>\n<p><img decoding=\"async\" src=\"https:\/\/img.kiosko.net\/2024\/02\/06\/ar\/ar_elsol.jpg\" \/><\/p>\n<p><img decoding=\"async\" loading=\"lazy\" class=\"aligncenter size-full wp-image-684302\" src=\"https:\/\/www.diario5.com.ar\/wp-content\/uploads\/2024\/02\/ar_ancasti20240206.jpg\" width=\"700\" height=\"954\" srcset=\"https:\/\/www.diario5.com.ar\/wp-content\/uploads\/2024\/02\/ar_ancasti20240206.jpg 700w, https:\/\/www.diario5.com.ar\/wp-content\/uploads\/2024\/02\/ar_ancasti20240206-220x300.jpg 220w\" sizes=\"(max-width: 700px) 100vw, 700px\" \/><\/p>\n<p><img decoding=\"async\" src=\"https:\/\/img.kiosko.net\/2024\/02\/06\/ar\/ar_rio_negro.jpg\" \/><\/p>\n<p><img decoding=\"async\" src=\"https:\/\/img.kiosko.net\/2024\/02\/06\/ar\/ar_03.jpg\" \/><\/p>\n<p><img decoding=\"async\" src=\"https:\/\/img.kiosko.net\/2024\/02\/06\/ar\/ar_04.jpg\" \/><\/p>\n<p><img decoding=\"async\" src=\"https:\/\/img.kiosko.net\/2024\/02\/06\/ar\/ar_05.jpg\" \/><\/p>\n<p>&nbsp;<\/p>","protected":false},"excerpt":{"rendered":"<p>El a\u00f1o pasado, en v\u00edsperas del D\u00eda Internacional de Tolerancia Cero con la Mutilaci\u00f3n Genital Femenina (MGF), el 6 de febrero de 2023, autoridades de la CEE (*), se unieron para reafirmar el firme compromiso de la Uni\u00f3n Europea para erradicar la mutilaci\u00f3n genital femenina en todo el mundo y adoptaron las siguientes medidas declaraci\u00f3n: [&hellip;]<\/p>","protected":false},"author":19,"featured_media":684290,"comment_status":"open","ping_status":"open","sticky":false,"template":"","format":"standard","meta":[],"categories":[5,56],"tags":[1160,1322,1302,1303,1317,1309,1321,1313,1319,1308,1297,1316,669,1293,1311,1300,1315,1312,1323,1294,1295,665,1325,1301,761,1310,1320,1314,1306,1318,1324,537,1307,1326,275,1304,763,1305,1296,1298,1299],"series":[],"_links":{"self":[{"href":"https:\/\/www.diario5.com.ar\/es\/wp-json\/wp\/v2\/posts\/676147"}],"collection":[{"href":"https:\/\/www.diario5.com.ar\/es\/wp-json\/wp\/v2\/posts"}],"about":[{"href":"https:\/\/www.diario5.com.ar\/es\/wp-json\/wp\/v2\/types\/post"}],"author":[{"embeddable":true,"href":"https:\/\/www.diario5.com.ar\/es\/wp-json\/wp\/v2\/users\/19"}],"replies":[{"embeddable":true,"href":"https:\/\/www.diario5.com.ar\/es\/wp-json\/wp\/v2\/comments?post=676147"}],"version-history":[{"count":4,"href":"https:\/\/www.diario5.com.ar\/es\/wp-json\/wp\/v2\/posts\/676147\/revisions"}],"predecessor-version":[{"id":684279,"href":"https:\/\/www.diario5.com.ar\/es\/wp-json\/wp\/v2\/posts\/676147\/revisions\/684279"}],"wp:featuredmedia":[{"embeddable":true,"href":"https:\/\/www.diario5.com.ar\/es\/wp-json\/wp\/v2\/media\/684290"}],"wp:attachment":[{"href":"https:\/\/www.diario5.com.ar\/es\/wp-json\/wp\/v2\/media?parent=676147"}],"wp:term":[{"taxonomy":"category","embeddable":true,"href":"https:\/\/www.diario5.com.ar\/es\/wp-json\/wp\/v2\/categories?post=676147"},{"taxonomy":"post_tag","embeddable":true,"href":"https:\/\/www.diario5.com.ar\/es\/wp-json\/wp\/v2\/tags?post=676147"},{"taxonomy":"series","embeddable":true,"href":"https:\/\/www.diario5.com.ar\/es\/wp-json\/wp\/v2\/series?post=676147"}],"curies":[{"name":"wp","href":"https:\/\/api.w.org\/{rel}","templated":true}]}}