{"id":676146,"date":"2024-02-05T06:22:00","date_gmt":"2024-02-05T09:22:00","guid":{"rendered":"http:\/\/diario5.com.ar\/?p=676146"},"modified":"2024-02-05T06:25:21","modified_gmt":"2024-02-05T09:25:21","slug":"676146","status":"publish","type":"post","link":"https:\/\/www.diario5.com.ar\/es\/676146\/","title":{"rendered":"Primera Vuelta al mundo"},"content":{"rendered":"<h2 class=\"sub-title-primary\">As\u00ed vamos a identificar durante la etapa de tratamiento de la Ley Omnibus en el Congreso a las repercusiones internacionales que surjan y de otras novedades notables de la Argentina. Roger Hamiton, desde Nueva York, en una recopilaci\u00f3n especial para Diario 5.<\/h2> <p><img decoding=\"async\" loading=\"lazy\" class=\"aligncenter size-full wp-image-684280\" src=\"https:\/\/www.diario5.com.ar\/wp-content\/uploads\/2024\/02\/0129-OSTRIKE-flag-LEDE20240205.jpg\" width=\"700\" height=\"466\" srcset=\"https:\/\/www.diario5.com.ar\/wp-content\/uploads\/2024\/02\/0129-OSTRIKE-flag-LEDE20240205.jpg 700w, https:\/\/www.diario5.com.ar\/wp-content\/uploads\/2024\/02\/0129-OSTRIKE-flag-LEDE20240205-300x200.jpg 300w\" sizes=\"(max-width: 700px) 100vw, 700px\" \/><\/p>\n<p>Comenzaremos reviendo la mirada inicial de algunos de los medios m\u00e1s buscados por las personas que se interesan en las noticias globales, m\u00e1s all\u00e1 de si tienen a los Estados Unidos como parte de la trama, o no.<\/p>\n<p>Comenzamos, hoy, con un panorama \u00abheterog\u00e9neo\u00bb, para ubicarnos, tambi\u00e9n, en la posici\u00f3n en la que cada medio se encuentra para plasmar la observaci\u00f3n que nos hacen .<\/p>\n<p>&nbsp;<\/p>\n<p><strong>Wall Street Journal<\/strong><\/p>\n<p>El Congreso de Argentina obliga al nuevo presidente a reducir ambiciosas reformas<br \/>\nCongreso aprueba proyecto de ley \u00f3mnibus del presidente Javier Milei tras aceptar reducir privatizaci\u00f3n de empresas estatales, entre otras concesiones<br \/>\nEl presidente argentino, Javier Milei, obtuvo el viernes la aprobaci\u00f3n de su primera reforma econ\u00f3mica, pero el Congreso lo oblig\u00f3 a abandonar medidas clave, lo que subraya el desaf\u00edo de lograr su prometida revoluci\u00f3n de libre mercado .<br \/>\nEl llamado proyecto de ley general del gobierno fue aprobado con 144 votos a favor y 109 en contra. <a href=\"https:\/\/www.wsj.com\/world\/americas\/argentinas-congress-forces-new-president-to-scale-back-ambitious-overhauls-11d95e00\" target=\"_blank\" rel=\"noopener\">FUENTE<\/a><\/p>\n<p>&nbsp;<\/p>\n<p><strong>The Christian Science Monitor<\/strong><\/p>\n<p>\u00bfEl llamado de atenci\u00f3n de la Argentina? Huelga nacional y pol\u00edtica frenan amplias reformas de Milei.<\/p>\n<p>En la multitud abarrotada frente al Congreso Nacional la semana pasada, Alicia Ambrosi se abri\u00f3 paso entre pancartas y pancartas pidiendo m\u00e1s asistencia econ\u00f3mica y burl\u00e1ndose de un nuevo presidente decidido a cambiar fundamentalmente la forma en que funciona el pa\u00eds.<\/p>\n<p>La jubilada, que alguna vez cosi\u00f3 calcetines en una f\u00e1brica, se ve a s\u00ed misma como parte del creciente n\u00famero de argentinos que caen por debajo del umbral de pobreza. Su pensi\u00f3n es de aproximadamente 150 d\u00f3lares al mes, aproximadamente el salario m\u00ednimo, pero con la creciente inflaci\u00f3n, dice que apenas puede cubrir los gastos b\u00e1sicos.<\/p>\n<p>\u201cSi antes com\u00eda dos bananas, ahora como una\u201d, dice Ambrosi sobre un panorama econ\u00f3mico brutal que se est\u00e1 deteriorando r\u00e1pidamente.<\/p>\n<p>La participaci\u00f3n p\u00fablica en el paro nacional del 24 de enero contra el presidente Javier Milei demuestra la lucha de poder que se libra hoy en Argentina, mientras la incipiente administraci\u00f3n intenta una revisi\u00f3n del papel del Estado. Decenas de miles \u2013en su mayor\u00eda aquellos que no votaron por Milei en las elecciones de noviembre\u2013 instan al Congreso a bloquear el amplio paquete de reformas econ\u00f3micas y legislativas del presidente, que incluyen la privatizaci\u00f3n de empresas estatales, la reducci\u00f3n de las protecciones ambientales y la reducci\u00f3n de trabajadores. &#8216; derechos.<\/p>\n<p>Si bien los funcionarios del gobierno minimizaron la escala de la huelga, la primera en cinco a\u00f1os y promovida por sindicatos poderosos, d\u00edas despu\u00e9s Milei se vio obligado a abandonar propuestas fiscales controvertidas. Fue visto como una compensaci\u00f3n para asegurar la aprobaci\u00f3n del Congreso de su paquete de reformas m\u00e1s amplio. El viernes, su ministro de Econom\u00eda anunci\u00f3 una marcha atr\u00e1s en los cambios a los planes de pensiones, los impuestos y los aumentos de los aranceles de exportaci\u00f3n.<\/p>\n<p>\u00abLo que estamos viendo es un gobierno que surge de una gran debilidad pol\u00edtica\u00bb, dice Carlos Fara, analista pol\u00edtico en Buenos Aires. \u201cDa la impresi\u00f3n de que han cre\u00eddo una especie de fantas\u00eda\u201d de que tienen m\u00e1s poder del que realmente tienen. <a href=\"https:\/\/www.csmonitor.com\/World\/Americas\/2024\/0129\/Argentina-s-wake-up-call-National-strike-politics-slow-Milei-s-broad-reforms\" target=\"_blank\" rel=\"noopener\">FUENTE<\/a><\/p>\n<p>&nbsp;<\/p>\n<p><strong>Bloomberg<\/strong><\/p>\n<p>Milei de Argentina modifica nuevamente el plan de reformas en un intento por obtener la aprobaci\u00f3n del Congreso<br \/>\nEl Gobierno cede poderes tras retirar el cap\u00edtulo fiscal<br \/>\nDebate en el Congreso programado para el mi\u00e9rcoles mientras se fortalecen las alianzas<\/p>\n<p>El presidente Javier Milei est\u00e1 suavizando a\u00fan m\u00e1s su amplio proyecto de reforma en un intento de lograr su aprobaci\u00f3n en el Congreso Nacional, la se\u00f1al m\u00e1s clara hasta ahora de que los planes econ\u00f3micos de \u201cterapia de shock\u201d del libertario enfrentan importantes obst\u00e1culos pol\u00edticos.<\/p>\n<p>Milei concedi\u00f3 el lunes algunos poderes ejecutivos de emergencia que le habr\u00edan permitido fijar unilateralmente la pol\u00edtica en materia fiscal y de pensiones por hasta dos a\u00f1os, dijo el portavoz Manuel Adorni en una conferencia de prensa. Esos cambios siguieron a su decisi\u00f3n de archivar las medidas de austeridad m\u00e1s importantes del proyecto de ley el viernes, mientras buscaba acercar el llamado proyecto de ley \u00f3mnibus. <a href=\"https:\/\/www.bloomberg.com\/news\/articles\/2024-01-29\/milei-alters-reform-plan-again-in-bid-to-win-congress-approval\" target=\"_blank\" rel=\"noopener\">FUENTE<\/a><\/p>\n<p>&nbsp;<\/p>\n<p><strong>The Economist<\/strong><\/p>\n<p>Javier Milei no ha perdido el tiempo. Cuarenta y ocho horas despu\u00e9s de asumir el cargo el 10 de diciembre, su ministro de Econom\u00eda, Luis Caputo, ex banquero, dio a conocer medidas para recortar el gasto p\u00fablico en un 3% del pib . Devalu\u00f3 el peso, se comprometi\u00f3 a recortar los subsidios y elimin\u00f3 nueve de los 18 ministerios del gobierno. Una semana despu\u00e9s, Milei decret\u00f3 que se pod\u00edan privatizar las empresas estatales, eliminar los controles de precios y reformar las leyes laborales.<\/p>\n<p>En medio de la peor crisis econ\u00f3mica de Argentina en dos d\u00e9cadas, esta oleada de actividad tiene como objetivo llevar el presupuesto a un super\u00e1vit (antes de pagos de intereses) para fines de 2024. El fmi , al que Argentina debe 43 mil millones de d\u00f3lares, se ha dado cuenta. El 10 de enero acord\u00f3 reiniciar los pagos al tesoro argentino, afirmando que el gobierno de Milei hab\u00eda \u00abactuado r\u00e1pida y decisivamente\u00bb para \u00abrestaurar la estabilidad macroecon\u00f3mica\u00bb. La \u00e9lite mundial tambi\u00e9n se ha dado cuenta. Los estruendosos discursos de Milei sobre la defensa de \u201clos valores de Occidente\u201d fueron recibidos con un entusiasta aplauso por parte del p\u00fablico de Davos, en Suiza, el 19 de enero. <a href=\"https:\/\/www.economist.com\/the-americas\/2024\/01\/14\/the-fightback-against-javier-mileis-radical-reforms-has-begun\" target=\"_blank\" rel=\"noopener\">FUENTE<\/a><\/p>\n<p>&nbsp;<\/p>\n<p><!--googleoff: index--><br \/>\n<!--googleon: index--><br \/>\n<img decoding=\"async\" src=\"https:\/\/img.kiosko.net\/2024\/02\/05\/ar\/ar_capital_rosario.jpg\" \/><\/p>\n<p><img decoding=\"async\" src=\"https:\/\/img.kiosko.net\/2024\/02\/05\/ar\/ar_nueva_provincia.jpg\" \/><\/p>\n<p><img decoding=\"async\" src=\"https:\/\/img.kiosko.net\/2024\/02\/05\/ar\/ar_duplicado.jpg\" \/><\/p>\n<p><img decoding=\"async\" loading=\"lazy\" class=\"aligncenter size-full wp-image-684281\" src=\"https:\/\/www.diario5.com.ar\/wp-content\/uploads\/2024\/02\/esquiu20240205.jpg\" width=\"700\" height=\"920\" srcset=\"https:\/\/www.diario5.com.ar\/wp-content\/uploads\/2024\/02\/esquiu20240205.jpg 700w, https:\/\/www.diario5.com.ar\/wp-content\/uploads\/2024\/02\/esquiu20240205-228x300.jpg 228w\" sizes=\"(max-width: 700px) 100vw, 700px\" \/><\/p>\n<p><img decoding=\"async\" src=\"https:\/\/img.kiosko.net\/2024\/02\/05\/ar\/ar_diario_norte.jpg\" \/><\/p>\n<p><img decoding=\"async\" loading=\"lazy\" class=\"aligncenter size-full wp-image-684282\" src=\"https:\/\/www.diario5.com.ar\/wp-content\/uploads\/2024\/02\/voz_chaco20240205.jpg\" width=\"700\" height=\"815\" srcset=\"https:\/\/www.diario5.com.ar\/wp-content\/uploads\/2024\/02\/voz_chaco20240205.jpg 700w, https:\/\/www.diario5.com.ar\/wp-content\/uploads\/2024\/02\/voz_chaco20240205-258x300.jpg 258w\" sizes=\"(max-width: 700px) 100vw, 700px\" \/><\/p>\n<p><img decoding=\"async\" src=\"https:\/\/img.kiosko.net\/2024\/02\/05\/ar\/ar_diario_madryn.jpg\" \/><\/p>\n<p><img decoding=\"async\" src=\"https:\/\/img.kiosko.net\/2024\/02\/05\/ar\/ar_laprensa.jpg\" \/><\/p>\n<p><img decoding=\"async\" src=\"https:\/\/img.kiosko.net\/2024\/02\/05\/ar\/ar_cronista.jpg\" \/><\/p>\n<p><img decoding=\"async\" src=\"https:\/\/img.kiosko.net\/2024\/02\/05\/ar\/buenosaires_economico.jpg\" \/><\/p>\n<p><img decoding=\"async\" src=\"https:\/\/img.kiosko.net\/2024\/02\/05\/ar\/ar_perfil.jpg\" \/><\/p>\n<p><img decoding=\"async\" loading=\"lazy\" class=\"aligncenter size-full wp-image-684283\" src=\"https:\/\/www.diario5.com.ar\/wp-content\/uploads\/2024\/02\/ar_eldia20240205.jpg\" width=\"699\" height=\"1041\" srcset=\"https:\/\/www.diario5.com.ar\/wp-content\/uploads\/2024\/02\/ar_eldia20240205.jpg 699w, https:\/\/www.diario5.com.ar\/wp-content\/uploads\/2024\/02\/ar_eldia20240205-201x300.jpg 201w, https:\/\/www.diario5.com.ar\/wp-content\/uploads\/2024\/02\/ar_eldia20240205-688x1024.jpg 688w\" sizes=\"(max-width: 699px) 100vw, 699px\" \/><\/p>\n<p><img decoding=\"async\" src=\"https:\/\/img.kiosko.net\/2024\/02\/05\/ar\/ar_hoy.jpg\" \/><\/p>\n<p><img decoding=\"async\" src=\"https:\/\/img.kiosko.net\/2024\/02\/05\/ar\/ar_democracia.jpg\" \/><\/p>\n<p><img decoding=\"async\" loading=\"lazy\" class=\"aligncenter size-full wp-image-684284\" src=\"https:\/\/www.diario5.com.ar\/wp-content\/uploads\/2024\/02\/ar_chubut20240205.jpg\" width=\"700\" height=\"902\" srcset=\"https:\/\/www.diario5.com.ar\/wp-content\/uploads\/2024\/02\/ar_chubut20240205.jpg 700w, https:\/\/www.diario5.com.ar\/wp-content\/uploads\/2024\/02\/ar_chubut20240205-233x300.jpg 233w\" sizes=\"(max-width: 700px) 100vw, 700px\" \/><\/p>\n<p><img decoding=\"async\" src=\"https:\/\/img.kiosko.net\/2024\/02\/05\/ar\/ar_epoca.jpg\" \/><\/p>\n<p><img decoding=\"async\" loading=\"lazy\" class=\"aligncenter size-full wp-image-684285\" src=\"https:\/\/www.diario5.com.ar\/wp-content\/uploads\/2024\/02\/ar_litoral20240205.jpg\" width=\"700\" height=\"933\" srcset=\"https:\/\/www.diario5.com.ar\/wp-content\/uploads\/2024\/02\/ar_litoral20240205.jpg 700w, https:\/\/www.diario5.com.ar\/wp-content\/uploads\/2024\/02\/ar_litoral20240205-225x300.jpg 225w\" sizes=\"(max-width: 700px) 100vw, 700px\" \/><\/p>\n<p><img decoding=\"async\" src=\"https:\/\/img.kiosko.net\/2024\/02\/05\/ar\/ar_heraldo.jpg\" \/><\/p>\n<p><img decoding=\"async\" src=\"https:\/\/img.kiosko.net\/2024\/02\/05\/ar\/ar_manana_formosa.jpg\" \/><\/p>\n<p><img decoding=\"async\" src=\"https:\/\/img.kiosko.net\/2024\/02\/05\/ar\/ar_diario_pampa.jpg\" \/><\/p>\n<p><img decoding=\"async\" src=\"https:\/\/img.kiosko.net\/2024\/02\/05\/ar\/ar_pagina12.jpg\" \/><\/p>\n<p><img decoding=\"async\" src=\"https:\/\/img.kiosko.net\/2024\/02\/05\/ar\/ar_arena.jpg\" \/><\/p>\n<p><img decoding=\"async\" src=\"https:\/\/img.kiosko.net\/2024\/02\/05\/ar\/independiente.jpg\" \/><\/p>\n<p><img decoding=\"async\" src=\"https:\/\/img.kiosko.net\/2024\/02\/05\/ar\/nueva_rioja.jpg\" \/><\/p>\n<p><img decoding=\"async\" src=\"https:\/\/img.kiosko.net\/2024\/02\/05\/ar\/ar_losandes.jpg\" \/><\/p>\n<p><img decoding=\"async\" src=\"https:\/\/img.kiosko.net\/2024\/02\/05\/ar\/ar_tribuno.jpg\" \/><\/p>\n<p><img decoding=\"async\" src=\"https:\/\/img.kiosko.net\/2024\/02\/05\/ar\/lea.jpg\" \/><\/p>\n<p><img decoding=\"async\" src=\"https:\/\/img.kiosko.net\/2024\/02\/05\/ar\/ar_nuevo_diario.jpg\" \/><\/p>\n<p><img decoding=\"async\" src=\"https:\/\/img.kiosko.net\/2024\/02\/05\/ar\/ar_diario_cuyo.jpg\" \/><\/p>\n<p><img decoding=\"async\" src=\"https:\/\/img.kiosko.net\/2024\/02\/05\/ar\/huarpe.jpg\" \/><\/p>\n<p><img decoding=\"async\" loading=\"lazy\" class=\"aligncenter size-full wp-image-684286\" src=\"https:\/\/www.diario5.com.ar\/wp-content\/uploads\/2024\/02\/ar_diario_republica20240205.jpg\" width=\"700\" height=\"987\" srcset=\"https:\/\/www.diario5.com.ar\/wp-content\/uploads\/2024\/02\/ar_diario_republica20240205.jpg 700w, https:\/\/www.diario5.com.ar\/wp-content\/uploads\/2024\/02\/ar_diario_republica20240205-213x300.jpg 213w\" sizes=\"(max-width: 700px) 100vw, 700px\" \/><\/p>\n<p><img decoding=\"async\" src=\"https:\/\/img.kiosko.net\/2024\/02\/05\/ar\/ar_litoral_sfe.jpg\" \/><\/p>\n<p><img decoding=\"async\" src=\"https:\/\/img.kiosko.net\/2024\/02\/05\/ar\/ciudadano.jpg\" \/><\/p>\n<p><img decoding=\"async\" src=\"https:\/\/img.kiosko.net\/2024\/02\/05\/ar\/ar_mirador_provincial.jpg\" \/><\/p>\n<p><img decoding=\"async\" src=\"https:\/\/img.kiosko.net\/2024\/02\/05\/ar\/ar_gaceta.jpg\" \/><\/p>\n<p><img decoding=\"async\" src=\"https:\/\/img.kiosko.net\/2024\/02\/05\/ar\/ar_cronica.jpg\" \/><\/p>\n<p><img decoding=\"async\" loading=\"lazy\" class=\"aligncenter size-full wp-image-684287\" src=\"https:\/\/www.diario5.com.ar\/wp-content\/uploads\/2024\/02\/ar_clarin20240205.jpg\" width=\"700\" height=\"963\" srcset=\"https:\/\/www.diario5.com.ar\/wp-content\/uploads\/2024\/02\/ar_clarin20240205.jpg 700w, https:\/\/www.diario5.com.ar\/wp-content\/uploads\/2024\/02\/ar_clarin20240205-218x300.jpg 218w\" sizes=\"(max-width: 700px) 100vw, 700px\" \/><\/p>\n<p><img decoding=\"async\" src=\"https:\/\/img.kiosko.net\/2024\/02\/05\/ar\/nacion.jpg\" \/><\/p>\n<p><img decoding=\"async\" src=\"https:\/\/img.kiosko.net\/2024\/02\/05\/ar\/ar_eco.jpg\" \/><\/p>\n<p><img decoding=\"async\" src=\"https:\/\/img.kiosko.net\/2024\/02\/05\/ar\/nuevo_diario.jpg\" \/><\/p>\n<p><img decoding=\"async\" src=\"https:\/\/img.kiosko.net\/2024\/02\/05\/ar\/sureno.jpg\" \/><\/p>\n<p><img decoding=\"async\" src=\"https:\/\/img.kiosko.net\/2024\/02\/05\/ar\/ar_duplicado.jpg\" \/><\/p>\n<p><img decoding=\"async\" src=\"https:\/\/img.kiosko.net\/2024\/02\/05\/ar\/tiempo_sur.jpg\" \/><\/p>\n<p><img decoding=\"async\" src=\"https:\/\/img.kiosko.net\/2024\/02\/05\/ar\/tiempo_argentino.jpg\" \/><\/p>\n<p><img decoding=\"async\" src=\"https:\/\/img.kiosko.net\/2024\/02\/05\/ar\/ar_epoca.jpg\" \/><\/p>\n<p><img decoding=\"async\" src=\"https:\/\/img.kiosko.net\/2024\/02\/05\/ar\/ar_elsol.jpg\" \/><\/p>\n<p><img decoding=\"async\" loading=\"lazy\" class=\"aligncenter size-full wp-image-684288\" src=\"https:\/\/www.diario5.com.ar\/wp-content\/uploads\/2024\/02\/ar_ancasti20240205.jpg\" width=\"700\" height=\"941\" srcset=\"https:\/\/www.diario5.com.ar\/wp-content\/uploads\/2024\/02\/ar_ancasti20240205.jpg 700w, https:\/\/www.diario5.com.ar\/wp-content\/uploads\/2024\/02\/ar_ancasti20240205-223x300.jpg 223w\" sizes=\"(max-width: 700px) 100vw, 700px\" \/><\/p>\n<p><img decoding=\"async\" src=\"https:\/\/img.kiosko.net\/2024\/02\/05\/ar\/ar_rio_negro.jpg\" \/><\/p>\n<p><img decoding=\"async\" src=\"https:\/\/img.kiosko.net\/2024\/02\/05\/ar\/ar_03.jpg\" \/><\/p>\n<p><img decoding=\"async\" src=\"https:\/\/img.kiosko.net\/2024\/02\/05\/ar\/ar_04.jpg\" \/><\/p>\n<p><img decoding=\"async\" src=\"https:\/\/img.kiosko.net\/2024\/02\/05\/ar\/ar_05.jpg\" \/><\/p>\n<p>&nbsp;<\/p>","protected":false},"excerpt":{"rendered":"<p>As\u00ed vamos a identificar durante la etapa de tratamiento de la Ley Omnibus en el Congreso a las repercusiones internacionales que surjan y de otras novedades notables de la Argentina. Roger Hamiton, desde Nueva York, en una recopilaci\u00f3n especial para Diario 5. Comenzaremos reviendo la mirada inicial de algunos de los medios m\u00e1s buscados por [&hellip;]<\/p>","protected":false},"author":14,"featured_media":684280,"comment_status":"open","ping_status":"open","sticky":false,"template":"","format":"standard","meta":[],"categories":[97,19,45,56],"tags":[1160,1291,1177,1281,474,1292,430,1283,1040,1289,994,1284,1030,1278,1286,1285,1060,1068,1290,1288,1287,1280,1282,1279],"series":[],"_links":{"self":[{"href":"https:\/\/www.diario5.com.ar\/es\/wp-json\/wp\/v2\/posts\/676146"}],"collection":[{"href":"https:\/\/www.diario5.com.ar\/es\/wp-json\/wp\/v2\/posts"}],"about":[{"href":"https:\/\/www.diario5.com.ar\/es\/wp-json\/wp\/v2\/types\/post"}],"author":[{"embeddable":true,"href":"https:\/\/www.diario5.com.ar\/es\/wp-json\/wp\/v2\/users\/14"}],"replies":[{"embeddable":true,"href":"https:\/\/www.diario5.com.ar\/es\/wp-json\/wp\/v2\/comments?post=676146"}],"version-history":[{"count":3,"href":"https:\/\/www.diario5.com.ar\/es\/wp-json\/wp\/v2\/posts\/676146\/revisions"}],"predecessor-version":[{"id":684273,"href":"https:\/\/www.diario5.com.ar\/es\/wp-json\/wp\/v2\/posts\/676146\/revisions\/684273"}],"wp:featuredmedia":[{"embeddable":true,"href":"https:\/\/www.diario5.com.ar\/es\/wp-json\/wp\/v2\/media\/684280"}],"wp:attachment":[{"href":"https:\/\/www.diario5.com.ar\/es\/wp-json\/wp\/v2\/media?parent=676146"}],"wp:term":[{"taxonomy":"category","embeddable":true,"href":"https:\/\/www.diario5.com.ar\/es\/wp-json\/wp\/v2\/categories?post=676146"},{"taxonomy":"post_tag","embeddable":true,"href":"https:\/\/www.diario5.com.ar\/es\/wp-json\/wp\/v2\/tags?post=676146"},{"taxonomy":"series","embeddable":true,"href":"https:\/\/www.diario5.com.ar\/es\/wp-json\/wp\/v2\/series?post=676146"}],"curies":[{"name":"wp","href":"https:\/\/api.w.org\/{rel}","templated":true}]}}