{"id":676144,"date":"2024-02-03T06:00:00","date_gmt":"2024-02-03T09:00:00","guid":{"rendered":"http:\/\/diario5.com.ar\/?p=676144"},"modified":"2024-02-03T06:05:08","modified_gmt":"2024-02-03T09:05:08","slug":"676144","status":"publish","type":"post","link":"https:\/\/www.diario5.com.ar\/es\/676144\/","title":{"rendered":"Drag\u00f3n de madera"},"content":{"rendered":"<h2 class=\"sub-title-primary\">El A\u00f1o Nuevo Chino se celebra hoy en Plaza Parques Nacionales Argentinos, en Av. Figueroa Alcorta y Echeverr\u00eda. Comienza a las 5 de la tarde. <\/h2> <p><!--googleoff: index--><\/p>\n<div class=\"bg-light pt-4 pb-3 mb-5 px-1 _none\">\n<div class=\"container\">\n<div class=\"layout row layout-builder__layout\">\n<div class=\"col-lg-8 col-md-12 col-12\">\n<div class=\"_none mb-3 block block-layout-builder block-field-blocknodearticletitle\">\n<div class=\"content\"><\/div>\n<\/div>\n<div class=\"_none block block-layout-builder block-field-blocknodearticlefield-summary\">\n<div class=\"content\">\n<p class=\"lead\"><img decoding=\"async\" loading=\"lazy\" class=\"aligncenter size-full wp-image-684244\" src=\"https:\/\/www.diario5.com.ar\/wp-content\/uploads\/2024\/02\/DSC_9930-1_020240203.jpg\" width=\"700\" height=\"466\" alt=\"BA CELEBRA A\u00d1O NUEVO CHINO\" srcset=\"https:\/\/www.diario5.com.ar\/wp-content\/uploads\/2024\/02\/DSC_9930-1_020240203.jpg 700w, https:\/\/www.diario5.com.ar\/wp-content\/uploads\/2024\/02\/DSC_9930-1_020240203-300x200.jpg 300w\" sizes=\"(max-width: 700px) 100vw, 700px\" \/><\/p>\n<\/div>\n<\/div>\n<\/div>\n<\/div>\n<\/div>\n<\/div>\n<div class=\"_none\">\n<div class=\"container\">\n<div class=\"layout row layout-builder__layout\">\n<div class=\"col-lg-8 col-md-8 col-12\">\n<div class=\"_none block block-layout-builder block-field-blocknodearticlebody\">\n<div class=\"content\">\n<div class=\"clearfix text-formatted field field--name-body field--type-text-with-summary field--label-hidden field__item\">\n<p>El a\u00f1o del Drag\u00f3n de madera comenzar\u00e1 su celebraci\u00f3n, hoy a las 17.00. Por el calor, se decidi\u00f3 no convocar al p\u00fablico en las horas m\u00e1s sofocantes. El evento se extender\u00e1 hasta las 22.00<\/p>\n<p>Ya todos sabemos que el A\u00f1o Nuevo Chino es la festividad m\u00e1s significativa para su comunidad. Est\u00e1 presente en todo el mundo y en la Ciudad de Buenos Aires est\u00e1 incorporada como tradici\u00f3n porte\u00f1a.<\/p>\n<p>Vecinos y turistas podr\u00e1n acercarse a compartir este acto cultural del milenario pueblo. Este a\u00f1o del Drag\u00f3n de Madera trae el n\u00famero 4722.<\/p>\n<p>Habr\u00e1 casi 50 stands de gastronom\u00eda, artesan\u00edas y servicios culturales.<\/p>\n<p>Muchas personas han asegurado que no hay como la fiesta del A\u00f1o nuevo Chino para probar los mejores chaw fan, pollo agridulce y chop suey de Buenos Aires. La atractiva reposter\u00eda de los chinos es \u00edtem aparte.<\/p>\n<p>Se suman objetos feng shui y indumentaria t\u00edpica. Se podr\u00e1 aprender su caligraf\u00eda, asistir a la ceremonia del t\u00e9 y a charlas de medicina tradicional china.<\/p>\n<p><img decoding=\"async\" loading=\"lazy\" class=\"aligncenter size-full wp-image-684245\" src=\"https:\/\/www.diario5.com.ar\/wp-content\/uploads\/2024\/02\/DSC_9669_020240203.jpg\" width=\"700\" height=\"466\" alt=\"A\u00d1O NUEVO CHINO 1\" srcset=\"https:\/\/www.diario5.com.ar\/wp-content\/uploads\/2024\/02\/DSC_9669_020240203.jpg 700w, https:\/\/www.diario5.com.ar\/wp-content\/uploads\/2024\/02\/DSC_9669_020240203-300x200.jpg 300w\" sizes=\"(max-width: 700px) 100vw, 700px\" \/><\/p>\n<p>&nbsp;<\/p>\n<p>&nbsp;<\/p>\n<p><img decoding=\"async\" loading=\"lazy\" class=\"aligncenter size-full wp-image-684246\" src=\"https:\/\/www.diario5.com.ar\/wp-content\/uploads\/2024\/02\/DSC_9841_020240203.jpg\" width=\"700\" height=\"466\" alt=\"a\u00f1o nuevo chino 3\" srcset=\"https:\/\/www.diario5.com.ar\/wp-content\/uploads\/2024\/02\/DSC_9841_020240203.jpg 700w, https:\/\/www.diario5.com.ar\/wp-content\/uploads\/2024\/02\/DSC_9841_020240203-300x200.jpg 300w\" sizes=\"(max-width: 700px) 100vw, 700px\" \/><\/p>\n<p>Habr\u00e1 varios espect\u00e1culos. El drag\u00f3n del acceso al barrio, las muestras de artes marciales, las danzas, el vestuario, el Chikung, el Tai Chi y la m\u00fasica con instrumentos tradicionales chinos, ser\u00e1n protagonistas.<\/p>\n<p>Auspicia la Embajada de la Rep\u00fablica Popular China en Argentina.<\/p>\n<p>Organizan:<\/p>\n<ul>\n<li>Colectividad China en Argentina<\/li>\n<li>Direcci\u00f3n General de Colectividades y Migrantes de la Subsecretar\u00eda de Cultura Ciudadana y Derechos Humanos del Gobierno de la Ciudad de Buenos Aires<\/li>\n<li>Phoenix Dorada International Media Company<\/li>\n<\/ul>\n<p>&nbsp;<\/p>\n<\/div>\n<\/div>\n<\/div>\n<\/div>\n<\/div>\n<\/div>\n<\/div>\n<p><!--googleon: index--><br \/>\n<img decoding=\"async\" src=\"https:\/\/img.kiosko.net\/2024\/02\/03\/ar\/ar_capital_rosario.jpg\" \/><\/p>\n<p><img decoding=\"async\" src=\"https:\/\/img.kiosko.net\/2024\/02\/03\/ar\/ar_nueva_provincia.jpg\" \/><\/p>\n<p><img decoding=\"async\" src=\"https:\/\/img.kiosko.net\/2024\/02\/03\/ar\/ar_duplicado.jpg\" \/><\/p>\n<p><img decoding=\"async\" loading=\"lazy\" class=\"aligncenter size-full wp-image-684247\" src=\"https:\/\/www.diario5.com.ar\/wp-content\/uploads\/2024\/02\/esquiu20240203.jpg\" width=\"700\" height=\"920\" srcset=\"https:\/\/www.diario5.com.ar\/wp-content\/uploads\/2024\/02\/esquiu20240203.jpg 700w, https:\/\/www.diario5.com.ar\/wp-content\/uploads\/2024\/02\/esquiu20240203-228x300.jpg 228w\" sizes=\"(max-width: 700px) 100vw, 700px\" \/><\/p>\n<p><img decoding=\"async\" src=\"https:\/\/img.kiosko.net\/2024\/02\/03\/ar\/ar_diario_norte.jpg\" \/><\/p>\n<p><img decoding=\"async\" loading=\"lazy\" class=\"aligncenter size-full wp-image-684248\" src=\"https:\/\/www.diario5.com.ar\/wp-content\/uploads\/2024\/02\/voz_chaco20240203.jpg\" width=\"700\" height=\"815\" srcset=\"https:\/\/www.diario5.com.ar\/wp-content\/uploads\/2024\/02\/voz_chaco20240203.jpg 700w, https:\/\/www.diario5.com.ar\/wp-content\/uploads\/2024\/02\/voz_chaco20240203-258x300.jpg 258w\" sizes=\"(max-width: 700px) 100vw, 700px\" \/><\/p>\n<p><img decoding=\"async\" src=\"https:\/\/img.kiosko.net\/2024\/02\/03\/ar\/ar_diario_madryn.jpg\" \/><\/p>\n<p><img decoding=\"async\" src=\"https:\/\/img.kiosko.net\/2024\/02\/03\/ar\/ar_laprensa.jpg\" \/><\/p>\n<p><img decoding=\"async\" src=\"https:\/\/img.kiosko.net\/2024\/02\/03\/ar\/ar_cronista.jpg\" \/><\/p>\n<p><img decoding=\"async\" src=\"https:\/\/img.kiosko.net\/2024\/02\/03\/ar\/buenosaires_economico.jpg\" \/><\/p>\n<p><img decoding=\"async\" src=\"https:\/\/img.kiosko.net\/2024\/02\/03\/ar\/ar_perfil.jpg\" \/><\/p>\n<p><img decoding=\"async\" loading=\"lazy\" class=\"aligncenter size-full wp-image-684249\" src=\"https:\/\/www.diario5.com.ar\/wp-content\/uploads\/2024\/02\/ar_eldia20240203.jpg\" width=\"700\" height=\"1043\" srcset=\"https:\/\/www.diario5.com.ar\/wp-content\/uploads\/2024\/02\/ar_eldia20240203.jpg 700w, https:\/\/www.diario5.com.ar\/wp-content\/uploads\/2024\/02\/ar_eldia20240203-201x300.jpg 201w, https:\/\/www.diario5.com.ar\/wp-content\/uploads\/2024\/02\/ar_eldia20240203-687x1024.jpg 687w\" sizes=\"(max-width: 700px) 100vw, 700px\" \/><\/p>\n<p><img decoding=\"async\" loading=\"lazy\" class=\"aligncenter size-full wp-image-684250\" src=\"https:\/\/www.diario5.com.ar\/wp-content\/uploads\/2024\/02\/ar_hoy20240203.jpg\" width=\"700\" height=\"924\" srcset=\"https:\/\/www.diario5.com.ar\/wp-content\/uploads\/2024\/02\/ar_hoy20240203.jpg 700w, https:\/\/www.diario5.com.ar\/wp-content\/uploads\/2024\/02\/ar_hoy20240203-227x300.jpg 227w\" sizes=\"(max-width: 700px) 100vw, 700px\" \/><\/p>\n<p><img decoding=\"async\" src=\"https:\/\/img.kiosko.net\/2024\/02\/03\/ar\/ar_democracia.jpg\" \/><\/p>\n<p><img decoding=\"async\" loading=\"lazy\" class=\"aligncenter size-full wp-image-684251\" src=\"https:\/\/www.diario5.com.ar\/wp-content\/uploads\/2024\/02\/ar_chubut20240203.jpg\" width=\"700\" height=\"903\" srcset=\"https:\/\/www.diario5.com.ar\/wp-content\/uploads\/2024\/02\/ar_chubut20240203.jpg 700w, https:\/\/www.diario5.com.ar\/wp-content\/uploads\/2024\/02\/ar_chubut20240203-233x300.jpg 233w\" sizes=\"(max-width: 700px) 100vw, 700px\" \/><\/p>\n<p><img decoding=\"async\" src=\"https:\/\/img.kiosko.net\/2024\/02\/03\/ar\/ar_epoca.jpg\" \/><\/p>\n<p><img decoding=\"async\" loading=\"lazy\" class=\"aligncenter size-full wp-image-684252\" src=\"https:\/\/www.diario5.com.ar\/wp-content\/uploads\/2024\/02\/ar_litoral20240203.jpg\" width=\"700\" height=\"923\" srcset=\"https:\/\/www.diario5.com.ar\/wp-content\/uploads\/2024\/02\/ar_litoral20240203.jpg 700w, https:\/\/www.diario5.com.ar\/wp-content\/uploads\/2024\/02\/ar_litoral20240203-228x300.jpg 228w\" sizes=\"(max-width: 700px) 100vw, 700px\" \/><\/p>\n<p><img decoding=\"async\" src=\"https:\/\/img.kiosko.net\/2024\/02\/03\/ar\/ar_heraldo.jpg\" \/><\/p>\n<p><img decoding=\"async\" src=\"https:\/\/img.kiosko.net\/2024\/02\/03\/ar\/ar_manana_formosa.jpg\" \/><\/p>\n<p><img decoding=\"async\" src=\"https:\/\/img.kiosko.net\/2024\/02\/03\/ar\/ar_diario_pampa.jpg\" \/><\/p>\n<p><img decoding=\"async\" src=\"https:\/\/img.kiosko.net\/2024\/02\/03\/ar\/ar_pagina12.jpg\" \/><\/p>\n<p><img decoding=\"async\" src=\"https:\/\/img.kiosko.net\/2024\/02\/03\/ar\/ar_arena.jpg\" \/><\/p>\n<p><img decoding=\"async\" src=\"https:\/\/img.kiosko.net\/2024\/02\/03\/ar\/independiente.jpg\" \/><\/p>\n<p><img decoding=\"async\" src=\"https:\/\/img.kiosko.net\/2024\/02\/03\/ar\/nueva_rioja.jpg\" \/><\/p>\n<p><img decoding=\"async\" src=\"https:\/\/img.kiosko.net\/2024\/02\/03\/ar\/ar_losandes.jpg\" \/><\/p>\n<p><img decoding=\"async\" src=\"https:\/\/img.kiosko.net\/2024\/02\/03\/ar\/ar_tribuno.jpg\" \/><\/p>\n<p><img decoding=\"async\" src=\"https:\/\/img.kiosko.net\/2024\/02\/03\/ar\/lea.jpg\" \/><\/p>\n<p><img decoding=\"async\" src=\"https:\/\/img.kiosko.net\/2024\/02\/03\/ar\/ar_nuevo_diario.jpg\" \/><\/p>\n<p><img decoding=\"async\" src=\"https:\/\/img.kiosko.net\/2024\/02\/03\/ar\/ar_diario_cuyo.jpg\" \/><\/p>\n<p><img decoding=\"async\" src=\"https:\/\/img.kiosko.net\/2024\/02\/03\/ar\/huarpe.jpg\" \/><\/p>\n<p><img decoding=\"async\" loading=\"lazy\" class=\"aligncenter size-full wp-image-684253\" src=\"https:\/\/www.diario5.com.ar\/wp-content\/uploads\/2024\/02\/ar_diario_republica20240203.jpg\" width=\"700\" height=\"989\" srcset=\"https:\/\/www.diario5.com.ar\/wp-content\/uploads\/2024\/02\/ar_diario_republica20240203.jpg 700w, https:\/\/www.diario5.com.ar\/wp-content\/uploads\/2024\/02\/ar_diario_republica20240203-212x300.jpg 212w\" sizes=\"(max-width: 700px) 100vw, 700px\" \/><\/p>\n<p><img decoding=\"async\" src=\"https:\/\/img.kiosko.net\/2024\/02\/03\/ar\/ar_litoral_sfe.jpg\" \/><\/p>\n<p><img decoding=\"async\" loading=\"lazy\" class=\"aligncenter size-full wp-image-684254\" src=\"https:\/\/www.diario5.com.ar\/wp-content\/uploads\/2024\/02\/ciudadano20240203.jpg\" width=\"700\" height=\"945\" srcset=\"https:\/\/www.diario5.com.ar\/wp-content\/uploads\/2024\/02\/ciudadano20240203.jpg 700w, https:\/\/www.diario5.com.ar\/wp-content\/uploads\/2024\/02\/ciudadano20240203-222x300.jpg 222w\" sizes=\"(max-width: 700px) 100vw, 700px\" \/><\/p>\n<p><img decoding=\"async\" src=\"https:\/\/img.kiosko.net\/2024\/02\/03\/ar\/ar_mirador_provincial.jpg\" \/><\/p>\n<p><img decoding=\"async\" src=\"https:\/\/img.kiosko.net\/2024\/02\/03\/ar\/ar_gaceta.jpg\" \/><\/p>\n<p><img decoding=\"async\" src=\"https:\/\/img.kiosko.net\/2024\/02\/03\/ar\/ar_cronica.jpg\" \/><\/p>\n<p><img decoding=\"async\" loading=\"lazy\" class=\"aligncenter size-full wp-image-684255\" src=\"https:\/\/www.diario5.com.ar\/wp-content\/uploads\/2024\/02\/ar_clarin20240203.jpg\" width=\"700\" height=\"964\" srcset=\"https:\/\/www.diario5.com.ar\/wp-content\/uploads\/2024\/02\/ar_clarin20240203.jpg 700w, https:\/\/www.diario5.com.ar\/wp-content\/uploads\/2024\/02\/ar_clarin20240203-218x300.jpg 218w\" sizes=\"(max-width: 700px) 100vw, 700px\" \/><\/p>\n<p><img decoding=\"async\" src=\"https:\/\/img.kiosko.net\/2024\/02\/03\/ar\/nacion.jpg\" \/><\/p>\n<p><img decoding=\"async\" src=\"https:\/\/img.kiosko.net\/2024\/02\/03\/ar\/ar_eco.jpg\" \/><\/p>\n<p><img decoding=\"async\" loading=\"lazy\" class=\"aligncenter size-full wp-image-684256\" src=\"https:\/\/www.diario5.com.ar\/wp-content\/uploads\/2024\/02\/nuevo_diario20240203.jpg\" width=\"700\" height=\"1069\" srcset=\"https:\/\/www.diario5.com.ar\/wp-content\/uploads\/2024\/02\/nuevo_diario20240203.jpg 700w, https:\/\/www.diario5.com.ar\/wp-content\/uploads\/2024\/02\/nuevo_diario20240203-196x300.jpg 196w, https:\/\/www.diario5.com.ar\/wp-content\/uploads\/2024\/02\/nuevo_diario20240203-671x1024.jpg 671w\" sizes=\"(max-width: 700px) 100vw, 700px\" \/><\/p>\n<p><img decoding=\"async\" src=\"https:\/\/img.kiosko.net\/2024\/02\/03\/ar\/sureno.jpg\" \/><\/p>\n<p><img decoding=\"async\" src=\"https:\/\/img.kiosko.net\/2024\/02\/03\/ar\/ar_duplicado.jpg\" \/><\/p>\n<p><img decoding=\"async\" src=\"https:\/\/img.kiosko.net\/2024\/02\/03\/ar\/tiempo_sur.jpg\" \/><\/p>\n<p><img decoding=\"async\" src=\"https:\/\/img.kiosko.net\/2024\/02\/03\/ar\/tiempo_argentino.jpg\" \/><\/p>\n<p><img decoding=\"async\" src=\"https:\/\/img.kiosko.net\/2024\/02\/03\/ar\/ar_epoca.jpg\" \/><\/p>\n<p><img decoding=\"async\" src=\"https:\/\/img.kiosko.net\/2024\/02\/03\/ar\/ar_elsol.jpg\" \/><\/p>\n<p><img decoding=\"async\" loading=\"lazy\" class=\"aligncenter size-full wp-image-684257\" src=\"https:\/\/www.diario5.com.ar\/wp-content\/uploads\/2024\/02\/ar_ancasti20240203.jpg\" width=\"700\" height=\"906\" srcset=\"https:\/\/www.diario5.com.ar\/wp-content\/uploads\/2024\/02\/ar_ancasti20240203.jpg 700w, https:\/\/www.diario5.com.ar\/wp-content\/uploads\/2024\/02\/ar_ancasti20240203-232x300.jpg 232w\" sizes=\"(max-width: 700px) 100vw, 700px\" \/><\/p>\n<p><img decoding=\"async\" src=\"https:\/\/img.kiosko.net\/2024\/02\/03\/ar\/ar_rio_negro.jpg\" \/><\/p>\n<p><img decoding=\"async\" src=\"https:\/\/img.kiosko.net\/2024\/02\/03\/ar\/ar_03.jpg\" \/><\/p>\n<p><img decoding=\"async\" src=\"https:\/\/img.kiosko.net\/2024\/02\/03\/ar\/ar_04.jpg\" \/><\/p>\n<p><img decoding=\"async\" src=\"https:\/\/img.kiosko.net\/2024\/02\/03\/ar\/ar_05.jpg\" \/><\/p>\n<p>&nbsp;<\/p>","protected":false},"excerpt":{"rendered":"<p>El A\u00f1o Nuevo Chino se celebra hoy en Plaza Parques Nacionales Argentinos, en Av. Figueroa Alcorta y Echeverr\u00eda. Comienza a las 5 de la tarde. El a\u00f1o del Drag\u00f3n de madera comenzar\u00e1 su celebraci\u00f3n, hoy a las 17.00. Por el calor, se decidi\u00f3 no convocar al p\u00fablico en las horas m\u00e1s sofocantes. El evento se [&hellip;]<\/p>","protected":false},"author":9,"featured_media":684244,"comment_status":"open","ping_status":"open","sticky":false,"template":"","format":"standard","meta":[],"categories":[452,5,56],"tags":[1156,1154,1177,474,1145,630],"series":[],"_links":{"self":[{"href":"https:\/\/www.diario5.com.ar\/es\/wp-json\/wp\/v2\/posts\/676144"}],"collection":[{"href":"https:\/\/www.diario5.com.ar\/es\/wp-json\/wp\/v2\/posts"}],"about":[{"href":"https:\/\/www.diario5.com.ar\/es\/wp-json\/wp\/v2\/types\/post"}],"author":[{"embeddable":true,"href":"https:\/\/www.diario5.com.ar\/es\/wp-json\/wp\/v2\/users\/9"}],"replies":[{"embeddable":true,"href":"https:\/\/www.diario5.com.ar\/es\/wp-json\/wp\/v2\/comments?post=676144"}],"version-history":[{"count":3,"href":"https:\/\/www.diario5.com.ar\/es\/wp-json\/wp\/v2\/posts\/676144\/revisions"}],"predecessor-version":[{"id":684243,"href":"https:\/\/www.diario5.com.ar\/es\/wp-json\/wp\/v2\/posts\/676144\/revisions\/684243"}],"wp:featuredmedia":[{"embeddable":true,"href":"https:\/\/www.diario5.com.ar\/es\/wp-json\/wp\/v2\/media\/684244"}],"wp:attachment":[{"href":"https:\/\/www.diario5.com.ar\/es\/wp-json\/wp\/v2\/media?parent=676144"}],"wp:term":[{"taxonomy":"category","embeddable":true,"href":"https:\/\/www.diario5.com.ar\/es\/wp-json\/wp\/v2\/categories?post=676144"},{"taxonomy":"post_tag","embeddable":true,"href":"https:\/\/www.diario5.com.ar\/es\/wp-json\/wp\/v2\/tags?post=676144"},{"taxonomy":"series","embeddable":true,"href":"https:\/\/www.diario5.com.ar\/es\/wp-json\/wp\/v2\/series?post=676144"}],"curies":[{"name":"wp","href":"https:\/\/api.w.org\/{rel}","templated":true}]}}