{"id":676142,"date":"2024-02-01T06:00:00","date_gmt":"2024-02-01T09:00:00","guid":{"rendered":"http:\/\/diario5.com.ar\/?p=676142"},"modified":"2024-02-01T06:02:30","modified_gmt":"2024-02-01T09:02:30","slug":"676142","status":"publish","type":"post","link":"https:\/\/www.diario5.com.ar\/es\/676142\/","title":{"rendered":"M\u00e1s protagonista que nunca"},"content":{"rendered":"<h2 class=\"sub-title-primary\"><\/h2> <p><img decoding=\"async\" loading=\"lazy\" class=\"aligncenter size-full wp-image-684207\" src=\"https:\/\/www.diario5.com.ar\/wp-content\/uploads\/2024\/02\/congreso-nacional-argentina-120240201.jpg\" width=\"700\" height=\"428\" srcset=\"https:\/\/www.diario5.com.ar\/wp-content\/uploads\/2024\/02\/congreso-nacional-argentina-120240201.jpg 700w, https:\/\/www.diario5.com.ar\/wp-content\/uploads\/2024\/02\/congreso-nacional-argentina-120240201-300x183.jpg 300w\" sizes=\"(max-width: 700px) 100vw, 700px\" \/><br \/>\n<!--googleoff: index--><\/p>\n<p>El debate por la inmensa ley cuyo proyecto envi\u00f3 el gobierno para su tratamiento, es el eje de un momento delicad\u00edsimo de la Argentina. Y ninguno de los que estamos afuera del recinto podemos asegurar ni que se trata de un ley en la que ir\u00e1 la vida futura del pa\u00eds (como plantea el coraz\u00f3n del Poder), ni que su eventual aplicaci\u00f3n producir\u00eda un da\u00f1o mayor al que ya hemos sido sometidos.<\/p>\n<p>Si nadie piensa, que nadie hable.<\/p>\n<p>Los fanatismos, afuera de la disputa. Y si no resulta suficiente, los mism\u00edsimos fan\u00e1ticos, tambi\u00e9n. Molestan. Cansaron. No aportan, re repiten, aburren y jam\u00e1s evolucionan hacia ning\u00fan destino.<\/p>\n<p>En serio. Si no le\u00edste nada de nada el proyecto, no te expreses como un erudito. Porque los que lo hemos le\u00eddo tampoco nos manifestamos como desaforados a favor ni en contra, dado que en el debate estar\u00e1n representados la inmensa mayor\u00eda de los intereses en juego.<\/p>\n<p>A uno de los grupos le recomiendo que metan el dedito en el culo antes de se\u00f1alar indiscriminadamente a quienes defienden al estado aduciendo que solo lo hacen para conservar sus prebendas. Y a los otros, que la corten con la pelotudez de considerar que quienes no piensan como\u00a0 ellos son los cipayos o los traidores a la Patria y los propios, los pr\u00f3ceres.<br \/>\n<!--googleon: index--><\/p>\n<p>Nadie tiene que olvidar que se est\u00e1 discutiendo en pos de querer alcanzar alguna mejora como sociedad diezmada, pero disimulando y haciendo la vista gorda de la obligaci\u00f3n que todos ellos tienen de debatir en nombre del asco que ellos mismos han provocado en una Naci\u00f3n de millones de ovejas inocentes e ignorantes, una minor\u00eda de \u00e1guilas que las devoran y un grupito de lobos que gritan a los cuantro vientos (hacen pol\u00edtica) mostr\u00e1ndose enojados con las aves rapaces, pero -en realidad- s\u00f3lo se trata de que compiten con ellas por las presas, que siempre tienen dos cosas para ofrecer: su dinero y su voto.<\/p>\n<p>El Congreso, m\u00e1s protagonista que nunca. Y m\u00e1s expuesto.<\/p>\n<p><img decoding=\"async\" src=\"https:\/\/img.kiosko.net\/2024\/02\/01\/ar\/ar_capital_rosario.jpg\" \/><\/p>\n<p><img decoding=\"async\" src=\"https:\/\/img.kiosko.net\/2024\/02\/01\/ar\/ar_nueva_provincia.jpg\" \/><\/p>\n<p><img decoding=\"async\" src=\"https:\/\/img.kiosko.net\/2024\/02\/01\/ar\/ar_duplicado.jpg\" \/><\/p>\n<p><img decoding=\"async\" loading=\"lazy\" class=\"aligncenter size-full wp-image-684208\" src=\"https:\/\/www.diario5.com.ar\/wp-content\/uploads\/2024\/02\/esquiu20240201.jpg\" width=\"700\" height=\"920\" srcset=\"https:\/\/www.diario5.com.ar\/wp-content\/uploads\/2024\/02\/esquiu20240201.jpg 700w, https:\/\/www.diario5.com.ar\/wp-content\/uploads\/2024\/02\/esquiu20240201-228x300.jpg 228w\" sizes=\"(max-width: 700px) 100vw, 700px\" \/><\/p>\n<p><img decoding=\"async\" src=\"https:\/\/img.kiosko.net\/2024\/02\/01\/ar\/ar_diario_norte.jpg\" \/><\/p>\n<p><img decoding=\"async\" loading=\"lazy\" class=\"aligncenter size-full wp-image-684209\" src=\"https:\/\/www.diario5.com.ar\/wp-content\/uploads\/2024\/02\/voz_chaco20240201.jpg\" width=\"700\" height=\"816\" srcset=\"https:\/\/www.diario5.com.ar\/wp-content\/uploads\/2024\/02\/voz_chaco20240201.jpg 700w, https:\/\/www.diario5.com.ar\/wp-content\/uploads\/2024\/02\/voz_chaco20240201-257x300.jpg 257w\" sizes=\"(max-width: 700px) 100vw, 700px\" \/><\/p>\n<p><img decoding=\"async\" src=\"https:\/\/img.kiosko.net\/2024\/02\/01\/ar\/ar_diario_madryn.jpg\" \/><\/p>\n<p><img decoding=\"async\" src=\"https:\/\/img.kiosko.net\/2024\/02\/01\/ar\/ar_laprensa.jpg\" \/><\/p>\n<p><img decoding=\"async\" src=\"https:\/\/img.kiosko.net\/2024\/02\/01\/ar\/ar_cronista.jpg\" \/><\/p>\n<p><img decoding=\"async\" src=\"https:\/\/img.kiosko.net\/2024\/02\/01\/ar\/buenosaires_economico.jpg\" \/><\/p>\n<p><img decoding=\"async\" src=\"https:\/\/img.kiosko.net\/2024\/02\/01\/ar\/ar_perfil.jpg\" \/><\/p>\n<p><img decoding=\"async\" loading=\"lazy\" class=\"aligncenter size-full wp-image-684210\" src=\"https:\/\/www.diario5.com.ar\/wp-content\/uploads\/2024\/02\/ar_eldia20240201.jpg\" width=\"699\" height=\"1041\" srcset=\"https:\/\/www.diario5.com.ar\/wp-content\/uploads\/2024\/02\/ar_eldia20240201.jpg 699w, https:\/\/www.diario5.com.ar\/wp-content\/uploads\/2024\/02\/ar_eldia20240201-201x300.jpg 201w, https:\/\/www.diario5.com.ar\/wp-content\/uploads\/2024\/02\/ar_eldia20240201-688x1024.jpg 688w\" sizes=\"(max-width: 699px) 100vw, 699px\" \/><\/p>\n<p><img decoding=\"async\" loading=\"lazy\" class=\"aligncenter size-full wp-image-684211\" src=\"https:\/\/www.diario5.com.ar\/wp-content\/uploads\/2024\/02\/ar_hoy20240201.jpg\" width=\"700\" height=\"924\" srcset=\"https:\/\/www.diario5.com.ar\/wp-content\/uploads\/2024\/02\/ar_hoy20240201.jpg 700w, https:\/\/www.diario5.com.ar\/wp-content\/uploads\/2024\/02\/ar_hoy20240201-227x300.jpg 227w\" sizes=\"(max-width: 700px) 100vw, 700px\" \/><\/p>\n<p><img decoding=\"async\" src=\"https:\/\/img.kiosko.net\/2024\/02\/01\/ar\/ar_democracia.jpg\" \/><\/p>\n<p><img decoding=\"async\" loading=\"lazy\" class=\"aligncenter size-full wp-image-684212\" src=\"https:\/\/www.diario5.com.ar\/wp-content\/uploads\/2024\/02\/ar_chubut20240201.jpg\" width=\"700\" height=\"901\" srcset=\"https:\/\/www.diario5.com.ar\/wp-content\/uploads\/2024\/02\/ar_chubut20240201.jpg 700w, https:\/\/www.diario5.com.ar\/wp-content\/uploads\/2024\/02\/ar_chubut20240201-233x300.jpg 233w\" sizes=\"(max-width: 700px) 100vw, 700px\" \/><\/p>\n<p><img decoding=\"async\" src=\"https:\/\/img.kiosko.net\/2024\/02\/01\/ar\/ar_epoca.jpg\" \/><\/p>\n<p><img decoding=\"async\" loading=\"lazy\" class=\"aligncenter size-full wp-image-684213\" src=\"https:\/\/www.diario5.com.ar\/wp-content\/uploads\/2024\/02\/ar_litoral20240201.jpg\" width=\"700\" height=\"919\" srcset=\"https:\/\/www.diario5.com.ar\/wp-content\/uploads\/2024\/02\/ar_litoral20240201.jpg 700w, https:\/\/www.diario5.com.ar\/wp-content\/uploads\/2024\/02\/ar_litoral20240201-229x300.jpg 229w\" sizes=\"(max-width: 700px) 100vw, 700px\" \/><\/p>\n<p><img decoding=\"async\" src=\"https:\/\/img.kiosko.net\/2024\/02\/01\/ar\/ar_heraldo.jpg\" \/><\/p>\n<p><img decoding=\"async\" src=\"https:\/\/img.kiosko.net\/2024\/02\/01\/ar\/ar_manana_formosa.jpg\" \/><\/p>\n<p><img decoding=\"async\" src=\"https:\/\/img.kiosko.net\/2024\/02\/01\/ar\/ar_diario_pampa.jpg\" \/><\/p>\n<p><img decoding=\"async\" src=\"https:\/\/img.kiosko.net\/2024\/02\/01\/ar\/ar_pagina12.jpg\" \/><\/p>\n<p><img decoding=\"async\" src=\"https:\/\/img.kiosko.net\/2024\/02\/01\/ar\/ar_arena.jpg\" \/><\/p>\n<p><img decoding=\"async\" src=\"https:\/\/img.kiosko.net\/2024\/02\/01\/ar\/independiente.jpg\" \/><\/p>\n<p><img decoding=\"async\" src=\"https:\/\/img.kiosko.net\/2024\/02\/01\/ar\/nueva_rioja.jpg\" \/><\/p>\n<p><img decoding=\"async\" src=\"https:\/\/img.kiosko.net\/2024\/02\/01\/ar\/ar_losandes.jpg\" \/><\/p>\n<p><img decoding=\"async\" src=\"https:\/\/img.kiosko.net\/2024\/02\/01\/ar\/ar_tribuno.jpg\" \/><\/p>\n<p><img decoding=\"async\" src=\"https:\/\/img.kiosko.net\/2024\/02\/01\/ar\/lea.jpg\" \/><\/p>\n<p><img decoding=\"async\" src=\"https:\/\/img.kiosko.net\/2024\/02\/01\/ar\/ar_nuevo_diario.jpg\" \/><\/p>\n<p><img decoding=\"async\" src=\"https:\/\/img.kiosko.net\/2024\/02\/01\/ar\/ar_diario_cuyo.jpg\" \/><\/p>\n<p><img decoding=\"async\" src=\"https:\/\/img.kiosko.net\/2024\/02\/01\/ar\/huarpe.jpg\" \/><\/p>\n<p><img decoding=\"async\" loading=\"lazy\" class=\"aligncenter size-full wp-image-684214\" src=\"https:\/\/www.diario5.com.ar\/wp-content\/uploads\/2024\/02\/ar_diario_republica20240201.jpg\" width=\"700\" height=\"908\" srcset=\"https:\/\/www.diario5.com.ar\/wp-content\/uploads\/2024\/02\/ar_diario_republica20240201.jpg 700w, https:\/\/www.diario5.com.ar\/wp-content\/uploads\/2024\/02\/ar_diario_republica20240201-231x300.jpg 231w\" sizes=\"(max-width: 700px) 100vw, 700px\" \/><\/p>\n<p><img decoding=\"async\" src=\"https:\/\/img.kiosko.net\/2024\/02\/01\/ar\/ar_litoral_sfe.jpg\" \/><\/p>\n<p><img decoding=\"async\" loading=\"lazy\" class=\"aligncenter size-full wp-image-684215\" src=\"https:\/\/www.diario5.com.ar\/wp-content\/uploads\/2024\/02\/ciudadano20240201.jpg\" width=\"700\" height=\"934\" srcset=\"https:\/\/www.diario5.com.ar\/wp-content\/uploads\/2024\/02\/ciudadano20240201.jpg 700w, https:\/\/www.diario5.com.ar\/wp-content\/uploads\/2024\/02\/ciudadano20240201-225x300.jpg 225w\" sizes=\"(max-width: 700px) 100vw, 700px\" \/><\/p>\n<p><img decoding=\"async\" src=\"https:\/\/img.kiosko.net\/2024\/02\/01\/ar\/ar_mirador_provincial.jpg\" \/><\/p>\n<p><img decoding=\"async\" src=\"https:\/\/img.kiosko.net\/2024\/02\/01\/ar\/ar_gaceta.jpg\" \/><\/p>\n<p><img decoding=\"async\" src=\"https:\/\/img.kiosko.net\/2024\/02\/01\/ar\/ar_cronica.jpg\" \/><\/p>\n<p><img decoding=\"async\" loading=\"lazy\" class=\"aligncenter size-full wp-image-684216\" src=\"https:\/\/www.diario5.com.ar\/wp-content\/uploads\/2024\/02\/ar_clarin20240201.jpg\" width=\"700\" height=\"963\" srcset=\"https:\/\/www.diario5.com.ar\/wp-content\/uploads\/2024\/02\/ar_clarin20240201.jpg 700w, https:\/\/www.diario5.com.ar\/wp-content\/uploads\/2024\/02\/ar_clarin20240201-218x300.jpg 218w\" sizes=\"(max-width: 700px) 100vw, 700px\" \/><\/p>\n<p><img decoding=\"async\" src=\"https:\/\/img.kiosko.net\/2024\/02\/01\/ar\/nacion.jpg\" \/><\/p>\n<p><img decoding=\"async\" src=\"https:\/\/img.kiosko.net\/2024\/02\/01\/ar\/ar_eco.jpg\" \/><\/p>\n<p><img decoding=\"async\" loading=\"lazy\" class=\"aligncenter size-full wp-image-684217\" src=\"https:\/\/www.diario5.com.ar\/wp-content\/uploads\/2024\/02\/nuevo_diario20240201.jpg\" width=\"700\" height=\"1083\" srcset=\"https:\/\/www.diario5.com.ar\/wp-content\/uploads\/2024\/02\/nuevo_diario20240201.jpg 700w, https:\/\/www.diario5.com.ar\/wp-content\/uploads\/2024\/02\/nuevo_diario20240201-194x300.jpg 194w, https:\/\/www.diario5.com.ar\/wp-content\/uploads\/2024\/02\/nuevo_diario20240201-662x1024.jpg 662w\" sizes=\"(max-width: 700px) 100vw, 700px\" \/><\/p>\n<p><img decoding=\"async\" src=\"https:\/\/img.kiosko.net\/2024\/02\/01\/ar\/sureno.jpg\" \/><\/p>\n<p><img decoding=\"async\" src=\"https:\/\/img.kiosko.net\/2024\/02\/01\/ar\/ar_duplicado.jpg\" \/><\/p>\n<p><img decoding=\"async\" src=\"https:\/\/img.kiosko.net\/2024\/02\/01\/ar\/tiempo_sur.jpg\" \/><\/p>\n<p><img decoding=\"async\" src=\"https:\/\/img.kiosko.net\/2024\/02\/01\/ar\/tiempo_argentino.jpg\" \/><\/p>\n<p><img decoding=\"async\" src=\"https:\/\/img.kiosko.net\/2024\/02\/01\/ar\/ar_epoca.jpg\" \/><\/p>\n<p><img decoding=\"async\" src=\"https:\/\/img.kiosko.net\/2024\/02\/01\/ar\/ar_elsol.jpg\" \/><\/p>\n<p><img decoding=\"async\" loading=\"lazy\" class=\"aligncenter size-full wp-image-684218\" src=\"https:\/\/www.diario5.com.ar\/wp-content\/uploads\/2024\/02\/ar_ancasti20240201.jpg\" width=\"700\" height=\"934\" srcset=\"https:\/\/www.diario5.com.ar\/wp-content\/uploads\/2024\/02\/ar_ancasti20240201.jpg 700w, https:\/\/www.diario5.com.ar\/wp-content\/uploads\/2024\/02\/ar_ancasti20240201-225x300.jpg 225w\" sizes=\"(max-width: 700px) 100vw, 700px\" \/><\/p>\n<p><img decoding=\"async\" src=\"https:\/\/img.kiosko.net\/2024\/02\/01\/ar\/ar_rio_negro.jpg\" \/><\/p>\n<p><img decoding=\"async\" src=\"https:\/\/img.kiosko.net\/2024\/02\/01\/ar\/ar_03.jpg\" \/><\/p>\n<p><img decoding=\"async\" src=\"https:\/\/img.kiosko.net\/2024\/02\/01\/ar\/ar_04.jpg\" \/><\/p>\n<p><img decoding=\"async\" src=\"https:\/\/img.kiosko.net\/2024\/02\/01\/ar\/ar_05.jpg\" \/><\/p>\n<p>&nbsp;<\/p>","protected":false},"excerpt":{"rendered":"<p>El debate por la inmensa ley cuyo proyecto envi\u00f3 el gobierno para su tratamiento, es el eje de un momento delicad\u00edsimo de la Argentina. Y ninguno de los que estamos afuera del recinto podemos asegurar ni que se trata de un ley en la que ir\u00e1 la vida futura del pa\u00eds (como plantea el coraz\u00f3n [&hellip;]<\/p>","protected":false},"author":4,"featured_media":684207,"comment_status":"open","ping_status":"open","sticky":false,"template":"","format":"standard","meta":[],"categories":[75,45,56],"tags":[1177],"series":[],"_links":{"self":[{"href":"https:\/\/www.diario5.com.ar\/es\/wp-json\/wp\/v2\/posts\/676142"}],"collection":[{"href":"https:\/\/www.diario5.com.ar\/es\/wp-json\/wp\/v2\/posts"}],"about":[{"href":"https:\/\/www.diario5.com.ar\/es\/wp-json\/wp\/v2\/types\/post"}],"author":[{"embeddable":true,"href":"https:\/\/www.diario5.com.ar\/es\/wp-json\/wp\/v2\/users\/4"}],"replies":[{"embeddable":true,"href":"https:\/\/www.diario5.com.ar\/es\/wp-json\/wp\/v2\/comments?post=676142"}],"version-history":[{"count":2,"href":"https:\/\/www.diario5.com.ar\/es\/wp-json\/wp\/v2\/posts\/676142\/revisions"}],"predecessor-version":[{"id":684182,"href":"https:\/\/www.diario5.com.ar\/es\/wp-json\/wp\/v2\/posts\/676142\/revisions\/684182"}],"wp:featuredmedia":[{"embeddable":true,"href":"https:\/\/www.diario5.com.ar\/es\/wp-json\/wp\/v2\/media\/684207"}],"wp:attachment":[{"href":"https:\/\/www.diario5.com.ar\/es\/wp-json\/wp\/v2\/media?parent=676142"}],"wp:term":[{"taxonomy":"category","embeddable":true,"href":"https:\/\/www.diario5.com.ar\/es\/wp-json\/wp\/v2\/categories?post=676142"},{"taxonomy":"post_tag","embeddable":true,"href":"https:\/\/www.diario5.com.ar\/es\/wp-json\/wp\/v2\/tags?post=676142"},{"taxonomy":"series","embeddable":true,"href":"https:\/\/www.diario5.com.ar\/es\/wp-json\/wp\/v2\/series?post=676142"}],"curies":[{"name":"wp","href":"https:\/\/api.w.org\/{rel}","templated":true}]}}