{"id":676131,"date":"2024-01-21T06:22:00","date_gmt":"2024-01-21T09:22:00","guid":{"rendered":"http:\/\/diario5.com.ar\/?p=676131"},"modified":"2024-01-21T06:24:43","modified_gmt":"2024-01-21T09:24:43","slug":"676131","status":"publish","type":"post","link":"https:\/\/www.diario5.com.ar\/es\/676131\/","title":{"rendered":"La memoria, en su lugar"},"content":{"rendered":"<h2 class=\"sub-title-primary\"><\/h2> <p><img decoding=\"async\" loading=\"lazy\" class=\"aligncenter size-full wp-image-684022\" src=\"https:\/\/www.diario5.com.ar\/wp-content\/uploads\/2024\/01\/WhatsApp-Image-2024-01-16-at-11.26.2320240121.jpeg\" width=\"700\" height=\"466\" alt=\"monumento 2\" srcset=\"https:\/\/www.diario5.com.ar\/wp-content\/uploads\/2024\/01\/WhatsApp-Image-2024-01-16-at-11.26.2320240121.jpeg 700w, https:\/\/www.diario5.com.ar\/wp-content\/uploads\/2024\/01\/WhatsApp-Image-2024-01-16-at-11.26.2320240121-300x200.jpeg 300w\" sizes=\"(max-width: 700px) 100vw, 700px\" \/><br \/>\n<!--googleoff: index--><\/p>\n<p>All\u00ed, frente al Palacio de Justicia. En Plaza Lavalle. Con todos sus nombres. Con su presencia. Con su dignidad.<\/p>\n<p>El Monumento \u00abHomenaje a las V\u00edctimas de la AMIA\u00bb fue restaurado y vuelto a ubicar en el lugar que se asign\u00f3 originalmente, en 1996, a\u00a0 dos a\u00f1os del atentado terrorista que dej\u00f3 el luctuosos saldo de 85 muertos y por el que a\u00fan se espera encontrar a los culpables.<\/p>\n<p>La\u00a0 pieza hab\u00eda sido retirada en enero de 2022 para poder recuperar la visibilidad correcta de los nombres all\u00ed grabados y otras reparaciones necesarias, dado el deterioro natural que establece el paso del tiempo. Ahora est\u00e1 nuevamente visible para que los transe\u00fantes puedan verla y tomarse un momento de reflexi\u00f3n en ese lugar.<\/p>\n<hr \/>\n<p>Es necesario cumplir el mismo proceso con el mausoleo del General Manuel Belgrano, en el atrio de la Iglesia de Santo Domingo<\/p>\n<p><!--googleon: index--><br \/>\n<img decoding=\"async\" src=\"https:\/\/img.kiosko.net\/2024\/01\/21\/ar\/ar_capital_rosario.jpg\" \/><\/p>\n<p><img decoding=\"async\" src=\"https:\/\/img.kiosko.net\/2024\/01\/21\/ar\/ar_nueva_provincia.jpg\" \/><\/p>\n<p><img decoding=\"async\" src=\"https:\/\/img.kiosko.net\/2024\/01\/21\/ar\/ar_duplicado.jpg\" \/><\/p>\n<p><img decoding=\"async\" loading=\"lazy\" class=\"aligncenter size-full wp-image-684023\" src=\"https:\/\/www.diario5.com.ar\/wp-content\/uploads\/2024\/01\/esquiu20240121.jpg\" width=\"700\" height=\"920\" srcset=\"https:\/\/www.diario5.com.ar\/wp-content\/uploads\/2024\/01\/esquiu20240121.jpg 700w, https:\/\/www.diario5.com.ar\/wp-content\/uploads\/2024\/01\/esquiu20240121-228x300.jpg 228w\" sizes=\"(max-width: 700px) 100vw, 700px\" \/><\/p>\n<p><img decoding=\"async\" src=\"https:\/\/img.kiosko.net\/2024\/01\/21\/ar\/ar_diario_norte.jpg\" \/><\/p>\n<p><img decoding=\"async\" loading=\"lazy\" class=\"aligncenter size-full wp-image-684024\" src=\"https:\/\/www.diario5.com.ar\/wp-content\/uploads\/2024\/01\/voz_chaco20240121.jpg\" width=\"700\" height=\"815\" srcset=\"https:\/\/www.diario5.com.ar\/wp-content\/uploads\/2024\/01\/voz_chaco20240121.jpg 700w, https:\/\/www.diario5.com.ar\/wp-content\/uploads\/2024\/01\/voz_chaco20240121-258x300.jpg 258w\" sizes=\"(max-width: 700px) 100vw, 700px\" \/><\/p>\n<p><img decoding=\"async\" src=\"https:\/\/img.kiosko.net\/2024\/01\/21\/ar\/ar_diario_madryn.jpg\" \/><\/p>\n<p><img decoding=\"async\" src=\"https:\/\/img.kiosko.net\/2024\/01\/21\/ar\/ar_laprensa.jpg\" \/><\/p>\n<p><img decoding=\"async\" src=\"https:\/\/img.kiosko.net\/2024\/01\/21\/ar\/ar_cronista.jpg\" \/><\/p>\n<p><img decoding=\"async\" src=\"https:\/\/img.kiosko.net\/2024\/01\/21\/ar\/buenosaires_economico.jpg\" \/><\/p>\n<p><img decoding=\"async\" src=\"https:\/\/img.kiosko.net\/2024\/01\/21\/ar\/ar_perfil.jpg\" \/><\/p>\n<p><img decoding=\"async\" loading=\"lazy\" class=\"aligncenter size-full wp-image-684025\" src=\"https:\/\/www.diario5.com.ar\/wp-content\/uploads\/2024\/01\/ar_eldia20240121.jpg\" width=\"700\" height=\"1031\" srcset=\"https:\/\/www.diario5.com.ar\/wp-content\/uploads\/2024\/01\/ar_eldia20240121.jpg 700w, https:\/\/www.diario5.com.ar\/wp-content\/uploads\/2024\/01\/ar_eldia20240121-204x300.jpg 204w, https:\/\/www.diario5.com.ar\/wp-content\/uploads\/2024\/01\/ar_eldia20240121-695x1024.jpg 695w\" sizes=\"(max-width: 700px) 100vw, 700px\" \/><\/p>\n<p><img decoding=\"async\" loading=\"lazy\" class=\"aligncenter size-full wp-image-684026\" src=\"https:\/\/www.diario5.com.ar\/wp-content\/uploads\/2024\/01\/ar_hoy20240121.jpg\" width=\"700\" height=\"924\" srcset=\"https:\/\/www.diario5.com.ar\/wp-content\/uploads\/2024\/01\/ar_hoy20240121.jpg 700w, https:\/\/www.diario5.com.ar\/wp-content\/uploads\/2024\/01\/ar_hoy20240121-227x300.jpg 227w\" sizes=\"(max-width: 700px) 100vw, 700px\" \/><\/p>\n<p><img decoding=\"async\" src=\"https:\/\/img.kiosko.net\/2024\/01\/21\/ar\/ar_democracia.jpg\" \/><\/p>\n<p><img decoding=\"async\" loading=\"lazy\" class=\"aligncenter size-full wp-image-684027\" src=\"https:\/\/www.diario5.com.ar\/wp-content\/uploads\/2024\/01\/ar_chubut20240121.jpg\" width=\"700\" height=\"896\" srcset=\"https:\/\/www.diario5.com.ar\/wp-content\/uploads\/2024\/01\/ar_chubut20240121.jpg 700w, https:\/\/www.diario5.com.ar\/wp-content\/uploads\/2024\/01\/ar_chubut20240121-234x300.jpg 234w\" sizes=\"(max-width: 700px) 100vw, 700px\" \/><\/p>\n<p><img decoding=\"async\" src=\"https:\/\/img.kiosko.net\/2024\/01\/21\/ar\/ar_epoca.jpg\" \/><\/p>\n<p><img decoding=\"async\" loading=\"lazy\" class=\"aligncenter size-full wp-image-684028\" src=\"https:\/\/www.diario5.com.ar\/wp-content\/uploads\/2024\/01\/ar_litoral20240121.jpg\" width=\"700\" height=\"916\" srcset=\"https:\/\/www.diario5.com.ar\/wp-content\/uploads\/2024\/01\/ar_litoral20240121.jpg 700w, https:\/\/www.diario5.com.ar\/wp-content\/uploads\/2024\/01\/ar_litoral20240121-229x300.jpg 229w\" sizes=\"(max-width: 700px) 100vw, 700px\" \/><\/p>\n<p><img decoding=\"async\" src=\"https:\/\/img.kiosko.net\/2024\/01\/21\/ar\/ar_heraldo.jpg\" \/><\/p>\n<p><img decoding=\"async\" src=\"https:\/\/img.kiosko.net\/2024\/01\/21\/ar\/ar_manana_formosa.jpg\" \/><\/p>\n<p><img decoding=\"async\" src=\"https:\/\/img.kiosko.net\/2024\/01\/21\/ar\/ar_diario_pampa.jpg\" \/><\/p>\n<p><img decoding=\"async\" src=\"https:\/\/img.kiosko.net\/2024\/01\/21\/ar\/ar_pagina12.jpg\" \/><\/p>\n<p><img decoding=\"async\" src=\"https:\/\/img.kiosko.net\/2024\/01\/21\/ar\/ar_arena.jpg\" \/><\/p>\n<p><img decoding=\"async\" src=\"https:\/\/img.kiosko.net\/2024\/01\/21\/ar\/independiente.jpg\" \/><\/p>\n<p><img decoding=\"async\" src=\"https:\/\/img.kiosko.net\/2024\/01\/21\/ar\/nueva_rioja.jpg\" \/><\/p>\n<p><img decoding=\"async\" src=\"https:\/\/img.kiosko.net\/2024\/01\/21\/ar\/ar_losandes.jpg\" \/><\/p>\n<p><img decoding=\"async\" src=\"https:\/\/img.kiosko.net\/2024\/01\/21\/ar\/ar_tribuno.jpg\" \/><\/p>\n<p><img decoding=\"async\" src=\"https:\/\/img.kiosko.net\/2024\/01\/21\/ar\/lea.jpg\" \/><\/p>\n<p><img decoding=\"async\" src=\"https:\/\/img.kiosko.net\/2024\/01\/21\/ar\/ar_nuevo_diario.jpg\" \/><\/p>\n<p><img decoding=\"async\" src=\"https:\/\/img.kiosko.net\/2024\/01\/21\/ar\/ar_diario_cuyo.jpg\" \/><\/p>\n<p><img decoding=\"async\" src=\"https:\/\/img.kiosko.net\/2024\/01\/21\/ar\/huarpe.jpg\" \/><\/p>\n<p><img decoding=\"async\" src=\"https:\/\/img.kiosko.net\/2024\/01\/21\/ar\/ar_diario_republica.jpg\" \/><\/p>\n<p><img decoding=\"async\" src=\"https:\/\/img.kiosko.net\/2024\/01\/21\/ar\/ar_litoral_sfe.jpg\" \/><\/p>\n<p><img decoding=\"async\" loading=\"lazy\" class=\"aligncenter size-full wp-image-684029\" src=\"https:\/\/www.diario5.com.ar\/wp-content\/uploads\/2024\/01\/ciudadano20240121.jpg\" width=\"700\" height=\"944\" srcset=\"https:\/\/www.diario5.com.ar\/wp-content\/uploads\/2024\/01\/ciudadano20240121.jpg 700w, https:\/\/www.diario5.com.ar\/wp-content\/uploads\/2024\/01\/ciudadano20240121-222x300.jpg 222w\" sizes=\"(max-width: 700px) 100vw, 700px\" \/><\/p>\n<p><img decoding=\"async\" src=\"https:\/\/img.kiosko.net\/2024\/01\/21\/ar\/ar_mirador_provincial.jpg\" \/><\/p>\n<p><img decoding=\"async\" src=\"https:\/\/img.kiosko.net\/2024\/01\/21\/ar\/ar_gaceta.jpg\" \/><\/p>\n<p><img decoding=\"async\" src=\"https:\/\/img.kiosko.net\/2024\/01\/21\/ar\/ar_cronica.jpg\" \/><\/p>\n<p><img decoding=\"async\" loading=\"lazy\" class=\"aligncenter size-full wp-image-684030\" src=\"https:\/\/www.diario5.com.ar\/wp-content\/uploads\/2024\/01\/ar_clarin20240121.jpg\" width=\"700\" height=\"964\" srcset=\"https:\/\/www.diario5.com.ar\/wp-content\/uploads\/2024\/01\/ar_clarin20240121.jpg 700w, https:\/\/www.diario5.com.ar\/wp-content\/uploads\/2024\/01\/ar_clarin20240121-218x300.jpg 218w\" sizes=\"(max-width: 700px) 100vw, 700px\" \/><\/p>\n<p><img decoding=\"async\" src=\"https:\/\/img.kiosko.net\/2024\/01\/21\/ar\/nacion.jpg\" \/><\/p>\n<p><img decoding=\"async\" src=\"https:\/\/img.kiosko.net\/2024\/01\/21\/ar\/ar_eco.jpg\" \/><\/p>\n<p><img decoding=\"async\" src=\"https:\/\/img.kiosko.net\/2024\/01\/21\/ar\/nuevo_diario.jpg\" \/><\/p>\n<p><img decoding=\"async\" src=\"https:\/\/img.kiosko.net\/2024\/01\/21\/ar\/sureno.jpg\" \/><\/p>\n<p><img decoding=\"async\" src=\"https:\/\/img.kiosko.net\/2024\/01\/21\/ar\/ar_duplicado.jpg\" \/><\/p>\n<p><img decoding=\"async\" src=\"https:\/\/img.kiosko.net\/2024\/01\/21\/ar\/tiempo_sur.jpg\" \/><\/p>\n<p><img decoding=\"async\" src=\"https:\/\/img.kiosko.net\/2024\/01\/21\/ar\/tiempo_argentino.jpg\" \/><\/p>\n<p><img decoding=\"async\" src=\"https:\/\/img.kiosko.net\/2024\/01\/21\/ar\/ar_epoca.jpg\" \/><\/p>\n<p><img decoding=\"async\" src=\"https:\/\/img.kiosko.net\/2024\/01\/21\/ar\/ar_elsol.jpg\" \/><\/p>\n<p><img decoding=\"async\" src=\"https:\/\/img.kiosko.net\/2024\/01\/21\/ar\/ar_ancasti.jpg\" \/><\/p>\n<p><img decoding=\"async\" src=\"https:\/\/img.kiosko.net\/2024\/01\/21\/ar\/ar_rio_negro.jpg\" \/><\/p>\n<p><img decoding=\"async\" src=\"https:\/\/img.kiosko.net\/2024\/01\/21\/ar\/ar_03.jpg\" \/><\/p>\n<p><img decoding=\"async\" src=\"https:\/\/img.kiosko.net\/2024\/01\/21\/ar\/ar_04.jpg\" \/><\/p>\n<p><img decoding=\"async\" src=\"https:\/\/img.kiosko.net\/2024\/01\/21\/ar\/ar_05.jpg\" \/><\/p>\n<p>&nbsp;<\/p>","protected":false},"excerpt":{"rendered":"<p>All\u00ed, frente al Palacio de Justicia. En Plaza Lavalle. Con todos sus nombres. Con su presencia. Con su dignidad. El Monumento \u00abHomenaje a las V\u00edctimas de la AMIA\u00bb fue restaurado y vuelto a ubicar en el lugar que se asign\u00f3 originalmente, en 1996, a\u00a0 dos a\u00f1os del atentado terrorista que dej\u00f3 el luctuosos saldo de [&hellip;]<\/p>","protected":false},"author":9,"featured_media":684022,"comment_status":"open","ping_status":"open","sticky":false,"template":"","format":"standard","meta":[],"categories":[962,52,56],"tags":[1245,1247,1244,883,331,1241,1246,1243,1242],"series":[],"_links":{"self":[{"href":"https:\/\/www.diario5.com.ar\/es\/wp-json\/wp\/v2\/posts\/676131"}],"collection":[{"href":"https:\/\/www.diario5.com.ar\/es\/wp-json\/wp\/v2\/posts"}],"about":[{"href":"https:\/\/www.diario5.com.ar\/es\/wp-json\/wp\/v2\/types\/post"}],"author":[{"embeddable":true,"href":"https:\/\/www.diario5.com.ar\/es\/wp-json\/wp\/v2\/users\/9"}],"replies":[{"embeddable":true,"href":"https:\/\/www.diario5.com.ar\/es\/wp-json\/wp\/v2\/comments?post=676131"}],"version-history":[{"count":2,"href":"https:\/\/www.diario5.com.ar\/es\/wp-json\/wp\/v2\/posts\/676131\/revisions"}],"predecessor-version":[{"id":684006,"href":"https:\/\/www.diario5.com.ar\/es\/wp-json\/wp\/v2\/posts\/676131\/revisions\/684006"}],"wp:featuredmedia":[{"embeddable":true,"href":"https:\/\/www.diario5.com.ar\/es\/wp-json\/wp\/v2\/media\/684022"}],"wp:attachment":[{"href":"https:\/\/www.diario5.com.ar\/es\/wp-json\/wp\/v2\/media?parent=676131"}],"wp:term":[{"taxonomy":"category","embeddable":true,"href":"https:\/\/www.diario5.com.ar\/es\/wp-json\/wp\/v2\/categories?post=676131"},{"taxonomy":"post_tag","embeddable":true,"href":"https:\/\/www.diario5.com.ar\/es\/wp-json\/wp\/v2\/tags?post=676131"},{"taxonomy":"series","embeddable":true,"href":"https:\/\/www.diario5.com.ar\/es\/wp-json\/wp\/v2\/series?post=676131"}],"curies":[{"name":"wp","href":"https:\/\/api.w.org\/{rel}","templated":true}]}}