{"id":676084,"date":"2023-12-05T06:50:00","date_gmt":"2023-12-05T09:50:00","guid":{"rendered":"http:\/\/diario5.com.ar\/?p=676084"},"modified":"2024-05-30T01:54:47","modified_gmt":"2024-05-30T04:54:47","slug":"676084","status":"publish","type":"post","link":"https:\/\/www.diario5.com.ar\/es\/676084\/","title":{"rendered":"Los nombres"},"content":{"rendered":"<h2 class=\"sub-title-primary\"><\/h2> <figure id=\"attachment_683137\" aria-describedby=\"caption-attachment-683137\" style=\"width: 1940px\" class=\"wp-caption alignnone\"><img decoding=\"async\" loading=\"lazy\" class=\"wp-image-683137 size-full\" src=\"https:\/\/www.diario5.com.ar\/wp-content\/uploads\/2023\/12\/milei_casa_rosada.jpg\" alt=\"\" width=\"1940\" height=\"1293\" srcset=\"https:\/\/www.diario5.com.ar\/wp-content\/uploads\/2023\/12\/milei_casa_rosada.jpg 1940w, https:\/\/www.diario5.com.ar\/wp-content\/uploads\/2023\/12\/milei_casa_rosada-300x200.jpg 300w, https:\/\/www.diario5.com.ar\/wp-content\/uploads\/2023\/12\/milei_casa_rosada-1024x682.jpg 1024w, https:\/\/www.diario5.com.ar\/wp-content\/uploads\/2023\/12\/milei_casa_rosada-768x512.jpg 768w, https:\/\/www.diario5.com.ar\/wp-content\/uploads\/2023\/12\/milei_casa_rosada-1536x1024.jpg 1536w\" sizes=\"(max-width: 1940px) 100vw, 1940px\" \/><figcaption id=\"caption-attachment-683137\" class=\"wp-caption-text\">Se mantendr\u00e1n las 24 sillas para las reuniones junto al presidente. Pero los ministros ser\u00e1n s\u00f3lo ocho.<\/figcaption><\/figure>\n<p>La selecci\u00f3n de ministros es una responsabilidad crucial para un Jefe de Estado. El proceso debe guiarse por principios que prioricen la competencia, la integridad y la alineaci\u00f3n con la visi\u00f3n del presidente para el pa\u00eds.<\/p>\n<p>Los ministros deben ser elegidos en funci\u00f3n de dos posibles pautas (o ambas): su experiencia y competencia en el campo pertinente. Por supuesto que un funcionario de Finanzas debe tener una s\u00f3lida formaci\u00f3n en temas de econom\u00eda y finanzas, pero como las rutas posibles para tomar decisiones son tantas, habr\u00e1 que observar m\u00e1s aspectos.<\/p>\n<p>La integridad es vital en el servicio p\u00fablico. Los ministros deben tener un fuerte compromiso con la conducta \u00e9tica y deben poder mantener los m\u00e1s altos est\u00e1ndares de integridad.<br \/>\nDiversidad e inclusi\u00f3n:<\/p>\n<p>Un gabinete diverso que refleje los diferentes segmentos de la sociedad puede contribuir a una toma de decisiones m\u00e1s integral. Esto incluye diversidad en t\u00e9rminos de g\u00e9nero, etnia, antecedentes y perspectivas.<\/p>\n<p>Los ministros deben demostrar capacidad de trabajar en equipo y colaborar entre s\u00ed. Siempre es m\u00e1s probable que un gabinete cohesionado implemente pol\u00edticas efectivas o se ponga rumbo a ellas.<\/p>\n<p>Compartir la visi\u00f3n del presidente es presentarle al pa\u00eds una prueba de vigor para la implementaci\u00f3n de planes. Al comprometerse a trabajar hacia objetivos comunes se garantiza un enfoque de gobierno unificado.<\/p>\n<p>Si bien la competencia es crucial, las consideraciones pol\u00edticas desempe\u00f1an un papel definitivo. Estamos acostumbrados a que presidente\u00a0 equilibre las alianzas pol\u00edticas y apunte a garantizar la representaci\u00f3n dentro de su partido. Pues estamos en el extremo de tal necesidad, debido a la escasa representatividad num\u00e9rica que el partido del presidente tiene el el Poder Legislativo. Por lo tanto la negociaci\u00f3n pol\u00edtica ser\u00e1 moneda corriente, cada d\u00eda, durante los pr\u00f3ximos a\u00f1os.<\/p>\n<p>La confianza del p\u00fablico es esencial. Nombrar ministros con buena reputaci\u00f3n p\u00fablica y trayectoria puede ser un gol para la credibilidad del gobierno.<\/p>\n<p>Los ministros y secretarios deben estar abiertos a recibir comentarios. Si los colaboradores son capaces de interactuar con diversas partes interesadas, incluido el p\u00fablico, para comprender y abordar sus inquietudes, un presidente puede estar tranquilo respecto de esa cartera ministerial.<\/p>\n<p>Pasemos a la habilidad de y la capacidad de adaptabilidad en lo que respecta a gesti\u00f3n de crisis. Los hombres y mujeres del gobierno que se logren ubicar, con comodidad pero con decoro, entre las circunstancias cambiantes y gestionar eficazmente las crisis, valen oro para un presidente. El resumen m\u00e1s crudo y realista es que los ministros deber\u00edan ser capaces de tomar decisiones acertadas bajo presi\u00f3n.<\/p>\n<p>Esta gente no s\u00f3lo  debe centrarse en objetivos de corto plazo. Los ministros, al paso de su gesti\u00f3n, van quedando comprometidos a contribuir al desarrollo y la estabilidad del pa\u00eds a largo plazo.<\/p>\n<p>Si el proceso de selecci\u00f3n de ministros es exhaustivo y transparente, si garantiza que las personas elegidas sean las m\u00e1s adecuadas para sus respectivos roles y si puedan contribuir colectivamente -seg\u00fan el plan presidencial- a dar un paso hacia el bienestar y progreso general del pa\u00eds, los elegidos merecer\u00e1n ocupar los cargos. Sabemos que -al jurar en su asunci\u00f3n- se les advierte que la Patria podr\u00eda demandarles rendir cuentas por \u00absi as\u00ed no lo hicieren\u00bb. Pero \u00e9se es un problemita aparte que tiene la Patria, desde hace largo rato.<\/p>\n<p><img decoding=\"async\" loading=\"lazy\" class=\"aligncenter size-full wp-image-683142\" src=\"https:\/\/www.diario5.com.ar\/wp-content\/uploads\/2023\/12\/gagyoudwoaanex320231205.jpg\" width=\"700\" height=\"989\" srcset=\"https:\/\/www.diario5.com.ar\/wp-content\/uploads\/2023\/12\/gagyoudwoaanex320231205.jpg 700w, https:\/\/www.diario5.com.ar\/wp-content\/uploads\/2023\/12\/gagyoudwoaanex320231205-212x300.jpg 212w\" sizes=\"(max-width: 700px) 100vw, 700px\" \/><\/p>\n<p>&nbsp;<\/p>\n<p>Presidente Javier Milei &#8211; Vicepresidente Victoria Villarruel &#8211; Ministro de Defensa Luis Petri &#8211; Ministra de Seguridad Patricia Bullrich &#8211; Canciller Diana Mondino &#8211; Presidente de la Camara de Diputados Martin Menem &#8211; Presidente Provisional del Senado Francisco Paoltroni &#8211; Ministro del Interior Guillermo Francos &#8211; Ministro de Econom\u00eda Luis Caputo &#8211; Secretaria General de la Presidencia Karina Milei &#8211; Jefe de Gabinete de Ministros Nicolas Posse &#8211; Ministro de Infraestructura Guillermo Ferraro<\/p>\n<p><!--googleoff: index--><br \/>\n<!--googleon: index--><\/p>\n<p><img decoding=\"async\" loading=\"lazy\" class=\"aligncenter size-full wp-image-683143\" src=\"https:\/\/www.diario5.com.ar\/wp-content\/uploads\/2023\/12\/esquiu20231205.jpg\" width=\"700\" height=\"920\" srcset=\"https:\/\/www.diario5.com.ar\/wp-content\/uploads\/2023\/12\/esquiu20231205.jpg 700w, https:\/\/www.diario5.com.ar\/wp-content\/uploads\/2023\/12\/esquiu20231205-228x300.jpg 228w\" sizes=\"(max-width: 700px) 100vw, 700px\" \/><\/p>\n<p><img decoding=\"async\" loading=\"lazy\" class=\"aligncenter size-full wp-image-683144\" src=\"https:\/\/www.diario5.com.ar\/wp-content\/uploads\/2023\/12\/ar_hoy20231205.jpg\" width=\"700\" height=\"920\" srcset=\"https:\/\/www.diario5.com.ar\/wp-content\/uploads\/2023\/12\/ar_hoy20231205.jpg 700w, https:\/\/www.diario5.com.ar\/wp-content\/uploads\/2023\/12\/ar_hoy20231205-228x300.jpg 228w\" sizes=\"(max-width: 700px) 100vw, 700px\" \/><\/p>\n<p><img decoding=\"async\" loading=\"lazy\" class=\"aligncenter size-full wp-image-683145\" src=\"https:\/\/www.diario5.com.ar\/wp-content\/uploads\/2023\/12\/ar_chubut20231205.jpg\" width=\"700\" height=\"902\" srcset=\"https:\/\/www.diario5.com.ar\/wp-content\/uploads\/2023\/12\/ar_chubut20231205.jpg 700w, https:\/\/www.diario5.com.ar\/wp-content\/uploads\/2023\/12\/ar_chubut20231205-233x300.jpg 233w\" sizes=\"(max-width: 700px) 100vw, 700px\" \/><\/p>\n<p><img decoding=\"async\" loading=\"lazy\" class=\"aligncenter size-full wp-image-683146\" src=\"https:\/\/www.diario5.com.ar\/wp-content\/uploads\/2023\/12\/ar_litoral20231205.jpg\" width=\"700\" height=\"923\" srcset=\"https:\/\/www.diario5.com.ar\/wp-content\/uploads\/2023\/12\/ar_litoral20231205.jpg 700w, https:\/\/www.diario5.com.ar\/wp-content\/uploads\/2023\/12\/ar_litoral20231205-228x300.jpg 228w\" sizes=\"(max-width: 700px) 100vw, 700px\" \/><\/p>\n<p><img decoding=\"async\" loading=\"lazy\" class=\"aligncenter size-full wp-image-683147\" src=\"https:\/\/www.diario5.com.ar\/wp-content\/uploads\/2023\/12\/ar_losandes20231205.jpg\" width=\"700\" height=\"967\" srcset=\"https:\/\/www.diario5.com.ar\/wp-content\/uploads\/2023\/12\/ar_losandes20231205.jpg 700w, https:\/\/www.diario5.com.ar\/wp-content\/uploads\/2023\/12\/ar_losandes20231205-217x300.jpg 217w\" sizes=\"(max-width: 700px) 100vw, 700px\" \/><\/p>\n<p><img decoding=\"async\" loading=\"lazy\" class=\"aligncenter size-full wp-image-683148\" src=\"https:\/\/www.diario5.com.ar\/wp-content\/uploads\/2023\/12\/ar_diario_republica20231205.jpg\" width=\"700\" height=\"980\" srcset=\"https:\/\/www.diario5.com.ar\/wp-content\/uploads\/2023\/12\/ar_diario_republica20231205.jpg 700w, https:\/\/www.diario5.com.ar\/wp-content\/uploads\/2023\/12\/ar_diario_republica20231205-214x300.jpg 214w\" sizes=\"(max-width: 700px) 100vw, 700px\" \/><\/p>\n<p><img decoding=\"async\" loading=\"lazy\" class=\"aligncenter size-full wp-image-683149\" src=\"https:\/\/www.diario5.com.ar\/wp-content\/uploads\/2023\/12\/ciudadano20231205.jpg\" width=\"700\" height=\"940\" srcset=\"https:\/\/www.diario5.com.ar\/wp-content\/uploads\/2023\/12\/ciudadano20231205.jpg 700w, https:\/\/www.diario5.com.ar\/wp-content\/uploads\/2023\/12\/ciudadano20231205-223x300.jpg 223w\" sizes=\"(max-width: 700px) 100vw, 700px\" \/><\/p>\n<p><img decoding=\"async\" loading=\"lazy\" class=\"aligncenter size-full wp-image-683150\" src=\"https:\/\/www.diario5.com.ar\/wp-content\/uploads\/2023\/12\/ar_gaceta20231205.jpg\" width=\"700\" height=\"1147\" srcset=\"https:\/\/www.diario5.com.ar\/wp-content\/uploads\/2023\/12\/ar_gaceta20231205.jpg 700w, https:\/\/www.diario5.com.ar\/wp-content\/uploads\/2023\/12\/ar_gaceta20231205-183x300.jpg 183w, https:\/\/www.diario5.com.ar\/wp-content\/uploads\/2023\/12\/ar_gaceta20231205-625x1024.jpg 625w\" sizes=\"(max-width: 700px) 100vw, 700px\" \/><\/p>\n<p><img decoding=\"async\" loading=\"lazy\" class=\"aligncenter size-full wp-image-683151\" src=\"https:\/\/www.diario5.com.ar\/wp-content\/uploads\/2023\/12\/ar_clarin20231205.jpg\" width=\"700\" height=\"965\" srcset=\"https:\/\/www.diario5.com.ar\/wp-content\/uploads\/2023\/12\/ar_clarin20231205.jpg 700w, https:\/\/www.diario5.com.ar\/wp-content\/uploads\/2023\/12\/ar_clarin20231205-218x300.jpg 218w\" sizes=\"(max-width: 700px) 100vw, 700px\" \/><\/p>\n<p><img decoding=\"async\" loading=\"lazy\" class=\"aligncenter size-full wp-image-683152\" src=\"https:\/\/www.diario5.com.ar\/wp-content\/uploads\/2023\/12\/nacion20231205.jpg\" width=\"700\" height=\"1061\" srcset=\"https:\/\/www.diario5.com.ar\/wp-content\/uploads\/2023\/12\/nacion20231205.jpg 700w, https:\/\/www.diario5.com.ar\/wp-content\/uploads\/2023\/12\/nacion20231205-198x300.jpg 198w, https:\/\/www.diario5.com.ar\/wp-content\/uploads\/2023\/12\/nacion20231205-676x1024.jpg 676w\" sizes=\"(max-width: 700px) 100vw, 700px\" \/><\/p>\n<p><img decoding=\"async\" loading=\"lazy\" class=\"aligncenter size-full wp-image-683153\" src=\"https:\/\/www.diario5.com.ar\/wp-content\/uploads\/2023\/12\/nuevo_diario20231205.jpg\" width=\"699\" height=\"1076\" srcset=\"https:\/\/www.diario5.com.ar\/wp-content\/uploads\/2023\/12\/nuevo_diario20231205.jpg 699w, https:\/\/www.diario5.com.ar\/wp-content\/uploads\/2023\/12\/nuevo_diario20231205-195x300.jpg 195w, https:\/\/www.diario5.com.ar\/wp-content\/uploads\/2023\/12\/nuevo_diario20231205-665x1024.jpg 665w\" sizes=\"(max-width: 699px) 100vw, 699px\" \/><\/p>\n<p><img decoding=\"async\" loading=\"lazy\" class=\"aligncenter size-full wp-image-683154\" src=\"https:\/\/www.diario5.com.ar\/wp-content\/uploads\/2023\/12\/ar_ancasti20231205.jpg\" width=\"700\" height=\"949\" srcset=\"https:\/\/www.diario5.com.ar\/wp-content\/uploads\/2023\/12\/ar_ancasti20231205.jpg 700w, https:\/\/www.diario5.com.ar\/wp-content\/uploads\/2023\/12\/ar_ancasti20231205-221x300.jpg 221w\" sizes=\"(max-width: 700px) 100vw, 700px\" \/><\/p>","protected":false},"excerpt":{"rendered":"<p>La selecci\u00f3n de ministros es una responsabilidad crucial para un Jefe de Estado. El proceso debe guiarse por principios que prioricen la competencia, la integridad y la alineaci\u00f3n con la visi\u00f3n del presidente para el pa\u00eds. Los ministros deben ser elegidos en funci\u00f3n de dos posibles pautas (o ambas): su experiencia y competencia en el [&hellip;]<\/p>","protected":false},"author":27,"featured_media":683137,"comment_status":"open","ping_status":"open","sticky":false,"template":"","format":"standard","meta":[],"categories":[45,56],"tags":[1067,1399,1682,803,1030,1075,1071,1286,144,1060,1078,1077,1400,1073,1076,1072,1868,1079,1068,1070,1074,537,1069],"series":[],"_links":{"self":[{"href":"https:\/\/www.diario5.com.ar\/es\/wp-json\/wp\/v2\/posts\/676084"}],"collection":[{"href":"https:\/\/www.diario5.com.ar\/es\/wp-json\/wp\/v2\/posts"}],"about":[{"href":"https:\/\/www.diario5.com.ar\/es\/wp-json\/wp\/v2\/types\/post"}],"author":[{"embeddable":true,"href":"https:\/\/www.diario5.com.ar\/es\/wp-json\/wp\/v2\/users\/27"}],"replies":[{"embeddable":true,"href":"https:\/\/www.diario5.com.ar\/es\/wp-json\/wp\/v2\/comments?post=676084"}],"version-history":[{"count":7,"href":"https:\/\/www.diario5.com.ar\/es\/wp-json\/wp\/v2\/posts\/676084\/revisions"}],"predecessor-version":[{"id":686621,"href":"https:\/\/www.diario5.com.ar\/es\/wp-json\/wp\/v2\/posts\/676084\/revisions\/686621"}],"wp:featuredmedia":[{"embeddable":true,"href":"https:\/\/www.diario5.com.ar\/es\/wp-json\/wp\/v2\/media\/683137"}],"wp:attachment":[{"href":"https:\/\/www.diario5.com.ar\/es\/wp-json\/wp\/v2\/media?parent=676084"}],"wp:term":[{"taxonomy":"category","embeddable":true,"href":"https:\/\/www.diario5.com.ar\/es\/wp-json\/wp\/v2\/categories?post=676084"},{"taxonomy":"post_tag","embeddable":true,"href":"https:\/\/www.diario5.com.ar\/es\/wp-json\/wp\/v2\/tags?post=676084"},{"taxonomy":"series","embeddable":true,"href":"https:\/\/www.diario5.com.ar\/es\/wp-json\/wp\/v2\/series?post=676084"}],"curies":[{"name":"wp","href":"https:\/\/api.w.org\/{rel}","templated":true}]}}