{"id":676078,"date":"2023-11-29T06:21:00","date_gmt":"2023-11-29T09:21:00","guid":{"rendered":"http:\/\/diario5.com.ar\/?p=676078"},"modified":"2023-11-30T02:03:32","modified_gmt":"2023-11-30T05:03:32","slug":"676078","status":"publish","type":"post","link":"https:\/\/www.diario5.com.ar\/es\/676078\/","title":{"rendered":"Gnocchi per tutti"},"content":{"rendered":"<h2 class=\"sub-title-primary\">Nadie puede escribir la historia definitiva del origen de los \u00f1oquis del 29. Y eso la hace cada vez m\u00e1s atractiva y arraigada.<\/h2> <figure><img decoding=\"async\" loading=\"lazy\" class=\"aligncenter size-full wp-image-683013\" src=\"https:\/\/www.diario5.com.ar\/wp-content\/uploads\/2023\/11\/Screenshot_2021-10-25-16-43-57-36_a27b88515698e5a58d06d430da63049d20231129.jpg\" width=\"700\" height=\"404\" alt=\"\" srcset=\"https:\/\/www.diario5.com.ar\/wp-content\/uploads\/2023\/11\/Screenshot_2021-10-25-16-43-57-36_a27b88515698e5a58d06d430da63049d20231129.jpg 700w, https:\/\/www.diario5.com.ar\/wp-content\/uploads\/2023\/11\/Screenshot_2021-10-25-16-43-57-36_a27b88515698e5a58d06d430da63049d20231129-300x173.jpg 300w\" sizes=\"(max-width: 700px) 100vw, 700px\" \/><\/figure>\n<figure>Esta costumbre proviene de los inmigrantes italianos, que se establecieron principalmente en Argentina, Uruguay y Paraguay a finales del siglo XIX y principios del XX.<\/figure>\n<figure class=\"wp-block-image size-large\"><img decoding=\"async\" loading=\"lazy\" class=\"aligncenter size-full wp-image-683014\" src=\"https:\/\/www.diario5.com.ar\/wp-content\/uploads\/2023\/11\/Screenshot_2021-10-25-16-42-29-20_a27b88515698e5a58d06d430da63049d20231129.jpg\" width=\"700\" height=\"499\" alt=\"\" srcset=\"https:\/\/www.diario5.com.ar\/wp-content\/uploads\/2023\/11\/Screenshot_2021-10-25-16-42-29-20_a27b88515698e5a58d06d430da63049d20231129.jpg 700w, https:\/\/www.diario5.com.ar\/wp-content\/uploads\/2023\/11\/Screenshot_2021-10-25-16-42-29-20_a27b88515698e5a58d06d430da63049d20231129-300x214.jpg 300w\" sizes=\"(max-width: 700px) 100vw, 700px\" \/><\/figure>\n<p><span>El origen de la tradici\u00f3n no est\u00e1 muy claro.\u00a0Algunos dicen que se remonta a San Pantale\u00f3n de Nicomedia (la actual Turqu\u00eda) en el a\u00f1o 300 d.C.: convertido en m\u00e9dico, fue perseguido por el emperador de Constantinopla Galerio por su adhesi\u00f3n a la fe cristiana.\u00a0Condenado a muerte, fue martirizado en el a\u00f1o 305.<\/span><\/p>\n<figure class=\"wp-block-image size-large\"><img decoding=\"async\" loading=\"lazy\" class=\"aligncenter size-full wp-image-683015\" src=\"https:\/\/www.diario5.com.ar\/wp-content\/uploads\/2023\/11\/Screenshot_2021-10-25-16-43-06-08_a27b88515698e5a58d06d430da63049d20231129.jpg\" width=\"368\" height=\"526\" alt=\"\" srcset=\"https:\/\/www.diario5.com.ar\/wp-content\/uploads\/2023\/11\/Screenshot_2021-10-25-16-43-06-08_a27b88515698e5a58d06d430da63049d20231129.jpg 368w, https:\/\/www.diario5.com.ar\/wp-content\/uploads\/2023\/11\/Screenshot_2021-10-25-16-43-06-08_a27b88515698e5a58d06d430da63049d20231129-210x300.jpg 210w\" sizes=\"(max-width: 368px) 100vw, 368px\" \/><\/figure>\n<p><span>Es el santo patr\u00f3n de los m\u00e9dicos.<\/span><\/p>\n<p><span>San Pantale\u00f3n (vulgo san Pantalon) es una de las figuras m\u00e1s famosas que dio testimonio de su fe en Cristo con el martirio durante la Gran Persecuci\u00f3n (303-305).\u00a0Patr\u00f3n de las parteras y copatrono de los m\u00e9dicos junto con los famosos Cosme y Dami\u00e1n, forma parte del grupo de los llamados santos anargyri (t\u00e9rmino de origen griego que significa literalmente \u00absin dinero\u00bb), llamados as\u00ed por haber practicado el profesi\u00f3n m\u00e9dica sin pedir compensaci\u00f3n.<\/span><\/p>\n<p><span>De Pantaleone, el m\u00e1s misericordioso de los santos, la inscripci\u00f3n griega perdida durante la restauraci\u00f3n anterior a 1886 dec\u00eda: \u00abQue t\u00fa, m\u00e9dico de los enfermos, derrames fuentes de celestial salud\u00bb.<\/span><\/p>\n<p><span>Fue un joven que, tras convertirse al cristianismo, peregrin\u00f3 a Italia, donde, se dice, realiz\u00f3 milagros en la regi\u00f3n del V\u00e9neto.\u00a0Cuenta la leyenda que un d\u00eda, el 29, pidi\u00f3 un plato de comida a unos campesinos.\u00a0La familia le ofreci\u00f3 bolas de masa de harina y se las comieron todos juntos.<\/span><\/p>\n<p><span>Durante la oraci\u00f3n de gracias, el fraile peregrino dese\u00f3 un a\u00f1o de prosperidad y riqueza en las cosechas.<\/span><\/p>\n<p><span>Y aqu\u00ed est\u00e1 el primer milagro: cuando tuvo que salir de la casa de los campesinos pobres, su esposa, mientras lavaba los platos y la vajilla utilizada para el almuerzo, encontr\u00f3 monedas de oro sobre la mesa.<\/span><\/p>\n<p><span>Pero el origen de la tradici\u00f3n de comer \u00f1oquis tambi\u00e9n tiene una explicaci\u00f3n menos mitol\u00f3gica: el plato era el m\u00e1s popular por ser econ\u00f3mico y se com\u00eda expresamente a final de mes s\u00f3lo como una forma de ahorrar dinero hasta el mes siguiente.<\/span><\/p>\n<figure class=\"wp-block-image size-large\"><\/figure>\n<p><span>Sin embargo, el mito del Pantalone persiste, hasta el punto de que casi todas las familias ponen dinero debajo del plato para atraer la suerte.<\/span><\/p>\n<p><span>Muchos preparan \u00f1oquis para promover causas sociales y recaudar fondos.<\/span><\/p>\n<p><span>Otra costumbre de nuestros abuelos italianos, aqu\u00ed en Asunci\u00f3n, Paraguay, es poner dinero a escondidas debajo del plato de \u00f1oquis para sus seres queridos.<\/span><\/p>\n<p><span>Evidentemente los \u00f1oquis de la \u00e9poca de San Pantaleone no son como los que comemos hoy.\u00a0Uno de los ingredientes clave de los \u00f1oquis, como es la patata, fue introducido en Europa hace menos de 500 a\u00f1os, tras el descubrimiento de Am\u00e9rica.<\/span><\/p>\n<p><span>Los m\u00e1s populares son los de papa, madioca (yuca) o camote con tomate.<\/span><\/p>\n<figure class=\"wp-block-image size-large\"><img decoding=\"async\" loading=\"lazy\" class=\"aligncenter size-full wp-image-683016\" src=\"https:\/\/www.diario5.com.ar\/wp-content\/uploads\/2023\/11\/Screenshot_2021-10-25-16-44-57-25_a27b88515698e5a58d06d430da63049d20231129.jpg\" width=\"583\" height=\"498\" alt=\"\" srcset=\"https:\/\/www.diario5.com.ar\/wp-content\/uploads\/2023\/11\/Screenshot_2021-10-25-16-44-57-25_a27b88515698e5a58d06d430da63049d20231129.jpg 583w, https:\/\/www.diario5.com.ar\/wp-content\/uploads\/2023\/11\/Screenshot_2021-10-25-16-44-57-25_a27b88515698e5a58d06d430da63049d20231129-300x256.jpg 300w\" sizes=\"(max-width: 583px) 100vw, 583px\" \/><\/figure>\n<p>&nbsp;<\/p>\n<p><img decoding=\"async\" loading=\"lazy\" class=\"aligncenter size-full wp-image-683017\" src=\"https:\/\/www.diario5.com.ar\/wp-content\/uploads\/2023\/11\/esquiu20231129.jpg\" width=\"700\" height=\"920\" srcset=\"https:\/\/www.diario5.com.ar\/wp-content\/uploads\/2023\/11\/esquiu20231129.jpg 700w, https:\/\/www.diario5.com.ar\/wp-content\/uploads\/2023\/11\/esquiu20231129-228x300.jpg 228w\" sizes=\"(max-width: 700px) 100vw, 700px\" \/><\/p>\n<p><img decoding=\"async\" loading=\"lazy\" class=\"aligncenter size-full wp-image-683018\" src=\"https:\/\/www.diario5.com.ar\/wp-content\/uploads\/2023\/11\/ar_diario_norte20231129.jpg\" width=\"700\" height=\"950\" srcset=\"https:\/\/www.diario5.com.ar\/wp-content\/uploads\/2023\/11\/ar_diario_norte20231129.jpg 700w, https:\/\/www.diario5.com.ar\/wp-content\/uploads\/2023\/11\/ar_diario_norte20231129-221x300.jpg 221w\" sizes=\"(max-width: 700px) 100vw, 700px\" \/><\/p>\n<p><img decoding=\"async\" loading=\"lazy\" class=\"aligncenter size-full wp-image-683019\" src=\"https:\/\/www.diario5.com.ar\/wp-content\/uploads\/2023\/11\/voz_chaco20231129.jpg\" width=\"700\" height=\"816\" srcset=\"https:\/\/www.diario5.com.ar\/wp-content\/uploads\/2023\/11\/voz_chaco20231129.jpg 700w, https:\/\/www.diario5.com.ar\/wp-content\/uploads\/2023\/11\/voz_chaco20231129-257x300.jpg 257w\" sizes=\"(max-width: 700px) 100vw, 700px\" \/><\/p>\n<p><img decoding=\"async\" loading=\"lazy\" class=\"aligncenter size-full wp-image-683020\" src=\"https:\/\/www.diario5.com.ar\/wp-content\/uploads\/2023\/11\/ar_eldia20231129.jpg\" width=\"700\" height=\"1043\" srcset=\"https:\/\/www.diario5.com.ar\/wp-content\/uploads\/2023\/11\/ar_eldia20231129.jpg 700w, https:\/\/www.diario5.com.ar\/wp-content\/uploads\/2023\/11\/ar_eldia20231129-201x300.jpg 201w, https:\/\/www.diario5.com.ar\/wp-content\/uploads\/2023\/11\/ar_eldia20231129-687x1024.jpg 687w\" sizes=\"(max-width: 700px) 100vw, 700px\" \/><\/p>\n<p><img decoding=\"async\" loading=\"lazy\" class=\"aligncenter size-full wp-image-683021\" src=\"https:\/\/www.diario5.com.ar\/wp-content\/uploads\/2023\/11\/ar_hoy20231129.jpg\" width=\"700\" height=\"923\" srcset=\"https:\/\/www.diario5.com.ar\/wp-content\/uploads\/2023\/11\/ar_hoy20231129.jpg 700w, https:\/\/www.diario5.com.ar\/wp-content\/uploads\/2023\/11\/ar_hoy20231129-228x300.jpg 228w\" sizes=\"(max-width: 700px) 100vw, 700px\" \/><\/p>\n<p><img decoding=\"async\" loading=\"lazy\" class=\"aligncenter size-full wp-image-683022\" src=\"https:\/\/www.diario5.com.ar\/wp-content\/uploads\/2023\/11\/ar_chubut20231129.jpg\" width=\"700\" height=\"907\" srcset=\"https:\/\/www.diario5.com.ar\/wp-content\/uploads\/2023\/11\/ar_chubut20231129.jpg 700w, https:\/\/www.diario5.com.ar\/wp-content\/uploads\/2023\/11\/ar_chubut20231129-232x300.jpg 232w\" sizes=\"(max-width: 700px) 100vw, 700px\" \/><\/p>\n<p><img decoding=\"async\" loading=\"lazy\" class=\"aligncenter size-full wp-image-683023\" src=\"https:\/\/www.diario5.com.ar\/wp-content\/uploads\/2023\/11\/ar_epoca20231129.jpg\" width=\"700\" height=\"908\" srcset=\"https:\/\/www.diario5.com.ar\/wp-content\/uploads\/2023\/11\/ar_epoca20231129.jpg 700w, https:\/\/www.diario5.com.ar\/wp-content\/uploads\/2023\/11\/ar_epoca20231129-231x300.jpg 231w\" sizes=\"(max-width: 700px) 100vw, 700px\" \/><\/p>\n<p><img decoding=\"async\" loading=\"lazy\" class=\"aligncenter size-full wp-image-683024\" src=\"https:\/\/www.diario5.com.ar\/wp-content\/uploads\/2023\/11\/ar_litoral20231129.jpg\" width=\"700\" height=\"919\" srcset=\"https:\/\/www.diario5.com.ar\/wp-content\/uploads\/2023\/11\/ar_litoral20231129.jpg 700w, https:\/\/www.diario5.com.ar\/wp-content\/uploads\/2023\/11\/ar_litoral20231129-229x300.jpg 229w\" sizes=\"(max-width: 700px) 100vw, 700px\" \/><\/p>\n<p><img decoding=\"async\" loading=\"lazy\" class=\"aligncenter size-full wp-image-683025\" src=\"https:\/\/www.diario5.com.ar\/wp-content\/uploads\/2023\/11\/ar_losandes20231129.jpg\" width=\"700\" height=\"959\" srcset=\"https:\/\/www.diario5.com.ar\/wp-content\/uploads\/2023\/11\/ar_losandes20231129.jpg 700w, https:\/\/www.diario5.com.ar\/wp-content\/uploads\/2023\/11\/ar_losandes20231129-219x300.jpg 219w\" sizes=\"(max-width: 700px) 100vw, 700px\" \/><\/p>\n<p><img decoding=\"async\" loading=\"lazy\" class=\"aligncenter size-full wp-image-683026\" src=\"https:\/\/www.diario5.com.ar\/wp-content\/uploads\/2023\/11\/ar_diario_republica20231129.jpg\" width=\"700\" height=\"980\" srcset=\"https:\/\/www.diario5.com.ar\/wp-content\/uploads\/2023\/11\/ar_diario_republica20231129.jpg 700w, https:\/\/www.diario5.com.ar\/wp-content\/uploads\/2023\/11\/ar_diario_republica20231129-214x300.jpg 214w\" sizes=\"(max-width: 700px) 100vw, 700px\" \/><\/p>\n<p><img decoding=\"async\" loading=\"lazy\" class=\"aligncenter size-full wp-image-683027\" src=\"https:\/\/www.diario5.com.ar\/wp-content\/uploads\/2023\/11\/ciudadano20231129.jpg\" width=\"700\" height=\"931\" srcset=\"https:\/\/www.diario5.com.ar\/wp-content\/uploads\/2023\/11\/ciudadano20231129.jpg 700w, https:\/\/www.diario5.com.ar\/wp-content\/uploads\/2023\/11\/ciudadano20231129-226x300.jpg 226w\" sizes=\"(max-width: 700px) 100vw, 700px\" \/><\/p>\n<p><img decoding=\"async\" loading=\"lazy\" class=\"aligncenter size-full wp-image-683028\" src=\"https:\/\/www.diario5.com.ar\/wp-content\/uploads\/2023\/11\/ar_clarin20231129.jpg\" width=\"700\" height=\"964\" srcset=\"https:\/\/www.diario5.com.ar\/wp-content\/uploads\/2023\/11\/ar_clarin20231129.jpg 700w, https:\/\/www.diario5.com.ar\/wp-content\/uploads\/2023\/11\/ar_clarin20231129-218x300.jpg 218w\" sizes=\"(max-width: 700px) 100vw, 700px\" \/><\/p>\n<p><img decoding=\"async\" loading=\"lazy\" class=\"aligncenter size-full wp-image-683029\" src=\"https:\/\/www.diario5.com.ar\/wp-content\/uploads\/2023\/11\/nuevo_diario20231129.jpg\" width=\"700\" height=\"1047\" srcset=\"https:\/\/www.diario5.com.ar\/wp-content\/uploads\/2023\/11\/nuevo_diario20231129.jpg 700w, https:\/\/www.diario5.com.ar\/wp-content\/uploads\/2023\/11\/nuevo_diario20231129-201x300.jpg 201w, https:\/\/www.diario5.com.ar\/wp-content\/uploads\/2023\/11\/nuevo_diario20231129-685x1024.jpg 685w\" sizes=\"(max-width: 700px) 100vw, 700px\" \/><\/p>\n<p><img decoding=\"async\" loading=\"lazy\" class=\"aligncenter size-full wp-image-683023\" src=\"https:\/\/www.diario5.com.ar\/wp-content\/uploads\/2023\/11\/ar_epoca20231129.jpg\" width=\"700\" height=\"908\" srcset=\"https:\/\/www.diario5.com.ar\/wp-content\/uploads\/2023\/11\/ar_epoca20231129.jpg 700w, https:\/\/www.diario5.com.ar\/wp-content\/uploads\/2023\/11\/ar_epoca20231129-231x300.jpg 231w\" sizes=\"(max-width: 700px) 100vw, 700px\" \/><\/p>\n<p>Gracias, <em><a href=\"http:\/\/www.progetto-radici.it\/\">Giovanni Marcelli<\/a><\/em><br \/>\n<!--googleoff: index--><br \/>\n<!--googleon: index-->M\u00e1s sobre <a href=\"https:\/\/www.facebook.com\/giovannimarcelli14\"><em>Giovanni Marcelli<\/em><\/a><\/p>","protected":false},"excerpt":{"rendered":"<p>Nadie puede escribir la historia definitiva del origen de los \u00f1oquis del 29. Y eso la hace cada vez m\u00e1s atractiva y arraigada. Esta costumbre proviene de los inmigrantes italianos, que se establecieron principalmente en Argentina, Uruguay y Paraguay a finales del siglo XIX y principios del XX. El origen de la tradici\u00f3n no est\u00e1 [&hellip;]<\/p>","protected":false},"author":1,"featured_media":683013,"comment_status":"open","ping_status":"open","sticky":false,"template":"","format":"standard","meta":[],"categories":[20,56],"tags":[401,456],"series":[],"_links":{"self":[{"href":"https:\/\/www.diario5.com.ar\/es\/wp-json\/wp\/v2\/posts\/676078"}],"collection":[{"href":"https:\/\/www.diario5.com.ar\/es\/wp-json\/wp\/v2\/posts"}],"about":[{"href":"https:\/\/www.diario5.com.ar\/es\/wp-json\/wp\/v2\/types\/post"}],"author":[{"embeddable":true,"href":"https:\/\/www.diario5.com.ar\/es\/wp-json\/wp\/v2\/users\/1"}],"replies":[{"embeddable":true,"href":"https:\/\/www.diario5.com.ar\/es\/wp-json\/wp\/v2\/comments?post=676078"}],"version-history":[{"count":4,"href":"https:\/\/www.diario5.com.ar\/es\/wp-json\/wp\/v2\/posts\/676078\/revisions"}],"predecessor-version":[{"id":683031,"href":"https:\/\/www.diario5.com.ar\/es\/wp-json\/wp\/v2\/posts\/676078\/revisions\/683031"}],"wp:featuredmedia":[{"embeddable":true,"href":"https:\/\/www.diario5.com.ar\/es\/wp-json\/wp\/v2\/media\/683013"}],"wp:attachment":[{"href":"https:\/\/www.diario5.com.ar\/es\/wp-json\/wp\/v2\/media?parent=676078"}],"wp:term":[{"taxonomy":"category","embeddable":true,"href":"https:\/\/www.diario5.com.ar\/es\/wp-json\/wp\/v2\/categories?post=676078"},{"taxonomy":"post_tag","embeddable":true,"href":"https:\/\/www.diario5.com.ar\/es\/wp-json\/wp\/v2\/tags?post=676078"},{"taxonomy":"series","embeddable":true,"href":"https:\/\/www.diario5.com.ar\/es\/wp-json\/wp\/v2\/series?post=676078"}],"curies":[{"name":"wp","href":"https:\/\/api.w.org\/{rel}","templated":true}]}}