{"id":676065,"date":"2023-11-16T06:50:00","date_gmt":"2023-11-16T09:50:00","guid":{"rendered":"http:\/\/diario5.com.ar\/?p=676065"},"modified":"2023-11-16T10:29:12","modified_gmt":"2023-11-16T13:29:12","slug":"676065","status":"publish","type":"post","link":"https:\/\/www.diario5.com.ar\/es\/676065\/","title":{"rendered":"Tronos"},"content":{"rendered":"<h2 class=\"sub-title-primary\"><\/h2> <p>&nbsp;<\/p>\n<p><img decoding=\"async\" loading=\"lazy\" class=\"alignnone size-full wp-image-682654\" src=\"https:\/\/www.diario5.com.ar\/wp-content\/uploads\/2023\/11\/sillitas2.jpg\" alt=\"\" width=\"1000\" height=\"605\" srcset=\"https:\/\/www.diario5.com.ar\/wp-content\/uploads\/2023\/11\/sillitas2.jpg 1000w, https:\/\/www.diario5.com.ar\/wp-content\/uploads\/2023\/11\/sillitas2-300x182.jpg 300w, https:\/\/www.diario5.com.ar\/wp-content\/uploads\/2023\/11\/sillitas2-768x465.jpg 768w\" sizes=\"(max-width: 1000px) 100vw, 1000px\" \/><\/p>\n<p>Balvanera. Decenas de sillitas reci\u00e9n pintadas en rosa y celeste se disponen a salir del taller para ubicarse en un Jard\u00edn de Infantes.<br \/>\n<!--googleoff: index--><\/p>\n<p>La fabricaci\u00f3n de peque\u00f1as sillas de madera para una guarder\u00eda implica varios pasos, entre los que se incluyen el dise\u00f1o, la selecci\u00f3n de materiales, la construcci\u00f3n y el acabado.<\/p>\n<p>Un tama\u00f1o y dise\u00f1o apropiados es lo primero. Las sillas deben fabricarse seg\u00fan el grupo de edad de los nenes del jard\u00edn de infantes. El dise\u00f1o debe ser seguro, c\u00f3modo y adaptado a ellos.<\/p>\n<p>Para la selecci\u00f3n de materiales, una madera resistente y liviana es lo mejor. Pino est\u00e1 bien. La madera deber\u00eda estar est\u00e9 libre de defectos.<\/p>\n<p>Se utilizan sierras y fresadoras para cortar la madera en la forma de silla deseada. Se redondean los bordes y las esquinas para que las sillas no lastimen a los chicos.<\/p>\n<p>Se unen las piezas cortadas. Aqu\u00ed rigen t\u00e9cnicas de carpinter\u00eda personalizadas. El uso de tacos, tornillos y pegamentos requiere de una mano maestra.<\/p>\n<p>Viene la parte en la que hay que asegurarsede\u00a0 que las sillas queden estables y puedan soportar el peso de un chico, incluso de f\u00edsico m\u00e1s grande.<\/p>\n<p>Hay que lijar bien las sillas para eliminar los bordes \u00e1speros, astillas o imperfecciones, hasta lograr\u00a0una superficie lisa para pintar<\/p>\n<p>Lo mejor siempre es aplicar una base, barniz o imprimaci\u00f3n para madera. As\u00ed se preparar la superficie para ser pintada. Esto ayuda a que la pintura se adhiera mejor y proporciona un acabado m\u00e1s uniforme.<\/p>\n<p>Utilizar pintura no t\u00f3xica es lo correcto. El celes te y el rosa sonlo est\u00e1dar pero un set multicolor\u00a0 de sillitas queda hermoso.<\/p>\n<p>Usar una pistola rociadora para obtener una capa uniforme es c\u00f3modo pero pintar a mano con pinceles para dise\u00f1os m\u00e1s complejos es m\u00e1s profesional. Al aplique varias capas, dejando que cada una se seque antes de aplicar la siguiente se eleva la calidad de los productos.<\/p>\n<p>Hay detalles adicionales, como patrones o plantillas, para que las sillas sean visualmente atractivas para los chicos y chicas.<\/p>\n<p>La protecci\u00f3n final puede obtenerse aplicando un sellador transparente (siempre libre de toxicidad). Esto tambi\u00e9n hace que las sillas sean m\u00e1s f\u00e1ciles de limpiar.<\/p>\n<p>De aqu\u00ed en m\u00e1s todos los controles de calidad dar\u00e1n positivo.<\/p>\n<p>De todos modos, se inspecciona cada silla en busca de defectos y para asegurar el cumplimiento de los est\u00e1ndares de seguridad y las especificaciones de dise\u00f1o.<\/p>\n<p>Antes de embalar, se realizan las \u00faltimas pruebas de peso y estabilidad<\/p>\n<p>Se entrega la producci\u00f3n<\/p>\n<p><!--googleon: index-->A los tronos!<\/p>\n<p><img decoding=\"async\" loading=\"lazy\" class=\"aligncenter size-full wp-image-682658\" src=\"https:\/\/www.diario5.com.ar\/wp-content\/uploads\/2023\/11\/ar_capital_rosario20231116.jpg\" width=\"700\" height=\"914\" srcset=\"https:\/\/www.diario5.com.ar\/wp-content\/uploads\/2023\/11\/ar_capital_rosario20231116.jpg 700w, https:\/\/www.diario5.com.ar\/wp-content\/uploads\/2023\/11\/ar_capital_rosario20231116-230x300.jpg 230w\" sizes=\"(max-width: 700px) 100vw, 700px\" \/><\/p>\n<p><img decoding=\"async\" src=\"https:\/\/img.kiosko.net\/2023\/11\/16\/ar\/ar_nueva_provincia.jpg\" \/><\/p>\n<p><img decoding=\"async\" src=\"https:\/\/img.kiosko.net\/2023\/11\/16\/ar\/ar_duplicado.jpg\" \/><\/p>\n<p><img decoding=\"async\" loading=\"lazy\" class=\"aligncenter size-full wp-image-682659\" src=\"https:\/\/www.diario5.com.ar\/wp-content\/uploads\/2023\/11\/esquiu20231116.jpg\" width=\"700\" height=\"921\" srcset=\"https:\/\/www.diario5.com.ar\/wp-content\/uploads\/2023\/11\/esquiu20231116.jpg 700w, https:\/\/www.diario5.com.ar\/wp-content\/uploads\/2023\/11\/esquiu20231116-228x300.jpg 228w\" sizes=\"(max-width: 700px) 100vw, 700px\" \/><\/p>\n<p><img decoding=\"async\" loading=\"lazy\" class=\"aligncenter size-full wp-image-682675\" src=\"https:\/\/www.diario5.com.ar\/wp-content\/uploads\/2023\/11\/ar_diario_norte20231116.jpg\" width=\"700\" height=\"906\" srcset=\"https:\/\/www.diario5.com.ar\/wp-content\/uploads\/2023\/11\/ar_diario_norte20231116.jpg 700w, https:\/\/www.diario5.com.ar\/wp-content\/uploads\/2023\/11\/ar_diario_norte20231116-232x300.jpg 232w\" sizes=\"(max-width: 700px) 100vw, 700px\" \/><\/p>\n<p><img decoding=\"async\" loading=\"lazy\" class=\"aligncenter size-full wp-image-682660\" src=\"https:\/\/www.diario5.com.ar\/wp-content\/uploads\/2023\/11\/voz_chaco20231116.jpg\" width=\"700\" height=\"816\" srcset=\"https:\/\/www.diario5.com.ar\/wp-content\/uploads\/2023\/11\/voz_chaco20231116.jpg 700w, https:\/\/www.diario5.com.ar\/wp-content\/uploads\/2023\/11\/voz_chaco20231116-257x300.jpg 257w\" sizes=\"(max-width: 700px) 100vw, 700px\" \/><\/p>\n<p><img decoding=\"async\" loading=\"lazy\" class=\"aligncenter size-full wp-image-682676\" src=\"https:\/\/www.diario5.com.ar\/wp-content\/uploads\/2023\/11\/ar_cronista20231116.jpg\" width=\"700\" height=\"990\" srcset=\"https:\/\/www.diario5.com.ar\/wp-content\/uploads\/2023\/11\/ar_cronista20231116.jpg 700w, https:\/\/www.diario5.com.ar\/wp-content\/uploads\/2023\/11\/ar_cronista20231116-212x300.jpg 212w\" sizes=\"(max-width: 700px) 100vw, 700px\" \/><\/p>\n<p><img decoding=\"async\" loading=\"lazy\" class=\"aligncenter size-full wp-image-682661\" src=\"https:\/\/www.diario5.com.ar\/wp-content\/uploads\/2023\/11\/ar_eldia20231116.jpg\" width=\"700\" height=\"1045\" srcset=\"https:\/\/www.diario5.com.ar\/wp-content\/uploads\/2023\/11\/ar_eldia20231116.jpg 700w, https:\/\/www.diario5.com.ar\/wp-content\/uploads\/2023\/11\/ar_eldia20231116-201x300.jpg 201w, https:\/\/www.diario5.com.ar\/wp-content\/uploads\/2023\/11\/ar_eldia20231116-686x1024.jpg 686w\" sizes=\"(max-width: 700px) 100vw, 700px\" \/><\/p>\n<p><img decoding=\"async\" loading=\"lazy\" class=\"aligncenter size-full wp-image-682662\" src=\"https:\/\/www.diario5.com.ar\/wp-content\/uploads\/2023\/11\/ar_hoy20231116.jpg\" width=\"700\" height=\"921\" srcset=\"https:\/\/www.diario5.com.ar\/wp-content\/uploads\/2023\/11\/ar_hoy20231116.jpg 700w, https:\/\/www.diario5.com.ar\/wp-content\/uploads\/2023\/11\/ar_hoy20231116-228x300.jpg 228w\" sizes=\"(max-width: 700px) 100vw, 700px\" \/><\/p>\n<p><img decoding=\"async\" loading=\"lazy\" class=\"aligncenter size-full wp-image-682663\" src=\"https:\/\/www.diario5.com.ar\/wp-content\/uploads\/2023\/11\/ar_chubut20231116.jpg\" width=\"700\" height=\"896\" srcset=\"https:\/\/www.diario5.com.ar\/wp-content\/uploads\/2023\/11\/ar_chubut20231116.jpg 700w, https:\/\/www.diario5.com.ar\/wp-content\/uploads\/2023\/11\/ar_chubut20231116-234x300.jpg 234w\" sizes=\"(max-width: 700px) 100vw, 700px\" \/><\/p>\n<p><img decoding=\"async\" loading=\"lazy\" class=\"aligncenter size-full wp-image-682664\" src=\"https:\/\/www.diario5.com.ar\/wp-content\/uploads\/2023\/11\/ar_epoca20231116.jpg\" width=\"700\" height=\"910\" srcset=\"https:\/\/www.diario5.com.ar\/wp-content\/uploads\/2023\/11\/ar_epoca20231116.jpg 700w, https:\/\/www.diario5.com.ar\/wp-content\/uploads\/2023\/11\/ar_epoca20231116-231x300.jpg 231w\" sizes=\"(max-width: 700px) 100vw, 700px\" \/><\/p>\n<p><img decoding=\"async\" loading=\"lazy\" class=\"aligncenter size-full wp-image-682665\" src=\"https:\/\/www.diario5.com.ar\/wp-content\/uploads\/2023\/11\/ar_litoral20231116.jpg\" width=\"700\" height=\"907\" srcset=\"https:\/\/www.diario5.com.ar\/wp-content\/uploads\/2023\/11\/ar_litoral20231116.jpg 700w, https:\/\/www.diario5.com.ar\/wp-content\/uploads\/2023\/11\/ar_litoral20231116-232x300.jpg 232w\" sizes=\"(max-width: 700px) 100vw, 700px\" \/><\/p>\n<p><img decoding=\"async\" loading=\"lazy\" class=\"aligncenter size-full wp-image-682666\" src=\"https:\/\/www.diario5.com.ar\/wp-content\/uploads\/2023\/11\/ar_losandes20231116.jpg\" width=\"700\" height=\"959\" srcset=\"https:\/\/www.diario5.com.ar\/wp-content\/uploads\/2023\/11\/ar_losandes20231116.jpg 700w, https:\/\/www.diario5.com.ar\/wp-content\/uploads\/2023\/11\/ar_losandes20231116-219x300.jpg 219w\" sizes=\"(max-width: 700px) 100vw, 700px\" \/><\/p>\n<p><img decoding=\"async\" loading=\"lazy\" class=\"aligncenter size-full wp-image-682667\" src=\"https:\/\/www.diario5.com.ar\/wp-content\/uploads\/2023\/11\/ar_tribuno20231116.jpg\" width=\"700\" height=\"924\" srcset=\"https:\/\/www.diario5.com.ar\/wp-content\/uploads\/2023\/11\/ar_tribuno20231116.jpg 700w, https:\/\/www.diario5.com.ar\/wp-content\/uploads\/2023\/11\/ar_tribuno20231116-227x300.jpg 227w\" sizes=\"(max-width: 700px) 100vw, 700px\" \/><\/p>\n<p><img decoding=\"async\" loading=\"lazy\" class=\"aligncenter size-full wp-image-682677\" src=\"https:\/\/www.diario5.com.ar\/wp-content\/uploads\/2023\/11\/ar_diario_cuyo20231116.jpg\" width=\"700\" height=\"1051\" srcset=\"https:\/\/www.diario5.com.ar\/wp-content\/uploads\/2023\/11\/ar_diario_cuyo20231116.jpg 700w, https:\/\/www.diario5.com.ar\/wp-content\/uploads\/2023\/11\/ar_diario_cuyo20231116-200x300.jpg 200w, https:\/\/www.diario5.com.ar\/wp-content\/uploads\/2023\/11\/ar_diario_cuyo20231116-682x1024.jpg 682w\" sizes=\"(max-width: 700px) 100vw, 700px\" \/><\/p>\n<p><img decoding=\"async\" loading=\"lazy\" class=\"aligncenter size-full wp-image-682678\" src=\"https:\/\/www.diario5.com.ar\/wp-content\/uploads\/2023\/11\/ar_diario_republica20231116.jpg\" width=\"700\" height=\"980\" srcset=\"https:\/\/www.diario5.com.ar\/wp-content\/uploads\/2023\/11\/ar_diario_republica20231116.jpg 700w, https:\/\/www.diario5.com.ar\/wp-content\/uploads\/2023\/11\/ar_diario_republica20231116-214x300.jpg 214w\" sizes=\"(max-width: 700px) 100vw, 700px\" \/><\/p>\n<p><img decoding=\"async\" loading=\"lazy\" class=\"aligncenter size-full wp-image-682679\" src=\"https:\/\/www.diario5.com.ar\/wp-content\/uploads\/2023\/11\/ar_litoral_sfe20231116.jpg\" width=\"700\" height=\"944\" srcset=\"https:\/\/www.diario5.com.ar\/wp-content\/uploads\/2023\/11\/ar_litoral_sfe20231116.jpg 700w, https:\/\/www.diario5.com.ar\/wp-content\/uploads\/2023\/11\/ar_litoral_sfe20231116-222x300.jpg 222w\" sizes=\"(max-width: 700px) 100vw, 700px\" \/><\/p>\n<p><img decoding=\"async\" loading=\"lazy\" class=\"aligncenter size-full wp-image-682668\" src=\"https:\/\/www.diario5.com.ar\/wp-content\/uploads\/2023\/11\/ciudadano20231116.jpg\" width=\"700\" height=\"919\" srcset=\"https:\/\/www.diario5.com.ar\/wp-content\/uploads\/2023\/11\/ciudadano20231116.jpg 700w, https:\/\/www.diario5.com.ar\/wp-content\/uploads\/2023\/11\/ciudadano20231116-229x300.jpg 229w\" sizes=\"(max-width: 700px) 100vw, 700px\" \/><\/p>\n<p><img decoding=\"async\" loading=\"lazy\" class=\"aligncenter size-full wp-image-682680\" src=\"https:\/\/www.diario5.com.ar\/wp-content\/uploads\/2023\/11\/ar_mirador_provincial20231116.jpg\" width=\"700\" height=\"939\" srcset=\"https:\/\/www.diario5.com.ar\/wp-content\/uploads\/2023\/11\/ar_mirador_provincial20231116.jpg 700w, https:\/\/www.diario5.com.ar\/wp-content\/uploads\/2023\/11\/ar_mirador_provincial20231116-224x300.jpg 224w\" sizes=\"(max-width: 700px) 100vw, 700px\" \/><\/p>\n<p><img decoding=\"async\" loading=\"lazy\" class=\"aligncenter size-full wp-image-682669\" src=\"https:\/\/www.diario5.com.ar\/wp-content\/uploads\/2023\/11\/ar_gaceta20231116.jpg\" width=\"700\" height=\"1147\" srcset=\"https:\/\/www.diario5.com.ar\/wp-content\/uploads\/2023\/11\/ar_gaceta20231116.jpg 700w, https:\/\/www.diario5.com.ar\/wp-content\/uploads\/2023\/11\/ar_gaceta20231116-183x300.jpg 183w, https:\/\/www.diario5.com.ar\/wp-content\/uploads\/2023\/11\/ar_gaceta20231116-625x1024.jpg 625w\" sizes=\"(max-width: 700px) 100vw, 700px\" \/><\/p>\n<p><img decoding=\"async\" loading=\"lazy\" class=\"aligncenter size-full wp-image-682670\" src=\"https:\/\/www.diario5.com.ar\/wp-content\/uploads\/2023\/11\/ar_clarin20231116.jpg\" width=\"700\" height=\"962\" srcset=\"https:\/\/www.diario5.com.ar\/wp-content\/uploads\/2023\/11\/ar_clarin20231116.jpg 700w, https:\/\/www.diario5.com.ar\/wp-content\/uploads\/2023\/11\/ar_clarin20231116-218x300.jpg 218w\" sizes=\"(max-width: 700px) 100vw, 700px\" \/><\/p>\n<p><img decoding=\"async\" loading=\"lazy\" class=\"aligncenter size-full wp-image-682671\" src=\"https:\/\/www.diario5.com.ar\/wp-content\/uploads\/2023\/11\/nacion20231116.jpg\" width=\"700\" height=\"1061\" srcset=\"https:\/\/www.diario5.com.ar\/wp-content\/uploads\/2023\/11\/nacion20231116.jpg 700w, https:\/\/www.diario5.com.ar\/wp-content\/uploads\/2023\/11\/nacion20231116-198x300.jpg 198w, https:\/\/www.diario5.com.ar\/wp-content\/uploads\/2023\/11\/nacion20231116-676x1024.jpg 676w\" sizes=\"(max-width: 700px) 100vw, 700px\" \/><\/p>\n<p><img decoding=\"async\" loading=\"lazy\" class=\"aligncenter size-full wp-image-682672\" src=\"https:\/\/www.diario5.com.ar\/wp-content\/uploads\/2023\/11\/nuevo_diario20231116.jpg\" width=\"700\" height=\"1047\" srcset=\"https:\/\/www.diario5.com.ar\/wp-content\/uploads\/2023\/11\/nuevo_diario20231116.jpg 700w, https:\/\/www.diario5.com.ar\/wp-content\/uploads\/2023\/11\/nuevo_diario20231116-201x300.jpg 201w, https:\/\/www.diario5.com.ar\/wp-content\/uploads\/2023\/11\/nuevo_diario20231116-685x1024.jpg 685w\" sizes=\"(max-width: 700px) 100vw, 700px\" \/><\/p>\n<p><img decoding=\"async\" loading=\"lazy\" class=\"aligncenter size-full wp-image-682664\" src=\"https:\/\/www.diario5.com.ar\/wp-content\/uploads\/2023\/11\/ar_epoca20231116.jpg\" width=\"700\" height=\"910\" srcset=\"https:\/\/www.diario5.com.ar\/wp-content\/uploads\/2023\/11\/ar_epoca20231116.jpg 700w, https:\/\/www.diario5.com.ar\/wp-content\/uploads\/2023\/11\/ar_epoca20231116-231x300.jpg 231w\" sizes=\"(max-width: 700px) 100vw, 700px\" \/><\/p>\n<p><img decoding=\"async\" loading=\"lazy\" class=\"aligncenter size-full wp-image-682681\" src=\"https:\/\/www.diario5.com.ar\/wp-content\/uploads\/2023\/11\/ar_elsol20231116.jpg\" width=\"700\" height=\"724\" srcset=\"https:\/\/www.diario5.com.ar\/wp-content\/uploads\/2023\/11\/ar_elsol20231116.jpg 700w, https:\/\/www.diario5.com.ar\/wp-content\/uploads\/2023\/11\/ar_elsol20231116-290x300.jpg 290w\" sizes=\"(max-width: 700px) 100vw, 700px\" \/><\/p>\n<p><img decoding=\"async\" loading=\"lazy\" class=\"aligncenter size-full wp-image-682674\" src=\"https:\/\/www.diario5.com.ar\/wp-content\/uploads\/2023\/11\/ar_ancasti20231116.jpg\" width=\"700\" height=\"934\" srcset=\"https:\/\/www.diario5.com.ar\/wp-content\/uploads\/2023\/11\/ar_ancasti20231116.jpg 700w, https:\/\/www.diario5.com.ar\/wp-content\/uploads\/2023\/11\/ar_ancasti20231116-225x300.jpg 225w\" sizes=\"(max-width: 700px) 100vw, 700px\" \/><\/p>\n<p><img decoding=\"async\" loading=\"lazy\" class=\"aligncenter size-full wp-image-682682\" src=\"https:\/\/www.diario5.com.ar\/wp-content\/uploads\/2023\/11\/ar_rio_negro20231116.jpg\" width=\"700\" height=\"1070\" srcset=\"https:\/\/www.diario5.com.ar\/wp-content\/uploads\/2023\/11\/ar_rio_negro20231116.jpg 700w, https:\/\/www.diario5.com.ar\/wp-content\/uploads\/2023\/11\/ar_rio_negro20231116-196x300.jpg 196w, https:\/\/www.diario5.com.ar\/wp-content\/uploads\/2023\/11\/ar_rio_negro20231116-670x1024.jpg 670w\" sizes=\"(max-width: 700px) 100vw, 700px\" \/><\/p>\n<p>&nbsp;<\/p>","protected":false},"excerpt":{"rendered":"<p>&nbsp; Balvanera. Decenas de sillitas reci\u00e9n pintadas en rosa y celeste se disponen a salir del taller para ubicarse en un Jard\u00edn de Infantes. La fabricaci\u00f3n de peque\u00f1as sillas de madera para una guarder\u00eda implica varios pasos, entre los que se incluyen el dise\u00f1o, la selecci\u00f3n de materiales, la construcci\u00f3n y el acabado. Un tama\u00f1o [&hellip;]<\/p>","protected":false},"author":2,"featured_media":682654,"comment_status":"open","ping_status":"open","sticky":false,"template":"","format":"standard","meta":[],"categories":[52,56],"tags":[957,860,537],"series":[],"_links":{"self":[{"href":"https:\/\/www.diario5.com.ar\/es\/wp-json\/wp\/v2\/posts\/676065"}],"collection":[{"href":"https:\/\/www.diario5.com.ar\/es\/wp-json\/wp\/v2\/posts"}],"about":[{"href":"https:\/\/www.diario5.com.ar\/es\/wp-json\/wp\/v2\/types\/post"}],"author":[{"embeddable":true,"href":"https:\/\/www.diario5.com.ar\/es\/wp-json\/wp\/v2\/users\/2"}],"replies":[{"embeddable":true,"href":"https:\/\/www.diario5.com.ar\/es\/wp-json\/wp\/v2\/comments?post=676065"}],"version-history":[{"count":7,"href":"https:\/\/www.diario5.com.ar\/es\/wp-json\/wp\/v2\/posts\/676065\/revisions"}],"predecessor-version":[{"id":682650,"href":"https:\/\/www.diario5.com.ar\/es\/wp-json\/wp\/v2\/posts\/676065\/revisions\/682650"}],"wp:featuredmedia":[{"embeddable":true,"href":"https:\/\/www.diario5.com.ar\/es\/wp-json\/wp\/v2\/media\/682654"}],"wp:attachment":[{"href":"https:\/\/www.diario5.com.ar\/es\/wp-json\/wp\/v2\/media?parent=676065"}],"wp:term":[{"taxonomy":"category","embeddable":true,"href":"https:\/\/www.diario5.com.ar\/es\/wp-json\/wp\/v2\/categories?post=676065"},{"taxonomy":"post_tag","embeddable":true,"href":"https:\/\/www.diario5.com.ar\/es\/wp-json\/wp\/v2\/tags?post=676065"},{"taxonomy":"series","embeddable":true,"href":"https:\/\/www.diario5.com.ar\/es\/wp-json\/wp\/v2\/series?post=676065"}],"curies":[{"name":"wp","href":"https:\/\/api.w.org\/{rel}","templated":true}]}}