{"id":676058,"date":"2023-11-09T06:50:00","date_gmt":"2023-11-09T09:50:00","guid":{"rendered":"http:\/\/diario5.com.ar\/?p=676058"},"modified":"2023-11-09T06:53:53","modified_gmt":"2023-11-09T09:53:53","slug":"676058","status":"publish","type":"post","link":"https:\/\/www.diario5.com.ar\/es\/676058\/","title":{"rendered":"SAD: Campa\u00f1a de Prevenci\u00f3n"},"content":{"rendered":"<h2 class=\"sub-title-primary\"><\/h2> <p><!--googleoff: index--><br \/>\nBajo la consigna \u00abPodr\u00eda ser un lunar o podr\u00eda ser un aviso\u00bb, la Sociedad Argentina de Dermatolog\u00eda (SAD) lanz\u00f3 la 30\u00b0 Campa\u00f1a Nacional de Prevenci\u00f3n del C\u00e1ncer de Piel con el fin de concientizar a la poblaci\u00f3n sobre el da\u00f1o que causa la exposici\u00f3n solar a la vez que realizar\u00e1n chequeos gratuitos en distintos centros del pa\u00eds entre el 13 y el 17 de noviembre.<\/p>\n<p>\u00abEsta es la mejor forma de prevenir el c\u00e1ncer de piel y es necesario que todos aquellos que tengan dudas o presenten alg\u00fan s\u00edntoma, puedan acercarse de forma r\u00e1pida a cualquier centro de salud para chequear su piel\u00bb, indic\u00f3 la SAD en un comunicado.<\/p>\n<p><strong>Los turnos disponibles podr\u00e1n consultarse en http:\/\/cancerdepiel.org.ar donde podr\u00e1n acceder al listado de establecimientos adheridos y acudir al que resulte m\u00e1s cercano.<\/strong><\/p>\n<p>Seg\u00fan la Organizaci\u00f3n Mundial de la Salud (OMS), en su informe publicado en 2020, la radiaci\u00f3n solar genera aproximadamente 1,5 millones de c\u00e1nceres al a\u00f1o.<\/p>\n<p>En un estudio realizado por la Sociedad Argentina de Dermatolog\u00eda en 2022, s\u00f3lo el 40% de los encuestados se protege del sol \u201ca veces\u201d y el 62,7% no renueva la protecci\u00f3n solar durante el d\u00eda (tal como se recomienda).<\/p>\n<p><strong>En un an\u00e1lisis detallado sobre los chequeos realizados el a\u00f1o pasado, a 1 de 4 personas le encontraron alguna lesi\u00f3n sospechosa y el mayor n\u00famero de hallazgos fueron ubicados en la zona del tronco.<\/strong><\/p>\n<p>En ese contexto, \u00abel lema de este a\u00f1o pone el foco en el control peri\u00f3dico ya que hay lesiones que parecen &#8216;inofensivas&#8217;, pero tambi\u00e9n podr\u00edan ser un signo de alarma\u00bb.<\/p>\n<figure class=\"mb-3\"><img decoding=\"async\" loading=\"lazy\" class=\"aligncenter size-full wp-image-682457\" src=\"https:\/\/www.diario5.com.ar\/wp-content\/uploads\/2023\/11\/628a5e627e7fb_120020231109.jpg\" width=\"700\" height=\"394\" alt=\"El lema de este ao pone el foco en el control peridico ya que hay lesiones que parecen \" srcset=\"https:\/\/www.diario5.com.ar\/wp-content\/uploads\/2023\/11\/628a5e627e7fb_120020231109.jpg 700w, https:\/\/www.diario5.com.ar\/wp-content\/uploads\/2023\/11\/628a5e627e7fb_120020231109-300x169.jpg 300w\" sizes=\"(max-width: 700px) 100vw, 700px\" \/><\/p>\n<div class=\"media-icons\"><\/div><figcaption>\u00abEl lema de este a\u00f1o pone el foco en el control peri\u00f3dico ya que hay lesiones que parecen<\/figcaption><\/figure>\n<p>&nbsp;<\/p>\n<h2 class=\"\">Los signos de alarma<\/h2>\n<p>Los lunares (o nevos) son lesiones benignas presentes en la mayor\u00eda de las personas; su n\u00famero es variable: pueden ser escasos o m\u00faltiples y se sabe que las personas con m\u00e1s presencia de lunares pueden tener mayor probabilidad de desarrollar c\u00e1ncer de piel.<\/p>\n<p>Los dermat\u00f3logos aconsejan seguir la regla del ABCDE: A (analizar si son asim\u00e9tricos), B (chequear si sus bordes son irregulares), C (contemplar la coloraci\u00f3n, si es variada y si hay cambios de color), D (prestar atenci\u00f3n al di\u00e1metro, si son mayores a 6 mm), E (estudiar su evoluci\u00f3n: si crecen o cambian, hay picaz\u00f3n, sangrado o costras).<\/p>\n<p><strong>Desde la SAD informaron consejos para prevenir el da\u00f1o solar en la piel: por un lado, recomiendan aplicar abundante protector solar de amplio espectro (que proteja contra los rayos UVB y UVA) con FPS (factor de protecci\u00f3n solar) superior a 30 (dependiendo del tipo de piel).<\/strong><\/p>\n<p>\u00abEn caso de pieles blancas, que se enrojecen, el FPS recomendado es de 50 o superior. En d\u00edas nublados o con &#8216;resolana&#8217; la protecci\u00f3n debe ser la misma; los rayos UV llegan igual a nuestra piel\u00bb, indicaron.<\/p>\n<p>La protecci\u00f3n solar debe aplicarse 30 minutos antes de la exposici\u00f3n y ser renovada cada dos horas (o m\u00e1s seguido si hay transpiraci\u00f3n excesiva, inmersi\u00f3n en agua, etc).<\/p>\n<p>Otra recomendaci\u00f3n es usar prendas de vestir que cubran zonas expuestas, en especial \u00e1reas m\u00e1s sensibles, piernas, brazos, la zona del pecho y sombreros o gorros para proteger el cuero cabelludo y evitar, en lo posible, la exposici\u00f3n solar entre 10 de la ma\u00f1ana y 4 de la tarde, cuando los rayos ultravioletas son m\u00e1s intensos.<\/p>\n<p><!--googleon: index--><\/p>\n<p>&#8212;&#8212;&#8212;&#8212;<\/p>\n<p><img decoding=\"async\" loading=\"lazy\" class=\"aligncenter size-full wp-image-682458\" src=\"https:\/\/www.diario5.com.ar\/wp-content\/uploads\/2023\/11\/ar_capital_rosario20231109.jpg\" width=\"700\" height=\"928\" srcset=\"https:\/\/www.diario5.com.ar\/wp-content\/uploads\/2023\/11\/ar_capital_rosario20231109.jpg 700w, https:\/\/www.diario5.com.ar\/wp-content\/uploads\/2023\/11\/ar_capital_rosario20231109-226x300.jpg 226w\" sizes=\"(max-width: 700px) 100vw, 700px\" \/><\/p>\n<p><img decoding=\"async\" src=\"https:\/\/img.kiosko.net\/2023\/11\/09\/ar\/ar_nueva_provincia.jpg\" \/><\/p>\n<p><img decoding=\"async\" src=\"https:\/\/img.kiosko.net\/2023\/11\/09\/ar\/ar_duplicado.jpg\" \/><\/p>\n<p><img decoding=\"async\" loading=\"lazy\" class=\"aligncenter size-full wp-image-682459\" src=\"https:\/\/www.diario5.com.ar\/wp-content\/uploads\/2023\/11\/esquiu20231109.jpg\" width=\"700\" height=\"920\" srcset=\"https:\/\/www.diario5.com.ar\/wp-content\/uploads\/2023\/11\/esquiu20231109.jpg 700w, https:\/\/www.diario5.com.ar\/wp-content\/uploads\/2023\/11\/esquiu20231109-228x300.jpg 228w\" sizes=\"(max-width: 700px) 100vw, 700px\" \/><\/p>\n<p><img decoding=\"async\" loading=\"lazy\" class=\"aligncenter size-full wp-image-682460\" src=\"https:\/\/www.diario5.com.ar\/wp-content\/uploads\/2023\/11\/ar_diario_norte20231109.jpg\" width=\"700\" height=\"903\" srcset=\"https:\/\/www.diario5.com.ar\/wp-content\/uploads\/2023\/11\/ar_diario_norte20231109.jpg 700w, https:\/\/www.diario5.com.ar\/wp-content\/uploads\/2023\/11\/ar_diario_norte20231109-233x300.jpg 233w\" sizes=\"(max-width: 700px) 100vw, 700px\" \/><\/p>\n<p><img decoding=\"async\" loading=\"lazy\" class=\"aligncenter size-full wp-image-682461\" src=\"https:\/\/www.diario5.com.ar\/wp-content\/uploads\/2023\/11\/voz_chaco20231109.jpg\" width=\"700\" height=\"816\" srcset=\"https:\/\/www.diario5.com.ar\/wp-content\/uploads\/2023\/11\/voz_chaco20231109.jpg 700w, https:\/\/www.diario5.com.ar\/wp-content\/uploads\/2023\/11\/voz_chaco20231109-257x300.jpg 257w\" sizes=\"(max-width: 700px) 100vw, 700px\" \/><\/p>\n<p><img decoding=\"async\" src=\"https:\/\/img.kiosko.net\/2023\/11\/09\/ar\/ar_diario_madryn.jpg\" \/><\/p>\n<p><img decoding=\"async\" src=\"https:\/\/img.kiosko.net\/2023\/11\/09\/ar\/ar_laprensa.jpg\" \/><\/p>\n<p><img decoding=\"async\" src=\"https:\/\/img.kiosko.net\/2023\/11\/09\/ar\/ar_cronista.jpg\" \/><\/p>\n<p><img decoding=\"async\" src=\"https:\/\/img.kiosko.net\/2023\/11\/09\/ar\/buenosaires_economico.jpg\" \/><\/p>\n<p><img decoding=\"async\" src=\"https:\/\/img.kiosko.net\/2023\/11\/09\/ar\/ar_perfil.jpg\" \/><\/p>\n<p><img decoding=\"async\" loading=\"lazy\" class=\"aligncenter size-full wp-image-682462\" src=\"https:\/\/www.diario5.com.ar\/wp-content\/uploads\/2023\/11\/ar_eldia20231109.jpg\" width=\"700\" height=\"1042\" srcset=\"https:\/\/www.diario5.com.ar\/wp-content\/uploads\/2023\/11\/ar_eldia20231109.jpg 700w, https:\/\/www.diario5.com.ar\/wp-content\/uploads\/2023\/11\/ar_eldia20231109-202x300.jpg 202w, https:\/\/www.diario5.com.ar\/wp-content\/uploads\/2023\/11\/ar_eldia20231109-688x1024.jpg 688w\" sizes=\"(max-width: 700px) 100vw, 700px\" \/><\/p>\n<p><img decoding=\"async\" loading=\"lazy\" class=\"aligncenter size-full wp-image-682463\" src=\"https:\/\/www.diario5.com.ar\/wp-content\/uploads\/2023\/11\/ar_hoy20231109.jpg\" width=\"700\" height=\"920\" srcset=\"https:\/\/www.diario5.com.ar\/wp-content\/uploads\/2023\/11\/ar_hoy20231109.jpg 700w, https:\/\/www.diario5.com.ar\/wp-content\/uploads\/2023\/11\/ar_hoy20231109-228x300.jpg 228w\" sizes=\"(max-width: 700px) 100vw, 700px\" \/><\/p>\n<p><img decoding=\"async\" src=\"https:\/\/img.kiosko.net\/2023\/11\/09\/ar\/ar_democracia.jpg\" \/><\/p>\n<p><img decoding=\"async\" loading=\"lazy\" class=\"aligncenter size-full wp-image-682464\" src=\"https:\/\/www.diario5.com.ar\/wp-content\/uploads\/2023\/11\/ar_chubut20231109.jpg\" width=\"700\" height=\"918\" srcset=\"https:\/\/www.diario5.com.ar\/wp-content\/uploads\/2023\/11\/ar_chubut20231109.jpg 700w, https:\/\/www.diario5.com.ar\/wp-content\/uploads\/2023\/11\/ar_chubut20231109-229x300.jpg 229w\" sizes=\"(max-width: 700px) 100vw, 700px\" \/><\/p>\n<p><img decoding=\"async\" loading=\"lazy\" class=\"aligncenter size-full wp-image-682465\" src=\"https:\/\/www.diario5.com.ar\/wp-content\/uploads\/2023\/11\/ar_epoca20231109.jpg\" width=\"700\" height=\"908\" srcset=\"https:\/\/www.diario5.com.ar\/wp-content\/uploads\/2023\/11\/ar_epoca20231109.jpg 700w, https:\/\/www.diario5.com.ar\/wp-content\/uploads\/2023\/11\/ar_epoca20231109-231x300.jpg 231w\" sizes=\"(max-width: 700px) 100vw, 700px\" \/><\/p>\n<p><img decoding=\"async\" loading=\"lazy\" class=\"aligncenter size-full wp-image-682466\" src=\"https:\/\/www.diario5.com.ar\/wp-content\/uploads\/2023\/11\/ar_litoral20231109.jpg\" width=\"700\" height=\"911\" srcset=\"https:\/\/www.diario5.com.ar\/wp-content\/uploads\/2023\/11\/ar_litoral20231109.jpg 700w, https:\/\/www.diario5.com.ar\/wp-content\/uploads\/2023\/11\/ar_litoral20231109-231x300.jpg 231w\" sizes=\"(max-width: 700px) 100vw, 700px\" \/><\/p>\n<p><img decoding=\"async\" src=\"https:\/\/img.kiosko.net\/2023\/11\/09\/ar\/ar_heraldo.jpg\" \/><\/p>\n<p><img decoding=\"async\" src=\"https:\/\/img.kiosko.net\/2023\/11\/09\/ar\/ar_manana_formosa.jpg\" \/><\/p>\n<p><img decoding=\"async\" src=\"https:\/\/img.kiosko.net\/2023\/11\/09\/ar\/ar_diario_pampa.jpg\" \/><\/p>\n<p><img decoding=\"async\" src=\"https:\/\/img.kiosko.net\/2023\/11\/09\/ar\/ar_pagina12.jpg\" \/><\/p>\n<p><img decoding=\"async\" src=\"https:\/\/img.kiosko.net\/2023\/11\/09\/ar\/ar_arena.jpg\" \/><\/p>\n<p><img decoding=\"async\" src=\"https:\/\/img.kiosko.net\/2023\/11\/09\/ar\/independiente.jpg\" \/><\/p>\n<p><img decoding=\"async\" src=\"https:\/\/img.kiosko.net\/2023\/11\/09\/ar\/nueva_rioja.jpg\" \/><\/p>\n<p><img decoding=\"async\" loading=\"lazy\" class=\"aligncenter size-full wp-image-682467\" src=\"https:\/\/www.diario5.com.ar\/wp-content\/uploads\/2023\/11\/ar_losandes20231109.jpg\" width=\"700\" height=\"959\" srcset=\"https:\/\/www.diario5.com.ar\/wp-content\/uploads\/2023\/11\/ar_losandes20231109.jpg 700w, https:\/\/www.diario5.com.ar\/wp-content\/uploads\/2023\/11\/ar_losandes20231109-219x300.jpg 219w\" sizes=\"(max-width: 700px) 100vw, 700px\" \/><\/p>\n<p><img decoding=\"async\" loading=\"lazy\" class=\"aligncenter size-full wp-image-682468\" src=\"https:\/\/www.diario5.com.ar\/wp-content\/uploads\/2023\/11\/ar_tribuno20231109.jpg\" width=\"700\" height=\"951\" srcset=\"https:\/\/www.diario5.com.ar\/wp-content\/uploads\/2023\/11\/ar_tribuno20231109.jpg 700w, https:\/\/www.diario5.com.ar\/wp-content\/uploads\/2023\/11\/ar_tribuno20231109-221x300.jpg 221w\" sizes=\"(max-width: 700px) 100vw, 700px\" \/><\/p>\n<p><img decoding=\"async\" src=\"https:\/\/img.kiosko.net\/2023\/11\/09\/ar\/lea.jpg\" \/><\/p>\n<p><img decoding=\"async\" src=\"https:\/\/img.kiosko.net\/2023\/11\/09\/ar\/ar_nuevo_diario.jpg\" \/><\/p>\n<p><img decoding=\"async\" loading=\"lazy\" class=\"aligncenter size-full wp-image-682469\" src=\"https:\/\/www.diario5.com.ar\/wp-content\/uploads\/2023\/11\/ar_diario_cuyo20231109.jpg\" width=\"700\" height=\"1060\" srcset=\"https:\/\/www.diario5.com.ar\/wp-content\/uploads\/2023\/11\/ar_diario_cuyo20231109.jpg 700w, https:\/\/www.diario5.com.ar\/wp-content\/uploads\/2023\/11\/ar_diario_cuyo20231109-198x300.jpg 198w, https:\/\/www.diario5.com.ar\/wp-content\/uploads\/2023\/11\/ar_diario_cuyo20231109-676x1024.jpg 676w\" sizes=\"(max-width: 700px) 100vw, 700px\" \/><\/p>\n<p><img decoding=\"async\" src=\"https:\/\/img.kiosko.net\/2023\/11\/09\/ar\/huarpe.jpg\" \/><\/p>\n<p><img decoding=\"async\" src=\"https:\/\/img.kiosko.net\/2023\/11\/09\/ar\/ar_diario_republica.jpg\" \/><\/p>\n<p><img decoding=\"async\" src=\"https:\/\/img.kiosko.net\/2023\/11\/09\/ar\/ar_litoral_sfe.jpg\" \/><\/p>\n<p><img decoding=\"async\" loading=\"lazy\" class=\"aligncenter size-full wp-image-682470\" src=\"https:\/\/www.diario5.com.ar\/wp-content\/uploads\/2023\/11\/ciudadano20231109.jpg\" width=\"700\" height=\"928\" srcset=\"https:\/\/www.diario5.com.ar\/wp-content\/uploads\/2023\/11\/ciudadano20231109.jpg 700w, https:\/\/www.diario5.com.ar\/wp-content\/uploads\/2023\/11\/ciudadano20231109-226x300.jpg 226w\" sizes=\"(max-width: 700px) 100vw, 700px\" \/><\/p>\n<p><img decoding=\"async\" src=\"https:\/\/img.kiosko.net\/2023\/11\/09\/ar\/ar_mirador_provincial.jpg\" \/><\/p>\n<p><img decoding=\"async\" src=\"https:\/\/img.kiosko.net\/2023\/11\/09\/ar\/ar_gaceta.jpg\" \/><\/p>\n<p><img decoding=\"async\" src=\"https:\/\/img.kiosko.net\/2023\/11\/09\/ar\/ar_cronica.jpg\" \/><\/p>\n<p><img decoding=\"async\" loading=\"lazy\" class=\"aligncenter size-full wp-image-682471\" src=\"https:\/\/www.diario5.com.ar\/wp-content\/uploads\/2023\/11\/ar_clarin20231109.jpg\" width=\"700\" height=\"964\" srcset=\"https:\/\/www.diario5.com.ar\/wp-content\/uploads\/2023\/11\/ar_clarin20231109.jpg 700w, https:\/\/www.diario5.com.ar\/wp-content\/uploads\/2023\/11\/ar_clarin20231109-218x300.jpg 218w\" sizes=\"(max-width: 700px) 100vw, 700px\" \/><\/p>\n<p><img decoding=\"async\" loading=\"lazy\" class=\"aligncenter size-full wp-image-682472\" src=\"https:\/\/www.diario5.com.ar\/wp-content\/uploads\/2023\/11\/nacion20231109.jpg\" width=\"700\" height=\"1061\" srcset=\"https:\/\/www.diario5.com.ar\/wp-content\/uploads\/2023\/11\/nacion20231109.jpg 700w, https:\/\/www.diario5.com.ar\/wp-content\/uploads\/2023\/11\/nacion20231109-198x300.jpg 198w, https:\/\/www.diario5.com.ar\/wp-content\/uploads\/2023\/11\/nacion20231109-676x1024.jpg 676w\" sizes=\"(max-width: 700px) 100vw, 700px\" \/><\/p>\n<p><img decoding=\"async\" src=\"https:\/\/img.kiosko.net\/2023\/11\/09\/ar\/ar_eco.jpg\" \/><\/p>\n<p><img decoding=\"async\" loading=\"lazy\" class=\"aligncenter size-full wp-image-682473\" src=\"https:\/\/www.diario5.com.ar\/wp-content\/uploads\/2023\/11\/nuevo_diario20231109.jpg\" width=\"700\" height=\"1047\" srcset=\"https:\/\/www.diario5.com.ar\/wp-content\/uploads\/2023\/11\/nuevo_diario20231109.jpg 700w, https:\/\/www.diario5.com.ar\/wp-content\/uploads\/2023\/11\/nuevo_diario20231109-201x300.jpg 201w, https:\/\/www.diario5.com.ar\/wp-content\/uploads\/2023\/11\/nuevo_diario20231109-685x1024.jpg 685w\" sizes=\"(max-width: 700px) 100vw, 700px\" \/><\/p>\n<p><img decoding=\"async\" src=\"https:\/\/img.kiosko.net\/2023\/11\/09\/ar\/sureno.jpg\" \/><\/p>\n<p><img decoding=\"async\" src=\"https:\/\/img.kiosko.net\/2023\/11\/09\/ar\/ar_duplicado.jpg\" \/><\/p>\n<p><img decoding=\"async\" src=\"https:\/\/img.kiosko.net\/2023\/11\/09\/ar\/tiempo_sur.jpg\" \/><\/p>\n<p><img decoding=\"async\" src=\"https:\/\/img.kiosko.net\/2023\/11\/09\/ar\/tiempo_argentino.jpg\" \/><\/p>\n<p><img decoding=\"async\" loading=\"lazy\" class=\"aligncenter size-full wp-image-682465\" src=\"https:\/\/www.diario5.com.ar\/wp-content\/uploads\/2023\/11\/ar_epoca20231109.jpg\" width=\"700\" height=\"908\" srcset=\"https:\/\/www.diario5.com.ar\/wp-content\/uploads\/2023\/11\/ar_epoca20231109.jpg 700w, https:\/\/www.diario5.com.ar\/wp-content\/uploads\/2023\/11\/ar_epoca20231109-231x300.jpg 231w\" sizes=\"(max-width: 700px) 100vw, 700px\" \/><\/p>\n<p><img decoding=\"async\" src=\"https:\/\/img.kiosko.net\/2023\/11\/09\/ar\/ar_elsol.jpg\" \/><\/p>\n<p><img decoding=\"async\" src=\"https:\/\/img.kiosko.net\/2023\/11\/09\/ar\/ar_ancasti.jpg\" \/><\/p>\n<p><img decoding=\"async\" src=\"https:\/\/img.kiosko.net\/2023\/11\/09\/ar\/ar_rio_negro.jpg\" \/><\/p>\n<p><img decoding=\"async\" src=\"https:\/\/img.kiosko.net\/2023\/11\/09\/ar\/ar_03.jpg\" \/><\/p>\n<p><img decoding=\"async\" src=\"https:\/\/img.kiosko.net\/2023\/11\/09\/ar\/ar_04.jpg\" \/><\/p>\n<p><img decoding=\"async\" src=\"https:\/\/img.kiosko.net\/2023\/11\/09\/ar\/ar_05.jpg\" \/><\/p>\n<p>&nbsp;<\/p>","protected":false},"excerpt":{"rendered":"<p>Bajo la consigna \u00abPodr\u00eda ser un lunar o podr\u00eda ser un aviso\u00bb, la Sociedad Argentina de Dermatolog\u00eda (SAD) lanz\u00f3 la 30\u00b0 Campa\u00f1a Nacional de Prevenci\u00f3n del C\u00e1ncer de Piel con el fin de concientizar a la poblaci\u00f3n sobre el da\u00f1o que causa la exposici\u00f3n solar a la vez que realizar\u00e1n chequeos gratuitos en distintos centros [&hellip;]<\/p>","protected":false},"author":13,"featured_media":682457,"comment_status":"open","ping_status":"open","sticky":false,"template":"","format":"standard","meta":[],"categories":[22,56],"tags":[126,762,761],"series":[],"_links":{"self":[{"href":"https:\/\/www.diario5.com.ar\/es\/wp-json\/wp\/v2\/posts\/676058"}],"collection":[{"href":"https:\/\/www.diario5.com.ar\/es\/wp-json\/wp\/v2\/posts"}],"about":[{"href":"https:\/\/www.diario5.com.ar\/es\/wp-json\/wp\/v2\/types\/post"}],"author":[{"embeddable":true,"href":"https:\/\/www.diario5.com.ar\/es\/wp-json\/wp\/v2\/users\/13"}],"replies":[{"embeddable":true,"href":"https:\/\/www.diario5.com.ar\/es\/wp-json\/wp\/v2\/comments?post=676058"}],"version-history":[{"count":2,"href":"https:\/\/www.diario5.com.ar\/es\/wp-json\/wp\/v2\/posts\/676058\/revisions"}],"predecessor-version":[{"id":682456,"href":"https:\/\/www.diario5.com.ar\/es\/wp-json\/wp\/v2\/posts\/676058\/revisions\/682456"}],"wp:featuredmedia":[{"embeddable":true,"href":"https:\/\/www.diario5.com.ar\/es\/wp-json\/wp\/v2\/media\/682457"}],"wp:attachment":[{"href":"https:\/\/www.diario5.com.ar\/es\/wp-json\/wp\/v2\/media?parent=676058"}],"wp:term":[{"taxonomy":"category","embeddable":true,"href":"https:\/\/www.diario5.com.ar\/es\/wp-json\/wp\/v2\/categories?post=676058"},{"taxonomy":"post_tag","embeddable":true,"href":"https:\/\/www.diario5.com.ar\/es\/wp-json\/wp\/v2\/tags?post=676058"},{"taxonomy":"series","embeddable":true,"href":"https:\/\/www.diario5.com.ar\/es\/wp-json\/wp\/v2\/series?post=676058"}],"curies":[{"name":"wp","href":"https:\/\/api.w.org\/{rel}","templated":true}]}}