{"id":676056,"date":"2023-11-07T06:50:00","date_gmt":"2023-11-07T09:50:00","guid":{"rendered":"http:\/\/diario5.com.ar\/?p=676056"},"modified":"2023-11-08T15:23:07","modified_gmt":"2023-11-08T18:23:07","slug":"676056","status":"publish","type":"post","link":"https:\/\/www.diario5.com.ar\/es\/676056\/","title":{"rendered":"Con seriedad"},"content":{"rendered":"<h2 class=\"sub-title-primary\"><\/h2> <p><img decoding=\"async\" loading=\"lazy\" class=\"alignnone size-full wp-image-682408\" src=\"https:\/\/www.diario5.com.ar\/wp-content\/uploads\/2023\/11\/dia_del_canillita.jpg\" alt=\"\" width=\"971\" height=\"678\" srcset=\"https:\/\/www.diario5.com.ar\/wp-content\/uploads\/2023\/11\/dia_del_canillita.jpg 971w, https:\/\/www.diario5.com.ar\/wp-content\/uploads\/2023\/11\/dia_del_canillita-300x209.jpg 300w, https:\/\/www.diario5.com.ar\/wp-content\/uploads\/2023\/11\/dia_del_canillita-768x536.jpg 768w\" sizes=\"(max-width: 971px) 100vw, 971px\" \/><\/p>\n<p>As\u00ed es como toman el D\u00eda del Canillita los diarios que respetan el rol de quienes han sido un pilar fundamental en el apoyo a las ediciones period\u00edsticas durante dos siglos. Y a\u00fan siguen ejerciendo uno de los oficios m\u00e1s emblem\u00e1ticos en la vida social del pa\u00eds.<\/p>\n<p>En el chequeo de las tapas de diarios presentadas por Ensamble 19 en la jornada de ayer, observamos que las empresas period\u00edsticas que decidieron hacer un recordatorio ante la ausencia de edici\u00f3n en papel de sus peri\u00f3dicos fueron El Independiente de al Rioja (homenaje incluido en tapa), Diario Norte de Resistencia, El Liberal de Santiago del Estero, La Gaceta de Tucum\u00e1n, La Capital de Rosario y los tradicionales peri\u00f3dicos de la Ciudad de Buenos Aires. Cr\u00f3nica, Clar\u00edn y La Naci\u00f3n, .<\/p>\n<p>Ya en a\u00f1os anteriores -y obligados a hacer periodismo de periodistas- observamos la pol\u00e9mica decisi\u00f3n por parte de algunas empresas editoriales de pretender sacar ventaja al publicar sus peri\u00f3dicos cuando se trata de fechas en las que est\u00e1 previsto no editar.<br \/>\n<!--googleoff: index--><\/p>\n<p>Feliz D\u00eda del Canillita<\/p>\n<p>&nbsp;<\/p>\n<p><img decoding=\"async\" loading=\"lazy\" class=\"aligncenter size-full wp-image-682411\" src=\"https:\/\/www.diario5.com.ar\/wp-content\/uploads\/2023\/11\/esquiu20231107.jpg\" width=\"700\" height=\"920\" srcset=\"https:\/\/www.diario5.com.ar\/wp-content\/uploads\/2023\/11\/esquiu20231107.jpg 700w, https:\/\/www.diario5.com.ar\/wp-content\/uploads\/2023\/11\/esquiu20231107-228x300.jpg 228w\" sizes=\"(max-width: 700px) 100vw, 700px\" \/><\/p>\n<p><img decoding=\"async\" loading=\"lazy\" class=\"aligncenter size-full wp-image-682412\" src=\"https:\/\/www.diario5.com.ar\/wp-content\/uploads\/2023\/11\/voz_chaco20231107.jpg\" width=\"700\" height=\"816\" srcset=\"https:\/\/www.diario5.com.ar\/wp-content\/uploads\/2023\/11\/voz_chaco20231107.jpg 700w, https:\/\/www.diario5.com.ar\/wp-content\/uploads\/2023\/11\/voz_chaco20231107-257x300.jpg 257w\" sizes=\"(max-width: 700px) 100vw, 700px\" \/><\/p>\n<p><img decoding=\"async\" loading=\"lazy\" class=\"aligncenter size-full wp-image-682413\" src=\"https:\/\/www.diario5.com.ar\/wp-content\/uploads\/2023\/11\/ar_eldia20231107.jpg\" width=\"699\" height=\"1041\" srcset=\"https:\/\/www.diario5.com.ar\/wp-content\/uploads\/2023\/11\/ar_eldia20231107.jpg 699w, https:\/\/www.diario5.com.ar\/wp-content\/uploads\/2023\/11\/ar_eldia20231107-201x300.jpg 201w, https:\/\/www.diario5.com.ar\/wp-content\/uploads\/2023\/11\/ar_eldia20231107-688x1024.jpg 688w\" sizes=\"(max-width: 699px) 100vw, 699px\" \/><\/p>\n<p><img decoding=\"async\" loading=\"lazy\" class=\"aligncenter size-full wp-image-682414\" src=\"https:\/\/www.diario5.com.ar\/wp-content\/uploads\/2023\/11\/ar_hoy20231107.jpg\" width=\"700\" height=\"923\" srcset=\"https:\/\/www.diario5.com.ar\/wp-content\/uploads\/2023\/11\/ar_hoy20231107.jpg 700w, https:\/\/www.diario5.com.ar\/wp-content\/uploads\/2023\/11\/ar_hoy20231107-228x300.jpg 228w\" sizes=\"(max-width: 700px) 100vw, 700px\" \/><\/p>\n<p><img decoding=\"async\" loading=\"lazy\" class=\"aligncenter size-full wp-image-682415\" src=\"https:\/\/www.diario5.com.ar\/wp-content\/uploads\/2023\/11\/ar_chubut20231107.jpg\" width=\"700\" height=\"903\" srcset=\"https:\/\/www.diario5.com.ar\/wp-content\/uploads\/2023\/11\/ar_chubut20231107.jpg 700w, https:\/\/www.diario5.com.ar\/wp-content\/uploads\/2023\/11\/ar_chubut20231107-233x300.jpg 233w\" sizes=\"(max-width: 700px) 100vw, 700px\" \/><\/p>\n<p><img decoding=\"async\" loading=\"lazy\" class=\"aligncenter size-full wp-image-682416\" src=\"https:\/\/www.diario5.com.ar\/wp-content\/uploads\/2023\/11\/ar_epoca20231107.jpg\" width=\"700\" height=\"908\" srcset=\"https:\/\/www.diario5.com.ar\/wp-content\/uploads\/2023\/11\/ar_epoca20231107.jpg 700w, https:\/\/www.diario5.com.ar\/wp-content\/uploads\/2023\/11\/ar_epoca20231107-231x300.jpg 231w\" sizes=\"(max-width: 700px) 100vw, 700px\" \/><\/p>\n<p><img decoding=\"async\" loading=\"lazy\" class=\"aligncenter size-full wp-image-682417\" src=\"https:\/\/www.diario5.com.ar\/wp-content\/uploads\/2023\/11\/ar_litoral20231107.jpg\" width=\"700\" height=\"906\" srcset=\"https:\/\/www.diario5.com.ar\/wp-content\/uploads\/2023\/11\/ar_litoral20231107.jpg 700w, https:\/\/www.diario5.com.ar\/wp-content\/uploads\/2023\/11\/ar_litoral20231107-232x300.jpg 232w\" sizes=\"(max-width: 700px) 100vw, 700px\" \/><\/p>\n<p><img decoding=\"async\" loading=\"lazy\" class=\"aligncenter size-full wp-image-682418\" src=\"https:\/\/www.diario5.com.ar\/wp-content\/uploads\/2023\/11\/ciudadano20231107.jpg\" width=\"700\" height=\"928\" srcset=\"https:\/\/www.diario5.com.ar\/wp-content\/uploads\/2023\/11\/ciudadano20231107.jpg 700w, https:\/\/www.diario5.com.ar\/wp-content\/uploads\/2023\/11\/ciudadano20231107-226x300.jpg 226w\" sizes=\"(max-width: 700px) 100vw, 700px\" \/><\/p>\n<p><img decoding=\"async\" loading=\"lazy\" class=\"aligncenter size-full wp-image-682419\" src=\"https:\/\/www.diario5.com.ar\/wp-content\/uploads\/2023\/11\/nuevo_diario20231107.jpg\" width=\"700\" height=\"1069\" srcset=\"https:\/\/www.diario5.com.ar\/wp-content\/uploads\/2023\/11\/nuevo_diario20231107.jpg 700w, https:\/\/www.diario5.com.ar\/wp-content\/uploads\/2023\/11\/nuevo_diario20231107-196x300.jpg 196w, https:\/\/www.diario5.com.ar\/wp-content\/uploads\/2023\/11\/nuevo_diario20231107-671x1024.jpg 671w\" sizes=\"(max-width: 700px) 100vw, 700px\" \/><\/p>\n<p><img decoding=\"async\" loading=\"lazy\" class=\"aligncenter size-full wp-image-682416\" src=\"https:\/\/www.diario5.com.ar\/wp-content\/uploads\/2023\/11\/ar_epoca20231107.jpg\" width=\"700\" height=\"908\" srcset=\"https:\/\/www.diario5.com.ar\/wp-content\/uploads\/2023\/11\/ar_epoca20231107.jpg 700w, https:\/\/www.diario5.com.ar\/wp-content\/uploads\/2023\/11\/ar_epoca20231107-231x300.jpg 231w\" sizes=\"(max-width: 700px) 100vw, 700px\" \/><\/p>\n<p>&nbsp;<\/p>","protected":false},"excerpt":{"rendered":"<p>As\u00ed es como toman el D\u00eda del Canillita los diarios que respetan el rol de quienes han sido un pilar fundamental en el apoyo a las ediciones period\u00edsticas durante dos siglos. Y a\u00fan siguen ejerciendo uno de los oficios m\u00e1s emblem\u00e1ticos en la vida social del pa\u00eds. En el chequeo de las tapas de diarios [&hellip;]<\/p>","protected":false},"author":1,"featured_media":682408,"comment_status":"open","ping_status":"open","sticky":false,"template":"","format":"standard","meta":[],"categories":[52,56],"tags":[474,1028,630,1027,941,17,944],"series":[],"_links":{"self":[{"href":"https:\/\/www.diario5.com.ar\/es\/wp-json\/wp\/v2\/posts\/676056"}],"collection":[{"href":"https:\/\/www.diario5.com.ar\/es\/wp-json\/wp\/v2\/posts"}],"about":[{"href":"https:\/\/www.diario5.com.ar\/es\/wp-json\/wp\/v2\/types\/post"}],"author":[{"embeddable":true,"href":"https:\/\/www.diario5.com.ar\/es\/wp-json\/wp\/v2\/users\/1"}],"replies":[{"embeddable":true,"href":"https:\/\/www.diario5.com.ar\/es\/wp-json\/wp\/v2\/comments?post=676056"}],"version-history":[{"count":4,"href":"https:\/\/www.diario5.com.ar\/es\/wp-json\/wp\/v2\/posts\/676056\/revisions"}],"predecessor-version":[{"id":682421,"href":"https:\/\/www.diario5.com.ar\/es\/wp-json\/wp\/v2\/posts\/676056\/revisions\/682421"}],"wp:featuredmedia":[{"embeddable":true,"href":"https:\/\/www.diario5.com.ar\/es\/wp-json\/wp\/v2\/media\/682408"}],"wp:attachment":[{"href":"https:\/\/www.diario5.com.ar\/es\/wp-json\/wp\/v2\/media?parent=676056"}],"wp:term":[{"taxonomy":"category","embeddable":true,"href":"https:\/\/www.diario5.com.ar\/es\/wp-json\/wp\/v2\/categories?post=676056"},{"taxonomy":"post_tag","embeddable":true,"href":"https:\/\/www.diario5.com.ar\/es\/wp-json\/wp\/v2\/tags?post=676056"},{"taxonomy":"series","embeddable":true,"href":"https:\/\/www.diario5.com.ar\/es\/wp-json\/wp\/v2\/series?post=676056"}],"curies":[{"name":"wp","href":"https:\/\/api.w.org\/{rel}","templated":true}]}}