{"id":676041,"date":"2023-10-23T06:50:00","date_gmt":"2023-10-23T09:50:00","guid":{"rendered":"http:\/\/diario5.com.ar\/?p=676041"},"modified":"2023-11-08T15:24:22","modified_gmt":"2023-11-08T18:24:22","slug":"676041","status":"publish","type":"post","link":"https:\/\/www.diario5.com.ar\/es\/676041\/","title":{"rendered":"Ni Derecho, ni Obligaci\u00f3n: Compromiso"},"content":{"rendered":"<h2 class=\"sub-title-primary\"><\/h2> <p><img decoding=\"async\" src=\"https:\/\/cdn.elobservador.com.uy\/102023\/1697989020613.webp?&amp;extw=jpg\" \/><br \/>\n<!--googleoff: index--><br \/>\n<!--googleon: index--><\/p>\n<p>\u00bfPor qu\u00e9 votan los compatriotas que viven afuera?<\/p>\n<p>En principio, entendemos que lo hacen porque tienen un derecho.<\/p>\n<p>\u00bfO, acaso, es porque se les quiere hacer creer que lo ejercen?<\/p>\n<p>\u00bfY para qu\u00e9 querr\u00edan ejercerlo, si las autoridades que votan no incidir\u00e1n en su vida, nombrar\u00e1n un embajador y alg\u00fan que otro c\u00f3nsul, a quienes nunca conocer\u00e1n, porque dif\u00edcilmente sean invitados a la sede diplom\u00e1tica argentina para un 25 de mayo.<\/p>\n<p>Luego muchas consultas, tenemos la certeza de que lo hacen porque sienten un compromiso. Las personas que no suelen tener demasiado apego por las cuestiones institucionales y pol\u00edticas, lamentablemente han dado la execrable respuesta de que votan \u00abpor nostalgia\u00bb.<\/p>\n<p>Cambiemos por un momento el foco de atenci\u00f3n y volvamos al pa\u00eds.<\/p>\n<p>\u00bfPor qu\u00e9 hay tanta gente que no vota dentro del propio terreno de la Rep\u00fablica Argentina? \u00bfNo era que era obligatorio? \u00bfY las multas? \u00bfY la condici\u00f3n punible para esas personas en el caso de que quisieran salir del pa\u00eds?<\/p>\n<p>\u00bfPor qu\u00e9 se est\u00e1 manejando un escenario de virtual \u00abVoto Optativo\u00bb y no se lo reconoce?<\/p>\n<hr \/>\n<p>Para el proyecto constitutivo que defendemos, el voto <strong>no debe ser ni obligatorio, ni optativo ni -mucho menos- calificado<\/strong>. El derecho de votar autoridades nacionales y locales <strong>debe ser comprometido y gestionado<\/strong> previamente por el ciudadano, como prueba de su propio inter\u00e9s.<\/p>\n<p>La nueva Constituci\u00f3n Nacional debe indicar que la gesti\u00f3n de inter\u00e9s de un ciudadano por votar debe realizarse -con facilidad- en las mismas dependencias del Registro Nacional de las Personas en las que se obtiene el DNI (o en un organismo establecido para tal fin) de manera presencial u online.<\/p>\n<p>\u00bfQu\u00e9 se consigue con el tr\u00e1mite de \u00abCompromiso\u00bb con el acto democr\u00e1tico?<\/p>\n<p>Que la obligatoriedad de voto gane en importancia y el ejercicio del derecho de elegir autoridades eleve su jerarqu\u00eda.<\/p>\n<p>\u00bfQuedar\u00e1n visibles en el Padr\u00f3n Electoral, las personas que no realizaron su \u00abgesti\u00f3n de inter\u00e9s\u00bb?<\/p>\n<p>No. Quedar\u00e1n afuera.<\/p>\n<p>\u00bfPuede realizarse esta gesti\u00f3n a favor de un tercero, como para evitarle el traj\u00edn a una persona mayor o con movilidad reducida?<\/p>\n<p>S\u00ed. El tr\u00e1mite puede realizarlo un tercero, sea familiar o allegado.<\/p>\n<p>\u00bfPuede la poblaci\u00f3n carcelaria realizar el tr\u00e1mite para luego votar?<\/p>\n<p>S\u00ed, puede. Como cualquier otro ciudadano.<\/p>\n<p>\u00bfPueden seguir votando los argentinos residentes en el extranjero?<\/p>\n<p>S\u00ed, pueden, claro.<\/p>\n<p>Y si bien habr\u00eda una posibilidad de que en las mesas escrutadas fuera del pa\u00eds los votos sin compromiso previo se computen por la mitad, el tr\u00e1mite online previo les dar\u00eda derecho integral de participaci\u00f3n a los emigrados.<\/p>\n<p>\u00bfPodr\u00eda la ausencia de tr\u00e1mite de participaci\u00f3n en elecciones generar alguna fluctuaci\u00f3n en beneficios estatales, como empleos, planes sociales y contrataciones?<\/p>\n<p>Depender\u00e1 de proyectos de Ley tratados en las c\u00e1maras de Diputados y Senadores. Pero podr\u00eda.<\/p>\n<hr \/>\n<p>La futura Constituci\u00f3n de la Naci\u00f3n Argentina debe tener muchas reformas. Todas referidas a temas que ata\u00f1en a la poblaci\u00f3n. Y ninguna a los funcionarios.<\/p>\n<p>&nbsp;<\/p>\n<p>&nbsp;<\/p>\n<p><img decoding=\"async\" loading=\"lazy\" class=\"aligncenter size-full wp-image-681968\" src=\"https:\/\/www.diario5.com.ar\/wp-content\/uploads\/2023\/10\/ar_capital_rosario20231023.jpg\" width=\"700\" height=\"922\" srcset=\"https:\/\/www.diario5.com.ar\/wp-content\/uploads\/2023\/10\/ar_capital_rosario20231023.jpg 700w, https:\/\/www.diario5.com.ar\/wp-content\/uploads\/2023\/10\/ar_capital_rosario20231023-228x300.jpg 228w\" sizes=\"(max-width: 700px) 100vw, 700px\" \/><\/p>\n<p><img decoding=\"async\" loading=\"lazy\" class=\"aligncenter size-full wp-image-681969\" src=\"https:\/\/www.diario5.com.ar\/wp-content\/uploads\/2023\/10\/esquiu20231023.jpg\" width=\"700\" height=\"921\" srcset=\"https:\/\/www.diario5.com.ar\/wp-content\/uploads\/2023\/10\/esquiu20231023.jpg 700w, https:\/\/www.diario5.com.ar\/wp-content\/uploads\/2023\/10\/esquiu20231023-228x300.jpg 228w\" sizes=\"(max-width: 700px) 100vw, 700px\" \/><\/p>\n<p><img decoding=\"async\" loading=\"lazy\" class=\"aligncenter size-full wp-image-681970\" src=\"https:\/\/www.diario5.com.ar\/wp-content\/uploads\/2023\/10\/ar_diario_norte20231023.jpg\" width=\"700\" height=\"905\" srcset=\"https:\/\/www.diario5.com.ar\/wp-content\/uploads\/2023\/10\/ar_diario_norte20231023.jpg 700w, https:\/\/www.diario5.com.ar\/wp-content\/uploads\/2023\/10\/ar_diario_norte20231023-232x300.jpg 232w\" sizes=\"(max-width: 700px) 100vw, 700px\" \/><\/p>\n<p><img decoding=\"async\" loading=\"lazy\" class=\"aligncenter size-full wp-image-681971\" src=\"https:\/\/www.diario5.com.ar\/wp-content\/uploads\/2023\/10\/voz_chaco20231023.jpg\" width=\"700\" height=\"828\" srcset=\"https:\/\/www.diario5.com.ar\/wp-content\/uploads\/2023\/10\/voz_chaco20231023.jpg 700w, https:\/\/www.diario5.com.ar\/wp-content\/uploads\/2023\/10\/voz_chaco20231023-254x300.jpg 254w\" sizes=\"(max-width: 700px) 100vw, 700px\" \/><\/p>\n<p><img decoding=\"async\" loading=\"lazy\" class=\"aligncenter size-full wp-image-681972\" src=\"https:\/\/www.diario5.com.ar\/wp-content\/uploads\/2023\/10\/ar_cronista20231023.jpg\" width=\"700\" height=\"994\" srcset=\"https:\/\/www.diario5.com.ar\/wp-content\/uploads\/2023\/10\/ar_cronista20231023.jpg 700w, https:\/\/www.diario5.com.ar\/wp-content\/uploads\/2023\/10\/ar_cronista20231023-211x300.jpg 211w\" sizes=\"(max-width: 700px) 100vw, 700px\" \/><\/p>\n<p><img decoding=\"async\" loading=\"lazy\" class=\"aligncenter size-full wp-image-681973\" src=\"https:\/\/www.diario5.com.ar\/wp-content\/uploads\/2023\/10\/ar_eldia20231023.jpg\" width=\"699\" height=\"1041\" srcset=\"https:\/\/www.diario5.com.ar\/wp-content\/uploads\/2023\/10\/ar_eldia20231023.jpg 699w, https:\/\/www.diario5.com.ar\/wp-content\/uploads\/2023\/10\/ar_eldia20231023-201x300.jpg 201w, https:\/\/www.diario5.com.ar\/wp-content\/uploads\/2023\/10\/ar_eldia20231023-688x1024.jpg 688w\" sizes=\"(max-width: 699px) 100vw, 699px\" \/><\/p>\n<p><img decoding=\"async\" loading=\"lazy\" class=\"aligncenter size-full wp-image-681974\" src=\"https:\/\/www.diario5.com.ar\/wp-content\/uploads\/2023\/10\/ar_hoy20231023.jpg\" width=\"700\" height=\"910\" srcset=\"https:\/\/www.diario5.com.ar\/wp-content\/uploads\/2023\/10\/ar_hoy20231023.jpg 700w, https:\/\/www.diario5.com.ar\/wp-content\/uploads\/2023\/10\/ar_hoy20231023-231x300.jpg 231w\" sizes=\"(max-width: 700px) 100vw, 700px\" \/><\/p>\n<p><img decoding=\"async\" loading=\"lazy\" class=\"aligncenter size-full wp-image-681975\" src=\"https:\/\/www.diario5.com.ar\/wp-content\/uploads\/2023\/10\/ar_chubut20231023.jpg\" width=\"700\" height=\"903\" srcset=\"https:\/\/www.diario5.com.ar\/wp-content\/uploads\/2023\/10\/ar_chubut20231023.jpg 700w, https:\/\/www.diario5.com.ar\/wp-content\/uploads\/2023\/10\/ar_chubut20231023-233x300.jpg 233w\" sizes=\"(max-width: 700px) 100vw, 700px\" \/><\/p>\n<p><img decoding=\"async\" loading=\"lazy\" class=\"aligncenter size-full wp-image-681985\" src=\"https:\/\/www.diario5.com.ar\/wp-content\/uploads\/2023\/10\/ar_epoca20231023.jpg\" width=\"700\" height=\"908\" srcset=\"https:\/\/www.diario5.com.ar\/wp-content\/uploads\/2023\/10\/ar_epoca20231023.jpg 700w, https:\/\/www.diario5.com.ar\/wp-content\/uploads\/2023\/10\/ar_epoca20231023-231x300.jpg 231w\" sizes=\"(max-width: 700px) 100vw, 700px\" \/><\/p>\n<p><img decoding=\"async\" loading=\"lazy\" class=\"aligncenter size-full wp-image-681976\" src=\"https:\/\/www.diario5.com.ar\/wp-content\/uploads\/2023\/10\/ar_litoral20231023.jpg\" width=\"700\" height=\"887\" srcset=\"https:\/\/www.diario5.com.ar\/wp-content\/uploads\/2023\/10\/ar_litoral20231023.jpg 700w, https:\/\/www.diario5.com.ar\/wp-content\/uploads\/2023\/10\/ar_litoral20231023-237x300.jpg 237w\" sizes=\"(max-width: 700px) 100vw, 700px\" \/><\/p>\n<p><img decoding=\"async\" loading=\"lazy\" class=\"aligncenter size-full wp-image-681977\" src=\"https:\/\/www.diario5.com.ar\/wp-content\/uploads\/2023\/10\/ar_losandes20231023.jpg\" width=\"700\" height=\"967\" srcset=\"https:\/\/www.diario5.com.ar\/wp-content\/uploads\/2023\/10\/ar_losandes20231023.jpg 700w, https:\/\/www.diario5.com.ar\/wp-content\/uploads\/2023\/10\/ar_losandes20231023-217x300.jpg 217w\" sizes=\"(max-width: 700px) 100vw, 700px\" \/><\/p>\n<p><img decoding=\"async\" loading=\"lazy\" class=\"aligncenter size-full wp-image-681978\" src=\"https:\/\/www.diario5.com.ar\/wp-content\/uploads\/2023\/10\/ar_diario_cuyo20231023.jpg\" width=\"700\" height=\"1046\" srcset=\"https:\/\/www.diario5.com.ar\/wp-content\/uploads\/2023\/10\/ar_diario_cuyo20231023.jpg 700w, https:\/\/www.diario5.com.ar\/wp-content\/uploads\/2023\/10\/ar_diario_cuyo20231023-201x300.jpg 201w, https:\/\/www.diario5.com.ar\/wp-content\/uploads\/2023\/10\/ar_diario_cuyo20231023-685x1024.jpg 685w\" sizes=\"(max-width: 700px) 100vw, 700px\" \/><\/p>\n<p><img decoding=\"async\" loading=\"lazy\" class=\"aligncenter size-full wp-image-681986\" src=\"https:\/\/www.diario5.com.ar\/wp-content\/uploads\/2023\/10\/ar_diario_republica20231023.jpg\" width=\"700\" height=\"979\" srcset=\"https:\/\/www.diario5.com.ar\/wp-content\/uploads\/2023\/10\/ar_diario_republica20231023.jpg 700w, https:\/\/www.diario5.com.ar\/wp-content\/uploads\/2023\/10\/ar_diario_republica20231023-215x300.jpg 215w\" sizes=\"(max-width: 700px) 100vw, 700px\" \/><\/p>\n<p><img decoding=\"async\" loading=\"lazy\" class=\"aligncenter size-full wp-image-681979\" src=\"https:\/\/www.diario5.com.ar\/wp-content\/uploads\/2023\/10\/ciudadano20231023.jpg\" width=\"700\" height=\"943\" srcset=\"https:\/\/www.diario5.com.ar\/wp-content\/uploads\/2023\/10\/ciudadano20231023.jpg 700w, https:\/\/www.diario5.com.ar\/wp-content\/uploads\/2023\/10\/ciudadano20231023-223x300.jpg 223w\" sizes=\"(max-width: 700px) 100vw, 700px\" \/><\/p>\n<p><img decoding=\"async\" loading=\"lazy\" class=\"aligncenter size-full wp-image-681980\" src=\"https:\/\/www.diario5.com.ar\/wp-content\/uploads\/2023\/10\/ar_gaceta20231023.jpg\" width=\"700\" height=\"1155\" srcset=\"https:\/\/www.diario5.com.ar\/wp-content\/uploads\/2023\/10\/ar_gaceta20231023.jpg 700w, https:\/\/www.diario5.com.ar\/wp-content\/uploads\/2023\/10\/ar_gaceta20231023-182x300.jpg 182w, https:\/\/www.diario5.com.ar\/wp-content\/uploads\/2023\/10\/ar_gaceta20231023-621x1024.jpg 621w\" sizes=\"(max-width: 700px) 100vw, 700px\" \/><\/p>\n<p><img decoding=\"async\" loading=\"lazy\" class=\"aligncenter size-full wp-image-681981\" src=\"https:\/\/www.diario5.com.ar\/wp-content\/uploads\/2023\/10\/ar_clarin20231023.jpg\" width=\"700\" height=\"964\" srcset=\"https:\/\/www.diario5.com.ar\/wp-content\/uploads\/2023\/10\/ar_clarin20231023.jpg 700w, https:\/\/www.diario5.com.ar\/wp-content\/uploads\/2023\/10\/ar_clarin20231023-218x300.jpg 218w\" sizes=\"(max-width: 700px) 100vw, 700px\" \/><\/p>\n<p><img decoding=\"async\" loading=\"lazy\" class=\"aligncenter size-full wp-image-681982\" src=\"https:\/\/www.diario5.com.ar\/wp-content\/uploads\/2023\/10\/nacion20231023.jpg\" width=\"700\" height=\"1061\" srcset=\"https:\/\/www.diario5.com.ar\/wp-content\/uploads\/2023\/10\/nacion20231023.jpg 700w, https:\/\/www.diario5.com.ar\/wp-content\/uploads\/2023\/10\/nacion20231023-198x300.jpg 198w, https:\/\/www.diario5.com.ar\/wp-content\/uploads\/2023\/10\/nacion20231023-676x1024.jpg 676w\" sizes=\"(max-width: 700px) 100vw, 700px\" \/><\/p>\n<p><img decoding=\"async\" loading=\"lazy\" class=\"aligncenter size-full wp-image-681983\" src=\"https:\/\/www.diario5.com.ar\/wp-content\/uploads\/2023\/10\/nuevo_diario20231023.jpg\" width=\"700\" height=\"1047\" srcset=\"https:\/\/www.diario5.com.ar\/wp-content\/uploads\/2023\/10\/nuevo_diario20231023.jpg 700w, https:\/\/www.diario5.com.ar\/wp-content\/uploads\/2023\/10\/nuevo_diario20231023-201x300.jpg 201w, https:\/\/www.diario5.com.ar\/wp-content\/uploads\/2023\/10\/nuevo_diario20231023-685x1024.jpg 685w\" sizes=\"(max-width: 700px) 100vw, 700px\" \/><\/p>\n<p><img decoding=\"async\" loading=\"lazy\" class=\"aligncenter size-full wp-image-681987\" src=\"https:\/\/www.diario5.com.ar\/wp-content\/uploads\/2023\/10\/tiempo_sur20231023.jpg\" width=\"700\" height=\"957\" srcset=\"https:\/\/www.diario5.com.ar\/wp-content\/uploads\/2023\/10\/tiempo_sur20231023.jpg 700w, https:\/\/www.diario5.com.ar\/wp-content\/uploads\/2023\/10\/tiempo_sur20231023-219x300.jpg 219w\" sizes=\"(max-width: 700px) 100vw, 700px\" \/><\/p>\n<p><img decoding=\"async\" loading=\"lazy\" class=\"aligncenter size-full wp-image-681985\" src=\"https:\/\/www.diario5.com.ar\/wp-content\/uploads\/2023\/10\/ar_epoca20231023.jpg\" width=\"700\" height=\"908\" srcset=\"https:\/\/www.diario5.com.ar\/wp-content\/uploads\/2023\/10\/ar_epoca20231023.jpg 700w, https:\/\/www.diario5.com.ar\/wp-content\/uploads\/2023\/10\/ar_epoca20231023-231x300.jpg 231w\" sizes=\"(max-width: 700px) 100vw, 700px\" \/><\/p>\n<p><img decoding=\"async\" loading=\"lazy\" class=\"aligncenter size-full wp-image-681989\" src=\"https:\/\/www.diario5.com.ar\/wp-content\/uploads\/2023\/10\/ar_elsol20231023.jpg\" width=\"700\" height=\"724\" srcset=\"https:\/\/www.diario5.com.ar\/wp-content\/uploads\/2023\/10\/ar_elsol20231023.jpg 700w, https:\/\/www.diario5.com.ar\/wp-content\/uploads\/2023\/10\/ar_elsol20231023-290x300.jpg 290w\" sizes=\"(max-width: 700px) 100vw, 700px\" \/><\/p>\n<p><img decoding=\"async\" loading=\"lazy\" class=\"aligncenter size-full wp-image-682002\" src=\"https:\/\/www.diario5.com.ar\/wp-content\/uploads\/2023\/10\/ar_rio_negro20231023.jpg\" width=\"700\" height=\"1044\" srcset=\"https:\/\/www.diario5.com.ar\/wp-content\/uploads\/2023\/10\/ar_rio_negro20231023.jpg 700w, https:\/\/www.diario5.com.ar\/wp-content\/uploads\/2023\/10\/ar_rio_negro20231023-201x300.jpg 201w, https:\/\/www.diario5.com.ar\/wp-content\/uploads\/2023\/10\/ar_rio_negro20231023-687x1024.jpg 687w\" sizes=\"(max-width: 700px) 100vw, 700px\" \/><\/p>\n<p>&nbsp;<\/p>","protected":false},"excerpt":{"rendered":"<p>\u00bfPor qu\u00e9 votan los compatriotas que viven afuera? En principio, entendemos que lo hacen porque tienen un derecho. \u00bfO, acaso, es porque se les quiere hacer creer que lo ejercen? \u00bfY para qu\u00e9 querr\u00edan ejercerlo, si las autoridades que votan no incidir\u00e1n en su vida, nombrar\u00e1n un embajador y alg\u00fan que otro c\u00f3nsul, a quienes [&hellip;]<\/p>","protected":false},"author":3,"featured_media":682004,"comment_status":"open","ping_status":"open","sticky":false,"template":"","format":"standard","meta":[],"categories":[75,979,56],"tags":[958],"series":[],"_links":{"self":[{"href":"https:\/\/www.diario5.com.ar\/es\/wp-json\/wp\/v2\/posts\/676041"}],"collection":[{"href":"https:\/\/www.diario5.com.ar\/es\/wp-json\/wp\/v2\/posts"}],"about":[{"href":"https:\/\/www.diario5.com.ar\/es\/wp-json\/wp\/v2\/types\/post"}],"author":[{"embeddable":true,"href":"https:\/\/www.diario5.com.ar\/es\/wp-json\/wp\/v2\/users\/3"}],"replies":[{"embeddable":true,"href":"https:\/\/www.diario5.com.ar\/es\/wp-json\/wp\/v2\/comments?post=676041"}],"version-history":[{"count":6,"href":"https:\/\/www.diario5.com.ar\/es\/wp-json\/wp\/v2\/posts\/676041\/revisions"}],"predecessor-version":[{"id":682003,"href":"https:\/\/www.diario5.com.ar\/es\/wp-json\/wp\/v2\/posts\/676041\/revisions\/682003"}],"wp:featuredmedia":[{"embeddable":true,"href":"https:\/\/www.diario5.com.ar\/es\/wp-json\/wp\/v2\/media\/682004"}],"wp:attachment":[{"href":"https:\/\/www.diario5.com.ar\/es\/wp-json\/wp\/v2\/media?parent=676041"}],"wp:term":[{"taxonomy":"category","embeddable":true,"href":"https:\/\/www.diario5.com.ar\/es\/wp-json\/wp\/v2\/categories?post=676041"},{"taxonomy":"post_tag","embeddable":true,"href":"https:\/\/www.diario5.com.ar\/es\/wp-json\/wp\/v2\/tags?post=676041"},{"taxonomy":"series","embeddable":true,"href":"https:\/\/www.diario5.com.ar\/es\/wp-json\/wp\/v2\/series?post=676041"}],"curies":[{"name":"wp","href":"https:\/\/api.w.org\/{rel}","templated":true}]}}