{"id":676024,"date":"2023-10-06T06:50:00","date_gmt":"2023-10-06T09:50:00","guid":{"rendered":"http:\/\/diario5.com.ar\/?p=676024"},"modified":"2023-10-06T06:52:48","modified_gmt":"2023-10-06T09:52:48","slug":"676024","status":"publish","type":"post","link":"https:\/\/www.diario5.com.ar\/es\/676024\/","title":{"rendered":"ReserBA Abierta: Nueva edici\u00f3n"},"content":{"rendered":"<h2 class=\"sub-title-primary\"><\/h2> <p>La posibilidad se deb\u00eda dar en primavera. Y los amantes de combinar las compras para la alacena con un buen paseo, seguramente, no la van a desaprovechar.<\/p>\n<p><img decoding=\"async\" loading=\"lazy\" class=\"alignnone size-full wp-image-681470\" src=\"https:\/\/www.diario5.com.ar\/wp-content\/uploads\/2023\/10\/reserBA_01.jpg\" alt=\"\" width=\"1000\" height=\"563\" srcset=\"https:\/\/www.diario5.com.ar\/wp-content\/uploads\/2023\/10\/reserBA_01.jpg 1000w, https:\/\/www.diario5.com.ar\/wp-content\/uploads\/2023\/10\/reserBA_01-300x169.jpg 300w, https:\/\/www.diario5.com.ar\/wp-content\/uploads\/2023\/10\/reserBA_01-768x432.jpg 768w\" sizes=\"(max-width: 1000px) 100vw, 1000px\" \/><\/p>\n<p>En octubre, ReserBA Abierta en la Reserva Ecol\u00f3gica Costanera Sur de la Ciudad<\/p>\n<p>En la Reserva Ecol\u00f3gica Costanera Sur se organiza una edici\u00f3n de ReserBA Abierta para los d\u00edas s\u00e1bado 7, domingo 8, viernes 13 y s\u00e1bado 14 de octubre. Estar\u00e1 abierta desde las 10,30 y cierra a las 18. Se accede por el Espig\u00f3n Plus Ultra, Trist\u00e1n Ach\u00e1val Rodr\u00edguez 1550.<\/p>\n<p>Con mucha actividad recreativa para todas las edades, la costumbre de este evento es que promueve el cuidado de la biodiversidad y la protecci\u00f3n del ambiente<\/p>\n<p>Hay clases,\u00a0 talleres y visitas guiadas. Es para todos. Lo interesante es que los artistas pueden aparecer en cualquier punto de la Reserva. En este sentido, la Secretar\u00eda de Ambiente anuncia que los m\u00fasicos ofrecen una experiencia novedosa.<br \/>\nPara cada d\u00eda de feria, en el escenario del Espig\u00f3n Plus Ultra se ofrece un espect\u00e1culo de cierre.<\/p>\n<div>&#8212;&#8212;&#8212;&#8212;&#8212;&#8211;<\/div>\n<div>s\u00e1bado 7 Mery Granados<br \/>\ndomingo 8, Facu Grandio<br \/>\nviernes 13, Sof\u00eda Macchi<br \/>\ns\u00e1bado 14, Aymar\u00e1.<\/div>\n<div>&#8212;&#8212;&#8212;&#8212;&#8212;&#8212;<\/div>\n<div><span class=\"yiv4532642988font-line-height-xl\"><b>Cronograma de Actividades<\/b><\/span><\/div>\n<div><\/div>\n<p><img decoding=\"async\" loading=\"lazy\" class=\"alignnone size-full wp-image-681468\" src=\"https:\/\/www.diario5.com.ar\/wp-content\/uploads\/2023\/10\/reserBA_02.jpg\" alt=\"\" width=\"1000\" height=\"687\" srcset=\"https:\/\/www.diario5.com.ar\/wp-content\/uploads\/2023\/10\/reserBA_02.jpg 1000w, https:\/\/www.diario5.com.ar\/wp-content\/uploads\/2023\/10\/reserBA_02-300x206.jpg 300w, https:\/\/www.diario5.com.ar\/wp-content\/uploads\/2023\/10\/reserBA_02-768x528.jpg 768w\" sizes=\"(max-width: 1000px) 100vw, 1000px\" \/><\/p>\n<p>10:30 a 12 h.\u00a0Taller Infancia Silvestre, punto de encuentro: Espig\u00f3n Plus Ultra.<br \/>\n10:30 a 12 h.\u00a0Visita guiada, punto de encuentro: puente del Espig\u00f3n Plus Ultra.<br \/>\n11 a 12 h.\u00a0Jam de dibujo, punto de encuentro: puente del Espig\u00f3n Plus Ultra.<br \/>\n11 a 11:45h.\u00a0Clase de yoga, punto de encuentro: escenario del Espig\u00f3n Plus Ultra.<br \/>\n14 a 15h.\u00a0Ritmos, punto de encuentro: escenario del Espig\u00f3n Plus Ultra.<br \/>\n14 a 15,30h.\u00a0Recorrido fotogr\u00e1fico, punto de encuentro: puente del Espig\u00f3n Plus Ultra.<br \/>\n14:30 a 16h.\u00a0Taller Infancia Silvestre, punto de encuentro: Espig\u00f3n Plus Ultra.<br \/>\n15 a 15:45h.\u00a0Clase de yoga, punto de encuentro: escenario del Espig\u00f3n Plus Ultra.<br \/>\n15 a 16h.\u00a0Jam de dibujo, punto de encuentro: puente del Espig\u00f3n Plus Ultra.<br \/>\n15 a 16:20h.\u00a0Pintura en vivo, punto de encuentro: rambla de la Laguna de los Coipos.<br \/>\n16:30 a 17:45 h.\u00a0Cierre musical, punto de encuentro: escenario del Espig\u00f3n Plus Ultra.<\/p>\n<p><!--googleon: index--><br \/>\n<img decoding=\"async\" loading=\"lazy\" class=\"aligncenter size-full wp-image-681472\" src=\"https:\/\/www.diario5.com.ar\/wp-content\/uploads\/2023\/10\/ar_capital_rosario20231006.jpg\" width=\"700\" height=\"922\" srcset=\"https:\/\/www.diario5.com.ar\/wp-content\/uploads\/2023\/10\/ar_capital_rosario20231006.jpg 700w, https:\/\/www.diario5.com.ar\/wp-content\/uploads\/2023\/10\/ar_capital_rosario20231006-228x300.jpg 228w\" sizes=\"(max-width: 700px) 100vw, 700px\" \/><\/p>\n<p><img decoding=\"async\" src=\"https:\/\/img.kiosko.net\/2023\/10\/06\/ar\/ar_nueva_provincia.jpg\" \/><\/p>\n<p><img decoding=\"async\" src=\"https:\/\/img.kiosko.net\/2023\/10\/06\/ar\/ar_duplicado.jpg\" \/><\/p>\n<p><img decoding=\"async\" loading=\"lazy\" class=\"aligncenter size-full wp-image-681473\" src=\"https:\/\/www.diario5.com.ar\/wp-content\/uploads\/2023\/10\/esquiu20231006.jpg\" width=\"700\" height=\"920\" srcset=\"https:\/\/www.diario5.com.ar\/wp-content\/uploads\/2023\/10\/esquiu20231006.jpg 700w, https:\/\/www.diario5.com.ar\/wp-content\/uploads\/2023\/10\/esquiu20231006-228x300.jpg 228w\" sizes=\"(max-width: 700px) 100vw, 700px\" \/><\/p>\n<p><img decoding=\"async\" src=\"https:\/\/img.kiosko.net\/2023\/10\/06\/ar\/ar_diario_norte.jpg\" \/><\/p>\n<p><img decoding=\"async\" src=\"https:\/\/img.kiosko.net\/2023\/10\/06\/ar\/voz_chaco.jpg\" \/><\/p>\n<p><img decoding=\"async\" src=\"https:\/\/img.kiosko.net\/2023\/10\/06\/ar\/ar_diario_madryn.jpg\" \/><\/p>\n<p><img decoding=\"async\" src=\"https:\/\/img.kiosko.net\/2023\/10\/06\/ar\/ar_laprensa.jpg\" \/><\/p>\n<p><img decoding=\"async\" loading=\"lazy\" class=\"aligncenter size-full wp-image-681474\" src=\"https:\/\/www.diario5.com.ar\/wp-content\/uploads\/2023\/10\/ar_cronista20231006.jpg\" width=\"700\" height=\"988\" srcset=\"https:\/\/www.diario5.com.ar\/wp-content\/uploads\/2023\/10\/ar_cronista20231006.jpg 700w, https:\/\/www.diario5.com.ar\/wp-content\/uploads\/2023\/10\/ar_cronista20231006-213x300.jpg 213w\" sizes=\"(max-width: 700px) 100vw, 700px\" \/><\/p>\n<p><img decoding=\"async\" src=\"https:\/\/img.kiosko.net\/2023\/10\/06\/ar\/buenosaires_economico.jpg\" \/><\/p>\n<p><img decoding=\"async\" src=\"https:\/\/img.kiosko.net\/2023\/10\/06\/ar\/ar_perfil.jpg\" \/><\/p>\n<p><img decoding=\"async\" loading=\"lazy\" class=\"aligncenter size-full wp-image-681475\" src=\"https:\/\/www.diario5.com.ar\/wp-content\/uploads\/2023\/10\/ar_eldia20231006.jpg\" width=\"699\" height=\"1041\" srcset=\"https:\/\/www.diario5.com.ar\/wp-content\/uploads\/2023\/10\/ar_eldia20231006.jpg 699w, https:\/\/www.diario5.com.ar\/wp-content\/uploads\/2023\/10\/ar_eldia20231006-201x300.jpg 201w, https:\/\/www.diario5.com.ar\/wp-content\/uploads\/2023\/10\/ar_eldia20231006-688x1024.jpg 688w\" sizes=\"(max-width: 699px) 100vw, 699px\" \/><\/p>\n<p><img decoding=\"async\" loading=\"lazy\" class=\"aligncenter size-full wp-image-681476\" src=\"https:\/\/www.diario5.com.ar\/wp-content\/uploads\/2023\/10\/ar_hoy20231006.jpg\" width=\"700\" height=\"923\" srcset=\"https:\/\/www.diario5.com.ar\/wp-content\/uploads\/2023\/10\/ar_hoy20231006.jpg 700w, https:\/\/www.diario5.com.ar\/wp-content\/uploads\/2023\/10\/ar_hoy20231006-228x300.jpg 228w\" sizes=\"(max-width: 700px) 100vw, 700px\" \/><\/p>\n<p><img decoding=\"async\" src=\"https:\/\/img.kiosko.net\/2023\/10\/06\/ar\/ar_democracia.jpg\" \/><\/p>\n<p><img decoding=\"async\" loading=\"lazy\" class=\"aligncenter size-full wp-image-681477\" src=\"https:\/\/www.diario5.com.ar\/wp-content\/uploads\/2023\/10\/ar_chubut20231006.jpg\" width=\"700\" height=\"905\" srcset=\"https:\/\/www.diario5.com.ar\/wp-content\/uploads\/2023\/10\/ar_chubut20231006.jpg 700w, https:\/\/www.diario5.com.ar\/wp-content\/uploads\/2023\/10\/ar_chubut20231006-232x300.jpg 232w\" sizes=\"(max-width: 700px) 100vw, 700px\" \/><\/p>\n<p><img decoding=\"async\" loading=\"lazy\" class=\"aligncenter size-full wp-image-681478\" src=\"https:\/\/www.diario5.com.ar\/wp-content\/uploads\/2023\/10\/ar_epoca20231006.jpg\" width=\"700\" height=\"903\" srcset=\"https:\/\/www.diario5.com.ar\/wp-content\/uploads\/2023\/10\/ar_epoca20231006.jpg 700w, https:\/\/www.diario5.com.ar\/wp-content\/uploads\/2023\/10\/ar_epoca20231006-233x300.jpg 233w\" sizes=\"(max-width: 700px) 100vw, 700px\" \/><\/p>\n<p><img decoding=\"async\" loading=\"lazy\" class=\"aligncenter size-full wp-image-681479\" src=\"https:\/\/www.diario5.com.ar\/wp-content\/uploads\/2023\/10\/ar_litoral20231006.jpg\" width=\"700\" height=\"918\" srcset=\"https:\/\/www.diario5.com.ar\/wp-content\/uploads\/2023\/10\/ar_litoral20231006.jpg 700w, https:\/\/www.diario5.com.ar\/wp-content\/uploads\/2023\/10\/ar_litoral20231006-229x300.jpg 229w\" sizes=\"(max-width: 700px) 100vw, 700px\" \/><\/p>\n<p><img decoding=\"async\" src=\"https:\/\/img.kiosko.net\/2023\/10\/06\/ar\/ar_heraldo.jpg\" \/><\/p>\n<p><img decoding=\"async\" src=\"https:\/\/img.kiosko.net\/2023\/10\/06\/ar\/ar_manana_formosa.jpg\" \/><\/p>\n<p><img decoding=\"async\" src=\"https:\/\/img.kiosko.net\/2023\/10\/06\/ar\/ar_diario_pampa.jpg\" \/><\/p>\n<p><img decoding=\"async\" src=\"https:\/\/img.kiosko.net\/2023\/10\/06\/ar\/ar_pagina12.jpg\" \/><\/p>\n<p><img decoding=\"async\" src=\"https:\/\/img.kiosko.net\/2023\/10\/06\/ar\/ar_arena.jpg\" \/><\/p>\n<p><img decoding=\"async\" src=\"https:\/\/img.kiosko.net\/2023\/10\/06\/ar\/independiente.jpg\" \/><\/p>\n<p><img decoding=\"async\" src=\"https:\/\/img.kiosko.net\/2023\/10\/06\/ar\/nueva_rioja.jpg\" \/><\/p>\n<p><img decoding=\"async\" loading=\"lazy\" class=\"aligncenter size-full wp-image-681480\" src=\"https:\/\/www.diario5.com.ar\/wp-content\/uploads\/2023\/10\/ar_losandes20231006.jpg\" width=\"700\" height=\"967\" srcset=\"https:\/\/www.diario5.com.ar\/wp-content\/uploads\/2023\/10\/ar_losandes20231006.jpg 700w, https:\/\/www.diario5.com.ar\/wp-content\/uploads\/2023\/10\/ar_losandes20231006-217x300.jpg 217w\" sizes=\"(max-width: 700px) 100vw, 700px\" \/><\/p>\n<p><img decoding=\"async\" src=\"https:\/\/img.kiosko.net\/2023\/10\/06\/ar\/ar_tribuno.jpg\" \/><\/p>\n<p><img decoding=\"async\" src=\"https:\/\/img.kiosko.net\/2023\/10\/06\/ar\/lea.jpg\" \/><\/p>\n<p><img decoding=\"async\" src=\"https:\/\/img.kiosko.net\/2023\/10\/06\/ar\/ar_nuevo_diario.jpg\" \/><\/p>\n<p><img decoding=\"async\" src=\"https:\/\/img.kiosko.net\/2023\/10\/06\/ar\/ar_diario_cuyo.jpg\" \/><\/p>\n<p><img decoding=\"async\" src=\"https:\/\/img.kiosko.net\/2023\/10\/06\/ar\/huarpe.jpg\" \/><\/p>\n<p><img decoding=\"async\" loading=\"lazy\" class=\"aligncenter size-full wp-image-681481\" src=\"https:\/\/www.diario5.com.ar\/wp-content\/uploads\/2023\/10\/ar_diario_republica20231006.jpg\" width=\"700\" height=\"980\" srcset=\"https:\/\/www.diario5.com.ar\/wp-content\/uploads\/2023\/10\/ar_diario_republica20231006.jpg 700w, https:\/\/www.diario5.com.ar\/wp-content\/uploads\/2023\/10\/ar_diario_republica20231006-214x300.jpg 214w\" sizes=\"(max-width: 700px) 100vw, 700px\" \/><\/p>\n<p><img decoding=\"async\" src=\"https:\/\/img.kiosko.net\/2023\/10\/06\/ar\/ar_litoral_sfe.jpg\" \/><\/p>\n<p><img decoding=\"async\" loading=\"lazy\" class=\"aligncenter size-full wp-image-681482\" src=\"https:\/\/www.diario5.com.ar\/wp-content\/uploads\/2023\/10\/ciudadano20231006.jpg\" width=\"700\" height=\"945\" srcset=\"https:\/\/www.diario5.com.ar\/wp-content\/uploads\/2023\/10\/ciudadano20231006.jpg 700w, https:\/\/www.diario5.com.ar\/wp-content\/uploads\/2023\/10\/ciudadano20231006-222x300.jpg 222w\" sizes=\"(max-width: 700px) 100vw, 700px\" \/><\/p>\n<p><img decoding=\"async\" src=\"https:\/\/img.kiosko.net\/2023\/10\/06\/ar\/ar_mirador_provincial.jpg\" \/><\/p>\n<p><img decoding=\"async\" loading=\"lazy\" class=\"aligncenter size-full wp-image-681483\" src=\"https:\/\/www.diario5.com.ar\/wp-content\/uploads\/2023\/10\/ar_gaceta20231006.jpg\" width=\"700\" height=\"1155\" srcset=\"https:\/\/www.diario5.com.ar\/wp-content\/uploads\/2023\/10\/ar_gaceta20231006.jpg 700w, https:\/\/www.diario5.com.ar\/wp-content\/uploads\/2023\/10\/ar_gaceta20231006-182x300.jpg 182w, https:\/\/www.diario5.com.ar\/wp-content\/uploads\/2023\/10\/ar_gaceta20231006-621x1024.jpg 621w\" sizes=\"(max-width: 700px) 100vw, 700px\" \/><\/p>\n<p><img decoding=\"async\" src=\"https:\/\/img.kiosko.net\/2023\/10\/06\/ar\/ar_cronica.jpg\" \/><\/p>\n<p><img decoding=\"async\" loading=\"lazy\" class=\"aligncenter size-full wp-image-681484\" src=\"https:\/\/www.diario5.com.ar\/wp-content\/uploads\/2023\/10\/ar_clarin20231006.jpg\" width=\"700\" height=\"963\" srcset=\"https:\/\/www.diario5.com.ar\/wp-content\/uploads\/2023\/10\/ar_clarin20231006.jpg 700w, https:\/\/www.diario5.com.ar\/wp-content\/uploads\/2023\/10\/ar_clarin20231006-218x300.jpg 218w\" sizes=\"(max-width: 700px) 100vw, 700px\" \/><\/p>\n<p><img decoding=\"async\" loading=\"lazy\" class=\"aligncenter size-full wp-image-681485\" src=\"https:\/\/www.diario5.com.ar\/wp-content\/uploads\/2023\/10\/nacion20231006.jpg\" width=\"700\" height=\"1059\" srcset=\"https:\/\/www.diario5.com.ar\/wp-content\/uploads\/2023\/10\/nacion20231006.jpg 700w, https:\/\/www.diario5.com.ar\/wp-content\/uploads\/2023\/10\/nacion20231006-198x300.jpg 198w, https:\/\/www.diario5.com.ar\/wp-content\/uploads\/2023\/10\/nacion20231006-677x1024.jpg 677w\" sizes=\"(max-width: 700px) 100vw, 700px\" \/><\/p>\n<p><img decoding=\"async\" src=\"https:\/\/img.kiosko.net\/2023\/10\/06\/ar\/ar_eco.jpg\" \/><\/p>\n<p><img decoding=\"async\" loading=\"lazy\" class=\"aligncenter size-full wp-image-681486\" src=\"https:\/\/www.diario5.com.ar\/wp-content\/uploads\/2023\/10\/nuevo_diario20231006.jpg\" width=\"700\" height=\"1057\" srcset=\"https:\/\/www.diario5.com.ar\/wp-content\/uploads\/2023\/10\/nuevo_diario20231006.jpg 700w, https:\/\/www.diario5.com.ar\/wp-content\/uploads\/2023\/10\/nuevo_diario20231006-199x300.jpg 199w, https:\/\/www.diario5.com.ar\/wp-content\/uploads\/2023\/10\/nuevo_diario20231006-678x1024.jpg 678w\" sizes=\"(max-width: 700px) 100vw, 700px\" \/><\/p>\n<p><img decoding=\"async\" src=\"https:\/\/img.kiosko.net\/2023\/10\/06\/ar\/sureno.jpg\" \/><\/p>\n<p><img decoding=\"async\" src=\"https:\/\/img.kiosko.net\/2023\/10\/06\/ar\/ar_duplicado.jpg\" \/><\/p>\n<p><img decoding=\"async\" loading=\"lazy\" class=\"aligncenter size-full wp-image-681487\" src=\"https:\/\/www.diario5.com.ar\/wp-content\/uploads\/2023\/10\/tiempo_sur20231006.jpg\" width=\"700\" height=\"957\" srcset=\"https:\/\/www.diario5.com.ar\/wp-content\/uploads\/2023\/10\/tiempo_sur20231006.jpg 700w, https:\/\/www.diario5.com.ar\/wp-content\/uploads\/2023\/10\/tiempo_sur20231006-219x300.jpg 219w\" sizes=\"(max-width: 700px) 100vw, 700px\" \/><\/p>\n<p><img decoding=\"async\" src=\"https:\/\/img.kiosko.net\/2023\/10\/06\/ar\/tiempo_argentino.jpg\" \/><\/p>\n<p><img decoding=\"async\" loading=\"lazy\" class=\"aligncenter size-full wp-image-681478\" src=\"https:\/\/www.diario5.com.ar\/wp-content\/uploads\/2023\/10\/ar_epoca20231006.jpg\" width=\"700\" height=\"903\" srcset=\"https:\/\/www.diario5.com.ar\/wp-content\/uploads\/2023\/10\/ar_epoca20231006.jpg 700w, https:\/\/www.diario5.com.ar\/wp-content\/uploads\/2023\/10\/ar_epoca20231006-233x300.jpg 233w\" sizes=\"(max-width: 700px) 100vw, 700px\" \/><\/p>\n<p><img decoding=\"async\" src=\"https:\/\/img.kiosko.net\/2023\/10\/06\/ar\/ar_elsol.jpg\" \/><\/p>\n<p><img decoding=\"async\" loading=\"lazy\" class=\"aligncenter size-full wp-image-681489\" src=\"https:\/\/www.diario5.com.ar\/wp-content\/uploads\/2023\/10\/ar_ancasti20231006.jpg\" width=\"700\" height=\"936\" srcset=\"https:\/\/www.diario5.com.ar\/wp-content\/uploads\/2023\/10\/ar_ancasti20231006.jpg 700w, https:\/\/www.diario5.com.ar\/wp-content\/uploads\/2023\/10\/ar_ancasti20231006-224x300.jpg 224w\" sizes=\"(max-width: 700px) 100vw, 700px\" \/><\/p>\n<p><img decoding=\"async\" src=\"https:\/\/img.kiosko.net\/2023\/10\/06\/ar\/ar_rio_negro.jpg\" \/><\/p>\n<p><img decoding=\"async\" src=\"https:\/\/img.kiosko.net\/2023\/10\/06\/ar\/ar_03.jpg\" \/><\/p>\n<p><img decoding=\"async\" src=\"https:\/\/img.kiosko.net\/2023\/10\/06\/ar\/ar_04.jpg\" \/><\/p>\n<p><img decoding=\"async\" src=\"https:\/\/img.kiosko.net\/2023\/10\/06\/ar\/ar_05.jpg\" \/><\/p>\n<p>&nbsp;<\/p>","protected":false},"excerpt":{"rendered":"<p>La posibilidad se deb\u00eda dar en primavera. Y los amantes de combinar las compras para la alacena con un buen paseo, seguramente, no la van a desaprovechar. En octubre, ReserBA Abierta en la Reserva Ecol\u00f3gica Costanera Sur de la Ciudad En la Reserva Ecol\u00f3gica Costanera Sur se organiza una edici\u00f3n de ReserBA Abierta para los [&hellip;]<\/p>","protected":false},"author":12,"featured_media":681468,"comment_status":"open","ping_status":"open","sticky":false,"template":"","format":"standard","meta":[],"categories":[95,81,56],"tags":[474,778],"series":[],"_links":{"self":[{"href":"https:\/\/www.diario5.com.ar\/es\/wp-json\/wp\/v2\/posts\/676024"}],"collection":[{"href":"https:\/\/www.diario5.com.ar\/es\/wp-json\/wp\/v2\/posts"}],"about":[{"href":"https:\/\/www.diario5.com.ar\/es\/wp-json\/wp\/v2\/types\/post"}],"author":[{"embeddable":true,"href":"https:\/\/www.diario5.com.ar\/es\/wp-json\/wp\/v2\/users\/12"}],"replies":[{"embeddable":true,"href":"https:\/\/www.diario5.com.ar\/es\/wp-json\/wp\/v2\/comments?post=676024"}],"version-history":[{"count":4,"href":"https:\/\/www.diario5.com.ar\/es\/wp-json\/wp\/v2\/posts\/676024\/revisions"}],"predecessor-version":[{"id":681471,"href":"https:\/\/www.diario5.com.ar\/es\/wp-json\/wp\/v2\/posts\/676024\/revisions\/681471"}],"wp:featuredmedia":[{"embeddable":true,"href":"https:\/\/www.diario5.com.ar\/es\/wp-json\/wp\/v2\/media\/681468"}],"wp:attachment":[{"href":"https:\/\/www.diario5.com.ar\/es\/wp-json\/wp\/v2\/media?parent=676024"}],"wp:term":[{"taxonomy":"category","embeddable":true,"href":"https:\/\/www.diario5.com.ar\/es\/wp-json\/wp\/v2\/categories?post=676024"},{"taxonomy":"post_tag","embeddable":true,"href":"https:\/\/www.diario5.com.ar\/es\/wp-json\/wp\/v2\/tags?post=676024"},{"taxonomy":"series","embeddable":true,"href":"https:\/\/www.diario5.com.ar\/es\/wp-json\/wp\/v2\/series?post=676024"}],"curies":[{"name":"wp","href":"https:\/\/api.w.org\/{rel}","templated":true}]}}