{"id":676022,"date":"2023-10-04T06:50:00","date_gmt":"2023-10-04T09:50:00","guid":{"rendered":"http:\/\/diario5.com.ar\/?p=676022"},"modified":"2023-10-05T01:56:59","modified_gmt":"2023-10-05T04:56:59","slug":"676022","status":"publish","type":"post","link":"https:\/\/www.diario5.com.ar\/es\/676022\/","title":{"rendered":"La inmigraci\u00f3n v\u00eda R\u00edo Uruguay"},"content":{"rendered":"<h2 class=\"sub-title-primary\">Un aniversario significativo para este medio, nos abre la posibilidad de revisar que no toda la inmigraci\u00f3n europea llegaba a Buenos Aires por el R\u00edo de la Plata <\/h2> <p><img decoding=\"async\" loading=\"lazy\" class=\"alignnone size-full wp-image-681419\" src=\"https:\/\/www.diario5.com.ar\/wp-content\/uploads\/2023\/10\/ferry_zarate_ibicuy.jpg\" alt=\"\" width=\"513\" height=\"314\" srcset=\"https:\/\/www.diario5.com.ar\/wp-content\/uploads\/2023\/10\/ferry_zarate_ibicuy.jpg 513w, https:\/\/www.diario5.com.ar\/wp-content\/uploads\/2023\/10\/ferry_zarate_ibicuy-300x184.jpg 300w\" sizes=\"(max-width: 513px) 100vw, 513px\" \/><\/p>\n<p>La inmigraci\u00f3n europea no s\u00f3lo  lleg\u00f3 en los barcos que fondeaban en el mism\u00edsimo Puerto de Buenos Aires. En la d\u00e9cada del 20, hace 100 a\u00f1os, una de las rutas de acceso al pa\u00eds era la Provincia de Entre R\u00edos, para recibir a los inmigrantes europeos que arribaban, primeramente al Uruguay.<\/p>\n<p>As\u00ed llegaron los hermanos Harald y Adolf Allo, tras haber desembarcado en Santos, Brasil, el 30 de enero de 1926. Luego de una experiencia de vida muy complicada en los pagos de \u00abos irm\u00e4os\u00bb(*), decidieron pasarse a vivir en Montevideo, Uruguay, desde donde partieron para realizar el viaje por tierra e ingresar a la Argentina en el cruce por balsa desde Fray Bentos a Puerto Unzu\u00e9, en las cercan\u00edas de Gualeguyach\u00fa.<\/p>\n<p>En los documentos de ambos estonianos quedaba registrado que entraban a la Rep\u00fablica Argentina como \u00abAgricultores\u00bb. En general, demostrar ese oficio facilitaba las cosas en un pa\u00eds que estaba esperando manos para siembra y cosecha de los productos que hac\u00edan jactar a la Argentina de ser \u00abel granero del mundo\u00bb. La realidad es que Harald hab\u00eda estudiado ingenier\u00eda y Adolf era fot\u00f3grafo.<\/p>\n<p>Desde Gualeguaych\u00fa, el viaje a Buenos Aires ya pod\u00eda realizarse en tren. Dos ferrys eran necesario abordar para este viaje: uno para el cruce del Paran\u00e1 Guaz\u00fa, desde un atracadero cercano a la localidad de Ibucuy y, finalmente, la balsa ferroviaria que cruzaba el Paran\u00e1 Las Palmas para arribar a Z\u00e1rate. Naturalmente, hoy, esos cruces son fluidamente resueltos a trav\u00e9s del complejo Z\u00e1rate-Brazo Largo, con el Puente Justo Jos\u00e9 de Urquiza para el cruce de Guaz\u00fa, 15 km de Autopista de la Ruta Nacional 12 en la Isla Talavera y el Puente Bartolom\u00e9 Mitre sobre el Las Palmas.<\/p>\n<p>Al llegar a Buenos Aires, la sorpresa de encontrar una ciudad de un estilo tan europeo no les result\u00f3 menor. Tal impacto era percibido especialmente por emigrados de las naciones del Norte de Europa y que hab\u00edan visto las grandes urbes del Viejo Mundo para comparar con convicci\u00f3n.<\/p>\n<p>Harald naci\u00f3 hace -hoy- 120 a\u00f1os. Decidi\u00f3 salir de Estonia debido a los peligros que corr\u00edan algunos j\u00f3venes soldados de su pa\u00eds ante el crecimiento de la amenaza sovi\u00e9tica de invadir y anexar la peque\u00f1a rep\u00fablica a la URSS. Vivi\u00f3, trabaj\u00f3 y form\u00f3 su familia en la Argentina. Form\u00f3 parte de la constructora desde 1948, Danapint hasta independizarse en 1967. Falleci\u00f3 en Buenos Aires el 14 de octubre de de 1986, a los 83 a\u00f1os.<\/p>\n<p>(*)As\u00ed nos llaman -en un simp\u00e1tico juego de supuesta necesidad de mostrarse correctos como si fuera en la escuela- ellos, los brasile\u00f1os a los argentinos: \u00ablos hermanos\u00bb.<\/p>\n<p><img decoding=\"async\" loading=\"lazy\" class=\"aligncenter size-full wp-image-681396\" src=\"https:\/\/www.diario5.com.ar\/wp-content\/uploads\/2023\/10\/ar_capital_rosario20231004.jpg\" width=\"700\" height=\"922\" srcset=\"https:\/\/www.diario5.com.ar\/wp-content\/uploads\/2023\/10\/ar_capital_rosario20231004.jpg 700w, https:\/\/www.diario5.com.ar\/wp-content\/uploads\/2023\/10\/ar_capital_rosario20231004-228x300.jpg 228w\" sizes=\"(max-width: 700px) 100vw, 700px\" \/><\/p>\n<p><img decoding=\"async\" loading=\"lazy\" class=\"aligncenter size-full wp-image-681397\" src=\"https:\/\/www.diario5.com.ar\/wp-content\/uploads\/2023\/10\/esquiu20231004.jpg\" width=\"700\" height=\"920\" srcset=\"https:\/\/www.diario5.com.ar\/wp-content\/uploads\/2023\/10\/esquiu20231004.jpg 700w, https:\/\/www.diario5.com.ar\/wp-content\/uploads\/2023\/10\/esquiu20231004-228x300.jpg 228w\" sizes=\"(max-width: 700px) 100vw, 700px\" \/><\/p>\n<p><img decoding=\"async\" loading=\"lazy\" class=\"aligncenter size-full wp-image-681398\" src=\"https:\/\/www.diario5.com.ar\/wp-content\/uploads\/2023\/10\/ar_diario_norte20231004.jpg\" width=\"700\" height=\"902\" srcset=\"https:\/\/www.diario5.com.ar\/wp-content\/uploads\/2023\/10\/ar_diario_norte20231004.jpg 700w, https:\/\/www.diario5.com.ar\/wp-content\/uploads\/2023\/10\/ar_diario_norte20231004-233x300.jpg 233w\" sizes=\"(max-width: 700px) 100vw, 700px\" \/><\/p>\n<p><img decoding=\"async\" loading=\"lazy\" class=\"aligncenter size-full wp-image-681399\" src=\"https:\/\/www.diario5.com.ar\/wp-content\/uploads\/2023\/10\/ar_cronista20231004.jpg\" width=\"700\" height=\"999\" srcset=\"https:\/\/www.diario5.com.ar\/wp-content\/uploads\/2023\/10\/ar_cronista20231004.jpg 700w, https:\/\/www.diario5.com.ar\/wp-content\/uploads\/2023\/10\/ar_cronista20231004-210x300.jpg 210w\" sizes=\"(max-width: 700px) 100vw, 700px\" \/><\/p>\n<p><img decoding=\"async\" loading=\"lazy\" class=\"aligncenter size-full wp-image-681400\" src=\"https:\/\/www.diario5.com.ar\/wp-content\/uploads\/2023\/10\/ar_eldia20231004.jpg\" width=\"700\" height=\"1045\" srcset=\"https:\/\/www.diario5.com.ar\/wp-content\/uploads\/2023\/10\/ar_eldia20231004.jpg 700w, https:\/\/www.diario5.com.ar\/wp-content\/uploads\/2023\/10\/ar_eldia20231004-201x300.jpg 201w, https:\/\/www.diario5.com.ar\/wp-content\/uploads\/2023\/10\/ar_eldia20231004-686x1024.jpg 686w\" sizes=\"(max-width: 700px) 100vw, 700px\" \/><\/p>\n<p><img decoding=\"async\" loading=\"lazy\" class=\"aligncenter size-full wp-image-681401\" src=\"https:\/\/www.diario5.com.ar\/wp-content\/uploads\/2023\/10\/ar_hoy20231004.jpg\" width=\"700\" height=\"922\" srcset=\"https:\/\/www.diario5.com.ar\/wp-content\/uploads\/2023\/10\/ar_hoy20231004.jpg 700w, https:\/\/www.diario5.com.ar\/wp-content\/uploads\/2023\/10\/ar_hoy20231004-228x300.jpg 228w\" sizes=\"(max-width: 700px) 100vw, 700px\" \/><\/p>\n<p><img decoding=\"async\" loading=\"lazy\" class=\"aligncenter size-full wp-image-681402\" src=\"https:\/\/www.diario5.com.ar\/wp-content\/uploads\/2023\/10\/ar_chubut20231004.jpg\" width=\"700\" height=\"908\" srcset=\"https:\/\/www.diario5.com.ar\/wp-content\/uploads\/2023\/10\/ar_chubut20231004.jpg 700w, https:\/\/www.diario5.com.ar\/wp-content\/uploads\/2023\/10\/ar_chubut20231004-231x300.jpg 231w\" sizes=\"(max-width: 700px) 100vw, 700px\" \/><\/p>\n<p><img decoding=\"async\" loading=\"lazy\" class=\"aligncenter size-full wp-image-681403\" src=\"https:\/\/www.diario5.com.ar\/wp-content\/uploads\/2023\/10\/ar_epoca20231004.jpg\" width=\"700\" height=\"911\" srcset=\"https:\/\/www.diario5.com.ar\/wp-content\/uploads\/2023\/10\/ar_epoca20231004.jpg 700w, https:\/\/www.diario5.com.ar\/wp-content\/uploads\/2023\/10\/ar_epoca20231004-231x300.jpg 231w\" sizes=\"(max-width: 700px) 100vw, 700px\" \/><\/p>\n<p><img decoding=\"async\" loading=\"lazy\" class=\"aligncenter size-full wp-image-681404\" src=\"https:\/\/www.diario5.com.ar\/wp-content\/uploads\/2023\/10\/ar_litoral20231004.jpg\" width=\"700\" height=\"911\" srcset=\"https:\/\/www.diario5.com.ar\/wp-content\/uploads\/2023\/10\/ar_litoral20231004.jpg 700w, https:\/\/www.diario5.com.ar\/wp-content\/uploads\/2023\/10\/ar_litoral20231004-231x300.jpg 231w\" sizes=\"(max-width: 700px) 100vw, 700px\" \/><\/p>\n<p><img decoding=\"async\" loading=\"lazy\" class=\"aligncenter size-full wp-image-681405\" src=\"https:\/\/www.diario5.com.ar\/wp-content\/uploads\/2023\/10\/ar_losandes20231004.jpg\" width=\"700\" height=\"967\" srcset=\"https:\/\/www.diario5.com.ar\/wp-content\/uploads\/2023\/10\/ar_losandes20231004.jpg 700w, https:\/\/www.diario5.com.ar\/wp-content\/uploads\/2023\/10\/ar_losandes20231004-217x300.jpg 217w\" sizes=\"(max-width: 700px) 100vw, 700px\" \/><\/p>\n<p><img decoding=\"async\" loading=\"lazy\" class=\"aligncenter size-full wp-image-681425\" src=\"https:\/\/www.diario5.com.ar\/wp-content\/uploads\/2023\/10\/ar_diario_cuyo20231004-1.jpg\" width=\"700\" height=\"1051\" srcset=\"https:\/\/www.diario5.com.ar\/wp-content\/uploads\/2023\/10\/ar_diario_cuyo20231004-1.jpg 700w, https:\/\/www.diario5.com.ar\/wp-content\/uploads\/2023\/10\/ar_diario_cuyo20231004-1-200x300.jpg 200w, https:\/\/www.diario5.com.ar\/wp-content\/uploads\/2023\/10\/ar_diario_cuyo20231004-1-682x1024.jpg 682w\" sizes=\"(max-width: 700px) 100vw, 700px\" \/><\/p>\n<p><img decoding=\"async\" loading=\"lazy\" class=\"aligncenter size-full wp-image-681406\" src=\"https:\/\/www.diario5.com.ar\/wp-content\/uploads\/2023\/10\/ar_diario_republica20231004.jpg\" width=\"700\" height=\"980\" srcset=\"https:\/\/www.diario5.com.ar\/wp-content\/uploads\/2023\/10\/ar_diario_republica20231004.jpg 700w, https:\/\/www.diario5.com.ar\/wp-content\/uploads\/2023\/10\/ar_diario_republica20231004-214x300.jpg 214w\" sizes=\"(max-width: 700px) 100vw, 700px\" \/><\/p>\n<p><img decoding=\"async\" loading=\"lazy\" class=\"aligncenter size-full wp-image-681415\" src=\"https:\/\/www.diario5.com.ar\/wp-content\/uploads\/2023\/10\/ar_litoral_sfe20231004.jpg\" width=\"700\" height=\"944\" srcset=\"https:\/\/www.diario5.com.ar\/wp-content\/uploads\/2023\/10\/ar_litoral_sfe20231004.jpg 700w, https:\/\/www.diario5.com.ar\/wp-content\/uploads\/2023\/10\/ar_litoral_sfe20231004-222x300.jpg 222w\" sizes=\"(max-width: 700px) 100vw, 700px\" \/><\/p>\n<p><img decoding=\"async\" loading=\"lazy\" class=\"aligncenter size-full wp-image-681407\" src=\"https:\/\/www.diario5.com.ar\/wp-content\/uploads\/2023\/10\/ciudadano20231004.jpg\" width=\"700\" height=\"947\" srcset=\"https:\/\/www.diario5.com.ar\/wp-content\/uploads\/2023\/10\/ciudadano20231004.jpg 700w, https:\/\/www.diario5.com.ar\/wp-content\/uploads\/2023\/10\/ciudadano20231004-222x300.jpg 222w\" sizes=\"(max-width: 700px) 100vw, 700px\" \/><\/p>\n<p><img decoding=\"async\" loading=\"lazy\" class=\"aligncenter size-full wp-image-681416\" src=\"https:\/\/www.diario5.com.ar\/wp-content\/uploads\/2023\/10\/ar_mirador_provincial20231004.jpg\" width=\"700\" height=\"934\" srcset=\"https:\/\/www.diario5.com.ar\/wp-content\/uploads\/2023\/10\/ar_mirador_provincial20231004.jpg 700w, https:\/\/www.diario5.com.ar\/wp-content\/uploads\/2023\/10\/ar_mirador_provincial20231004-225x300.jpg 225w\" sizes=\"(max-width: 700px) 100vw, 700px\" \/><\/p>\n<p><img decoding=\"async\" loading=\"lazy\" class=\"aligncenter size-full wp-image-681408\" src=\"https:\/\/www.diario5.com.ar\/wp-content\/uploads\/2023\/10\/ar_gaceta20231004.jpg\" width=\"700\" height=\"1172\" srcset=\"https:\/\/www.diario5.com.ar\/wp-content\/uploads\/2023\/10\/ar_gaceta20231004.jpg 700w, https:\/\/www.diario5.com.ar\/wp-content\/uploads\/2023\/10\/ar_gaceta20231004-179x300.jpg 179w, https:\/\/www.diario5.com.ar\/wp-content\/uploads\/2023\/10\/ar_gaceta20231004-612x1024.jpg 612w\" sizes=\"(max-width: 700px) 100vw, 700px\" \/><\/p>\n<p><img decoding=\"async\" loading=\"lazy\" class=\"aligncenter size-full wp-image-681409\" src=\"https:\/\/www.diario5.com.ar\/wp-content\/uploads\/2023\/10\/ar_clarin20231004.jpg\" width=\"700\" height=\"963\" srcset=\"https:\/\/www.diario5.com.ar\/wp-content\/uploads\/2023\/10\/ar_clarin20231004.jpg 700w, https:\/\/www.diario5.com.ar\/wp-content\/uploads\/2023\/10\/ar_clarin20231004-218x300.jpg 218w\" sizes=\"(max-width: 700px) 100vw, 700px\" \/><\/p>\n<p><img decoding=\"async\" loading=\"lazy\" class=\"aligncenter size-full wp-image-681410\" src=\"https:\/\/www.diario5.com.ar\/wp-content\/uploads\/2023\/10\/nacion20231004.jpg\" width=\"700\" height=\"1061\" srcset=\"https:\/\/www.diario5.com.ar\/wp-content\/uploads\/2023\/10\/nacion20231004.jpg 700w, https:\/\/www.diario5.com.ar\/wp-content\/uploads\/2023\/10\/nacion20231004-198x300.jpg 198w, https:\/\/www.diario5.com.ar\/wp-content\/uploads\/2023\/10\/nacion20231004-676x1024.jpg 676w\" sizes=\"(max-width: 700px) 100vw, 700px\" \/><\/p>\n<p><img decoding=\"async\" loading=\"lazy\" class=\"aligncenter size-full wp-image-681411\" src=\"https:\/\/www.diario5.com.ar\/wp-content\/uploads\/2023\/10\/nuevo_diario20231004.jpg\" width=\"700\" height=\"1047\" srcset=\"https:\/\/www.diario5.com.ar\/wp-content\/uploads\/2023\/10\/nuevo_diario20231004.jpg 700w, https:\/\/www.diario5.com.ar\/wp-content\/uploads\/2023\/10\/nuevo_diario20231004-201x300.jpg 201w, https:\/\/www.diario5.com.ar\/wp-content\/uploads\/2023\/10\/nuevo_diario20231004-685x1024.jpg 685w\" sizes=\"(max-width: 700px) 100vw, 700px\" \/><\/p>\n<p><img decoding=\"async\" loading=\"lazy\" class=\"aligncenter size-full wp-image-681412\" src=\"https:\/\/www.diario5.com.ar\/wp-content\/uploads\/2023\/10\/tiempo_sur20231004.jpg\" width=\"700\" height=\"957\" srcset=\"https:\/\/www.diario5.com.ar\/wp-content\/uploads\/2023\/10\/tiempo_sur20231004.jpg 700w, https:\/\/www.diario5.com.ar\/wp-content\/uploads\/2023\/10\/tiempo_sur20231004-219x300.jpg 219w\" sizes=\"(max-width: 700px) 100vw, 700px\" \/><\/p>\n<p><img decoding=\"async\" loading=\"lazy\" class=\"aligncenter size-full wp-image-681403\" src=\"https:\/\/www.diario5.com.ar\/wp-content\/uploads\/2023\/10\/ar_epoca20231004.jpg\" width=\"700\" height=\"911\" srcset=\"https:\/\/www.diario5.com.ar\/wp-content\/uploads\/2023\/10\/ar_epoca20231004.jpg 700w, https:\/\/www.diario5.com.ar\/wp-content\/uploads\/2023\/10\/ar_epoca20231004-231x300.jpg 231w\" sizes=\"(max-width: 700px) 100vw, 700px\" \/><\/p>\n<p><img decoding=\"async\" loading=\"lazy\" class=\"aligncenter size-full wp-image-681417\" src=\"https:\/\/www.diario5.com.ar\/wp-content\/uploads\/2023\/10\/ar_elsol20231004.jpg\" width=\"700\" height=\"721\" srcset=\"https:\/\/www.diario5.com.ar\/wp-content\/uploads\/2023\/10\/ar_elsol20231004.jpg 700w, https:\/\/www.diario5.com.ar\/wp-content\/uploads\/2023\/10\/ar_elsol20231004-291x300.jpg 291w\" sizes=\"(max-width: 700px) 100vw, 700px\" \/><\/p>\n<p><img decoding=\"async\" loading=\"lazy\" class=\"aligncenter size-full wp-image-681414\" src=\"https:\/\/www.diario5.com.ar\/wp-content\/uploads\/2023\/10\/ar_ancasti20231004.jpg\" width=\"700\" height=\"949\" srcset=\"https:\/\/www.diario5.com.ar\/wp-content\/uploads\/2023\/10\/ar_ancasti20231004.jpg 700w, https:\/\/www.diario5.com.ar\/wp-content\/uploads\/2023\/10\/ar_ancasti20231004-221x300.jpg 221w\" sizes=\"(max-width: 700px) 100vw, 700px\" \/><\/p>\n<p><img \/><\/p>\n<p>&nbsp;<\/p>","protected":false},"excerpt":{"rendered":"<p>Un aniversario significativo para este medio, nos abre la posibilidad de revisar que no toda la inmigraci\u00f3n europea llegaba a Buenos Aires por el R\u00edo de la Plata La inmigraci\u00f3n europea no s\u00f3lo lleg\u00f3 en los barcos que fondeaban en el mism\u00edsimo Puerto de Buenos Aires. En la d\u00e9cada del 20, hace 100 a\u00f1os, una [&hellip;]<\/p>","protected":false},"author":9,"featured_media":681419,"comment_status":"open","ping_status":"open","sticky":false,"template":"","format":"standard","meta":[],"categories":[5,161,56],"tags":[474,939],"series":[],"_links":{"self":[{"href":"https:\/\/www.diario5.com.ar\/es\/wp-json\/wp\/v2\/posts\/676022"}],"collection":[{"href":"https:\/\/www.diario5.com.ar\/es\/wp-json\/wp\/v2\/posts"}],"about":[{"href":"https:\/\/www.diario5.com.ar\/es\/wp-json\/wp\/v2\/types\/post"}],"author":[{"embeddable":true,"href":"https:\/\/www.diario5.com.ar\/es\/wp-json\/wp\/v2\/users\/9"}],"replies":[{"embeddable":true,"href":"https:\/\/www.diario5.com.ar\/es\/wp-json\/wp\/v2\/comments?post=676022"}],"version-history":[{"count":11,"href":"https:\/\/www.diario5.com.ar\/es\/wp-json\/wp\/v2\/posts\/676022\/revisions"}],"predecessor-version":[{"id":681436,"href":"https:\/\/www.diario5.com.ar\/es\/wp-json\/wp\/v2\/posts\/676022\/revisions\/681436"}],"wp:featuredmedia":[{"embeddable":true,"href":"https:\/\/www.diario5.com.ar\/es\/wp-json\/wp\/v2\/media\/681419"}],"wp:attachment":[{"href":"https:\/\/www.diario5.com.ar\/es\/wp-json\/wp\/v2\/media?parent=676022"}],"wp:term":[{"taxonomy":"category","embeddable":true,"href":"https:\/\/www.diario5.com.ar\/es\/wp-json\/wp\/v2\/categories?post=676022"},{"taxonomy":"post_tag","embeddable":true,"href":"https:\/\/www.diario5.com.ar\/es\/wp-json\/wp\/v2\/tags?post=676022"},{"taxonomy":"series","embeddable":true,"href":"https:\/\/www.diario5.com.ar\/es\/wp-json\/wp\/v2\/series?post=676022"}],"curies":[{"name":"wp","href":"https:\/\/api.w.org\/{rel}","templated":true}]}}