{"id":676020,"date":"2023-10-02T06:50:00","date_gmt":"2023-10-02T09:50:00","guid":{"rendered":"http:\/\/diario5.com.ar\/?p=676020"},"modified":"2023-10-05T01:57:01","modified_gmt":"2023-10-05T04:57:01","slug":"676020","status":"publish","type":"post","link":"https:\/\/www.diario5.com.ar\/es\/676020\/","title":{"rendered":"\u00abDesesperanzados y tristes\u00bb"},"content":{"rendered":"<h2 class=\"sub-title-primary\">Tambi\u00e9n, el arzobispo Garc\u00eda Cuerva sentenci\u00f3 en Luj\u00e1n: \"Es tiempo de unirnos\" <\/h2> <div><img decoding=\"async\" loading=\"lazy\" class=\"aligncenter size-full wp-image-681343\" src=\"https:\/\/www.diario5.com.ar\/wp-content\/uploads\/2023\/10\/garciacuervalujanjpg20231002.jpg\" width=\"700\" height=\"393\" srcset=\"https:\/\/www.diario5.com.ar\/wp-content\/uploads\/2023\/10\/garciacuervalujanjpg20231002.jpg 700w, https:\/\/www.diario5.com.ar\/wp-content\/uploads\/2023\/10\/garciacuervalujanjpg20231002-300x168.jpg 300w\" sizes=\"(max-width: 700px) 100vw, 700px\" \/><\/div>\n<div><img decoding=\"async\" loading=\"lazy\" class=\"aligncenter size-full wp-image-681344\" src=\"https:\/\/www.diario5.com.ar\/wp-content\/uploads\/2023\/10\/nota-1688195-invitan-participar-peregrinacion-anual-lujan-103529020231002.png\" width=\"700\" height=\"392\" srcset=\"https:\/\/www.diario5.com.ar\/wp-content\/uploads\/2023\/10\/nota-1688195-invitan-participar-peregrinacion-anual-lujan-103529020231002.png 700w, https:\/\/www.diario5.com.ar\/wp-content\/uploads\/2023\/10\/nota-1688195-invitan-participar-peregrinacion-anual-lujan-103529020231002-300x168.png 300w\" sizes=\"(max-width: 700px) 100vw, 700px\" \/><\/div>\n<div>\u00abEs tiempo de unirnos\u00bb. Esa fue la expresi\u00f3n central del Arzobispo de Buenos Aires y primado de la Argentina, Jorge Garc\u00eda Cuerva en la Bas\u00edlica de Luj\u00e1n, a la que hab\u00eda llegado tras realizar la peregrinaci\u00f3n junto a los miles de peregrinos que realizaron el cl\u00e1sico recorrido rumbo Oeste, desde nuestra ciudad.<\/div>\n<div><\/div>\n<div>Su homil\u00eda incluy\u00f3 el deseo de \u00abrecuperar la alegr\u00eda y la esperanza\u00bb. La expuso en la Misa celebrada ante cientos de miles de personas que llevaron al Santuario de la Patrona de la Rep\u00fablica Argentina sus esperanzas de poder mejorara la situaci\u00f3n social en todo el pa\u00eds pero tambi\u00e9n sus vidas personales y las de sus familias.<\/div>\n<div><\/div>\n<div>Fue la 49\u00b0 Peregrinaci\u00f3n Juvenil a Luj\u00e1n. El obispo fue m\u00e1s que claro: \u00abMar\u00eda de Luj\u00e1n, estamos en tus manos porque estamos<\/div>\n<div>desesperanzados y tristes, necesitamos recuperar la alegr\u00eda y la esperanza\u00bb.<\/div>\n<div><\/div>\n<div><\/div>\n<p><!--googleoff: index--><img decoding=\"async\" loading=\"lazy\" class=\"aligncenter size-full wp-image-681363\" src=\"https:\/\/www.diario5.com.ar\/wp-content\/uploads\/2023\/10\/ar_capital_rosario.75020231002.jpg\" width=\"700\" height=\"927\" srcset=\"https:\/\/www.diario5.com.ar\/wp-content\/uploads\/2023\/10\/ar_capital_rosario.75020231002.jpg 700w, https:\/\/www.diario5.com.ar\/wp-content\/uploads\/2023\/10\/ar_capital_rosario.75020231002-227x300.jpg 227w\" sizes=\"(max-width: 700px) 100vw, 700px\" \/><br \/>\n<!--googleon: index--><br \/>\n<img decoding=\"async\" loading=\"lazy\" class=\"aligncenter size-full wp-image-681364\" src=\"https:\/\/www.diario5.com.ar\/wp-content\/uploads\/2023\/10\/la_capital20231002.jpg\" width=\"700\" height=\"943\" srcset=\"https:\/\/www.diario5.com.ar\/wp-content\/uploads\/2023\/10\/la_capital20231002.jpg 700w, https:\/\/www.diario5.com.ar\/wp-content\/uploads\/2023\/10\/la_capital20231002-223x300.jpg 223w\" sizes=\"(max-width: 700px) 100vw, 700px\" \/><\/p>\n<p><img decoding=\"async\" loading=\"lazy\" class=\"aligncenter size-full wp-image-681345\" src=\"https:\/\/www.diario5.com.ar\/wp-content\/uploads\/2023\/10\/esquiu20231002.jpg\" width=\"700\" height=\"921\" srcset=\"https:\/\/www.diario5.com.ar\/wp-content\/uploads\/2023\/10\/esquiu20231002.jpg 700w, https:\/\/www.diario5.com.ar\/wp-content\/uploads\/2023\/10\/esquiu20231002-228x300.jpg 228w\" sizes=\"(max-width: 700px) 100vw, 700px\" \/><\/p>\n<p><img decoding=\"async\" loading=\"lazy\" class=\"aligncenter size-full wp-image-681346\" src=\"https:\/\/www.diario5.com.ar\/wp-content\/uploads\/2023\/10\/ar_diario_norte20231002.jpg\" width=\"700\" height=\"879\" srcset=\"https:\/\/www.diario5.com.ar\/wp-content\/uploads\/2023\/10\/ar_diario_norte20231002.jpg 700w, https:\/\/www.diario5.com.ar\/wp-content\/uploads\/2023\/10\/ar_diario_norte20231002-239x300.jpg 239w\" sizes=\"(max-width: 700px) 100vw, 700px\" \/><\/p>\n<p><img decoding=\"async\" loading=\"lazy\" class=\"aligncenter size-full wp-image-681347\" src=\"https:\/\/www.diario5.com.ar\/wp-content\/uploads\/2023\/10\/ar_cronista20231002.jpg\" width=\"700\" height=\"1010\" srcset=\"https:\/\/www.diario5.com.ar\/wp-content\/uploads\/2023\/10\/ar_cronista20231002.jpg 700w, https:\/\/www.diario5.com.ar\/wp-content\/uploads\/2023\/10\/ar_cronista20231002-208x300.jpg 208w\" sizes=\"(max-width: 700px) 100vw, 700px\" \/><\/p>\n<p><img decoding=\"async\" loading=\"lazy\" class=\"aligncenter size-full wp-image-681348\" src=\"https:\/\/www.diario5.com.ar\/wp-content\/uploads\/2023\/10\/ar_eldia20231002.jpg\" width=\"700\" height=\"1045\" srcset=\"https:\/\/www.diario5.com.ar\/wp-content\/uploads\/2023\/10\/ar_eldia20231002.jpg 700w, https:\/\/www.diario5.com.ar\/wp-content\/uploads\/2023\/10\/ar_eldia20231002-201x300.jpg 201w, https:\/\/www.diario5.com.ar\/wp-content\/uploads\/2023\/10\/ar_eldia20231002-686x1024.jpg 686w\" sizes=\"(max-width: 700px) 100vw, 700px\" \/><\/p>\n<p><img decoding=\"async\" loading=\"lazy\" class=\"aligncenter size-full wp-image-681349\" src=\"https:\/\/www.diario5.com.ar\/wp-content\/uploads\/2023\/10\/ar_hoy20231002.jpg\" width=\"700\" height=\"921\" srcset=\"https:\/\/www.diario5.com.ar\/wp-content\/uploads\/2023\/10\/ar_hoy20231002.jpg 700w, https:\/\/www.diario5.com.ar\/wp-content\/uploads\/2023\/10\/ar_hoy20231002-228x300.jpg 228w\" sizes=\"(max-width: 700px) 100vw, 700px\" \/><\/p>\n<p><img decoding=\"async\" loading=\"lazy\" class=\"aligncenter size-full wp-image-681350\" src=\"https:\/\/www.diario5.com.ar\/wp-content\/uploads\/2023\/10\/ar_chubut20231002.jpg\" width=\"700\" height=\"903\" srcset=\"https:\/\/www.diario5.com.ar\/wp-content\/uploads\/2023\/10\/ar_chubut20231002.jpg 700w, https:\/\/www.diario5.com.ar\/wp-content\/uploads\/2023\/10\/ar_chubut20231002-233x300.jpg 233w\" sizes=\"(max-width: 700px) 100vw, 700px\" \/><\/p>\n<p><img decoding=\"async\" loading=\"lazy\" class=\"aligncenter size-full wp-image-681351\" src=\"https:\/\/www.diario5.com.ar\/wp-content\/uploads\/2023\/10\/ar_epoca20231002.jpg\" width=\"700\" height=\"896\" srcset=\"https:\/\/www.diario5.com.ar\/wp-content\/uploads\/2023\/10\/ar_epoca20231002.jpg 700w, https:\/\/www.diario5.com.ar\/wp-content\/uploads\/2023\/10\/ar_epoca20231002-234x300.jpg 234w\" sizes=\"(max-width: 700px) 100vw, 700px\" \/><\/p>\n<p><img decoding=\"async\" loading=\"lazy\" class=\"aligncenter size-full wp-image-681352\" src=\"https:\/\/www.diario5.com.ar\/wp-content\/uploads\/2023\/10\/ar_litoral20231002.jpg\" width=\"700\" height=\"916\" srcset=\"https:\/\/www.diario5.com.ar\/wp-content\/uploads\/2023\/10\/ar_litoral20231002.jpg 700w, https:\/\/www.diario5.com.ar\/wp-content\/uploads\/2023\/10\/ar_litoral20231002-229x300.jpg 229w\" sizes=\"(max-width: 700px) 100vw, 700px\" \/><\/p>\n<p><img decoding=\"async\" loading=\"lazy\" class=\"aligncenter size-full wp-image-681353\" src=\"https:\/\/www.diario5.com.ar\/wp-content\/uploads\/2023\/10\/ar_losandes20231002.jpg\" width=\"700\" height=\"968\" srcset=\"https:\/\/www.diario5.com.ar\/wp-content\/uploads\/2023\/10\/ar_losandes20231002.jpg 700w, https:\/\/www.diario5.com.ar\/wp-content\/uploads\/2023\/10\/ar_losandes20231002-217x300.jpg 217w\" sizes=\"(max-width: 700px) 100vw, 700px\" \/><\/p>\n<p><img decoding=\"async\" loading=\"lazy\" class=\"aligncenter size-full wp-image-681354\" src=\"https:\/\/www.diario5.com.ar\/wp-content\/uploads\/2023\/10\/ar_diario_cuyo20231002.jpg\" width=\"700\" height=\"1051\" srcset=\"https:\/\/www.diario5.com.ar\/wp-content\/uploads\/2023\/10\/ar_diario_cuyo20231002.jpg 700w, https:\/\/www.diario5.com.ar\/wp-content\/uploads\/2023\/10\/ar_diario_cuyo20231002-200x300.jpg 200w, https:\/\/www.diario5.com.ar\/wp-content\/uploads\/2023\/10\/ar_diario_cuyo20231002-682x1024.jpg 682w\" sizes=\"(max-width: 700px) 100vw, 700px\" \/><\/p>\n<p><img decoding=\"async\" loading=\"lazy\" class=\"aligncenter size-full wp-image-681355\" src=\"https:\/\/www.diario5.com.ar\/wp-content\/uploads\/2023\/10\/ar_diario_republica20231002.jpg\" width=\"700\" height=\"973\" srcset=\"https:\/\/www.diario5.com.ar\/wp-content\/uploads\/2023\/10\/ar_diario_republica20231002.jpg 700w, https:\/\/www.diario5.com.ar\/wp-content\/uploads\/2023\/10\/ar_diario_republica20231002-216x300.jpg 216w\" sizes=\"(max-width: 700px) 100vw, 700px\" \/><\/p>\n<p><img decoding=\"async\" loading=\"lazy\" class=\"aligncenter size-full wp-image-681356\" src=\"https:\/\/www.diario5.com.ar\/wp-content\/uploads\/2023\/10\/ciudadano20231002.jpg\" width=\"700\" height=\"937\" srcset=\"https:\/\/www.diario5.com.ar\/wp-content\/uploads\/2023\/10\/ciudadano20231002.jpg 700w, https:\/\/www.diario5.com.ar\/wp-content\/uploads\/2023\/10\/ciudadano20231002-224x300.jpg 224w\" sizes=\"(max-width: 700px) 100vw, 700px\" \/><\/p>\n<p><img decoding=\"async\" loading=\"lazy\" class=\"aligncenter size-full wp-image-681357\" src=\"https:\/\/www.diario5.com.ar\/wp-content\/uploads\/2023\/10\/ar_gaceta20231002.jpg\" width=\"700\" height=\"1147\" srcset=\"https:\/\/www.diario5.com.ar\/wp-content\/uploads\/2023\/10\/ar_gaceta20231002.jpg 700w, https:\/\/www.diario5.com.ar\/wp-content\/uploads\/2023\/10\/ar_gaceta20231002-183x300.jpg 183w, https:\/\/www.diario5.com.ar\/wp-content\/uploads\/2023\/10\/ar_gaceta20231002-625x1024.jpg 625w\" sizes=\"(max-width: 700px) 100vw, 700px\" \/><\/p>\n<p><img decoding=\"async\" loading=\"lazy\" class=\"aligncenter size-full wp-image-681358\" src=\"https:\/\/www.diario5.com.ar\/wp-content\/uploads\/2023\/10\/ar_clarin20231002.jpg\" width=\"700\" height=\"962\" srcset=\"https:\/\/www.diario5.com.ar\/wp-content\/uploads\/2023\/10\/ar_clarin20231002.jpg 700w, https:\/\/www.diario5.com.ar\/wp-content\/uploads\/2023\/10\/ar_clarin20231002-218x300.jpg 218w\" sizes=\"(max-width: 700px) 100vw, 700px\" \/><\/p>\n<p><img decoding=\"async\" loading=\"lazy\" class=\"aligncenter size-full wp-image-681359\" src=\"https:\/\/www.diario5.com.ar\/wp-content\/uploads\/2023\/10\/nacion20231002.jpg\" width=\"700\" height=\"1061\" srcset=\"https:\/\/www.diario5.com.ar\/wp-content\/uploads\/2023\/10\/nacion20231002.jpg 700w, https:\/\/www.diario5.com.ar\/wp-content\/uploads\/2023\/10\/nacion20231002-198x300.jpg 198w, https:\/\/www.diario5.com.ar\/wp-content\/uploads\/2023\/10\/nacion20231002-676x1024.jpg 676w\" sizes=\"(max-width: 700px) 100vw, 700px\" \/><\/p>\n<p><img decoding=\"async\" loading=\"lazy\" class=\"aligncenter size-full wp-image-681365\" src=\"https:\/\/www.diario5.com.ar\/wp-content\/uploads\/2023\/10\/nuevo_diario20231002.jpg\" width=\"700\" height=\"1061\" srcset=\"https:\/\/www.diario5.com.ar\/wp-content\/uploads\/2023\/10\/nuevo_diario20231002.jpg 700w, https:\/\/www.diario5.com.ar\/wp-content\/uploads\/2023\/10\/nuevo_diario20231002-198x300.jpg 198w, https:\/\/www.diario5.com.ar\/wp-content\/uploads\/2023\/10\/nuevo_diario20231002-676x1024.jpg 676w\" sizes=\"(max-width: 700px) 100vw, 700px\" \/><\/p>\n<p><img decoding=\"async\" loading=\"lazy\" class=\"aligncenter size-full wp-image-681360\" src=\"https:\/\/www.diario5.com.ar\/wp-content\/uploads\/2023\/10\/tiempo_sur20231002.jpg\" width=\"700\" height=\"957\" srcset=\"https:\/\/www.diario5.com.ar\/wp-content\/uploads\/2023\/10\/tiempo_sur20231002.jpg 700w, https:\/\/www.diario5.com.ar\/wp-content\/uploads\/2023\/10\/tiempo_sur20231002-219x300.jpg 219w\" sizes=\"(max-width: 700px) 100vw, 700px\" \/><\/p>\n<p><img decoding=\"async\" loading=\"lazy\" class=\"aligncenter size-full wp-image-681351\" src=\"https:\/\/www.diario5.com.ar\/wp-content\/uploads\/2023\/10\/ar_epoca20231002.jpg\" width=\"700\" height=\"896\" srcset=\"https:\/\/www.diario5.com.ar\/wp-content\/uploads\/2023\/10\/ar_epoca20231002.jpg 700w, https:\/\/www.diario5.com.ar\/wp-content\/uploads\/2023\/10\/ar_epoca20231002-234x300.jpg 234w\" sizes=\"(max-width: 700px) 100vw, 700px\" \/><\/p>\n<p><img decoding=\"async\" loading=\"lazy\" class=\"aligncenter size-full wp-image-681366\" src=\"https:\/\/www.diario5.com.ar\/wp-content\/uploads\/2023\/10\/ar_elsol20231002.jpg\" width=\"700\" height=\"724\" srcset=\"https:\/\/www.diario5.com.ar\/wp-content\/uploads\/2023\/10\/ar_elsol20231002.jpg 700w, https:\/\/www.diario5.com.ar\/wp-content\/uploads\/2023\/10\/ar_elsol20231002-290x300.jpg 290w\" sizes=\"(max-width: 700px) 100vw, 700px\" \/><\/p>\n<p><img decoding=\"async\" loading=\"lazy\" class=\"aligncenter size-full wp-image-681362\" src=\"https:\/\/www.diario5.com.ar\/wp-content\/uploads\/2023\/10\/ar_ancasti20231002.jpg\" width=\"700\" height=\"936\" srcset=\"https:\/\/www.diario5.com.ar\/wp-content\/uploads\/2023\/10\/ar_ancasti20231002.jpg 700w, https:\/\/www.diario5.com.ar\/wp-content\/uploads\/2023\/10\/ar_ancasti20231002-224x300.jpg 224w\" sizes=\"(max-width: 700px) 100vw, 700px\" \/><\/p>\n<p>&nbsp;<\/p>","protected":false},"excerpt":{"rendered":"<p>Tambi\u00e9n, el arzobispo Garc\u00eda Cuerva sentenci\u00f3 en Luj\u00e1n: \u00abEs tiempo de unirnos\u00bb \u00abEs tiempo de unirnos\u00bb. Esa fue la expresi\u00f3n central del Arzobispo de Buenos Aires y primado de la Argentina, Jorge Garc\u00eda Cuerva en la Bas\u00edlica de Luj\u00e1n, a la que hab\u00eda llegado tras realizar la peregrinaci\u00f3n junto a los miles de peregrinos que [&hellip;]<\/p>","protected":false},"author":1,"featured_media":681343,"comment_status":"open","ping_status":"open","sticky":false,"template":"","format":"standard","meta":[],"categories":[452,52,56],"tags":[474],"series":[],"_links":{"self":[{"href":"https:\/\/www.diario5.com.ar\/es\/wp-json\/wp\/v2\/posts\/676020"}],"collection":[{"href":"https:\/\/www.diario5.com.ar\/es\/wp-json\/wp\/v2\/posts"}],"about":[{"href":"https:\/\/www.diario5.com.ar\/es\/wp-json\/wp\/v2\/types\/post"}],"author":[{"embeddable":true,"href":"https:\/\/www.diario5.com.ar\/es\/wp-json\/wp\/v2\/users\/1"}],"replies":[{"embeddable":true,"href":"https:\/\/www.diario5.com.ar\/es\/wp-json\/wp\/v2\/comments?post=676020"}],"version-history":[{"count":5,"href":"https:\/\/www.diario5.com.ar\/es\/wp-json\/wp\/v2\/posts\/676020\/revisions"}],"predecessor-version":[{"id":681437,"href":"https:\/\/www.diario5.com.ar\/es\/wp-json\/wp\/v2\/posts\/676020\/revisions\/681437"}],"wp:featuredmedia":[{"embeddable":true,"href":"https:\/\/www.diario5.com.ar\/es\/wp-json\/wp\/v2\/media\/681343"}],"wp:attachment":[{"href":"https:\/\/www.diario5.com.ar\/es\/wp-json\/wp\/v2\/media?parent=676020"}],"wp:term":[{"taxonomy":"category","embeddable":true,"href":"https:\/\/www.diario5.com.ar\/es\/wp-json\/wp\/v2\/categories?post=676020"},{"taxonomy":"post_tag","embeddable":true,"href":"https:\/\/www.diario5.com.ar\/es\/wp-json\/wp\/v2\/tags?post=676020"},{"taxonomy":"series","embeddable":true,"href":"https:\/\/www.diario5.com.ar\/es\/wp-json\/wp\/v2\/series?post=676020"}],"curies":[{"name":"wp","href":"https:\/\/api.w.org\/{rel}","templated":true}]}}