{"id":675356,"date":"2023-09-03T06:50:00","date_gmt":"2023-09-03T09:50:00","guid":{"rendered":"http:\/\/diario5.com.ar\/?p=675356"},"modified":"2023-09-03T16:46:02","modified_gmt":"2023-09-03T19:46:02","slug":"675356","status":"publish","type":"post","link":"https:\/\/www.diario5.com.ar\/es\/675356\/","title":{"rendered":"El frontispicio de Boedo"},"content":{"rendered":"<h2 class=\"sub-title-primary\"><\/h2> <p><img decoding=\"async\" src=\"https:\/\/www.diario5.com.ar\/imgtapas\/cma_frontispicio_boedo_independencia.jpg\" \/><br \/>\n<!--googleoff: index--><br \/>\n<!--googleon: index--><\/p>\n<p>Es una parte importante de la historia del barrio de Boedo. En las esquinas de las Avenidas Boedo e Independencia siempre hubo comercios destacados. Ese desarrollo se produjo a toda m\u00e1quina y con gran aporte y empuje de habitantes de la zona, dispuestos a darle el brillo que iban obteniendo la mayor\u00eda de las \u00e1reas porte\u00f1as de fines del S XIX y principios de S XX, en la medida en que los habitantes se sumaban de a miles con las inmigraciones.<\/p>\n<p>El frontispicio que se observa en la esquina Sudoeste de la intersecci\u00f3n, es una se\u00f1al de la etapa de crecimiento del barrio. En ese edificio funcion\u00f3 durante apenas treinta a\u00f1os, hasta 1933, la sucursal Boedo de las Tiendas Dell&#8217;Acqua, cadena textil de \u00abblanco y manteler\u00eda\u00bb con productos de alta calidad, comparables con lo que se pod\u00eda adquirir en Gath y Chaves, La Favorita, La Uni\u00f3n, Voss, Tow, A la Ciudad de M\u00e9xico, Tiendas San Miguel, Harrod&#8217;s y A la Ciudad de Londres, Tienda El Nuevo Siglo y otras de renombre.\u00a0Dell&#8217;Acqua tambi\u00e9n era fabricante.<\/p>\n<p>A mediados de la d\u00e9cada del &#8217;30 ya se hab\u00edan cambios en los edificios de los locales y en los mismos comercios del barrio. Pasado casi un siglo, el frontispicio con la imagen armada en venecitas sigue indemne, No obstante, hay voces que se alzan en nombre del deseo de encontrar una forma de conservaci\u00f3n para evitar tener que lamentar consecuencias ante la permanente exposici\u00f3n a la erosi\u00f3n.<\/p>\n<p>La elegancia de la esquina de Independencia y Boedo en los tiempos de la sucursal de Tiendas Dell&#8217;Acqua genera angustias y ansiedades, dada la p\u00e9rdida de una m\u00edstica que no llegamos a conocer y por la que nos sentimos con derechos por el solo hecho de ser porte\u00f1os.<\/p>\n<p><img decoding=\"async\" loading=\"lazy\" class=\"aligncenter size-full wp-image-680589\" src=\"https:\/\/www.diario5.com.ar\/wp-content\/uploads\/2023\/09\/tiendadellaqua20230903.jpg\" width=\"320\" height=\"400\" srcset=\"https:\/\/www.diario5.com.ar\/wp-content\/uploads\/2023\/09\/tiendadellaqua20230903.jpg 320w, https:\/\/www.diario5.com.ar\/wp-content\/uploads\/2023\/09\/tiendadellaqua20230903-240x300.jpg 240w\" sizes=\"(max-width: 320px) 100vw, 320px\" \/><\/p>\n<p><img decoding=\"async\" loading=\"lazy\" class=\"aligncenter size-full wp-image-680604\" src=\"https:\/\/www.diario5.com.ar\/wp-content\/uploads\/2023\/09\/la_capital20230903.jpg\" width=\"700\" height=\"945\" srcset=\"https:\/\/www.diario5.com.ar\/wp-content\/uploads\/2023\/09\/la_capital20230903.jpg 700w, https:\/\/www.diario5.com.ar\/wp-content\/uploads\/2023\/09\/la_capital20230903-222x300.jpg 222w\" sizes=\"(max-width: 700px) 100vw, 700px\" \/><\/p>\n<p><img decoding=\"async\" loading=\"lazy\" class=\"aligncenter size-full wp-image-680590\" src=\"https:\/\/www.diario5.com.ar\/wp-content\/uploads\/2023\/09\/esquiu20230903.jpg\" width=\"700\" height=\"920\" srcset=\"https:\/\/www.diario5.com.ar\/wp-content\/uploads\/2023\/09\/esquiu20230903.jpg 700w, https:\/\/www.diario5.com.ar\/wp-content\/uploads\/2023\/09\/esquiu20230903-228x300.jpg 228w\" sizes=\"(max-width: 700px) 100vw, 700px\" \/><\/p>\n<p><img decoding=\"async\" loading=\"lazy\" class=\"aligncenter size-full wp-image-680605\" src=\"https:\/\/www.diario5.com.ar\/wp-content\/uploads\/2023\/09\/ar_diario_norte20230903.jpg\" width=\"700\" height=\"900\" srcset=\"https:\/\/www.diario5.com.ar\/wp-content\/uploads\/2023\/09\/ar_diario_norte20230903.jpg 700w, https:\/\/www.diario5.com.ar\/wp-content\/uploads\/2023\/09\/ar_diario_norte20230903-233x300.jpg 233w\" sizes=\"(max-width: 700px) 100vw, 700px\" \/><\/p>\n<p><img decoding=\"async\" loading=\"lazy\" class=\"aligncenter size-full wp-image-680591\" src=\"https:\/\/www.diario5.com.ar\/wp-content\/uploads\/2023\/09\/ar_eldia20230903.jpg\" width=\"700\" height=\"1045\" srcset=\"https:\/\/www.diario5.com.ar\/wp-content\/uploads\/2023\/09\/ar_eldia20230903.jpg 700w, https:\/\/www.diario5.com.ar\/wp-content\/uploads\/2023\/09\/ar_eldia20230903-201x300.jpg 201w, https:\/\/www.diario5.com.ar\/wp-content\/uploads\/2023\/09\/ar_eldia20230903-686x1024.jpg 686w\" sizes=\"(max-width: 700px) 100vw, 700px\" \/><\/p>\n<p><img decoding=\"async\" loading=\"lazy\" class=\"aligncenter size-full wp-image-680592\" src=\"https:\/\/www.diario5.com.ar\/wp-content\/uploads\/2023\/09\/ar_hoy20230903.jpg\" width=\"700\" height=\"925\" srcset=\"https:\/\/www.diario5.com.ar\/wp-content\/uploads\/2023\/09\/ar_hoy20230903.jpg 700w, https:\/\/www.diario5.com.ar\/wp-content\/uploads\/2023\/09\/ar_hoy20230903-227x300.jpg 227w\" sizes=\"(max-width: 700px) 100vw, 700px\" \/><\/p>\n<p><img decoding=\"async\" loading=\"lazy\" class=\"aligncenter size-full wp-image-680593\" src=\"https:\/\/www.diario5.com.ar\/wp-content\/uploads\/2023\/09\/ar_chubut20230903.jpg\" width=\"700\" height=\"906\" srcset=\"https:\/\/www.diario5.com.ar\/wp-content\/uploads\/2023\/09\/ar_chubut20230903.jpg 700w, https:\/\/www.diario5.com.ar\/wp-content\/uploads\/2023\/09\/ar_chubut20230903-232x300.jpg 232w\" sizes=\"(max-width: 700px) 100vw, 700px\" \/><\/p>\n<p><img decoding=\"async\" loading=\"lazy\" class=\"aligncenter size-full wp-image-680606\" src=\"https:\/\/www.diario5.com.ar\/wp-content\/uploads\/2023\/09\/ar_epoca20230903.jpg\" width=\"700\" height=\"911\" srcset=\"https:\/\/www.diario5.com.ar\/wp-content\/uploads\/2023\/09\/ar_epoca20230903.jpg 700w, https:\/\/www.diario5.com.ar\/wp-content\/uploads\/2023\/09\/ar_epoca20230903-231x300.jpg 231w\" sizes=\"(max-width: 700px) 100vw, 700px\" \/><\/p>\n<p><img decoding=\"async\" loading=\"lazy\" class=\"aligncenter size-full wp-image-680594\" src=\"https:\/\/www.diario5.com.ar\/wp-content\/uploads\/2023\/09\/ar_litoral20230903.jpg\" width=\"699\" height=\"920\" srcset=\"https:\/\/www.diario5.com.ar\/wp-content\/uploads\/2023\/09\/ar_litoral20230903.jpg 699w, https:\/\/www.diario5.com.ar\/wp-content\/uploads\/2023\/09\/ar_litoral20230903-228x300.jpg 228w\" sizes=\"(max-width: 699px) 100vw, 699px\" \/><\/p>\n<p><img decoding=\"async\" loading=\"lazy\" class=\"aligncenter size-full wp-image-680595\" src=\"https:\/\/www.diario5.com.ar\/wp-content\/uploads\/2023\/09\/ar_losandes20230903.jpg\" width=\"700\" height=\"963\" srcset=\"https:\/\/www.diario5.com.ar\/wp-content\/uploads\/2023\/09\/ar_losandes20230903.jpg 700w, https:\/\/www.diario5.com.ar\/wp-content\/uploads\/2023\/09\/ar_losandes20230903-218x300.jpg 218w\" sizes=\"(max-width: 700px) 100vw, 700px\" \/><\/p>\n<p><img decoding=\"async\" loading=\"lazy\" class=\"aligncenter size-full wp-image-680596\" src=\"https:\/\/www.diario5.com.ar\/wp-content\/uploads\/2023\/09\/ar_diario_cuyo20230903.jpg\" width=\"700\" height=\"1051\" srcset=\"https:\/\/www.diario5.com.ar\/wp-content\/uploads\/2023\/09\/ar_diario_cuyo20230903.jpg 700w, https:\/\/www.diario5.com.ar\/wp-content\/uploads\/2023\/09\/ar_diario_cuyo20230903-200x300.jpg 200w, https:\/\/www.diario5.com.ar\/wp-content\/uploads\/2023\/09\/ar_diario_cuyo20230903-682x1024.jpg 682w\" sizes=\"(max-width: 700px) 100vw, 700px\" \/><\/p>\n<p>&nbsp;<\/p>\n<p><img decoding=\"async\" loading=\"lazy\" class=\"aligncenter size-full wp-image-680597\" src=\"https:\/\/www.diario5.com.ar\/wp-content\/uploads\/2023\/09\/ar_diario_republica20230903.jpg\" width=\"700\" height=\"978\" srcset=\"https:\/\/www.diario5.com.ar\/wp-content\/uploads\/2023\/09\/ar_diario_republica20230903.jpg 700w, https:\/\/www.diario5.com.ar\/wp-content\/uploads\/2023\/09\/ar_diario_republica20230903-215x300.jpg 215w\" sizes=\"(max-width: 700px) 100vw, 700px\" \/><\/p>\n<p><img decoding=\"async\" loading=\"lazy\" class=\"aligncenter size-full wp-image-680598\" src=\"https:\/\/www.diario5.com.ar\/wp-content\/uploads\/2023\/09\/ar_gaceta20230903.jpg\" width=\"700\" height=\"1150\" srcset=\"https:\/\/www.diario5.com.ar\/wp-content\/uploads\/2023\/09\/ar_gaceta20230903.jpg 700w, https:\/\/www.diario5.com.ar\/wp-content\/uploads\/2023\/09\/ar_gaceta20230903-183x300.jpg 183w, https:\/\/www.diario5.com.ar\/wp-content\/uploads\/2023\/09\/ar_gaceta20230903-623x1024.jpg 623w\" sizes=\"(max-width: 700px) 100vw, 700px\" \/><\/p>\n<p><img decoding=\"async\" loading=\"lazy\" class=\"aligncenter size-full wp-image-680599\" src=\"https:\/\/www.diario5.com.ar\/wp-content\/uploads\/2023\/09\/ar_clarin20230903.jpg\" width=\"700\" height=\"970\" srcset=\"https:\/\/www.diario5.com.ar\/wp-content\/uploads\/2023\/09\/ar_clarin20230903.jpg 700w, https:\/\/www.diario5.com.ar\/wp-content\/uploads\/2023\/09\/ar_clarin20230903-216x300.jpg 216w\" sizes=\"(max-width: 700px) 100vw, 700px\" \/><\/p>\n<p><img decoding=\"async\" loading=\"lazy\" class=\"aligncenter size-full wp-image-680600\" src=\"https:\/\/www.diario5.com.ar\/wp-content\/uploads\/2023\/09\/nacion20230903.jpg\" width=\"700\" height=\"1037\" srcset=\"https:\/\/www.diario5.com.ar\/wp-content\/uploads\/2023\/09\/nacion20230903.jpg 700w, https:\/\/www.diario5.com.ar\/wp-content\/uploads\/2023\/09\/nacion20230903-203x300.jpg 203w, https:\/\/www.diario5.com.ar\/wp-content\/uploads\/2023\/09\/nacion20230903-691x1024.jpg 691w\" sizes=\"(max-width: 700px) 100vw, 700px\" \/><\/p>\n<p><img decoding=\"async\" loading=\"lazy\" class=\"aligncenter size-full wp-image-680601\" src=\"https:\/\/www.diario5.com.ar\/wp-content\/uploads\/2023\/09\/nuevo_diario20230903.jpg\" width=\"700\" height=\"1054\" srcset=\"https:\/\/www.diario5.com.ar\/wp-content\/uploads\/2023\/09\/nuevo_diario20230903.jpg 700w, https:\/\/www.diario5.com.ar\/wp-content\/uploads\/2023\/09\/nuevo_diario20230903-199x300.jpg 199w, https:\/\/www.diario5.com.ar\/wp-content\/uploads\/2023\/09\/nuevo_diario20230903-680x1024.jpg 680w\" sizes=\"(max-width: 700px) 100vw, 700px\" \/><\/p>\n<p><img decoding=\"async\" loading=\"lazy\" class=\"aligncenter size-full wp-image-680602\" src=\"https:\/\/www.diario5.com.ar\/wp-content\/uploads\/2023\/09\/tiempo_sur20230903.jpg\" width=\"700\" height=\"957\" srcset=\"https:\/\/www.diario5.com.ar\/wp-content\/uploads\/2023\/09\/tiempo_sur20230903.jpg 700w, https:\/\/www.diario5.com.ar\/wp-content\/uploads\/2023\/09\/tiempo_sur20230903-219x300.jpg 219w\" sizes=\"(max-width: 700px) 100vw, 700px\" \/><\/p>\n<p><img decoding=\"async\" loading=\"lazy\" class=\"aligncenter size-full wp-image-680603\" src=\"https:\/\/www.diario5.com.ar\/wp-content\/uploads\/2023\/09\/tiempo_argentino20230903.jpg\" width=\"700\" height=\"889\" srcset=\"https:\/\/www.diario5.com.ar\/wp-content\/uploads\/2023\/09\/tiempo_argentino20230903.jpg 700w, https:\/\/www.diario5.com.ar\/wp-content\/uploads\/2023\/09\/tiempo_argentino20230903-236x300.jpg 236w\" sizes=\"(max-width: 700px) 100vw, 700px\" \/><\/p>\n<p><img decoding=\"async\" loading=\"lazy\" class=\"aligncenter size-full wp-image-680606\" src=\"https:\/\/www.diario5.com.ar\/wp-content\/uploads\/2023\/09\/ar_epoca20230903.jpg\" width=\"700\" height=\"911\" srcset=\"https:\/\/www.diario5.com.ar\/wp-content\/uploads\/2023\/09\/ar_epoca20230903.jpg 700w, https:\/\/www.diario5.com.ar\/wp-content\/uploads\/2023\/09\/ar_epoca20230903-231x300.jpg 231w\" sizes=\"(max-width: 700px) 100vw, 700px\" \/><\/p>\n<p>&nbsp;<\/p>","protected":false},"excerpt":{"rendered":"<p>Es una parte importante de la historia del barrio de Boedo. En las esquinas de las Avenidas Boedo e Independencia siempre hubo comercios destacados. Ese desarrollo se produjo a toda m\u00e1quina y con gran aporte y empuje de habitantes de la zona, dispuestos a darle el brillo que iban obteniendo la mayor\u00eda de las \u00e1reas [&hellip;]<\/p>","protected":false},"author":9,"featured_media":680609,"comment_status":"open","ping_status":"open","sticky":false,"template":"","format":"standard","meta":[],"categories":[483,5,161,56],"tags":[],"series":[],"_links":{"self":[{"href":"https:\/\/www.diario5.com.ar\/es\/wp-json\/wp\/v2\/posts\/675356"}],"collection":[{"href":"https:\/\/www.diario5.com.ar\/es\/wp-json\/wp\/v2\/posts"}],"about":[{"href":"https:\/\/www.diario5.com.ar\/es\/wp-json\/wp\/v2\/types\/post"}],"author":[{"embeddable":true,"href":"https:\/\/www.diario5.com.ar\/es\/wp-json\/wp\/v2\/users\/9"}],"replies":[{"embeddable":true,"href":"https:\/\/www.diario5.com.ar\/es\/wp-json\/wp\/v2\/comments?post=675356"}],"version-history":[{"count":5,"href":"https:\/\/www.diario5.com.ar\/es\/wp-json\/wp\/v2\/posts\/675356\/revisions"}],"predecessor-version":[{"id":680608,"href":"https:\/\/www.diario5.com.ar\/es\/wp-json\/wp\/v2\/posts\/675356\/revisions\/680608"}],"wp:featuredmedia":[{"embeddable":true,"href":"https:\/\/www.diario5.com.ar\/es\/wp-json\/wp\/v2\/media\/680609"}],"wp:attachment":[{"href":"https:\/\/www.diario5.com.ar\/es\/wp-json\/wp\/v2\/media?parent=675356"}],"wp:term":[{"taxonomy":"category","embeddable":true,"href":"https:\/\/www.diario5.com.ar\/es\/wp-json\/wp\/v2\/categories?post=675356"},{"taxonomy":"post_tag","embeddable":true,"href":"https:\/\/www.diario5.com.ar\/es\/wp-json\/wp\/v2\/tags?post=675356"},{"taxonomy":"series","embeddable":true,"href":"https:\/\/www.diario5.com.ar\/es\/wp-json\/wp\/v2\/series?post=675356"}],"curies":[{"name":"wp","href":"https:\/\/api.w.org\/{rel}","templated":true}]}}