{"id":675326,"date":"2023-08-04T06:50:00","date_gmt":"2023-08-04T09:50:00","guid":{"rendered":"http:\/\/diario5.com.ar\/?p=675326"},"modified":"2023-08-04T14:39:23","modified_gmt":"2023-08-04T17:39:23","slug":"675326","status":"publish","type":"post","link":"https:\/\/www.diario5.com.ar\/es\/675326\/","title":{"rendered":"Subte: La lucha contra el asbesto"},"content":{"rendered":"<h2 class=\"sub-title-primary\">Metrodelegados realizaron un paro de subte y Premetro, en rechazo al asbesto<\/h2> <div><img decoding=\"async\" loading=\"lazy\" class=\"aligncenter size-full wp-image-679652\" src=\"https:\/\/www.diario5.com.ar\/wp-content\/uploads\/2023\/08\/20220504192056_asbesto20230804.jpg\" width=\"700\" height=\"407\" srcset=\"https:\/\/www.diario5.com.ar\/wp-content\/uploads\/2023\/08\/20220504192056_asbesto20230804.jpg 700w, https:\/\/www.diario5.com.ar\/wp-content\/uploads\/2023\/08\/20220504192056_asbesto20230804-300x174.jpg 300w\" sizes=\"(max-width: 700px) 100vw, 700px\" \/><\/div>\n<div>Aseguran que ya murieron 3 trabajadoras por efecto de este elemento, que hay 6 casos de c\u00e1ncer, 87 personas con diferentes afecciones y un total de 2.150 trabajadores de Subterr\u00e1neos de Buenos Aires tiene vigilancia m\u00e9dica permanente.<\/div>\n<div><\/div>\n<div>El martes \u00faltimo no hubo servicio desde las 20 al cierre. Y ayer a la ma\u00f1ana, entre las 06.00 y las 09.00, los subtes tambi\u00e9n pararon.<\/div>\n<div><\/div>\n<h3><strong>Sepamos de una buena vez, qu\u00e9 es el maldito asbesto<\/strong><\/h3>\n<p>El asbesto es un mineral natural que ha sido ampliamente utilizado en varias industrias por su resistencia al calor, resistencia y propiedades aislantes. Consiste en cristales fibrosos delgados que se pueden tejer en telas o agregar a otros materiales para mejorar sus propiedades. Sin embargo, el asbesto tambi\u00e9n es <strong>altamente peligroso para la salud humana cuando sus fibras se transportan por el aire y se inhalan<\/strong>.<\/p>\n<p>&nbsp;<\/p>\n<p>La exposici\u00f3n a las fibras de asbesto se ha relacionado con riesgos graves para la salud, incluidas enfermedades pulmonares como la asbestosis, el c\u00e1ncer de pulm\u00f3n y el mesotelioma (una forma rara de c\u00e1ncer que afecta el revestimiento de los pulmones, el abdomen o el coraz\u00f3n). Debido a estos problemas de salud, muchos pa\u00edses han prohibido o regulado estrictamente el uso de amianto.<\/p>\n<p>En la construcci\u00f3n, el asbesto se usaba a menudo en materiales de construcci\u00f3n como aislamiento, tejas para techos, tejas para techos y productos de cemento. Tambi\u00e9n se utiliz\u00f3 en piezas de autom\u00f3viles, textiles y diversas aplicaciones industriales. Las enfermedades relacionadas con el asbesto generalmente son el resultado de la exposici\u00f3n a largo plazo a las fibras de asbesto en el aire, que a menudo ocurren en entornos laborales donde las personas trabajaron con o cerca de materiales que contienen asbesto sin la protecci\u00f3n adecuada.<\/p>\n<p>Se han realizado esfuerzos para eliminar y reemplazar materiales que contienen asbesto en edificios y productos para reducir el riesgo de exposici\u00f3n y los problemas de salud asociados.<\/p>\n<p>El asbesto se us\u00f3 en el pasado en la construcci\u00f3n de algunas l\u00edneas de trenes subterr\u00e1neos\/subterr\u00e1neos e infraestructura relacionada, particularmente a mediados del siglo XX, cuando sus propiedades beneficiosas fueron m\u00e1s ampliamente reconocidas. Los materiales que contienen asbesto se usaban a menudo para el aislamiento, la protecci\u00f3n contra incendios y la insonorizaci\u00f3n en estos sistemas de transporte subterr\u00e1neo.<\/p>\n<p>Sin embargo, a medida que los riesgos para la salud asociados con el asbesto se hicieron m\u00e1s evidentes, muchos pa\u00edses comenzaron a eliminar gradualmente su uso en diversas industrias, incluida la construcci\u00f3n. Esto incluye los sistemas de metro y metro. En las \u00faltimas d\u00e9cadas, se han realizado esfuerzos para identificar y eliminar los materiales que contienen asbesto de los espacios p\u00fablicos, incluida la infraestructura de transporte, para reducir el riesgo de exposici\u00f3n tanto de los trabajadores como de los pasajeros.<\/p>\n<p>La construcci\u00f3n moderna y la renovaci\u00f3n de los sistemas de metro generalmente evitan el uso de materiales que contienen asbesto debido a problemas de salud bien documentados. Si le preocupa la exposici\u00f3n al asbesto en un metro o sistema subterr\u00e1neo espec\u00edfico, es recomendable consultar con las autoridades locales o las agencias de transporte para obtener informaci\u00f3n sobre sus esfuerzos para administrar y eliminar el asbesto de su infraestructura.<\/p>\n<p>Las organizaciones m\u00e9dicas y de salud de todo el mundo han investigado y abordado exhaustivamente los riesgos para la salud asociados con la exposici\u00f3n al asbesto. Estas organizaciones han brindado pautas, recomendaciones e informaci\u00f3n para crear conciencia sobre los peligros del asbesto y promover su remoci\u00f3n y manipulaci\u00f3n seguras. Algunas de las organizaciones clave que han abordado los problemas de salud relacionados con el asbesto incluyen:<\/p>\n<p>Organizaci\u00f3n Mundial de la Salud (OMS) : La OMS ha reconocido el asbesto como un carcin\u00f3geno (una sustancia que puede causar c\u00e1ncer) y ha enfatizado la importancia de prevenir la exposici\u00f3n a las fibras de asbesto. Brindan informaci\u00f3n sobre enfermedades relacionadas con el asbesto y abogan por alternativas m\u00e1s seguras.<\/p>\n<p>La Agencia Internacional para la Investigaci\u00f3n del C\u00e1ncer (International Agency for Research on Cancer &#8211; IARC), integrante de la OMS, ha clasificado todas las formas de asbesto como <strong>carcin\u00f3genos del Grupo 1<\/strong>, lo que significa que existe evidencia suficiente de que pueden causar c\u00e1ncer en humanos. Esto llev\u00f3 a que el Estado norteamericano estableciera regulaciones y pautas para el manejo y remoci\u00f3n de asbesto para proteger la salud p\u00fablica. Lo hizo a trav\u00e9s de la Environmental Protection Agency (EPA) (Agencia de Protecci\u00f3n Ambiental) y la Occupational Safety and Health Administration \/OSHA (Administraci\u00f3n de Salud y Seguridad Ocupacional). Se protegi\u00f3 a los trabajadores de la exposici\u00f3n al asbesto en varias industrias, incluidas la construcci\u00f3n y el transporte. A partir de la necesidad de regular la expansi\u00f3n del asbesto, los Centers for Disease Control and Prevention \/CDC (Centros para el Control y la Prevenci\u00f3n de Enfermedades) de los Estados Unidos ofrecen recursos e informaci\u00f3n sobre afecciones relacionadas con el asbesto, prevenci\u00f3n de la exposici\u00f3n y manipulaci\u00f3n segura.<\/p>\n<p>En el Reino Unido el Servicio Nacional de Salud (NHS) y el Health and Safety Executive (HSE) proporcionan informaci\u00f3n sobre enfermedades relacionadas con el asbesto, a trav\u00e9s de campa\u00f1as programadas.<\/p>\n<p>Chile prohibi\u00f3 en 2001 el uso de chapas de fibrocemento en las construcciones, por contener asbesto.<\/p>\n<p><img decoding=\"async\" loading=\"lazy\" class=\"aligncenter size-full wp-image-679653\" src=\"https:\/\/www.diario5.com.ar\/wp-content\/uploads\/2023\/08\/f139492-0-h20230804.jpeg\" alt=\"A 17 a\u00f1os de la prohibici\u00f3n del Asbesto, no hay registro de retiro del material en la Regi\u00f3n de La Araucan\u00eda\" width=\"500\" height=\"296\" srcset=\"https:\/\/www.diario5.com.ar\/wp-content\/uploads\/2023\/08\/f139492-0-h20230804.jpeg 500w, https:\/\/www.diario5.com.ar\/wp-content\/uploads\/2023\/08\/f139492-0-h20230804-300x178.jpeg 300w\" sizes=\"(max-width: 500px) 100vw, 500px\" \/><\/p>\n<hr \/>\n<p>&nbsp;<\/p>\n<p>&nbsp;<\/p>\n<p><!--googleoff: index--><br \/>\n<!--googleon: index--><br \/>\n<img decoding=\"async\" loading=\"lazy\" class=\"aligncenter size-full wp-image-679671\" src=\"https:\/\/www.diario5.com.ar\/wp-content\/uploads\/2023\/08\/la_capital20230804.jpg\" width=\"700\" height=\"946\" srcset=\"https:\/\/www.diario5.com.ar\/wp-content\/uploads\/2023\/08\/la_capital20230804.jpg 700w, https:\/\/www.diario5.com.ar\/wp-content\/uploads\/2023\/08\/la_capital20230804-222x300.jpg 222w\" sizes=\"(max-width: 700px) 100vw, 700px\" \/><\/p>\n<p>&nbsp;<\/p>\n<p><img decoding=\"async\" loading=\"lazy\" class=\"aligncenter size-full wp-image-679654\" src=\"https:\/\/www.diario5.com.ar\/wp-content\/uploads\/2023\/08\/ar_ancasti20230804.jpg\" width=\"700\" height=\"949\" srcset=\"https:\/\/www.diario5.com.ar\/wp-content\/uploads\/2023\/08\/ar_ancasti20230804.jpg 700w, https:\/\/www.diario5.com.ar\/wp-content\/uploads\/2023\/08\/ar_ancasti20230804-221x300.jpg 221w\" sizes=\"(max-width: 700px) 100vw, 700px\" \/><\/p>\n<p><img decoding=\"async\" loading=\"lazy\" class=\"aligncenter size-full wp-image-679655\" src=\"https:\/\/www.diario5.com.ar\/wp-content\/uploads\/2023\/08\/esquiu20230804.jpg\" width=\"700\" height=\"920\" srcset=\"https:\/\/www.diario5.com.ar\/wp-content\/uploads\/2023\/08\/esquiu20230804.jpg 700w, https:\/\/www.diario5.com.ar\/wp-content\/uploads\/2023\/08\/esquiu20230804-228x300.jpg 228w\" sizes=\"(max-width: 700px) 100vw, 700px\" \/><\/p>\n<p><img decoding=\"async\" loading=\"lazy\" class=\"aligncenter size-full wp-image-679656\" src=\"https:\/\/www.diario5.com.ar\/wp-content\/uploads\/2023\/08\/ar_diario_norte20230804.jpg\" width=\"700\" height=\"879\" srcset=\"https:\/\/www.diario5.com.ar\/wp-content\/uploads\/2023\/08\/ar_diario_norte20230804.jpg 700w, https:\/\/www.diario5.com.ar\/wp-content\/uploads\/2023\/08\/ar_diario_norte20230804-239x300.jpg 239w\" sizes=\"(max-width: 700px) 100vw, 700px\" \/><\/p>\n<p><img decoding=\"async\" loading=\"lazy\" class=\"aligncenter size-full wp-image-679657\" src=\"https:\/\/www.diario5.com.ar\/wp-content\/uploads\/2023\/08\/ar_cronista20230804.jpg\" width=\"700\" height=\"1011\" srcset=\"https:\/\/www.diario5.com.ar\/wp-content\/uploads\/2023\/08\/ar_cronista20230804.jpg 700w, https:\/\/www.diario5.com.ar\/wp-content\/uploads\/2023\/08\/ar_cronista20230804-208x300.jpg 208w\" sizes=\"(max-width: 700px) 100vw, 700px\" \/><\/p>\n<p><img decoding=\"async\" loading=\"lazy\" class=\"aligncenter size-full wp-image-679672\" src=\"https:\/\/www.diario5.com.ar\/wp-content\/uploads\/2023\/08\/ar_eldia20230804.jpg\" width=\"700\" height=\"1040\" srcset=\"https:\/\/www.diario5.com.ar\/wp-content\/uploads\/2023\/08\/ar_eldia20230804.jpg 700w, https:\/\/www.diario5.com.ar\/wp-content\/uploads\/2023\/08\/ar_eldia20230804-202x300.jpg 202w, https:\/\/www.diario5.com.ar\/wp-content\/uploads\/2023\/08\/ar_eldia20230804-689x1024.jpg 689w\" sizes=\"(max-width: 700px) 100vw, 700px\" \/><\/p>\n<p><img decoding=\"async\" loading=\"lazy\" class=\"aligncenter size-full wp-image-679658\" src=\"https:\/\/www.diario5.com.ar\/wp-content\/uploads\/2023\/08\/ar_hoy20230804.jpg\" width=\"700\" height=\"920\" srcset=\"https:\/\/www.diario5.com.ar\/wp-content\/uploads\/2023\/08\/ar_hoy20230804.jpg 700w, https:\/\/www.diario5.com.ar\/wp-content\/uploads\/2023\/08\/ar_hoy20230804-228x300.jpg 228w\" sizes=\"(max-width: 700px) 100vw, 700px\" \/><\/p>\n<p><img decoding=\"async\" loading=\"lazy\" class=\"aligncenter size-full wp-image-679659\" src=\"https:\/\/www.diario5.com.ar\/wp-content\/uploads\/2023\/08\/ar_chubut20230804.jpg\" width=\"700\" height=\"903\" srcset=\"https:\/\/www.diario5.com.ar\/wp-content\/uploads\/2023\/08\/ar_chubut20230804.jpg 700w, https:\/\/www.diario5.com.ar\/wp-content\/uploads\/2023\/08\/ar_chubut20230804-233x300.jpg 233w\" sizes=\"(max-width: 700px) 100vw, 700px\" \/><\/p>\n<p><img decoding=\"async\" loading=\"lazy\" class=\"aligncenter size-full wp-image-679660\" src=\"https:\/\/www.diario5.com.ar\/wp-content\/uploads\/2023\/08\/ar_epoca20230804.jpg\" width=\"700\" height=\"908\" srcset=\"https:\/\/www.diario5.com.ar\/wp-content\/uploads\/2023\/08\/ar_epoca20230804.jpg 700w, https:\/\/www.diario5.com.ar\/wp-content\/uploads\/2023\/08\/ar_epoca20230804-231x300.jpg 231w\" sizes=\"(max-width: 700px) 100vw, 700px\" \/><\/p>\n<p><img decoding=\"async\" loading=\"lazy\" class=\"aligncenter size-full wp-image-679661\" src=\"https:\/\/www.diario5.com.ar\/wp-content\/uploads\/2023\/08\/ar_litoral20230804.jpg\" width=\"700\" height=\"907\" srcset=\"https:\/\/www.diario5.com.ar\/wp-content\/uploads\/2023\/08\/ar_litoral20230804.jpg 700w, https:\/\/www.diario5.com.ar\/wp-content\/uploads\/2023\/08\/ar_litoral20230804-232x300.jpg 232w\" sizes=\"(max-width: 700px) 100vw, 700px\" \/><\/p>\n<p><img decoding=\"async\" loading=\"lazy\" class=\"aligncenter size-full wp-image-679662\" src=\"https:\/\/www.diario5.com.ar\/wp-content\/uploads\/2023\/08\/ar_losandes20230804.jpg\" width=\"700\" height=\"967\" srcset=\"https:\/\/www.diario5.com.ar\/wp-content\/uploads\/2023\/08\/ar_losandes20230804.jpg 700w, https:\/\/www.diario5.com.ar\/wp-content\/uploads\/2023\/08\/ar_losandes20230804-217x300.jpg 217w\" sizes=\"(max-width: 700px) 100vw, 700px\" \/><\/p>\n<p><img decoding=\"async\" loading=\"lazy\" class=\"aligncenter size-full wp-image-679663\" src=\"https:\/\/www.diario5.com.ar\/wp-content\/uploads\/2023\/08\/ar_tribuno20230804.jpg\" width=\"700\" height=\"936\" srcset=\"https:\/\/www.diario5.com.ar\/wp-content\/uploads\/2023\/08\/ar_tribuno20230804.jpg 700w, https:\/\/www.diario5.com.ar\/wp-content\/uploads\/2023\/08\/ar_tribuno20230804-224x300.jpg 224w\" sizes=\"(max-width: 700px) 100vw, 700px\" \/><\/p>\n<p><img decoding=\"async\" loading=\"lazy\" class=\"aligncenter size-full wp-image-679673\" src=\"https:\/\/www.diario5.com.ar\/wp-content\/uploads\/2023\/08\/ar_diario_cuyo20230804.jpg\" width=\"700\" height=\"1051\" srcset=\"https:\/\/www.diario5.com.ar\/wp-content\/uploads\/2023\/08\/ar_diario_cuyo20230804.jpg 700w, https:\/\/www.diario5.com.ar\/wp-content\/uploads\/2023\/08\/ar_diario_cuyo20230804-200x300.jpg 200w, https:\/\/www.diario5.com.ar\/wp-content\/uploads\/2023\/08\/ar_diario_cuyo20230804-682x1024.jpg 682w\" sizes=\"(max-width: 700px) 100vw, 700px\" \/><\/p>\n<p><img decoding=\"async\" loading=\"lazy\" class=\"aligncenter size-full wp-image-679674\" src=\"https:\/\/www.diario5.com.ar\/wp-content\/uploads\/2023\/08\/ar_diario_republica20230804.jpg\" width=\"700\" height=\"990\" srcset=\"https:\/\/www.diario5.com.ar\/wp-content\/uploads\/2023\/08\/ar_diario_republica20230804.jpg 700w, https:\/\/www.diario5.com.ar\/wp-content\/uploads\/2023\/08\/ar_diario_republica20230804-212x300.jpg 212w\" sizes=\"(max-width: 700px) 100vw, 700px\" \/><\/p>\n<p><img decoding=\"async\" loading=\"lazy\" class=\"aligncenter size-full wp-image-679675\" src=\"https:\/\/www.diario5.com.ar\/wp-content\/uploads\/2023\/08\/ar_litoral_sfe20230804.jpg\" width=\"700\" height=\"944\" srcset=\"https:\/\/www.diario5.com.ar\/wp-content\/uploads\/2023\/08\/ar_litoral_sfe20230804.jpg 700w, https:\/\/www.diario5.com.ar\/wp-content\/uploads\/2023\/08\/ar_litoral_sfe20230804-222x300.jpg 222w\" sizes=\"(max-width: 700px) 100vw, 700px\" \/><\/p>\n<p><img decoding=\"async\" loading=\"lazy\" class=\"aligncenter size-full wp-image-679664\" src=\"https:\/\/www.diario5.com.ar\/wp-content\/uploads\/2023\/08\/ciudadano20230804.jpg\" width=\"700\" height=\"945\" srcset=\"https:\/\/www.diario5.com.ar\/wp-content\/uploads\/2023\/08\/ciudadano20230804.jpg 700w, https:\/\/www.diario5.com.ar\/wp-content\/uploads\/2023\/08\/ciudadano20230804-222x300.jpg 222w\" sizes=\"(max-width: 700px) 100vw, 700px\" \/><\/p>\n<p><img decoding=\"async\" loading=\"lazy\" class=\"aligncenter size-full wp-image-679676\" src=\"https:\/\/www.diario5.com.ar\/wp-content\/uploads\/2023\/08\/ar_mirador_provincial20230804.jpg\" width=\"700\" height=\"940\" srcset=\"https:\/\/www.diario5.com.ar\/wp-content\/uploads\/2023\/08\/ar_mirador_provincial20230804.jpg 700w, https:\/\/www.diario5.com.ar\/wp-content\/uploads\/2023\/08\/ar_mirador_provincial20230804-223x300.jpg 223w\" sizes=\"(max-width: 700px) 100vw, 700px\" \/><\/p>\n<p><img decoding=\"async\" loading=\"lazy\" class=\"aligncenter size-full wp-image-679665\" src=\"https:\/\/www.diario5.com.ar\/wp-content\/uploads\/2023\/08\/ar_gaceta20230804.jpg\" width=\"700\" height=\"1163\" srcset=\"https:\/\/www.diario5.com.ar\/wp-content\/uploads\/2023\/08\/ar_gaceta20230804.jpg 700w, https:\/\/www.diario5.com.ar\/wp-content\/uploads\/2023\/08\/ar_gaceta20230804-181x300.jpg 181w, https:\/\/www.diario5.com.ar\/wp-content\/uploads\/2023\/08\/ar_gaceta20230804-616x1024.jpg 616w\" sizes=\"(max-width: 700px) 100vw, 700px\" \/><\/p>\n<p><img decoding=\"async\" loading=\"lazy\" class=\"aligncenter size-full wp-image-679666\" src=\"https:\/\/www.diario5.com.ar\/wp-content\/uploads\/2023\/08\/ar_clarin20230804.jpg\" width=\"700\" height=\"971\" srcset=\"https:\/\/www.diario5.com.ar\/wp-content\/uploads\/2023\/08\/ar_clarin20230804.jpg 700w, https:\/\/www.diario5.com.ar\/wp-content\/uploads\/2023\/08\/ar_clarin20230804-216x300.jpg 216w\" sizes=\"(max-width: 700px) 100vw, 700px\" \/><\/p>\n<p><img decoding=\"async\" loading=\"lazy\" class=\"aligncenter size-full wp-image-679667\" src=\"https:\/\/www.diario5.com.ar\/wp-content\/uploads\/2023\/08\/nacion20230804.jpg\" width=\"699\" height=\"1062\" srcset=\"https:\/\/www.diario5.com.ar\/wp-content\/uploads\/2023\/08\/nacion20230804.jpg 699w, https:\/\/www.diario5.com.ar\/wp-content\/uploads\/2023\/08\/nacion20230804-197x300.jpg 197w, https:\/\/www.diario5.com.ar\/wp-content\/uploads\/2023\/08\/nacion20230804-674x1024.jpg 674w\" sizes=\"(max-width: 699px) 100vw, 699px\" \/><\/p>\n<p><img decoding=\"async\" loading=\"lazy\" class=\"aligncenter size-full wp-image-679668\" src=\"https:\/\/www.diario5.com.ar\/wp-content\/uploads\/2023\/08\/nuevo_diario20230804.jpg\" width=\"700\" height=\"1047\" srcset=\"https:\/\/www.diario5.com.ar\/wp-content\/uploads\/2023\/08\/nuevo_diario20230804.jpg 700w, https:\/\/www.diario5.com.ar\/wp-content\/uploads\/2023\/08\/nuevo_diario20230804-201x300.jpg 201w, https:\/\/www.diario5.com.ar\/wp-content\/uploads\/2023\/08\/nuevo_diario20230804-685x1024.jpg 685w\" sizes=\"(max-width: 700px) 100vw, 700px\" \/><\/p>\n<p><img decoding=\"async\" loading=\"lazy\" class=\"aligncenter size-full wp-image-679654\" src=\"https:\/\/www.diario5.com.ar\/wp-content\/uploads\/2023\/08\/ar_ancasti20230804.jpg\" width=\"700\" height=\"949\" srcset=\"https:\/\/www.diario5.com.ar\/wp-content\/uploads\/2023\/08\/ar_ancasti20230804.jpg 700w, https:\/\/www.diario5.com.ar\/wp-content\/uploads\/2023\/08\/ar_ancasti20230804-221x300.jpg 221w\" sizes=\"(max-width: 700px) 100vw, 700px\" \/><\/p>\n<p><img decoding=\"async\" loading=\"lazy\" class=\"aligncenter size-full wp-image-679660\" src=\"https:\/\/www.diario5.com.ar\/wp-content\/uploads\/2023\/08\/ar_epoca20230804.jpg\" width=\"700\" height=\"908\" srcset=\"https:\/\/www.diario5.com.ar\/wp-content\/uploads\/2023\/08\/ar_epoca20230804.jpg 700w, https:\/\/www.diario5.com.ar\/wp-content\/uploads\/2023\/08\/ar_epoca20230804-231x300.jpg 231w\" sizes=\"(max-width: 700px) 100vw, 700px\" \/><\/p>\n<p><img decoding=\"async\" loading=\"lazy\" class=\"aligncenter size-full wp-image-679677\" src=\"https:\/\/www.diario5.com.ar\/wp-content\/uploads\/2023\/08\/ar_elsol20230804.jpg\" width=\"700\" height=\"724\" srcset=\"https:\/\/www.diario5.com.ar\/wp-content\/uploads\/2023\/08\/ar_elsol20230804.jpg 700w, https:\/\/www.diario5.com.ar\/wp-content\/uploads\/2023\/08\/ar_elsol20230804-290x300.jpg 290w\" sizes=\"(max-width: 700px) 100vw, 700px\" \/><\/p>\n<p>&nbsp;<\/p>","protected":false},"excerpt":{"rendered":"<p>Metrodelegados realizaron un paro de subte y Premetro, en rechazo al asbesto Aseguran que ya murieron 3 trabajadoras por efecto de este elemento, que hay 6 casos de c\u00e1ncer, 87 personas con diferentes afecciones y un total de 2.150 trabajadores de Subterr\u00e1neos de Buenos Aires tiene vigilancia m\u00e9dica permanente. El martes \u00faltimo no hubo servicio [&hellip;]<\/p>","protected":false},"author":5,"featured_media":679652,"comment_status":"open","ping_status":"open","sticky":false,"template":"","format":"standard","meta":[],"categories":[110,52,56],"tags":[790,776,787,474,788,795,797,791,793,789,71,796,794,762,761,792,537,786],"series":[],"_links":{"self":[{"href":"https:\/\/www.diario5.com.ar\/es\/wp-json\/wp\/v2\/posts\/675326"}],"collection":[{"href":"https:\/\/www.diario5.com.ar\/es\/wp-json\/wp\/v2\/posts"}],"about":[{"href":"https:\/\/www.diario5.com.ar\/es\/wp-json\/wp\/v2\/types\/post"}],"author":[{"embeddable":true,"href":"https:\/\/www.diario5.com.ar\/es\/wp-json\/wp\/v2\/users\/5"}],"replies":[{"embeddable":true,"href":"https:\/\/www.diario5.com.ar\/es\/wp-json\/wp\/v2\/comments?post=675326"}],"version-history":[{"count":6,"href":"https:\/\/www.diario5.com.ar\/es\/wp-json\/wp\/v2\/posts\/675326\/revisions"}],"predecessor-version":[{"id":679678,"href":"https:\/\/www.diario5.com.ar\/es\/wp-json\/wp\/v2\/posts\/675326\/revisions\/679678"}],"wp:featuredmedia":[{"embeddable":true,"href":"https:\/\/www.diario5.com.ar\/es\/wp-json\/wp\/v2\/media\/679652"}],"wp:attachment":[{"href":"https:\/\/www.diario5.com.ar\/es\/wp-json\/wp\/v2\/media?parent=675326"}],"wp:term":[{"taxonomy":"category","embeddable":true,"href":"https:\/\/www.diario5.com.ar\/es\/wp-json\/wp\/v2\/categories?post=675326"},{"taxonomy":"post_tag","embeddable":true,"href":"https:\/\/www.diario5.com.ar\/es\/wp-json\/wp\/v2\/tags?post=675326"},{"taxonomy":"series","embeddable":true,"href":"https:\/\/www.diario5.com.ar\/es\/wp-json\/wp\/v2\/series?post=675326"}],"curies":[{"name":"wp","href":"https:\/\/api.w.org\/{rel}","templated":true}]}}