{"id":675319,"date":"2023-07-28T06:51:00","date_gmt":"2023-07-28T09:52:00","guid":{"rendered":"http:\/\/diario5.com.ar\/?p=675319"},"modified":"2023-08-03T12:28:36","modified_gmt":"2023-08-03T15:28:36","slug":"675319","status":"publish","type":"post","link":"https:\/\/www.diario5.com.ar\/es\/675319\/","title":{"rendered":"Per\u00fa en Buenos Aires"},"content":{"rendered":"<h2 class=\"sub-title-primary\">Un nuevo cap\u00edtulo para \"La Buenos Aires Peruana\", inaugurada en Diario 5 por Magdalena Fern\u00e1ndez y a quien hoy recordamos, justo en la misma fecha patria del hermano pa\u00eds.<\/h2> <p><img decoding=\"async\" loading=\"lazy\" class=\"aligncenter size-full wp-image-679353\" src=\"https:\/\/www.diario5.com.ar\/wp-content\/uploads\/2023\/07\/peru-las-malvinas20230729.jpg\" width=\"700\" height=\"345\" srcset=\"https:\/\/www.diario5.com.ar\/wp-content\/uploads\/2023\/07\/peru-las-malvinas20230729.jpg 700w, https:\/\/www.diario5.com.ar\/wp-content\/uploads\/2023\/07\/peru-las-malvinas20230729-300x148.jpg 300w\" sizes=\"(max-width: 700px) 100vw, 700px\" \/><\/p>\n<p>Hay una comunidad peruana notable en Buenos Aires. La Argentina ha atra\u00eddo inmigrantes de varios pa\u00edses y Per\u00fa no s\u00f3lo  no es la excepci\u00f3n, sino que desde 1994 ha crecido notable y constantemente esta colectividad. La migraci\u00f3n de peruanos a Argentina ha sido impulsada por factores como oportunidades econ\u00f3micas, situaciones pol\u00edticas y lazos familiares. El boom migratorio alanz\u00f3 su pico en 2013 ($5.00 radicaciones) y se extendi\u00f3 hasta el a\u00f1o 2018.<\/p>\n<p>Hoy, se calcula que m\u00e1s de 170.00 ciudadanos del Per\u00fa viven en nuestro pa\u00eds.<\/p>\n<p>La comunidad peruana es diversa y contribuye al tejido cultural argentino. En la ciudades, muchos peruanos trabajan en gastronom\u00eda y hosteler\u00eda, mientras que en \u00e1reas rurales en la agricultura. Hay un alto registro de mujeres en los servicios dom\u00e9sticos. Pero una gran parte de los peruanos son emprendedores. Algunos establecieron peque\u00f1as empresas\u00a0 y otros participan en actividades empresariales.<\/p>\n<p>Los restaurantes, eventos culturales y festivales peruanos evidencia los esfuerzos de la comunidad por preservar su herencia cultural mientras se integra a la sociedad argentina.<\/p>\n<p>Buenos Aires realiza eventos culturales y celebraciones relacionados con la cultura peruana. Por supuesto, el m\u00e1s importante es Buenos Aires Celebra Per\u00fa. Las festividades religiosas y eventos culturales del Per\u00fa tienen -invariablemente- su celebraci\u00f3n en Buenos Aires.<\/p>\n<p>Tomando en cuenta que el D\u00eda de la Independencia del Per\u00fa, que se celebra el 28 y 29 de julio de cada a\u00f1o, la costumbre indicaba que la comunidad peruana en Buenos Aires celebra con desfiles, actuaciones musicales y bailes tradicionales para conmemorar su Independencia del dominio espa\u00f1ol, hemos estado atentos a que para esta jornada surgiera alguna convocatoria oficial.<\/p>\n<p>202 a\u00f1os.<\/p>\n<p>La fecha es hoy. pero el Buenos Aires Celebra Per\u00fa tiene prevista una fecha en el mes de agosto. Y a\u00fan no est\u00e1 definida. Se estima que podr\u00eda coincidir con la fecha de San Rosa de Lima, el 30 de agosto. Otra fecha muy importantes es la de la celebraci\u00f3n de El Se\u00f1or de los Milagros, en 28 de octubre, cuyo santuario se encuentra en la Iglesia de la Piedad, de Bartolom\u00e9 Mitre y Paran\u00e1.<\/p>\n<p>Y como la cocina peruana es reconocida en todo el mundo, cuando los restaurantes de cocina peruana se lanzan a realizar eventos especiales que muestren platos peruanos tradicionales y delicias culinarias, hay un p\u00fablico siempre atento a los festivales gastron\u00f3micos, talleres de cocina y sesiones de degustaci\u00f3n.<\/p>\n<p>Festivales culturales peruanos: A lo largo del a\u00f1o, Buenos Aires suele albergar festivales culturales que incluyen representaciones de varios pa\u00edses, incluido Per\u00fa. Estos festivales pueden ser una excelente oportunidad para que la comunidad peruana muestre su m\u00fasica, danza, artes, artesan\u00edas y vestimenta tradicional.<\/p>\n<p>Para estas fechas, se produce mucho movimiento en algunas organizaciones gastron\u00f3micas que cuentan con fan\u00e1ticos radicalizados:<\/p>\n<p>La Mar Cebicher\u00eda Peruana, Osaka, Tanta (de Gast\u00f3n Acurio), Sipan, Status, Contigo Per\u00fa, La Prima, La Rica Vicky, El Plato de Oro, La Cajamarquina, Sabores de mi Tierra, La Conga, Rawa, Kamay, P\u00e1ru, Los Trujillanitos, Amazonia, Lamas, El Male\u00f1ito, Tataki, Coya, Muelle 33, Casa Andina, Namida, La Causa Nikkei, Primavera Trujillana, Olaya, L\u00facuma, Tigre Morado, Che Per\u00fa, Casas Viejas, Casa Oro, Mochica, El Cocoroco,\u00a0Mamaguille&#8217;s,\u00a0Pasamayo, Sabores Del Peru, Rico Peru, El Imperio del Sol, La Catedral del Pisco y tantos otros, com para hacer completa la fiesta con tiraditos, ceviches, platos de mariscos, especialidades peruanas y su parentesco con la cocina Nikkei y platos peruanos cl\u00e1sicos como lomo saltado, pollo a las brasas y m\u00e1s de 150 platos posibles, todos de sorprendente exquisitez.<\/p>\n<p><!--googleoff: index-->Finalmente, \u00bfc\u00f3mo no rendir honores a la fecha patria de un pueblo que no deja de manifestar, con absoluta libertad y convicci\u00f3n su empat\u00eda con nuestra causa m\u00e1s preciada? No dejan de aparecer nuevas bandera con la leyenda \u00abPara el Per\u00fa, las Malvinas, Siempre Argentinas\u00bb.<\/p>\n<p>Feliz 28 de octubre, pata!<br \/>\n<!--googleon: index--><br \/>\n<img decoding=\"async\" loading=\"lazy\" class=\"aligncenter size-full wp-image-679346\" src=\"https:\/\/www.diario5.com.ar\/wp-content\/uploads\/2023\/07\/la_capital20230728.jpg\" width=\"700\" height=\"945\" srcset=\"https:\/\/www.diario5.com.ar\/wp-content\/uploads\/2023\/07\/la_capital20230728.jpg 700w, https:\/\/www.diario5.com.ar\/wp-content\/uploads\/2023\/07\/la_capital20230728-222x300.jpg 222w\" sizes=\"(max-width: 700px) 100vw, 700px\" \/><\/p>\n<p>&nbsp;<\/p>\n<p><img decoding=\"async\" loading=\"lazy\" class=\"aligncenter size-full wp-image-679317\" src=\"https:\/\/www.diario5.com.ar\/wp-content\/uploads\/2023\/07\/ar_ancasti20230728-1.jpg\" width=\"700\" height=\"931\" srcset=\"https:\/\/www.diario5.com.ar\/wp-content\/uploads\/2023\/07\/ar_ancasti20230728-1.jpg 700w, https:\/\/www.diario5.com.ar\/wp-content\/uploads\/2023\/07\/ar_ancasti20230728-1-226x300.jpg 226w\" sizes=\"(max-width: 700px) 100vw, 700px\" \/><\/p>\n<p><img decoding=\"async\" loading=\"lazy\" class=\"aligncenter size-full wp-image-679318\" src=\"https:\/\/www.diario5.com.ar\/wp-content\/uploads\/2023\/07\/esquiu20230728-1.jpg\" width=\"700\" height=\"920\" srcset=\"https:\/\/www.diario5.com.ar\/wp-content\/uploads\/2023\/07\/esquiu20230728-1.jpg 700w, https:\/\/www.diario5.com.ar\/wp-content\/uploads\/2023\/07\/esquiu20230728-1-228x300.jpg 228w\" sizes=\"(max-width: 700px) 100vw, 700px\" \/><\/p>\n<p><img decoding=\"async\" loading=\"lazy\" class=\"aligncenter size-full wp-image-679319\" src=\"https:\/\/www.diario5.com.ar\/wp-content\/uploads\/2023\/07\/ar_diario_norte20230728-1.jpg\" width=\"700\" height=\"871\" srcset=\"https:\/\/www.diario5.com.ar\/wp-content\/uploads\/2023\/07\/ar_diario_norte20230728-1.jpg 700w, https:\/\/www.diario5.com.ar\/wp-content\/uploads\/2023\/07\/ar_diario_norte20230728-1-241x300.jpg 241w\" sizes=\"(max-width: 700px) 100vw, 700px\" \/><\/p>\n<p><img decoding=\"async\" loading=\"lazy\" class=\"aligncenter size-full wp-image-679321\" src=\"https:\/\/www.diario5.com.ar\/wp-content\/uploads\/2023\/07\/ar_cronista20230728-1.jpg\" width=\"700\" height=\"1026\" srcset=\"https:\/\/www.diario5.com.ar\/wp-content\/uploads\/2023\/07\/ar_cronista20230728-1.jpg 700w, https:\/\/www.diario5.com.ar\/wp-content\/uploads\/2023\/07\/ar_cronista20230728-1-205x300.jpg 205w, https:\/\/www.diario5.com.ar\/wp-content\/uploads\/2023\/07\/ar_cronista20230728-1-699x1024.jpg 699w\" sizes=\"(max-width: 700px) 100vw, 700px\" \/><\/p>\n<p>&nbsp;<\/p>\n<p><img decoding=\"async\" loading=\"lazy\" class=\"aligncenter size-full wp-image-679323\" src=\"https:\/\/www.diario5.com.ar\/wp-content\/uploads\/2023\/07\/ar_eldia20230728-1.jpg\" width=\"699\" height=\"1041\" srcset=\"https:\/\/www.diario5.com.ar\/wp-content\/uploads\/2023\/07\/ar_eldia20230728-1.jpg 699w, https:\/\/www.diario5.com.ar\/wp-content\/uploads\/2023\/07\/ar_eldia20230728-1-201x300.jpg 201w, https:\/\/www.diario5.com.ar\/wp-content\/uploads\/2023\/07\/ar_eldia20230728-1-688x1024.jpg 688w\" sizes=\"(max-width: 699px) 100vw, 699px\" \/><\/p>\n<p><img decoding=\"async\" loading=\"lazy\" class=\"aligncenter size-full wp-image-679324\" src=\"https:\/\/www.diario5.com.ar\/wp-content\/uploads\/2023\/07\/ar_hoy20230728-1.jpg\" width=\"700\" height=\"920\" srcset=\"https:\/\/www.diario5.com.ar\/wp-content\/uploads\/2023\/07\/ar_hoy20230728-1.jpg 700w, https:\/\/www.diario5.com.ar\/wp-content\/uploads\/2023\/07\/ar_hoy20230728-1-228x300.jpg 228w\" sizes=\"(max-width: 700px) 100vw, 700px\" \/><\/p>\n<p>&nbsp;<\/p>\n<p><img decoding=\"async\" loading=\"lazy\" class=\"aligncenter size-full wp-image-679326\" src=\"https:\/\/www.diario5.com.ar\/wp-content\/uploads\/2023\/07\/ar_chubut20230728-1.jpg\" width=\"700\" height=\"906\" srcset=\"https:\/\/www.diario5.com.ar\/wp-content\/uploads\/2023\/07\/ar_chubut20230728-1.jpg 700w, https:\/\/www.diario5.com.ar\/wp-content\/uploads\/2023\/07\/ar_chubut20230728-1-232x300.jpg 232w\" sizes=\"(max-width: 700px) 100vw, 700px\" \/><\/p>\n<p><img decoding=\"async\" loading=\"lazy\" class=\"aligncenter size-full wp-image-679328\" src=\"https:\/\/www.diario5.com.ar\/wp-content\/uploads\/2023\/07\/ar_epoca20230728-1.jpg\" width=\"700\" height=\"908\" srcset=\"https:\/\/www.diario5.com.ar\/wp-content\/uploads\/2023\/07\/ar_epoca20230728-1.jpg 700w, https:\/\/www.diario5.com.ar\/wp-content\/uploads\/2023\/07\/ar_epoca20230728-1-231x300.jpg 231w\" sizes=\"(max-width: 700px) 100vw, 700px\" \/><\/p>\n<p><img decoding=\"async\" loading=\"lazy\" class=\"aligncenter size-full wp-image-679330\" src=\"https:\/\/www.diario5.com.ar\/wp-content\/uploads\/2023\/07\/ar_litoral20230728-1.jpg\" width=\"700\" height=\"907\" srcset=\"https:\/\/www.diario5.com.ar\/wp-content\/uploads\/2023\/07\/ar_litoral20230728-1.jpg 700w, https:\/\/www.diario5.com.ar\/wp-content\/uploads\/2023\/07\/ar_litoral20230728-1-232x300.jpg 232w\" sizes=\"(max-width: 700px) 100vw, 700px\" \/><\/p>\n<p>&nbsp;<\/p>\n<p>&nbsp;<\/p>\n<p><img decoding=\"async\" loading=\"lazy\" class=\"aligncenter size-full wp-image-679334\" src=\"https:\/\/www.diario5.com.ar\/wp-content\/uploads\/2023\/07\/ar_losandes20230728-1.jpg\" width=\"700\" height=\"965\" srcset=\"https:\/\/www.diario5.com.ar\/wp-content\/uploads\/2023\/07\/ar_losandes20230728-1.jpg 700w, https:\/\/www.diario5.com.ar\/wp-content\/uploads\/2023\/07\/ar_losandes20230728-1-218x300.jpg 218w\" sizes=\"(max-width: 700px) 100vw, 700px\" \/><\/p>\n<p><img decoding=\"async\" loading=\"lazy\" class=\"aligncenter size-full wp-image-679335\" src=\"https:\/\/www.diario5.com.ar\/wp-content\/uploads\/2023\/07\/ar_tribuno20230728-1.jpg\" width=\"700\" height=\"922\" srcset=\"https:\/\/www.diario5.com.ar\/wp-content\/uploads\/2023\/07\/ar_tribuno20230728-1.jpg 700w, https:\/\/www.diario5.com.ar\/wp-content\/uploads\/2023\/07\/ar_tribuno20230728-1-228x300.jpg 228w\" sizes=\"(max-width: 700px) 100vw, 700px\" \/><\/p>\n<p><img decoding=\"async\" loading=\"lazy\" class=\"aligncenter size-full wp-image-679347\" src=\"https:\/\/www.diario5.com.ar\/wp-content\/uploads\/2023\/07\/ar_diario_cuyo20230728.jpg\" width=\"700\" height=\"1061\" srcset=\"https:\/\/www.diario5.com.ar\/wp-content\/uploads\/2023\/07\/ar_diario_cuyo20230728.jpg 700w, https:\/\/www.diario5.com.ar\/wp-content\/uploads\/2023\/07\/ar_diario_cuyo20230728-198x300.jpg 198w, https:\/\/www.diario5.com.ar\/wp-content\/uploads\/2023\/07\/ar_diario_cuyo20230728-676x1024.jpg 676w\" sizes=\"(max-width: 700px) 100vw, 700px\" \/><\/p>\n<p>&nbsp;<\/p>\n<p><img decoding=\"async\" loading=\"lazy\" class=\"aligncenter size-full wp-image-679348\" src=\"https:\/\/www.diario5.com.ar\/wp-content\/uploads\/2023\/07\/ar_diario_republica20230728.jpg\" width=\"700\" height=\"980\" srcset=\"https:\/\/www.diario5.com.ar\/wp-content\/uploads\/2023\/07\/ar_diario_republica20230728.jpg 700w, https:\/\/www.diario5.com.ar\/wp-content\/uploads\/2023\/07\/ar_diario_republica20230728-214x300.jpg 214w\" sizes=\"(max-width: 700px) 100vw, 700px\" \/><\/p>\n<p><img decoding=\"async\" loading=\"lazy\" class=\"aligncenter size-full wp-image-679338\" src=\"https:\/\/www.diario5.com.ar\/wp-content\/uploads\/2023\/07\/ar_litoral_sfe20230728-1.jpg\" width=\"700\" height=\"944\" srcset=\"https:\/\/www.diario5.com.ar\/wp-content\/uploads\/2023\/07\/ar_litoral_sfe20230728-1.jpg 700w, https:\/\/www.diario5.com.ar\/wp-content\/uploads\/2023\/07\/ar_litoral_sfe20230728-1-222x300.jpg 222w\" sizes=\"(max-width: 700px) 100vw, 700px\" \/><\/p>\n<p><img decoding=\"async\" loading=\"lazy\" class=\"aligncenter size-full wp-image-679339\" src=\"https:\/\/www.diario5.com.ar\/wp-content\/uploads\/2023\/07\/ciudadano20230728-1.jpg\" width=\"700\" height=\"944\" srcset=\"https:\/\/www.diario5.com.ar\/wp-content\/uploads\/2023\/07\/ciudadano20230728-1.jpg 700w, https:\/\/www.diario5.com.ar\/wp-content\/uploads\/2023\/07\/ciudadano20230728-1-222x300.jpg 222w\" sizes=\"(max-width: 700px) 100vw, 700px\" \/><\/p>\n<p><img decoding=\"async\" loading=\"lazy\" class=\"aligncenter size-full wp-image-679340\" src=\"https:\/\/www.diario5.com.ar\/wp-content\/uploads\/2023\/07\/ar_mirador_provincial20230728-1.jpg\" width=\"700\" height=\"940\" srcset=\"https:\/\/www.diario5.com.ar\/wp-content\/uploads\/2023\/07\/ar_mirador_provincial20230728-1.jpg 700w, https:\/\/www.diario5.com.ar\/wp-content\/uploads\/2023\/07\/ar_mirador_provincial20230728-1-223x300.jpg 223w\" sizes=\"(max-width: 700px) 100vw, 700px\" \/><\/p>\n<p><img decoding=\"async\" loading=\"lazy\" class=\"aligncenter size-full wp-image-679341\" src=\"https:\/\/www.diario5.com.ar\/wp-content\/uploads\/2023\/07\/ar_gaceta20230728-1.jpg\" width=\"700\" height=\"1160\" srcset=\"https:\/\/www.diario5.com.ar\/wp-content\/uploads\/2023\/07\/ar_gaceta20230728-1.jpg 700w, https:\/\/www.diario5.com.ar\/wp-content\/uploads\/2023\/07\/ar_gaceta20230728-1-181x300.jpg 181w, https:\/\/www.diario5.com.ar\/wp-content\/uploads\/2023\/07\/ar_gaceta20230728-1-618x1024.jpg 618w\" sizes=\"(max-width: 700px) 100vw, 700px\" \/><\/p>\n<p>&nbsp;<\/p>\n<p><img decoding=\"async\" loading=\"lazy\" class=\"aligncenter size-full wp-image-679342\" src=\"https:\/\/www.diario5.com.ar\/wp-content\/uploads\/2023\/07\/ar_clarin20230728-1.jpg\" width=\"700\" height=\"971\" srcset=\"https:\/\/www.diario5.com.ar\/wp-content\/uploads\/2023\/07\/ar_clarin20230728-1.jpg 700w, https:\/\/www.diario5.com.ar\/wp-content\/uploads\/2023\/07\/ar_clarin20230728-1-216x300.jpg 216w\" sizes=\"(max-width: 700px) 100vw, 700px\" \/><\/p>\n<p><img decoding=\"async\" loading=\"lazy\" class=\"aligncenter size-full wp-image-679343\" src=\"https:\/\/www.diario5.com.ar\/wp-content\/uploads\/2023\/07\/nacion20230728-1.jpg\" width=\"700\" height=\"1061\" srcset=\"https:\/\/www.diario5.com.ar\/wp-content\/uploads\/2023\/07\/nacion20230728-1.jpg 700w, https:\/\/www.diario5.com.ar\/wp-content\/uploads\/2023\/07\/nacion20230728-1-198x300.jpg 198w, https:\/\/www.diario5.com.ar\/wp-content\/uploads\/2023\/07\/nacion20230728-1-676x1024.jpg 676w\" sizes=\"(max-width: 700px) 100vw, 700px\" \/><\/p>\n<p>&nbsp;<\/p>\n<p><img decoding=\"async\" loading=\"lazy\" class=\"aligncenter size-full wp-image-679317\" src=\"https:\/\/www.diario5.com.ar\/wp-content\/uploads\/2023\/07\/ar_ancasti20230728-1.jpg\" width=\"700\" height=\"931\" srcset=\"https:\/\/www.diario5.com.ar\/wp-content\/uploads\/2023\/07\/ar_ancasti20230728-1.jpg 700w, https:\/\/www.diario5.com.ar\/wp-content\/uploads\/2023\/07\/ar_ancasti20230728-1-226x300.jpg 226w\" sizes=\"(max-width: 700px) 100vw, 700px\" \/><\/p>\n<p>&nbsp;<\/p>\n<p><img decoding=\"async\" loading=\"lazy\" class=\"aligncenter size-full wp-image-679328\" src=\"https:\/\/www.diario5.com.ar\/wp-content\/uploads\/2023\/07\/ar_epoca20230728-1.jpg\" width=\"700\" height=\"908\" srcset=\"https:\/\/www.diario5.com.ar\/wp-content\/uploads\/2023\/07\/ar_epoca20230728-1.jpg 700w, https:\/\/www.diario5.com.ar\/wp-content\/uploads\/2023\/07\/ar_epoca20230728-1-231x300.jpg 231w\" sizes=\"(max-width: 700px) 100vw, 700px\" \/><\/p>\n<p><img decoding=\"async\" loading=\"lazy\" class=\"aligncenter size-full wp-image-679349\" src=\"https:\/\/www.diario5.com.ar\/wp-content\/uploads\/2023\/07\/ar_elsol20230728.jpg\" width=\"700\" height=\"724\" srcset=\"https:\/\/www.diario5.com.ar\/wp-content\/uploads\/2023\/07\/ar_elsol20230728.jpg 700w, https:\/\/www.diario5.com.ar\/wp-content\/uploads\/2023\/07\/ar_elsol20230728-290x300.jpg 290w\" sizes=\"(max-width: 700px) 100vw, 700px\" \/><\/p>\n<p>&nbsp;<\/p>\n<p>&nbsp;<\/p>","protected":false},"excerpt":{"rendered":"<p>Un nuevo cap\u00edtulo para \u00abLa Buenos Aires Peruana\u00bb, inaugurada en Diario 5 por Magdalena Fern\u00e1ndez y a quien hoy recordamos, justo en la misma fecha patria del hermano pa\u00eds. Hay una comunidad peruana notable en Buenos Aires. La Argentina ha atra\u00eddo inmigrantes de varios pa\u00edses y Per\u00fa no s\u00f3lo no es la excepci\u00f3n, sino que [&hellip;]<\/p>","protected":false},"author":1,"featured_media":679353,"comment_status":"open","ping_status":"open","sticky":false,"template":"","format":"standard","meta":[],"categories":[1],"tags":[474,672,286,265],"series":[],"_links":{"self":[{"href":"https:\/\/www.diario5.com.ar\/es\/wp-json\/wp\/v2\/posts\/675319"}],"collection":[{"href":"https:\/\/www.diario5.com.ar\/es\/wp-json\/wp\/v2\/posts"}],"about":[{"href":"https:\/\/www.diario5.com.ar\/es\/wp-json\/wp\/v2\/types\/post"}],"author":[{"embeddable":true,"href":"https:\/\/www.diario5.com.ar\/es\/wp-json\/wp\/v2\/users\/1"}],"replies":[{"embeddable":true,"href":"https:\/\/www.diario5.com.ar\/es\/wp-json\/wp\/v2\/comments?post=675319"}],"version-history":[{"count":5,"href":"https:\/\/www.diario5.com.ar\/es\/wp-json\/wp\/v2\/posts\/675319\/revisions"}],"predecessor-version":[{"id":679355,"href":"https:\/\/www.diario5.com.ar\/es\/wp-json\/wp\/v2\/posts\/675319\/revisions\/679355"}],"wp:featuredmedia":[{"embeddable":true,"href":"https:\/\/www.diario5.com.ar\/es\/wp-json\/wp\/v2\/media\/679353"}],"wp:attachment":[{"href":"https:\/\/www.diario5.com.ar\/es\/wp-json\/wp\/v2\/media?parent=675319"}],"wp:term":[{"taxonomy":"category","embeddable":true,"href":"https:\/\/www.diario5.com.ar\/es\/wp-json\/wp\/v2\/categories?post=675319"},{"taxonomy":"post_tag","embeddable":true,"href":"https:\/\/www.diario5.com.ar\/es\/wp-json\/wp\/v2\/tags?post=675319"},{"taxonomy":"series","embeddable":true,"href":"https:\/\/www.diario5.com.ar\/es\/wp-json\/wp\/v2\/series?post=675319"}],"curies":[{"name":"wp","href":"https:\/\/api.w.org\/{rel}","templated":true}]}}