{"id":675311,"date":"2023-07-20T06:50:00","date_gmt":"2023-07-20T09:50:00","guid":{"rendered":"http:\/\/diario5.com.ar\/?p=675311"},"modified":"2023-08-03T12:28:45","modified_gmt":"2023-08-03T15:28:45","slug":"675311","status":"publish","type":"post","link":"https:\/\/www.diario5.com.ar\/es\/675311\/","title":{"rendered":"Febbraro y Bracho, por los Amigos"},"content":{"rendered":"<h2 class=\"sub-title-primary\">Ambos fil\u00e1ntropos, el argentino y el paraguayo, se esforzaron por conseguir que el culto a la amistad tuviera una fecha propia. El resultado es que ambos lo lograron.<\/h2> <p><img decoding=\"async\" loading=\"lazy\" class=\"alignnone size-full wp-image-679144\" src=\"https:\/\/www.diario5.com.ar\/wp-content\/uploads\/2023\/07\/febbraro-bracho.jpg\" alt=\"\" width=\"887\" height=\"554\" srcset=\"https:\/\/www.diario5.com.ar\/wp-content\/uploads\/2023\/07\/febbraro-bracho.jpg 887w, https:\/\/www.diario5.com.ar\/wp-content\/uploads\/2023\/07\/febbraro-bracho-300x187.jpg 300w, https:\/\/www.diario5.com.ar\/wp-content\/uploads\/2023\/07\/febbraro-bracho-768x480.jpg 768w\" sizes=\"(max-width: 887px) 100vw, 887px\" \/><\/p>\n<p>Hay varios d\u00edas relacionados con la \u00abamistad\u00bb que se celebran en todo el mundo, dedicados a enaltecer la importancia de la amistad y el v\u00ednculo entre amigos.<\/p>\n<p>Nosotros usamos el 20 de julio, asociada con el alunizaje del Apolo 11 en 1969, que fue un evento significativo en la historia humana cuando los astronautas Neil Armstrong y Buzz Aldrin se convirtieron en los primeros humanos en pisar la luna. El alunizaje es un logro trascendental y se conmemora en esta fecha.<\/p>\n<p>Al Dr. Enrique Ernesto Febbraro, odont\u00f3logo y profesor argentino, se le atribuye haber sugerido la idea de un \u00abD\u00eda de la Amistad\u00bb en honor a la misi\u00f3n Apolo 11. Febbraro entendi\u00f3 que el alunizaje simbolizaba un momento de unidad y amistad entre todos los seres humanos. Inspirado por este evento, envi\u00f3 cartas a varios pa\u00edses proponiendo el establecimiento de un \u00abD\u00eda Mundial de la Amistad\u00bb.<\/p>\n<p>Finalmente, las Naciones Unidas reconocieron la importancia de la amistad en la promoci\u00f3n de la paz y la solidaridad entre las personas y los pa\u00edses y declararon el 30 de julio como el D\u00eda Internacional de la Amistad. Esta fecha no estaba directamente relacionada con el alunizaje, pero s\u00ed surgi\u00f3 de la defensa de la amistad y la unidad que el propio Dr. Febbraro aduc\u00eda.<\/p>\n<p>Entones, el D\u00eda Internacional de la Amistad pasa a ser celebrado el 30 de julio, por impulso de las Naciones Unidas en 2011 para promover la amistad entre personas, pa\u00edses y culturas. Ese d\u00eda se agrega un evento llamado \u00abCruzada Mundial de la Amistad\u00bb, una organizaci\u00f3n que promueve diversas actividades relacionadas con los v\u00ednculos sociales.<\/p>\n<p>Existe otro \u00abD\u00eda de la Amistad\u00bb: Lo celebran el primer domingo de agosto la India, Estados Unidos y otros pa\u00edses.<\/p>\n<p>Luego hay que conocer el \u00abD\u00eda de Galentine\u00bb: Celebrado el 13 de febrero, este d\u00eda se enfoca m\u00e1s en celebrar las amistades femeninas, como lo populariz\u00f3 el programa de televisi\u00f3n \u00abParks and Recreation\u00bb.<\/p>\n<p>Hay quienes de dan cr\u00e9dito a la \u00abSemana Internacional de la Amistad\u00bb. No limitada a una fecha espec\u00edfica, se observa durante la tercera semana de agosto. Paraguay se incluye en la lista.<\/p>\n<p>Para los italianos, el D\u00eda Internacional de los Amigos es el 9 de junio. Y tienen una fuerte convicci\u00f3n con la que defienden su fecha:\u00a0Ellos van de frente y aseguran que \u00ab<a href=\"https:\/\/tehsil.biz\/news\/it\/11035\/#:~:text=Il%209%20giugno%20%C3%A8%20la%20Giornata%20internazionale%20degli%20amici.,dei%20pi%C3%B9%20grandi%20valori%20morali.\" target=\"_blank\" rel=\"noopener\"><strong>Il\u00a09 giugno<\/strong> \u00e8 la Giornata internazionale degli amici<\/a>\u00ab.<\/p>\n<p>Francia reconoce a la ONU con su 30 de julio pero celebra el \u00abD\u00eda de los Mejores Amigos\u00bb, un d\u00eda amtes que los italianos: <a href=\"https:\/\/lamaisondessultans.com\/blogs\/news\/journee-des-meilleurs-amis-date-et-idees-cadeaux#:~:text=Le%20Best%20Friends%20Day%20est,forts%20entre%20les%20meilleurs%20amis.\" target=\"_blank\" rel=\"noopener\"><span class=\"JCzEY ZwRhJd\"><span class=\"CSkcDe\">La journ\u00e9e des meilleurs amis en France<\/span><\/span><\/a><span class=\"ILfuVd NA6bn\" lang=\"fr\"><span class=\"hgKElc\">est une journ\u00e9e c\u00e9l\u00e9br\u00e9e chaque ann\u00e9e\u00a0<b>le 8 juin<\/b>\u00a0pour c\u00e9l\u00e9brer l&#8217;amiti\u00e9 et les liens forts entre les meilleurs amis.<\/span><\/span><\/p>\n<p>Parece haber varias fechas no oficiales en las que se celebra la amistad en el mundo. Diversas culturas y pa\u00edses tienen sus propios d\u00edas espec\u00edficos para celebrar esto. Las hay locales o regionales, aunque la mayor\u00eda de los argentinos prefiere hacer o\u00eddos sordos a d\u00f3nde surgi\u00f3 la fecha que \u00abnos compite\u00bb: la entronizaci\u00f3n del 30 de julio como D\u00eda de la Amistad, como un evento se\u00a0 acept\u00f3 porque el plan original\u00a0 naci\u00f3 en el Paraguay en 1958, cuando -en una reuni\u00f3n con amigos- el Dr. Artemio Bracho propuso establecer un d\u00eda para celebrar la amistad. En Alemania,\u00a0<a href=\"http:\/\/www.kleiner-kalender.de\/event\/tag-der-freundschaft\/01066c.html\" target=\"_blank\" rel=\"noopener\">Kleiner-Kalender, de alemania<\/a>, hace un reconocimiento de este impulso, ya que para los germanos, la fecha de los amigos, tambi\u00e9n, es el 30 de julio.<\/p>\n<p>El D\u00eda del Amigo el 20 de julio se populariz\u00f3 en toda Argentina. Si bien se trata de una celebraci\u00f3n informal, es ampliamente reconocida y aplicada. Se multiplican las reuniones en viviendas, bares, restaurantes y organizaciones gastron\u00f3micas para fortalecer lazos con personas cercanas y queridas.<\/p>\n<p><!--googleoff: index-->Ver otras referencias al D\u00eda del Amigo en Diario 5<\/p>\n<blockquote class=\"wp-embedded-content\" data-secret=\"BnQEfl9gVL\"><p><a href=\"https:\/\/www.diario5.com.ar\/es\/625426\/\">D\u00eda del Amigo: No es como cre\u00edamos<\/a><\/p><\/blockquote>\n<p><iframe class=\"wp-embedded-content\" sandbox=\"allow-scripts\" security=\"restricted\" style=\"position: absolute; clip: rect(1px, 1px, 1px, 1px);\" title=\"\u00abD\u00eda del Amigo: No es como cre\u00edamos\u00bb \u2014 Diario 5\" src=\"https:\/\/www.diario5.com.ar\/625426\/embed\/#?secret=1heRKYReNO#?secret=BnQEfl9gVL\" data-secret=\"BnQEfl9gVL\" width=\"600\" height=\"338\" frameborder=\"0\" marginwidth=\"0\" marginheight=\"0\" scrolling=\"no\"><\/iframe><\/p>\n<blockquote class=\"wp-embedded-content\" data-secret=\"vGDUWKgeE8\"><p><a href=\"https:\/\/www.diario5.com.ar\/es\/amistades-inmensas\/\">La amistad m\u00e1xima y otros grandes amigos<\/a><\/p><\/blockquote>\n<p><iframe class=\"wp-embedded-content\" sandbox=\"allow-scripts\" security=\"restricted\" style=\"position: absolute; clip: rect(1px, 1px, 1px, 1px);\" title=\"\u00abLa amistad m\u00e1xima y otros grandes amigos\u00bb \u2014 Diario 5\" src=\"https:\/\/www.diario5.com.ar\/amistades-inmensas\/embed\/#?secret=iDsgCxZQHA#?secret=vGDUWKgeE8\" data-secret=\"vGDUWKgeE8\" width=\"600\" height=\"338\" frameborder=\"0\" marginwidth=\"0\" marginheight=\"0\" scrolling=\"no\"><\/iframe><\/p>\n<blockquote class=\"wp-embedded-content\" data-secret=\"hwAihAPrnt\"><p><a href=\"https:\/\/www.diario5.com.ar\/es\/el-recuerdo-de-enrique-febbraro\/\">El recuerdo de Enrique Febbraro<\/a><\/p><\/blockquote>\n<p><iframe class=\"wp-embedded-content\" sandbox=\"allow-scripts\" security=\"restricted\" style=\"position: absolute; clip: rect(1px, 1px, 1px, 1px);\" title=\"\u00abEl recuerdo de Enrique Febbraro\u00bb \u2014 Diario 5\" src=\"https:\/\/www.diario5.com.ar\/el-recuerdo-de-enrique-febbraro\/embed\/#?secret=W701W35xJq#?secret=hwAihAPrnt\" data-secret=\"hwAihAPrnt\" width=\"600\" height=\"338\" frameborder=\"0\" marginwidth=\"0\" marginheight=\"0\" scrolling=\"no\"><\/iframe><\/p>\n<p><img decoding=\"async\" loading=\"lazy\" class=\"aligncenter size-full wp-image-679097\" src=\"https:\/\/www.diario5.com.ar\/wp-content\/uploads\/2023\/07\/ar_ancasti20230720.jpg\" width=\"700\" height=\"921\" srcset=\"https:\/\/www.diario5.com.ar\/wp-content\/uploads\/2023\/07\/ar_ancasti20230720.jpg 700w, https:\/\/www.diario5.com.ar\/wp-content\/uploads\/2023\/07\/ar_ancasti20230720-228x300.jpg 228w\" sizes=\"(max-width: 700px) 100vw, 700px\" \/><\/p>\n<p><img decoding=\"async\" loading=\"lazy\" class=\"aligncenter size-full wp-image-679098\" src=\"https:\/\/www.diario5.com.ar\/wp-content\/uploads\/2023\/07\/esquiu20230720.jpg\" width=\"700\" height=\"920\" srcset=\"https:\/\/www.diario5.com.ar\/wp-content\/uploads\/2023\/07\/esquiu20230720.jpg 700w, https:\/\/www.diario5.com.ar\/wp-content\/uploads\/2023\/07\/esquiu20230720-228x300.jpg 228w\" sizes=\"(max-width: 700px) 100vw, 700px\" \/><\/p>\n<p><img decoding=\"async\" loading=\"lazy\" class=\"aligncenter size-full wp-image-679099\" src=\"https:\/\/www.diario5.com.ar\/wp-content\/uploads\/2023\/07\/ar_diario_norte20230720.jpg\" width=\"700\" height=\"876\" srcset=\"https:\/\/www.diario5.com.ar\/wp-content\/uploads\/2023\/07\/ar_diario_norte20230720.jpg 700w, https:\/\/www.diario5.com.ar\/wp-content\/uploads\/2023\/07\/ar_diario_norte20230720-240x300.jpg 240w\" sizes=\"(max-width: 700px) 100vw, 700px\" \/><\/p>\n<p><img decoding=\"async\" loading=\"lazy\" class=\"aligncenter size-full wp-image-679100\" src=\"https:\/\/www.diario5.com.ar\/wp-content\/uploads\/2023\/07\/voz_chaco20230720.jpg\" width=\"700\" height=\"816\" srcset=\"https:\/\/www.diario5.com.ar\/wp-content\/uploads\/2023\/07\/voz_chaco20230720.jpg 700w, https:\/\/www.diario5.com.ar\/wp-content\/uploads\/2023\/07\/voz_chaco20230720-257x300.jpg 257w\" sizes=\"(max-width: 700px) 100vw, 700px\" \/><\/p>\n<p><img decoding=\"async\" loading=\"lazy\" class=\"aligncenter size-full wp-image-679101\" src=\"https:\/\/www.diario5.com.ar\/wp-content\/uploads\/2023\/07\/ar_cronista20230720.jpg\" width=\"700\" height=\"1005\" srcset=\"https:\/\/www.diario5.com.ar\/wp-content\/uploads\/2023\/07\/ar_cronista20230720.jpg 700w, https:\/\/www.diario5.com.ar\/wp-content\/uploads\/2023\/07\/ar_cronista20230720-209x300.jpg 209w\" sizes=\"(max-width: 700px) 100vw, 700px\" \/><\/p>\n<p><img decoding=\"async\" loading=\"lazy\" class=\"aligncenter size-full wp-image-679102\" src=\"https:\/\/www.diario5.com.ar\/wp-content\/uploads\/2023\/07\/ar_eldia20230720.jpg\" width=\"700\" height=\"1042\" srcset=\"https:\/\/www.diario5.com.ar\/wp-content\/uploads\/2023\/07\/ar_eldia20230720.jpg 700w, https:\/\/www.diario5.com.ar\/wp-content\/uploads\/2023\/07\/ar_eldia20230720-202x300.jpg 202w, https:\/\/www.diario5.com.ar\/wp-content\/uploads\/2023\/07\/ar_eldia20230720-688x1024.jpg 688w\" sizes=\"(max-width: 700px) 100vw, 700px\" \/><\/p>\n<p><img decoding=\"async\" loading=\"lazy\" class=\"aligncenter size-full wp-image-679103\" src=\"https:\/\/www.diario5.com.ar\/wp-content\/uploads\/2023\/07\/ar_hoy20230720.jpg\" width=\"700\" height=\"920\" srcset=\"https:\/\/www.diario5.com.ar\/wp-content\/uploads\/2023\/07\/ar_hoy20230720.jpg 700w, https:\/\/www.diario5.com.ar\/wp-content\/uploads\/2023\/07\/ar_hoy20230720-228x300.jpg 228w\" sizes=\"(max-width: 700px) 100vw, 700px\" \/><\/p>\n<p><img decoding=\"async\" loading=\"lazy\" class=\"aligncenter size-full wp-image-679104\" src=\"https:\/\/www.diario5.com.ar\/wp-content\/uploads\/2023\/07\/ar_chubut20230720.jpg\" width=\"700\" height=\"896\" srcset=\"https:\/\/www.diario5.com.ar\/wp-content\/uploads\/2023\/07\/ar_chubut20230720.jpg 700w, https:\/\/www.diario5.com.ar\/wp-content\/uploads\/2023\/07\/ar_chubut20230720-234x300.jpg 234w\" sizes=\"(max-width: 700px) 100vw, 700px\" \/><\/p>\n<p><img decoding=\"async\" loading=\"lazy\" class=\"aligncenter size-full wp-image-679105\" src=\"https:\/\/www.diario5.com.ar\/wp-content\/uploads\/2023\/07\/ar_epoca20230720.jpg\" width=\"700\" height=\"908\" srcset=\"https:\/\/www.diario5.com.ar\/wp-content\/uploads\/2023\/07\/ar_epoca20230720.jpg 700w, https:\/\/www.diario5.com.ar\/wp-content\/uploads\/2023\/07\/ar_epoca20230720-231x300.jpg 231w\" sizes=\"(max-width: 700px) 100vw, 700px\" \/><\/p>\n<p><img decoding=\"async\" loading=\"lazy\" class=\"aligncenter size-full wp-image-679106\" src=\"https:\/\/www.diario5.com.ar\/wp-content\/uploads\/2023\/07\/ar_losandes20230720.jpg\" width=\"700\" height=\"966\" srcset=\"https:\/\/www.diario5.com.ar\/wp-content\/uploads\/2023\/07\/ar_losandes20230720.jpg 700w, https:\/\/www.diario5.com.ar\/wp-content\/uploads\/2023\/07\/ar_losandes20230720-217x300.jpg 217w\" sizes=\"(max-width: 700px) 100vw, 700px\" \/><\/p>\n<p><img decoding=\"async\" loading=\"lazy\" class=\"aligncenter size-full wp-image-679107\" src=\"https:\/\/www.diario5.com.ar\/wp-content\/uploads\/2023\/07\/ar_tribuno20230720.jpg\" width=\"700\" height=\"946\" srcset=\"https:\/\/www.diario5.com.ar\/wp-content\/uploads\/2023\/07\/ar_tribuno20230720.jpg 700w, https:\/\/www.diario5.com.ar\/wp-content\/uploads\/2023\/07\/ar_tribuno20230720-222x300.jpg 222w\" sizes=\"(max-width: 700px) 100vw, 700px\" \/><\/p>\n<p><img decoding=\"async\" loading=\"lazy\" class=\"aligncenter size-full wp-image-679145\" src=\"https:\/\/www.diario5.com.ar\/wp-content\/uploads\/2023\/07\/ar_diario_cuyo20230721-1.jpg\" width=\"700\" height=\"1057\" srcset=\"https:\/\/www.diario5.com.ar\/wp-content\/uploads\/2023\/07\/ar_diario_cuyo20230721-1.jpg 700w, https:\/\/www.diario5.com.ar\/wp-content\/uploads\/2023\/07\/ar_diario_cuyo20230721-1-199x300.jpg 199w, https:\/\/www.diario5.com.ar\/wp-content\/uploads\/2023\/07\/ar_diario_cuyo20230721-1-678x1024.jpg 678w\" sizes=\"(max-width: 700px) 100vw, 700px\" \/><\/p>\n<p><img decoding=\"async\" loading=\"lazy\" class=\"aligncenter size-full wp-image-679146\" src=\"https:\/\/www.diario5.com.ar\/wp-content\/uploads\/2023\/07\/ar_diario_republica20230721-1.jpg\" width=\"700\" height=\"980\" srcset=\"https:\/\/www.diario5.com.ar\/wp-content\/uploads\/2023\/07\/ar_diario_republica20230721-1.jpg 700w, https:\/\/www.diario5.com.ar\/wp-content\/uploads\/2023\/07\/ar_diario_republica20230721-1-214x300.jpg 214w\" sizes=\"(max-width: 700px) 100vw, 700px\" \/><\/p>\n<p><img decoding=\"async\" loading=\"lazy\" class=\"aligncenter size-full wp-image-679147\" src=\"https:\/\/www.diario5.com.ar\/wp-content\/uploads\/2023\/07\/ar_litoral_sfe20230721.jpg\" width=\"700\" height=\"933\" srcset=\"https:\/\/www.diario5.com.ar\/wp-content\/uploads\/2023\/07\/ar_litoral_sfe20230721.jpg 700w, https:\/\/www.diario5.com.ar\/wp-content\/uploads\/2023\/07\/ar_litoral_sfe20230721-225x300.jpg 225w\" sizes=\"(max-width: 700px) 100vw, 700px\" \/><\/p>\n<p><img decoding=\"async\" loading=\"lazy\" class=\"aligncenter size-full wp-image-679108\" src=\"https:\/\/www.diario5.com.ar\/wp-content\/uploads\/2023\/07\/ciudadano20230720.jpg\" width=\"700\" height=\"940\" srcset=\"https:\/\/www.diario5.com.ar\/wp-content\/uploads\/2023\/07\/ciudadano20230720.jpg 700w, https:\/\/www.diario5.com.ar\/wp-content\/uploads\/2023\/07\/ciudadano20230720-223x300.jpg 223w\" sizes=\"(max-width: 700px) 100vw, 700px\" \/><\/p>\n<p><img decoding=\"async\" loading=\"lazy\" class=\"aligncenter size-full wp-image-679148\" src=\"https:\/\/www.diario5.com.ar\/wp-content\/uploads\/2023\/07\/ar_mirador_provincial20230721.jpg\" width=\"700\" height=\"938\" srcset=\"https:\/\/www.diario5.com.ar\/wp-content\/uploads\/2023\/07\/ar_mirador_provincial20230721.jpg 700w, https:\/\/www.diario5.com.ar\/wp-content\/uploads\/2023\/07\/ar_mirador_provincial20230721-224x300.jpg 224w\" sizes=\"(max-width: 700px) 100vw, 700px\" \/><\/p>\n<p><img decoding=\"async\" loading=\"lazy\" class=\"aligncenter size-full wp-image-679149\" src=\"https:\/\/www.diario5.com.ar\/wp-content\/uploads\/2023\/07\/ar_gaceta20230721-1.jpg\" width=\"699\" height=\"1164\" srcset=\"https:\/\/www.diario5.com.ar\/wp-content\/uploads\/2023\/07\/ar_gaceta20230721-1.jpg 699w, https:\/\/www.diario5.com.ar\/wp-content\/uploads\/2023\/07\/ar_gaceta20230721-1-180x300.jpg 180w, https:\/\/www.diario5.com.ar\/wp-content\/uploads\/2023\/07\/ar_gaceta20230721-1-615x1024.jpg 615w\" sizes=\"(max-width: 699px) 100vw, 699px\" \/><\/p>\n<p><img decoding=\"async\" loading=\"lazy\" class=\"aligncenter size-full wp-image-679109\" src=\"https:\/\/www.diario5.com.ar\/wp-content\/uploads\/2023\/07\/ar_clarin20230720.jpg\" width=\"700\" height=\"975\" srcset=\"https:\/\/www.diario5.com.ar\/wp-content\/uploads\/2023\/07\/ar_clarin20230720.jpg 700w, https:\/\/www.diario5.com.ar\/wp-content\/uploads\/2023\/07\/ar_clarin20230720-215x300.jpg 215w\" sizes=\"(max-width: 700px) 100vw, 700px\" \/><\/p>\n<p><img decoding=\"async\" loading=\"lazy\" class=\"aligncenter size-full wp-image-679110\" src=\"https:\/\/www.diario5.com.ar\/wp-content\/uploads\/2023\/07\/nacion20230720.jpg\" width=\"699\" height=\"1062\" srcset=\"https:\/\/www.diario5.com.ar\/wp-content\/uploads\/2023\/07\/nacion20230720.jpg 699w, https:\/\/www.diario5.com.ar\/wp-content\/uploads\/2023\/07\/nacion20230720-197x300.jpg 197w, https:\/\/www.diario5.com.ar\/wp-content\/uploads\/2023\/07\/nacion20230720-674x1024.jpg 674w\" sizes=\"(max-width: 699px) 100vw, 699px\" \/><\/p>\n<p><img decoding=\"async\" loading=\"lazy\" class=\"aligncenter size-full wp-image-679150\" src=\"https:\/\/www.diario5.com.ar\/wp-content\/uploads\/2023\/07\/nuevo_diario20230721-1.jpg\" width=\"700\" height=\"1047\" srcset=\"https:\/\/www.diario5.com.ar\/wp-content\/uploads\/2023\/07\/nuevo_diario20230721-1.jpg 700w, https:\/\/www.diario5.com.ar\/wp-content\/uploads\/2023\/07\/nuevo_diario20230721-1-201x300.jpg 201w, https:\/\/www.diario5.com.ar\/wp-content\/uploads\/2023\/07\/nuevo_diario20230721-1-685x1024.jpg 685w\" sizes=\"(max-width: 700px) 100vw, 700px\" \/><\/p>\n<p><img decoding=\"async\" loading=\"lazy\" class=\"aligncenter size-full wp-image-679097\" src=\"https:\/\/www.diario5.com.ar\/wp-content\/uploads\/2023\/07\/ar_ancasti20230720.jpg\" width=\"700\" height=\"921\" srcset=\"https:\/\/www.diario5.com.ar\/wp-content\/uploads\/2023\/07\/ar_ancasti20230720.jpg 700w, https:\/\/www.diario5.com.ar\/wp-content\/uploads\/2023\/07\/ar_ancasti20230720-228x300.jpg 228w\" sizes=\"(max-width: 700px) 100vw, 700px\" \/><\/p>\n<p><img decoding=\"async\" loading=\"lazy\" class=\"aligncenter size-full wp-image-679112\" src=\"https:\/\/www.diario5.com.ar\/wp-content\/uploads\/2023\/07\/tiempo_sur20230720.jpg\" width=\"700\" height=\"957\" srcset=\"https:\/\/www.diario5.com.ar\/wp-content\/uploads\/2023\/07\/tiempo_sur20230720.jpg 700w, https:\/\/www.diario5.com.ar\/wp-content\/uploads\/2023\/07\/tiempo_sur20230720-219x300.jpg 219w\" sizes=\"(max-width: 700px) 100vw, 700px\" \/><\/p>\n<p><img decoding=\"async\" loading=\"lazy\" class=\"aligncenter size-full wp-image-679105\" src=\"https:\/\/www.diario5.com.ar\/wp-content\/uploads\/2023\/07\/ar_epoca20230720.jpg\" width=\"700\" height=\"908\" srcset=\"https:\/\/www.diario5.com.ar\/wp-content\/uploads\/2023\/07\/ar_epoca20230720.jpg 700w, https:\/\/www.diario5.com.ar\/wp-content\/uploads\/2023\/07\/ar_epoca20230720-231x300.jpg 231w\" sizes=\"(max-width: 700px) 100vw, 700px\" \/><\/p>\n<p><img decoding=\"async\" loading=\"lazy\" class=\"aligncenter size-full wp-image-679151\" src=\"https:\/\/www.diario5.com.ar\/wp-content\/uploads\/2023\/07\/ar_elsol20230721.jpg\" width=\"700\" height=\"724\" srcset=\"https:\/\/www.diario5.com.ar\/wp-content\/uploads\/2023\/07\/ar_elsol20230721.jpg 700w, https:\/\/www.diario5.com.ar\/wp-content\/uploads\/2023\/07\/ar_elsol20230721-290x300.jpg 290w\" sizes=\"(max-width: 700px) 100vw, 700px\" \/><\/p>\n<p>&nbsp;<\/p>","protected":false},"excerpt":{"rendered":"<p>Ambos fil\u00e1ntropos, el argentino y el paraguayo, se esforzaron por conseguir que el culto a la amistad tuviera una fecha propia. El resultado es que ambos lo lograron. Hay varios d\u00edas relacionados con la \u00abamistad\u00bb que se celebran en todo el mundo, dedicados a enaltecer la importancia de la amistad y el v\u00ednculo entre amigos. [&hellip;]<\/p>","protected":false},"author":5,"featured_media":679144,"comment_status":"open","ping_status":"open","sticky":false,"template":"","format":"standard","meta":[],"categories":[52,56],"tags":[730,726,727,731,669,668,725,728,729,665],"series":[],"_links":{"self":[{"href":"https:\/\/www.diario5.com.ar\/es\/wp-json\/wp\/v2\/posts\/675311"}],"collection":[{"href":"https:\/\/www.diario5.com.ar\/es\/wp-json\/wp\/v2\/posts"}],"about":[{"href":"https:\/\/www.diario5.com.ar\/es\/wp-json\/wp\/v2\/types\/post"}],"author":[{"embeddable":true,"href":"https:\/\/www.diario5.com.ar\/es\/wp-json\/wp\/v2\/users\/5"}],"replies":[{"embeddable":true,"href":"https:\/\/www.diario5.com.ar\/es\/wp-json\/wp\/v2\/comments?post=675311"}],"version-history":[{"count":7,"href":"https:\/\/www.diario5.com.ar\/es\/wp-json\/wp\/v2\/posts\/675311\/revisions"}],"predecessor-version":[{"id":679551,"href":"https:\/\/www.diario5.com.ar\/es\/wp-json\/wp\/v2\/posts\/675311\/revisions\/679551"}],"wp:featuredmedia":[{"embeddable":true,"href":"https:\/\/www.diario5.com.ar\/es\/wp-json\/wp\/v2\/media\/679144"}],"wp:attachment":[{"href":"https:\/\/www.diario5.com.ar\/es\/wp-json\/wp\/v2\/media?parent=675311"}],"wp:term":[{"taxonomy":"category","embeddable":true,"href":"https:\/\/www.diario5.com.ar\/es\/wp-json\/wp\/v2\/categories?post=675311"},{"taxonomy":"post_tag","embeddable":true,"href":"https:\/\/www.diario5.com.ar\/es\/wp-json\/wp\/v2\/tags?post=675311"},{"taxonomy":"series","embeddable":true,"href":"https:\/\/www.diario5.com.ar\/es\/wp-json\/wp\/v2\/series?post=675311"}],"curies":[{"name":"wp","href":"https:\/\/api.w.org\/{rel}","templated":true}]}}