{"id":675305,"date":"2023-07-14T06:50:00","date_gmt":"2023-07-14T09:50:00","guid":{"rendered":"http:\/\/diario5.com.ar\/?p=675305"},"modified":"2023-07-14T15:21:51","modified_gmt":"2023-07-14T18:21:51","slug":"675305","status":"publish","type":"post","link":"https:\/\/www.diario5.com.ar\/es\/675305\/","title":{"rendered":"Un paliativo"},"content":{"rendered":"<h2 class=\"sub-title-primary\"><\/h2> <p><img decoding=\"async\" loading=\"lazy\" class=\"aligncenter size-full wp-image-678903\" src=\"https:\/\/www.diario5.com.ar\/wp-content\/uploads\/2023\/07\/rk62gdfe-_1256x62020230714.jpg\" width=\"700\" height=\"345\" srcset=\"https:\/\/www.diario5.com.ar\/wp-content\/uploads\/2023\/07\/rk62gdfe-_1256x62020230714.jpg 700w, https:\/\/www.diario5.com.ar\/wp-content\/uploads\/2023\/07\/rk62gdfe-_1256x62020230714-300x148.jpg 300w\" sizes=\"(max-width: 700px) 100vw, 700px\" \/><\/p>\n<p>Este programa trabaja en la atenci\u00f3n de personas en situaci\u00f3n de calle. Est\u00e1 previsto que cuando la temperatura queda por debajo de los 5\u00b0 la cantidad de m\u00f3viles que participan del dispositivo, se duplica. Se identifica como Operativo Fr\u00edo.<\/p>\n<p>Est\u00e1 anunciado como una acci\u00f3n de 24\/7\/365<\/p>\n<p>El programa BAP (Buenos Aires Presente) con el Operativo Fr\u00edo, pone en marcha equipos que asisten a las personas que lo necesitan por el fr\u00edo en la Ciudad de Buenos Aires.<\/p>\n<p>Se registra todo lo posible acerca de las personas a las que se asiste. Se trazan recorridos detectando puntos cr\u00edticos. Hay 44 Centros de Inclusi\u00f3n Social (CIS) en Buenos Aires. All\u00ed se les brinda asistencia m\u00e9dica y psicol\u00f3gica, hay cursos, talleres de oficios y se chequea la posibilidad de conseguir la revinculaci\u00f3n familiar de la persona asistida.<\/p>\n<p>Los m\u00f3viles que recorren la ciudad buscando atender a las personas que necesitan protegerse del fr\u00edo son 50.<\/p>\n<p>Siempre es la L\u00ednea 108 a la que hay que llamar para atender a las personas en situaci\u00f3n de calle. Gratis. A tiempo completo.<\/p>\n<p>Es s\u00f3lo un paliativo para un mal end\u00e9mico con el que convive la totalidad de los habitantes de la Ciudad de Buenos Aires y del resto de las localidades en la Argentina.<\/p>\n<p>&nbsp;<\/p>\n<p><!--googleon: index--><br \/>\n<img decoding=\"async\" loading=\"lazy\" class=\"aligncenter size-full wp-image-678918\" src=\"https:\/\/www.diario5.com.ar\/wp-content\/uploads\/2023\/07\/la_capital20230714.jpg\" width=\"700\" height=\"941\" srcset=\"https:\/\/www.diario5.com.ar\/wp-content\/uploads\/2023\/07\/la_capital20230714.jpg 700w, https:\/\/www.diario5.com.ar\/wp-content\/uploads\/2023\/07\/la_capital20230714-223x300.jpg 223w\" sizes=\"(max-width: 700px) 100vw, 700px\" \/><\/p>\n<p><img decoding=\"async\" loading=\"lazy\" class=\"aligncenter size-full wp-image-678904\" src=\"https:\/\/www.diario5.com.ar\/wp-content\/uploads\/2023\/07\/esquiu20230714.jpg\" width=\"700\" height=\"920\" srcset=\"https:\/\/www.diario5.com.ar\/wp-content\/uploads\/2023\/07\/esquiu20230714.jpg 700w, https:\/\/www.diario5.com.ar\/wp-content\/uploads\/2023\/07\/esquiu20230714-228x300.jpg 228w\" sizes=\"(max-width: 700px) 100vw, 700px\" \/><\/p>\n<p><img decoding=\"async\" loading=\"lazy\" class=\"aligncenter size-full wp-image-678905\" src=\"https:\/\/www.diario5.com.ar\/wp-content\/uploads\/2023\/07\/ar_cronista20230714.jpg\" width=\"699\" height=\"1031\" srcset=\"https:\/\/www.diario5.com.ar\/wp-content\/uploads\/2023\/07\/ar_cronista20230714.jpg 699w, https:\/\/www.diario5.com.ar\/wp-content\/uploads\/2023\/07\/ar_cronista20230714-203x300.jpg 203w, https:\/\/www.diario5.com.ar\/wp-content\/uploads\/2023\/07\/ar_cronista20230714-694x1024.jpg 694w\" sizes=\"(max-width: 699px) 100vw, 699px\" \/><\/p>\n<p><img decoding=\"async\" loading=\"lazy\" class=\"aligncenter size-full wp-image-678906\" src=\"https:\/\/www.diario5.com.ar\/wp-content\/uploads\/2023\/07\/ar_eldia20230714.jpg\" width=\"700\" height=\"1042\" srcset=\"https:\/\/www.diario5.com.ar\/wp-content\/uploads\/2023\/07\/ar_eldia20230714.jpg 700w, https:\/\/www.diario5.com.ar\/wp-content\/uploads\/2023\/07\/ar_eldia20230714-202x300.jpg 202w, https:\/\/www.diario5.com.ar\/wp-content\/uploads\/2023\/07\/ar_eldia20230714-688x1024.jpg 688w\" sizes=\"(max-width: 700px) 100vw, 700px\" \/><\/p>\n<p><img decoding=\"async\" loading=\"lazy\" class=\"aligncenter size-full wp-image-678907\" src=\"https:\/\/www.diario5.com.ar\/wp-content\/uploads\/2023\/07\/ar_hoy20230714.jpg\" width=\"700\" height=\"919\" srcset=\"https:\/\/www.diario5.com.ar\/wp-content\/uploads\/2023\/07\/ar_hoy20230714.jpg 700w, https:\/\/www.diario5.com.ar\/wp-content\/uploads\/2023\/07\/ar_hoy20230714-229x300.jpg 229w\" sizes=\"(max-width: 700px) 100vw, 700px\" \/><\/p>\n<p><img decoding=\"async\" loading=\"lazy\" class=\"aligncenter size-full wp-image-678908\" src=\"https:\/\/www.diario5.com.ar\/wp-content\/uploads\/2023\/07\/ar_chubut20230714.jpg\" width=\"700\" height=\"909\" srcset=\"https:\/\/www.diario5.com.ar\/wp-content\/uploads\/2023\/07\/ar_chubut20230714.jpg 700w, https:\/\/www.diario5.com.ar\/wp-content\/uploads\/2023\/07\/ar_chubut20230714-231x300.jpg 231w\" sizes=\"(max-width: 700px) 100vw, 700px\" \/><\/p>\n<p><img decoding=\"async\" loading=\"lazy\" class=\"aligncenter size-full wp-image-678909\" src=\"https:\/\/www.diario5.com.ar\/wp-content\/uploads\/2023\/07\/ar_epoca20230714.jpg\" width=\"700\" height=\"899\" srcset=\"https:\/\/www.diario5.com.ar\/wp-content\/uploads\/2023\/07\/ar_epoca20230714.jpg 700w, https:\/\/www.diario5.com.ar\/wp-content\/uploads\/2023\/07\/ar_epoca20230714-234x300.jpg 234w\" sizes=\"(max-width: 700px) 100vw, 700px\" \/><\/p>\n<p><img decoding=\"async\" loading=\"lazy\" class=\"aligncenter size-full wp-image-678910\" src=\"https:\/\/www.diario5.com.ar\/wp-content\/uploads\/2023\/07\/ar_litoral20230714.jpg\" width=\"700\" height=\"909\" srcset=\"https:\/\/www.diario5.com.ar\/wp-content\/uploads\/2023\/07\/ar_litoral20230714.jpg 700w, https:\/\/www.diario5.com.ar\/wp-content\/uploads\/2023\/07\/ar_litoral20230714-231x300.jpg 231w\" sizes=\"(max-width: 700px) 100vw, 700px\" \/><\/p>\n<p><img decoding=\"async\" loading=\"lazy\" class=\"aligncenter size-full wp-image-678911\" src=\"https:\/\/www.diario5.com.ar\/wp-content\/uploads\/2023\/07\/ar_losandes20230714.jpg\" width=\"700\" height=\"968\" srcset=\"https:\/\/www.diario5.com.ar\/wp-content\/uploads\/2023\/07\/ar_losandes20230714.jpg 700w, https:\/\/www.diario5.com.ar\/wp-content\/uploads\/2023\/07\/ar_losandes20230714-217x300.jpg 217w\" sizes=\"(max-width: 700px) 100vw, 700px\" \/><\/p>\n<p><img decoding=\"async\" loading=\"lazy\" class=\"aligncenter size-full wp-image-678919\" src=\"https:\/\/www.diario5.com.ar\/wp-content\/uploads\/2023\/07\/ar_diario_cuyo20230714.jpg\" width=\"700\" height=\"1057\" srcset=\"https:\/\/www.diario5.com.ar\/wp-content\/uploads\/2023\/07\/ar_diario_cuyo20230714.jpg 700w, https:\/\/www.diario5.com.ar\/wp-content\/uploads\/2023\/07\/ar_diario_cuyo20230714-199x300.jpg 199w, https:\/\/www.diario5.com.ar\/wp-content\/uploads\/2023\/07\/ar_diario_cuyo20230714-678x1024.jpg 678w\" sizes=\"(max-width: 700px) 100vw, 700px\" \/><\/p>\n<p><img decoding=\"async\" loading=\"lazy\" class=\"aligncenter size-full wp-image-678920\" src=\"https:\/\/www.diario5.com.ar\/wp-content\/uploads\/2023\/07\/ar_diario_republica20230714.jpg\" width=\"700\" height=\"980\" srcset=\"https:\/\/www.diario5.com.ar\/wp-content\/uploads\/2023\/07\/ar_diario_republica20230714.jpg 700w, https:\/\/www.diario5.com.ar\/wp-content\/uploads\/2023\/07\/ar_diario_republica20230714-214x300.jpg 214w\" sizes=\"(max-width: 700px) 100vw, 700px\" \/><\/p>\n<p><img decoding=\"async\" loading=\"lazy\" class=\"aligncenter size-full wp-image-678921\" src=\"https:\/\/www.diario5.com.ar\/wp-content\/uploads\/2023\/07\/ar_litoral_sfe20230714.jpg\" width=\"700\" height=\"944\" srcset=\"https:\/\/www.diario5.com.ar\/wp-content\/uploads\/2023\/07\/ar_litoral_sfe20230714.jpg 700w, https:\/\/www.diario5.com.ar\/wp-content\/uploads\/2023\/07\/ar_litoral_sfe20230714-222x300.jpg 222w\" sizes=\"(max-width: 700px) 100vw, 700px\" \/><\/p>\n<p><img decoding=\"async\" loading=\"lazy\" class=\"aligncenter size-full wp-image-678912\" src=\"https:\/\/www.diario5.com.ar\/wp-content\/uploads\/2023\/07\/ciudadano20230714.jpg\" width=\"700\" height=\"934\" srcset=\"https:\/\/www.diario5.com.ar\/wp-content\/uploads\/2023\/07\/ciudadano20230714.jpg 700w, https:\/\/www.diario5.com.ar\/wp-content\/uploads\/2023\/07\/ciudadano20230714-225x300.jpg 225w\" sizes=\"(max-width: 700px) 100vw, 700px\" \/><\/p>\n<p><img decoding=\"async\" loading=\"lazy\" class=\"aligncenter size-full wp-image-678922\" src=\"https:\/\/www.diario5.com.ar\/wp-content\/uploads\/2023\/07\/ar_mirador_provincial20230714.jpg\" width=\"700\" height=\"940\" srcset=\"https:\/\/www.diario5.com.ar\/wp-content\/uploads\/2023\/07\/ar_mirador_provincial20230714.jpg 700w, https:\/\/www.diario5.com.ar\/wp-content\/uploads\/2023\/07\/ar_mirador_provincial20230714-223x300.jpg 223w\" sizes=\"(max-width: 700px) 100vw, 700px\" \/><\/p>\n<p><img decoding=\"async\" loading=\"lazy\" class=\"aligncenter size-full wp-image-678923\" src=\"https:\/\/www.diario5.com.ar\/wp-content\/uploads\/2023\/07\/ar_gaceta20230714.jpg\" width=\"700\" height=\"1147\" srcset=\"https:\/\/www.diario5.com.ar\/wp-content\/uploads\/2023\/07\/ar_gaceta20230714.jpg 700w, https:\/\/www.diario5.com.ar\/wp-content\/uploads\/2023\/07\/ar_gaceta20230714-183x300.jpg 183w, https:\/\/www.diario5.com.ar\/wp-content\/uploads\/2023\/07\/ar_gaceta20230714-625x1024.jpg 625w\" sizes=\"(max-width: 700px) 100vw, 700px\" \/><\/p>\n<p><img decoding=\"async\" loading=\"lazy\" class=\"aligncenter size-full wp-image-678913\" src=\"https:\/\/www.diario5.com.ar\/wp-content\/uploads\/2023\/07\/ar_clarin20230714.jpg\" width=\"700\" height=\"972\" srcset=\"https:\/\/www.diario5.com.ar\/wp-content\/uploads\/2023\/07\/ar_clarin20230714.jpg 700w, https:\/\/www.diario5.com.ar\/wp-content\/uploads\/2023\/07\/ar_clarin20230714-216x300.jpg 216w\" sizes=\"(max-width: 700px) 100vw, 700px\" \/><\/p>\n<p><img decoding=\"async\" loading=\"lazy\" class=\"aligncenter size-full wp-image-678914\" src=\"https:\/\/www.diario5.com.ar\/wp-content\/uploads\/2023\/07\/nacion20230714.jpg\" width=\"700\" height=\"1060\" srcset=\"https:\/\/www.diario5.com.ar\/wp-content\/uploads\/2023\/07\/nacion20230714.jpg 700w, https:\/\/www.diario5.com.ar\/wp-content\/uploads\/2023\/07\/nacion20230714-198x300.jpg 198w, https:\/\/www.diario5.com.ar\/wp-content\/uploads\/2023\/07\/nacion20230714-676x1024.jpg 676w\" sizes=\"(max-width: 700px) 100vw, 700px\" \/><\/p>\n<p><img decoding=\"async\" loading=\"lazy\" class=\"aligncenter size-full wp-image-678915\" src=\"https:\/\/www.diario5.com.ar\/wp-content\/uploads\/2023\/07\/nuevo_diario20230714.jpg\" width=\"700\" height=\"1067\" srcset=\"https:\/\/www.diario5.com.ar\/wp-content\/uploads\/2023\/07\/nuevo_diario20230714.jpg 700w, https:\/\/www.diario5.com.ar\/wp-content\/uploads\/2023\/07\/nuevo_diario20230714-197x300.jpg 197w, https:\/\/www.diario5.com.ar\/wp-content\/uploads\/2023\/07\/nuevo_diario20230714-672x1024.jpg 672w\" sizes=\"(max-width: 700px) 100vw, 700px\" \/><\/p>\n<p><img decoding=\"async\" loading=\"lazy\" class=\"aligncenter size-full wp-image-678916\" src=\"https:\/\/www.diario5.com.ar\/wp-content\/uploads\/2023\/07\/tiempo_sur20230714.jpg\" width=\"700\" height=\"957\" srcset=\"https:\/\/www.diario5.com.ar\/wp-content\/uploads\/2023\/07\/tiempo_sur20230714.jpg 700w, https:\/\/www.diario5.com.ar\/wp-content\/uploads\/2023\/07\/tiempo_sur20230714-219x300.jpg 219w\" sizes=\"(max-width: 700px) 100vw, 700px\" \/><\/p>\n<p><img decoding=\"async\" loading=\"lazy\" class=\"aligncenter size-full wp-image-678909\" src=\"https:\/\/www.diario5.com.ar\/wp-content\/uploads\/2023\/07\/ar_epoca20230714.jpg\" width=\"700\" height=\"899\" srcset=\"https:\/\/www.diario5.com.ar\/wp-content\/uploads\/2023\/07\/ar_epoca20230714.jpg 700w, https:\/\/www.diario5.com.ar\/wp-content\/uploads\/2023\/07\/ar_epoca20230714-234x300.jpg 234w\" sizes=\"(max-width: 700px) 100vw, 700px\" \/><\/p>\n<p><img decoding=\"async\" loading=\"lazy\" class=\"aligncenter size-full wp-image-678924\" src=\"https:\/\/www.diario5.com.ar\/wp-content\/uploads\/2023\/07\/ar_elsol20230714.jpg\" width=\"700\" height=\"724\" srcset=\"https:\/\/www.diario5.com.ar\/wp-content\/uploads\/2023\/07\/ar_elsol20230714.jpg 700w, https:\/\/www.diario5.com.ar\/wp-content\/uploads\/2023\/07\/ar_elsol20230714-290x300.jpg 290w\" sizes=\"(max-width: 700px) 100vw, 700px\" \/><\/p>","protected":false},"excerpt":{"rendered":"<p>Este programa trabaja en la atenci\u00f3n de personas en situaci\u00f3n de calle. Est\u00e1 previsto que cuando la temperatura queda por debajo de los 5\u00b0 la cantidad de m\u00f3viles que participan del dispositivo, se duplica. Se identifica como Operativo Fr\u00edo. Est\u00e1 anunciado como una acci\u00f3n de 24\/7\/365 El programa BAP (Buenos Aires Presente) con el Operativo [&hellip;]<\/p>","protected":false},"author":5,"featured_media":678903,"comment_status":"open","ping_status":"open","sticky":false,"template":"","format":"standard","meta":[],"categories":[52,56],"tags":[474,630],"series":[],"_links":{"self":[{"href":"https:\/\/www.diario5.com.ar\/es\/wp-json\/wp\/v2\/posts\/675305"}],"collection":[{"href":"https:\/\/www.diario5.com.ar\/es\/wp-json\/wp\/v2\/posts"}],"about":[{"href":"https:\/\/www.diario5.com.ar\/es\/wp-json\/wp\/v2\/types\/post"}],"author":[{"embeddable":true,"href":"https:\/\/www.diario5.com.ar\/es\/wp-json\/wp\/v2\/users\/5"}],"replies":[{"embeddable":true,"href":"https:\/\/www.diario5.com.ar\/es\/wp-json\/wp\/v2\/comments?post=675305"}],"version-history":[{"count":4,"href":"https:\/\/www.diario5.com.ar\/es\/wp-json\/wp\/v2\/posts\/675305\/revisions"}],"predecessor-version":[{"id":678925,"href":"https:\/\/www.diario5.com.ar\/es\/wp-json\/wp\/v2\/posts\/675305\/revisions\/678925"}],"wp:featuredmedia":[{"embeddable":true,"href":"https:\/\/www.diario5.com.ar\/es\/wp-json\/wp\/v2\/media\/678903"}],"wp:attachment":[{"href":"https:\/\/www.diario5.com.ar\/es\/wp-json\/wp\/v2\/media?parent=675305"}],"wp:term":[{"taxonomy":"category","embeddable":true,"href":"https:\/\/www.diario5.com.ar\/es\/wp-json\/wp\/v2\/categories?post=675305"},{"taxonomy":"post_tag","embeddable":true,"href":"https:\/\/www.diario5.com.ar\/es\/wp-json\/wp\/v2\/tags?post=675305"},{"taxonomy":"series","embeddable":true,"href":"https:\/\/www.diario5.com.ar\/es\/wp-json\/wp\/v2\/series?post=675305"}],"curies":[{"name":"wp","href":"https:\/\/api.w.org\/{rel}","templated":true}]}}