{"id":675296,"date":"2023-07-05T06:51:00","date_gmt":"2023-07-05T09:52:00","guid":{"rendered":"http:\/\/diario5.com.ar\/?p=675296"},"modified":"2023-07-05T17:33:46","modified_gmt":"2023-07-05T20:33:46","slug":"675296","status":"publish","type":"post","link":"https:\/\/www.diario5.com.ar\/es\/675296\/","title":{"rendered":"El festival suma apoyos"},"content":{"rendered":"<h2 class=\"sub-title-primary\"><\/h2> <p><img decoding=\"async\" loading=\"lazy\" class=\"alignnone size-full wp-image-678561\" src=\"https:\/\/www.diario5.com.ar\/wp-content\/uploads\/2023\/07\/bna_festival_mdq2.jpg\" alt=\"\" width=\"1002\" height=\"596\" srcset=\"https:\/\/www.diario5.com.ar\/wp-content\/uploads\/2023\/07\/bna_festival_mdq2.jpg 1002w, https:\/\/www.diario5.com.ar\/wp-content\/uploads\/2023\/07\/bna_festival_mdq2-300x178.jpg 300w, https:\/\/www.diario5.com.ar\/wp-content\/uploads\/2023\/07\/bna_festival_mdq2-768x457.jpg 768w\" sizes=\"(max-width: 1002px) 100vw, 1002px\" \/><\/p>\n<p>Al coincidir con la celebraci\u00f3n de los 40 a\u00f1os del regreso definitivo de la Democracia en la Argentina, el Festival de Cine de Mar del Plata tendr\u00e1 una edici\u00f3n especial. Ser\u00e1 entre el jueves 2 y el domingo 12 de noviembre. Para el evento ser\u00e1 la edici\u00f3n n\u00famero 38. El Banco Naci\u00f3n ser\u00e1 patrocinador.<\/p>\n<p><img decoding=\"async\" loading=\"lazy\" class=\"alignnone wp-image-678560 size-full\" src=\"https:\/\/www.diario5.com.ar\/wp-content\/uploads\/2023\/07\/bna_festival_mdq.jpg\" alt=\"\" width=\"924\" height=\"1312\" srcset=\"https:\/\/www.diario5.com.ar\/wp-content\/uploads\/2023\/07\/bna_festival_mdq.jpg 924w, https:\/\/www.diario5.com.ar\/wp-content\/uploads\/2023\/07\/bna_festival_mdq-211x300.jpg 211w, https:\/\/www.diario5.com.ar\/wp-content\/uploads\/2023\/07\/bna_festival_mdq-721x1024.jpg 721w, https:\/\/www.diario5.com.ar\/wp-content\/uploads\/2023\/07\/bna_festival_mdq-768x1090.jpg 768w\" sizes=\"(max-width: 924px) 100vw, 924px\" \/><br \/>\n<!--googleoff: index--><br \/>\n<!--googleon: index--><br \/>\n<img decoding=\"async\" loading=\"lazy\" class=\"aligncenter size-full wp-image-678608\" src=\"https:\/\/www.diario5.com.ar\/wp-content\/uploads\/2023\/07\/la_capital20230705.jpg\" width=\"700\" height=\"946\" srcset=\"https:\/\/www.diario5.com.ar\/wp-content\/uploads\/2023\/07\/la_capital20230705.jpg 700w, https:\/\/www.diario5.com.ar\/wp-content\/uploads\/2023\/07\/la_capital20230705-222x300.jpg 222w\" sizes=\"(max-width: 700px) 100vw, 700px\" \/><\/p>\n<p><img decoding=\"async\" loading=\"lazy\" class=\"aligncenter size-full wp-image-678580\" src=\"https:\/\/www.diario5.com.ar\/wp-content\/uploads\/2023\/07\/ar_ancasti20230705-1.jpg\" width=\"700\" height=\"936\" srcset=\"https:\/\/www.diario5.com.ar\/wp-content\/uploads\/2023\/07\/ar_ancasti20230705-1.jpg 700w, https:\/\/www.diario5.com.ar\/wp-content\/uploads\/2023\/07\/ar_ancasti20230705-1-224x300.jpg 224w\" sizes=\"(max-width: 700px) 100vw, 700px\" \/><\/p>\n<p><img decoding=\"async\" loading=\"lazy\" class=\"aligncenter size-full wp-image-678582\" src=\"https:\/\/www.diario5.com.ar\/wp-content\/uploads\/2023\/07\/esquiu20230705-1.jpg\" width=\"700\" height=\"920\" srcset=\"https:\/\/www.diario5.com.ar\/wp-content\/uploads\/2023\/07\/esquiu20230705-1.jpg 700w, https:\/\/www.diario5.com.ar\/wp-content\/uploads\/2023\/07\/esquiu20230705-1-228x300.jpg 228w\" sizes=\"(max-width: 700px) 100vw, 700px\" \/><\/p>\n<p><img decoding=\"async\" loading=\"lazy\" class=\"aligncenter size-full wp-image-678609\" src=\"https:\/\/www.diario5.com.ar\/wp-content\/uploads\/2023\/07\/ar_diario_norte20230705.jpg\" width=\"700\" height=\"894\" srcset=\"https:\/\/www.diario5.com.ar\/wp-content\/uploads\/2023\/07\/ar_diario_norte20230705.jpg 700w, https:\/\/www.diario5.com.ar\/wp-content\/uploads\/2023\/07\/ar_diario_norte20230705-235x300.jpg 235w\" sizes=\"(max-width: 700px) 100vw, 700px\" \/><\/p>\n<p><img decoding=\"async\" loading=\"lazy\" class=\"aligncenter size-full wp-image-678584\" src=\"https:\/\/www.diario5.com.ar\/wp-content\/uploads\/2023\/07\/voz_chaco20230705-1.jpg\" width=\"700\" height=\"816\" srcset=\"https:\/\/www.diario5.com.ar\/wp-content\/uploads\/2023\/07\/voz_chaco20230705-1.jpg 700w, https:\/\/www.diario5.com.ar\/wp-content\/uploads\/2023\/07\/voz_chaco20230705-1-257x300.jpg 257w\" sizes=\"(max-width: 700px) 100vw, 700px\" \/><\/p>\n<p><img decoding=\"async\" loading=\"lazy\" class=\"aligncenter size-full wp-image-678586\" src=\"https:\/\/www.diario5.com.ar\/wp-content\/uploads\/2023\/07\/ar_cronista20230705-1.jpg\" width=\"700\" height=\"1009\" srcset=\"https:\/\/www.diario5.com.ar\/wp-content\/uploads\/2023\/07\/ar_cronista20230705-1.jpg 700w, https:\/\/www.diario5.com.ar\/wp-content\/uploads\/2023\/07\/ar_cronista20230705-1-208x300.jpg 208w\" sizes=\"(max-width: 700px) 100vw, 700px\" \/><\/p>\n<p><img decoding=\"async\" loading=\"lazy\" class=\"aligncenter size-full wp-image-678588\" src=\"https:\/\/www.diario5.com.ar\/wp-content\/uploads\/2023\/07\/ar_eldia20230705-1.jpg\" width=\"700\" height=\"1042\" srcset=\"https:\/\/www.diario5.com.ar\/wp-content\/uploads\/2023\/07\/ar_eldia20230705-1.jpg 700w, https:\/\/www.diario5.com.ar\/wp-content\/uploads\/2023\/07\/ar_eldia20230705-1-202x300.jpg 202w, https:\/\/www.diario5.com.ar\/wp-content\/uploads\/2023\/07\/ar_eldia20230705-1-688x1024.jpg 688w\" sizes=\"(max-width: 700px) 100vw, 700px\" \/><\/p>\n<p><img decoding=\"async\" loading=\"lazy\" class=\"aligncenter size-full wp-image-678590\" src=\"https:\/\/www.diario5.com.ar\/wp-content\/uploads\/2023\/07\/ar_hoy20230705-1.jpg\" width=\"700\" height=\"915\" srcset=\"https:\/\/www.diario5.com.ar\/wp-content\/uploads\/2023\/07\/ar_hoy20230705-1.jpg 700w, https:\/\/www.diario5.com.ar\/wp-content\/uploads\/2023\/07\/ar_hoy20230705-1-230x300.jpg 230w\" sizes=\"(max-width: 700px) 100vw, 700px\" \/><\/p>\n<p><img decoding=\"async\" loading=\"lazy\" class=\"aligncenter size-full wp-image-678592\" src=\"https:\/\/www.diario5.com.ar\/wp-content\/uploads\/2023\/07\/ar_chubut20230705-1.jpg\" width=\"700\" height=\"902\" srcset=\"https:\/\/www.diario5.com.ar\/wp-content\/uploads\/2023\/07\/ar_chubut20230705-1.jpg 700w, https:\/\/www.diario5.com.ar\/wp-content\/uploads\/2023\/07\/ar_chubut20230705-1-233x300.jpg 233w\" sizes=\"(max-width: 700px) 100vw, 700px\" \/><\/p>\n<p><img decoding=\"async\" loading=\"lazy\" class=\"aligncenter size-full wp-image-678594\" src=\"https:\/\/www.diario5.com.ar\/wp-content\/uploads\/2023\/07\/ar_epoca20230705-1.jpg\" width=\"700\" height=\"903\" srcset=\"https:\/\/www.diario5.com.ar\/wp-content\/uploads\/2023\/07\/ar_epoca20230705-1.jpg 700w, https:\/\/www.diario5.com.ar\/wp-content\/uploads\/2023\/07\/ar_epoca20230705-1-233x300.jpg 233w\" sizes=\"(max-width: 700px) 100vw, 700px\" \/><\/p>\n<p><img decoding=\"async\" loading=\"lazy\" class=\"aligncenter size-full wp-image-678596\" src=\"https:\/\/www.diario5.com.ar\/wp-content\/uploads\/2023\/07\/ar_litoral20230705-1.jpg\" width=\"700\" height=\"912\" srcset=\"https:\/\/www.diario5.com.ar\/wp-content\/uploads\/2023\/07\/ar_litoral20230705-1.jpg 700w, https:\/\/www.diario5.com.ar\/wp-content\/uploads\/2023\/07\/ar_litoral20230705-1-230x300.jpg 230w\" sizes=\"(max-width: 700px) 100vw, 700px\" \/><\/p>\n<p><img decoding=\"async\" loading=\"lazy\" class=\"aligncenter size-full wp-image-678597\" src=\"https:\/\/www.diario5.com.ar\/wp-content\/uploads\/2023\/07\/ar_losandes20230705-1.jpg\" width=\"700\" height=\"968\" srcset=\"https:\/\/www.diario5.com.ar\/wp-content\/uploads\/2023\/07\/ar_losandes20230705-1.jpg 700w, https:\/\/www.diario5.com.ar\/wp-content\/uploads\/2023\/07\/ar_losandes20230705-1-217x300.jpg 217w\" sizes=\"(max-width: 700px) 100vw, 700px\" \/><\/p>\n<p><img decoding=\"async\" loading=\"lazy\" class=\"aligncenter size-full wp-image-678610\" src=\"https:\/\/www.diario5.com.ar\/wp-content\/uploads\/2023\/07\/ar_diario_cuyo20230705.jpg\" width=\"700\" height=\"1051\" srcset=\"https:\/\/www.diario5.com.ar\/wp-content\/uploads\/2023\/07\/ar_diario_cuyo20230705.jpg 700w, https:\/\/www.diario5.com.ar\/wp-content\/uploads\/2023\/07\/ar_diario_cuyo20230705-200x300.jpg 200w, https:\/\/www.diario5.com.ar\/wp-content\/uploads\/2023\/07\/ar_diario_cuyo20230705-682x1024.jpg 682w\" sizes=\"(max-width: 700px) 100vw, 700px\" \/><\/p>\n<p><img decoding=\"async\" loading=\"lazy\" class=\"aligncenter size-full wp-image-678611\" src=\"https:\/\/www.diario5.com.ar\/wp-content\/uploads\/2023\/07\/ar_diario_republica20230705.jpg\" width=\"700\" height=\"973\" srcset=\"https:\/\/www.diario5.com.ar\/wp-content\/uploads\/2023\/07\/ar_diario_republica20230705.jpg 700w, https:\/\/www.diario5.com.ar\/wp-content\/uploads\/2023\/07\/ar_diario_republica20230705-216x300.jpg 216w\" sizes=\"(max-width: 700px) 100vw, 700px\" \/><\/p>\n<p><img decoding=\"async\" loading=\"lazy\" class=\"aligncenter size-full wp-image-678612\" src=\"https:\/\/www.diario5.com.ar\/wp-content\/uploads\/2023\/07\/ar_litoral_sfe20230705.jpg\" width=\"700\" height=\"944\" srcset=\"https:\/\/www.diario5.com.ar\/wp-content\/uploads\/2023\/07\/ar_litoral_sfe20230705.jpg 700w, https:\/\/www.diario5.com.ar\/wp-content\/uploads\/2023\/07\/ar_litoral_sfe20230705-222x300.jpg 222w\" sizes=\"(max-width: 700px) 100vw, 700px\" \/><\/p>\n<p><img decoding=\"async\" loading=\"lazy\" class=\"aligncenter size-full wp-image-678598\" src=\"https:\/\/www.diario5.com.ar\/wp-content\/uploads\/2023\/07\/ciudadano20230705-1.jpg\" width=\"700\" height=\"939\" srcset=\"https:\/\/www.diario5.com.ar\/wp-content\/uploads\/2023\/07\/ciudadano20230705-1.jpg 700w, https:\/\/www.diario5.com.ar\/wp-content\/uploads\/2023\/07\/ciudadano20230705-1-224x300.jpg 224w\" sizes=\"(max-width: 700px) 100vw, 700px\" \/><\/p>\n<p><img decoding=\"async\" loading=\"lazy\" class=\"aligncenter size-full wp-image-678613\" src=\"https:\/\/www.diario5.com.ar\/wp-content\/uploads\/2023\/07\/ar_mirador_provincial20230705.jpg\" width=\"700\" height=\"933\" srcset=\"https:\/\/www.diario5.com.ar\/wp-content\/uploads\/2023\/07\/ar_mirador_provincial20230705.jpg 700w, https:\/\/www.diario5.com.ar\/wp-content\/uploads\/2023\/07\/ar_mirador_provincial20230705-225x300.jpg 225w\" sizes=\"(max-width: 700px) 100vw, 700px\" \/><\/p>\n<p><img decoding=\"async\" loading=\"lazy\" class=\"aligncenter size-full wp-image-678599\" src=\"https:\/\/www.diario5.com.ar\/wp-content\/uploads\/2023\/07\/ar_gaceta20230705-1.jpg\" width=\"700\" height=\"1146\" srcset=\"https:\/\/www.diario5.com.ar\/wp-content\/uploads\/2023\/07\/ar_gaceta20230705-1.jpg 700w, https:\/\/www.diario5.com.ar\/wp-content\/uploads\/2023\/07\/ar_gaceta20230705-1-183x300.jpg 183w, https:\/\/www.diario5.com.ar\/wp-content\/uploads\/2023\/07\/ar_gaceta20230705-1-625x1024.jpg 625w\" sizes=\"(max-width: 700px) 100vw, 700px\" \/><\/p>\n<p><img decoding=\"async\" loading=\"lazy\" class=\"aligncenter size-full wp-image-678600\" src=\"https:\/\/www.diario5.com.ar\/wp-content\/uploads\/2023\/07\/ar_clarin20230705-1.jpg\" width=\"700\" height=\"972\" srcset=\"https:\/\/www.diario5.com.ar\/wp-content\/uploads\/2023\/07\/ar_clarin20230705-1.jpg 700w, https:\/\/www.diario5.com.ar\/wp-content\/uploads\/2023\/07\/ar_clarin20230705-1-216x300.jpg 216w\" sizes=\"(max-width: 700px) 100vw, 700px\" \/><\/p>\n<p><img decoding=\"async\" loading=\"lazy\" class=\"aligncenter size-full wp-image-678601\" src=\"https:\/\/www.diario5.com.ar\/wp-content\/uploads\/2023\/07\/nacion20230705-1.jpg\" width=\"699\" height=\"1062\" srcset=\"https:\/\/www.diario5.com.ar\/wp-content\/uploads\/2023\/07\/nacion20230705-1.jpg 699w, https:\/\/www.diario5.com.ar\/wp-content\/uploads\/2023\/07\/nacion20230705-1-197x300.jpg 197w, https:\/\/www.diario5.com.ar\/wp-content\/uploads\/2023\/07\/nacion20230705-1-674x1024.jpg 674w\" sizes=\"(max-width: 699px) 100vw, 699px\" \/><\/p>\n<p><img decoding=\"async\" loading=\"lazy\" class=\"aligncenter size-full wp-image-678602\" src=\"https:\/\/www.diario5.com.ar\/wp-content\/uploads\/2023\/07\/nuevo_diario20230705-1.jpg\" width=\"700\" height=\"1055\" srcset=\"https:\/\/www.diario5.com.ar\/wp-content\/uploads\/2023\/07\/nuevo_diario20230705-1.jpg 700w, https:\/\/www.diario5.com.ar\/wp-content\/uploads\/2023\/07\/nuevo_diario20230705-1-199x300.jpg 199w, https:\/\/www.diario5.com.ar\/wp-content\/uploads\/2023\/07\/nuevo_diario20230705-1-679x1024.jpg 679w\" sizes=\"(max-width: 700px) 100vw, 700px\" \/><\/p>\n<p><img decoding=\"async\" loading=\"lazy\" class=\"aligncenter size-full wp-image-678580\" src=\"https:\/\/www.diario5.com.ar\/wp-content\/uploads\/2023\/07\/ar_ancasti20230705-1.jpg\" width=\"700\" height=\"936\" srcset=\"https:\/\/www.diario5.com.ar\/wp-content\/uploads\/2023\/07\/ar_ancasti20230705-1.jpg 700w, https:\/\/www.diario5.com.ar\/wp-content\/uploads\/2023\/07\/ar_ancasti20230705-1-224x300.jpg 224w\" sizes=\"(max-width: 700px) 100vw, 700px\" \/><\/p>\n<p><img decoding=\"async\" loading=\"lazy\" class=\"aligncenter size-full wp-image-678604\" src=\"https:\/\/www.diario5.com.ar\/wp-content\/uploads\/2023\/07\/tiempo_sur20230705-1.jpg\" width=\"700\" height=\"957\" srcset=\"https:\/\/www.diario5.com.ar\/wp-content\/uploads\/2023\/07\/tiempo_sur20230705-1.jpg 700w, https:\/\/www.diario5.com.ar\/wp-content\/uploads\/2023\/07\/tiempo_sur20230705-1-219x300.jpg 219w\" sizes=\"(max-width: 700px) 100vw, 700px\" \/><\/p>\n<p><img decoding=\"async\" loading=\"lazy\" class=\"aligncenter size-full wp-image-678594\" src=\"https:\/\/www.diario5.com.ar\/wp-content\/uploads\/2023\/07\/ar_epoca20230705-1.jpg\" width=\"700\" height=\"903\" srcset=\"https:\/\/www.diario5.com.ar\/wp-content\/uploads\/2023\/07\/ar_epoca20230705-1.jpg 700w, https:\/\/www.diario5.com.ar\/wp-content\/uploads\/2023\/07\/ar_epoca20230705-1-233x300.jpg 233w\" sizes=\"(max-width: 700px) 100vw, 700px\" \/><\/p>\n<p><img decoding=\"async\" loading=\"lazy\" class=\"aligncenter size-full wp-image-678614\" src=\"https:\/\/www.diario5.com.ar\/wp-content\/uploads\/2023\/07\/ar_elsol20230705.jpg\" width=\"700\" height=\"724\" srcset=\"https:\/\/www.diario5.com.ar\/wp-content\/uploads\/2023\/07\/ar_elsol20230705.jpg 700w, https:\/\/www.diario5.com.ar\/wp-content\/uploads\/2023\/07\/ar_elsol20230705-290x300.jpg 290w\" sizes=\"(max-width: 700px) 100vw, 700px\" \/><\/p>\n<p>&nbsp;<\/p>","protected":false},"excerpt":{"rendered":"<p>Al coincidir con la celebraci\u00f3n de los 40 a\u00f1os del regreso definitivo de la Democracia en la Argentina, el Festival de Cine de Mar del Plata tendr\u00e1 una edici\u00f3n especial. Ser\u00e1 entre el jueves 2 y el domingo 12 de noviembre. Para el evento ser\u00e1 la edici\u00f3n n\u00famero 38. El Banco Naci\u00f3n ser\u00e1 patrocinador. &nbsp;<\/p>","protected":false},"author":13,"featured_media":678561,"comment_status":"open","ping_status":"open","sticky":false,"template":"","format":"standard","meta":[],"categories":[5,81,56],"tags":[],"series":[],"_links":{"self":[{"href":"https:\/\/www.diario5.com.ar\/es\/wp-json\/wp\/v2\/posts\/675296"}],"collection":[{"href":"https:\/\/www.diario5.com.ar\/es\/wp-json\/wp\/v2\/posts"}],"about":[{"href":"https:\/\/www.diario5.com.ar\/es\/wp-json\/wp\/v2\/types\/post"}],"author":[{"embeddable":true,"href":"https:\/\/www.diario5.com.ar\/es\/wp-json\/wp\/v2\/users\/13"}],"replies":[{"embeddable":true,"href":"https:\/\/www.diario5.com.ar\/es\/wp-json\/wp\/v2\/comments?post=675296"}],"version-history":[{"count":3,"href":"https:\/\/www.diario5.com.ar\/es\/wp-json\/wp\/v2\/posts\/675296\/revisions"}],"predecessor-version":[{"id":678615,"href":"https:\/\/www.diario5.com.ar\/es\/wp-json\/wp\/v2\/posts\/675296\/revisions\/678615"}],"wp:featuredmedia":[{"embeddable":true,"href":"https:\/\/www.diario5.com.ar\/es\/wp-json\/wp\/v2\/media\/678561"}],"wp:attachment":[{"href":"https:\/\/www.diario5.com.ar\/es\/wp-json\/wp\/v2\/media?parent=675296"}],"wp:term":[{"taxonomy":"category","embeddable":true,"href":"https:\/\/www.diario5.com.ar\/es\/wp-json\/wp\/v2\/categories?post=675296"},{"taxonomy":"post_tag","embeddable":true,"href":"https:\/\/www.diario5.com.ar\/es\/wp-json\/wp\/v2\/tags?post=675296"},{"taxonomy":"series","embeddable":true,"href":"https:\/\/www.diario5.com.ar\/es\/wp-json\/wp\/v2\/series?post=675296"}],"curies":[{"name":"wp","href":"https:\/\/api.w.org\/{rel}","templated":true}]}}