{"id":675282,"date":"2023-06-21T06:50:00","date_gmt":"2023-06-21T09:50:00","guid":{"rendered":"http:\/\/diario5.com.ar\/?p=675282"},"modified":"2023-06-21T06:53:18","modified_gmt":"2023-06-21T09:53:18","slug":"675282","status":"publish","type":"post","link":"https:\/\/www.diario5.com.ar\/es\/675282\/","title":{"rendered":"Invierno: Buenos Aires siempre es una buena idea"},"content":{"rendered":"<h2 class=\"sub-title-primary\">Arranca el invierno y tenemos la sensaci\u00f3n de que algo est\u00e1 fallando en esto de recibir turismo con nuestra moneda tan devaluada. Deber\u00edamos ser ultrainvadidos. Sin embargo, la sensaci\u00f3n es de que nos visitan s\u00f3lo uruguayos y chilenos para vaciar supermercados y nada m\u00e1s. Revisamos las recomendaciones de Sol Salute para viajar a nuestro pa\u00eds durante esta \u00e9poca del a\u00f1o. El resultado aparenta ser positivo. <\/h2> <p><img decoding=\"async\" loading=\"lazy\" class=\"aligncenter size-full wp-image-678122\" src=\"https:\/\/www.diario5.com.ar\/wp-content\/uploads\/2023\/06\/acc-INVIERNO20230621.jpg\" width=\"602\" height=\"338\" srcset=\"https:\/\/www.diario5.com.ar\/wp-content\/uploads\/2023\/06\/acc-INVIERNO20230621.jpg 602w, https:\/\/www.diario5.com.ar\/wp-content\/uploads\/2023\/06\/acc-INVIERNO20230621-300x168.jpg 300w\" sizes=\"(max-width: 602px) 100vw, 602px\" \/><\/p>\n<p>En casi todo el mundo creemos que las vacaciones de verano son el mejor momento para viajar. Los chicos no van a la escuela y la vida en general se hace m\u00e1s tranquila.<br \/>\nY todos quieren un hermoso clima soleado cuando viajan, \u00bfno?<br \/>\nPor lo tanto, cualquier persona que viva en el Hemisferio Norte, tanto sea Europa o Am\u00e9rica del Norte, puede sentirse decepcionada si est\u00e1 planeando sus vacaciones en Argentina para mediados de a\u00f1o. No hay manera de cambiarlo: siempre las Estaciones est\u00e1n intercambiadas con el Hemisferio sur.<br \/>\nLas vacaciones de julio en la playa se convertir\u00edan, de repente, en una escapada de invierno,<br \/>\n\u00bfVale la pena para un europeo hacer turismo en la Argentina en invierno?<br \/>\nPor supuesto.<br \/>\nInvierno en Buenos Aires y toda la Argentina<br \/>\nPuede que al principio no creas que el invierno en la Argentina (junio a septiembre) puede ser el mejor momento para viajar. Pero si sabes d\u00f3nde buscar, definitivamente lo es.<\/p>\n<p><strong>Buenos Aires siempre es una buena idea.<\/strong><\/p>\n<p>Si bien es cierto que el invierno no es el momento m\u00e1s hermoso para ver la ciudad m\u00e1s grande de Argentina, a\u00fan encontrar\u00e1 muchas cosas que hacer aqu\u00ed.<br \/>\nEs probable que su vuelo hacia y desde Argentina sea aqu\u00ed, ya sea que vaya a Iguaz\u00fa o a Ushuaia, as\u00ed que aseg\u00farese de pasar al menos unos d\u00edas en la ciudad.<br \/>\nEl invierno en Buenos Aires no es demasiado fr\u00edo, pero con la humedad y algunos d\u00edas lluviosos, es una buena idea empacar una chaqueta para la lluvia, una bufanda abrigada y su\u00e9teres.<br \/>\n\u00bfCu\u00e1nto tiempo pasar en Buenos Aires? 3 d\u00edas, m\u00ednimo. 5-6 es ideal si desea realizar excursiones de -por ejemplo- un d\u00eda a Tigre, una estancia o Colonia, en el Uruguay.<br \/>\n<!--googleoff: index--><\/p>\n<p>Pero en la Argentina algo para todos, incluso en invierno.<\/p>\n<hr \/>\n<p>&nbsp;<\/p>\n<p><strong>Comencemos con lo obvio: Cataratas<\/strong><\/p>\n<p>Las <em>Cataratas del Iguaz\u00fa<\/em> est\u00e1n en la lista de deseos de todos y al estar en la jungla, sabes que estar\u00e1s c\u00e1lido aqu\u00ed, incluso en pleno invierno.<br \/>\nCon veranos sofocantes, es ideal visitar Iguaz\u00fa en los meses m\u00e1s fr\u00edos.<br \/>\nComo destino, no requiere demasiado tiempo. Puede incluirlo f\u00e1cilmente en un itinerario con otras 1 o 2 paradas como Buenos Aires y Mendoza.<br \/>\n\u00bfCu\u00e1nto tiempo pasar en Iguaz\u00fa? 2-3 d\u00edas. Pase al menos un d\u00eda en el lado argentino de las cataratas y un segundo d\u00eda en el lado brasile\u00f1o. El lado de Brasil es m\u00e1s peque\u00f1o as\u00ed que comb\u00ednalo con una visita al parque de las aves (entrada a pocos metros del parque de Iguaz\u00fa). Un tercer d\u00eda se puede pasar en un viaje de un d\u00eda a las misiones jesuitas en San Ignacio y las Minas de Wanda.<\/p>\n<p><strong>El noroeste argentino<\/strong><\/p>\n<p>Ver\u00e1 un paisaje impresionante, experimentar\u00e1 pueblos culturales y probar\u00e1 la mejor cocina del pa\u00eds. El hecho de que Salta sea el hogar de la segunda regi\u00f3n vitivin\u00edcola m\u00e1s grande de Argentina, tampoco duele.<br \/>\nAl ser un desierto, los meses de invierno son los m\u00e1s c\u00f3modos para visitar.<br \/>\nLas noches ser\u00e1n fr\u00edas y los d\u00edas c\u00e1lidos y soleados, as\u00ed que empaca capas para estar listo para cualquier cosa.<br \/>\nDebido a sus numerosos recorridos paisaj\u00edsticos y ca\u00f1ones y formaciones \u00e9picas, esta regi\u00f3n se ve mejor con un auto alquilado.<br \/>\nEn invierno, con casi cero lluvias, esta es la mejor \u00e9poca del a\u00f1o para poder conducir con seguridad por caminos de tierra como la ic\u00f3nica Ruta 40 (incluso con los autos de alquiler m\u00e1s peque\u00f1os).<br \/>\n\u00bfCu\u00e1nto tiempo pasar en Salta y Jujuy? Siempre que puedas, m\u00e1s es mejor aqu\u00ed. Con un m\u00ednimo de 3-5 d\u00edas y siendo estrat\u00e9gico en tu planificaci\u00f3n puedes cubrir mucho terreno. Una semana o m\u00e1s es ideal.<\/p>\n<p><strong>Mendoza est\u00e1 al pie de los Andes, \u00bfhar\u00e1 fr\u00edo en invierno? S\u00ed.<\/strong><\/p>\n<p>Pero tambi\u00e9n es uno de los destinos m\u00e1s soleados de Argentina con un clima seco y des\u00e9rtico, por lo que el fr\u00edo puede ser bastante f\u00e1cil de soportar, especialmente con una copa de Malbec en la mano.<br \/>\nVisitar la regi\u00f3n vin\u00edcola de Argentina es una obligaci\u00f3n para los amantes del vino.<br \/>\nCon tres regiones vin\u00edcolas que rodean la ciudad de Mendoza, puedes pasar d\u00edas visitando vi\u00f1edos sin aburrirte nunca.<br \/>\nLas catas de vino en Mendoza son muy asequibles (particularmente en comparaci\u00f3n con los EE. UU. o Europa) con generosos vertidos.<br \/>\nLos almuerzos en bodega son extraordinarios, con maridajes de vino sin fondo y bistecs sacados directamente de sus sue\u00f1os.<br \/>\nLos vi\u00f1edos no ser\u00e1n tan exuberantes en invierno, pero con el fondo escarpado de las monta\u00f1as detr\u00e1s de ellos, no son menos hermosos.<br \/>\n\u00bfCu\u00e1nto tiempo pasar en Mendoza? 3 d\u00edas o m\u00e1s. Si eres un amante del vino, puedes pasar aqu\u00ed todos los d\u00edas que tu itinerario te permita sin aburrirte. Las visitas a las bodegas son mucho m\u00e1s divertidas y bonitas de lo que esperas, no las subestimes. Tambi\u00e9n hay actividades no vitivin\u00edcolas como cabalgatas, estancias, ba\u00f1os termales y m\u00e1s.<\/p>\n<p><strong>Invierno en la Argentina significa esquiar en la Patagonia<\/strong><\/p>\n<p>Siempre es un buen momento para visitar Bariloche, la principal ciudad tur\u00edstica de la Patagonia en el distrito de los lagos.<br \/>\nCerro Catedral es el refugio de esqu\u00ed de Bariloche y es el centro de esqu\u00ed m\u00e1s grande de Sudam\u00e9rica.<br \/>\nTenga mucho cuidado al elegir sus fechas para evitar las vacaciones escolares de invierno de Buenos Aires (ciudad y provincia).<br \/>\nPor lo general, cae alrededor de la \u00faltima quincena de julio ( 17-28 de julio para 2023 ). Estas son las dos semanas de mayor actividad en la temporada de esqu\u00ed de Bariloche.<br \/>\nLos hoteles se llenan, las filas para los remontes pueden llegar a ser intolerablemente largas y los precios est\u00e1n en su punto m\u00e1s alto.<br \/>\nAgosto es temporada media con menos gente y precios m\u00e1s razonables. Las dos primeras semanas de septiembre tienen a\u00fan menos gente y los mejores precios pero con un poco menos de polvo.<\/p>\n<p>\u00bfNo quieres esquiar? No te preocupes, yo tampoco.<br \/>\nHay m\u00e1s para hacer en Bariloche adem\u00e1s de esquiar, con hermosos recorridos panor\u00e1micos en carreteras bien mantenidas, parques nacionales y m\u00e1s.<br \/>\n\u00bfCu\u00e1nto tiempo pasar en Bariloche? 4 como m\u00ednimo y m\u00e1s es mejor si quieres esquiar mucho. El clima es impredecible y es bueno tener algunos d\u00edas libres, por si acaso.<\/p>\n<p><strong>Lobos marinos sobre una roca<\/strong><br \/>\nLos amantes de la vida silvestre deben ir directamente a Pen\u00ednsula Vald\u00e9s<br \/>\nSi desea ver la vida silvestre en la Argentina , el invierno es un excelente momento para visitar los destinos de vida silvestre marina m\u00e1s importantes de la Patagonia, Puerto Madryn.<br \/>\nEn junio, las ballenas francas australes comienzan a regresar aqu\u00ed para tener sus cr\u00edas.<br \/>\nTambi\u00e9n ver\u00e1 lobos marinos, elefantes marinos y otros animales salvajes de la Patagonia, como guanacos, maras, zorros grises y armadillos peludos.<\/p>\n<p>A partir de septiembre podr\u00e1s ver ping\u00fcinos.<br \/>\nPuerto Madryn es la ciudad m\u00e1s grande. Puede usarlo como base para una serie de excursiones de un d\u00eda.<br \/>\nSi puede alquilar un autom\u00f3vil, lo cual recomiendo encarecidamente, use Puerto Pir\u00e1mides directamente en la pen\u00ednsula como su base. Es m\u00e1s peque\u00f1o, m\u00e1s encantador y m\u00e1s cercano a la acci\u00f3n.<br \/>\nAl hospedarse aqu\u00ed, estar\u00e1 justo dentro de la reserva natural con la vida salvaje literalmente a la vuelta de la esquina.<br \/>\n\u00a1Desde nuestra cama en el Oc\u00e9ano Patagonia pudimos observar y escuchar a las ballenas desde nuestras camas!<br \/>\n\u00bfCu\u00e1nto tiempo pasar en Puerto Madryn? Al menos 3 d\u00edas. La pen\u00ednsula de Vald\u00e9s se puede ver en un d\u00eda a toda prisa, pero dos es ideal para ir a un ritmo m\u00e1s relajado. Un tercer d\u00eda se puede pasar en una estancia o hacer snorkel con lobos marinos, entre otras actividades.<\/p>\n<p><strong>Peque\u00f1os barcos de pesca y grandes cruceros en la bah\u00eda de Ushuaia<\/strong><\/p>\n<p>Ushuaia es un hermoso destino en invierno para los amantes de la nieve<br \/>\nEl invierno en Ushuaia, la ciudad m\u00e1s austral de Am\u00e9rica, puede no parecer un destino invernal obvio en Argentina (hace FR\u00cdO), pero es realmente un para\u00edso invernal.<br \/>\nCuenta con su propio centro de esqu\u00ed, Cerro Castor. Es m\u00e1s peque\u00f1o que el Cerro Catedral pero a\u00fan tiene mucho que ofrecer a los amantes de los deportes de invierno.<br \/>\nTambi\u00e9n puede ir en trineo tirado por perros, caminar con raquetas de nieve y hacer senderismo.<br \/>\nLas excursiones en bote por el Canal Beagle son ideales en invierno, cuando el agua est\u00e1 m\u00e1s quieta. Lo que est\u00e1 picado en el verano se convierte en un espejo inm\u00f3vil en los meses de invierno.<br \/>\nComidas contundentes como el guiso de lentejas en Ramos Generales El Almac\u00e9n, el cordero y el centollo te entrar\u00e1n en calor despu\u00e9s de una tarde en la nieve.<br \/>\nSi quieres vivir una experiencia invernal \u00fanica, no dudes en ir al sur de Ushuaia. \u00bfCu\u00e1nto tiempo pasar en Ushuaia? 4 d\u00edas, como m\u00ednimo. Una semana es ideal.<\/p>\n<p><!--googleon: index--><br \/>\n<img decoding=\"async\" src=\"https:\/\/img.kiosko.net\/2023\/06\/21\/ar\/ar_capital_rosario.jpg\" \/><\/p>\n<p><img decoding=\"async\" src=\"https:\/\/img.kiosko.net\/2023\/06\/21\/ar\/ar_nueva_provincia.jpg\" \/><\/p>\n<p><img decoding=\"async\" src=\"https:\/\/img.kiosko.net\/2023\/06\/21\/ar\/ar_duplicado.jpg\" \/><\/p>\n<p><img decoding=\"async\" src=\"https:\/\/img.kiosko.net\/2023\/06\/21\/ar\/esquiu.jpg\" \/><\/p>\n<p><img decoding=\"async\" loading=\"lazy\" class=\"aligncenter size-full wp-image-678123\" src=\"https:\/\/www.diario5.com.ar\/wp-content\/uploads\/2023\/06\/ar_diario_norte20230621.jpg\" width=\"700\" height=\"879\" srcset=\"https:\/\/www.diario5.com.ar\/wp-content\/uploads\/2023\/06\/ar_diario_norte20230621.jpg 700w, https:\/\/www.diario5.com.ar\/wp-content\/uploads\/2023\/06\/ar_diario_norte20230621-239x300.jpg 239w\" sizes=\"(max-width: 700px) 100vw, 700px\" \/><\/p>\n<p><img decoding=\"async\" loading=\"lazy\" class=\"aligncenter size-full wp-image-678124\" src=\"https:\/\/www.diario5.com.ar\/wp-content\/uploads\/2023\/06\/voz_chaco20230621.jpg\" width=\"700\" height=\"852\" srcset=\"https:\/\/www.diario5.com.ar\/wp-content\/uploads\/2023\/06\/voz_chaco20230621.jpg 700w, https:\/\/www.diario5.com.ar\/wp-content\/uploads\/2023\/06\/voz_chaco20230621-246x300.jpg 246w\" sizes=\"(max-width: 700px) 100vw, 700px\" \/><\/p>\n<p><img decoding=\"async\" src=\"https:\/\/img.kiosko.net\/2023\/06\/21\/ar\/ar_diario_madryn.jpg\" \/><\/p>\n<p><img decoding=\"async\" src=\"https:\/\/img.kiosko.net\/2023\/06\/21\/ar\/ar_laprensa.jpg\" \/><\/p>\n<p><img decoding=\"async\" loading=\"lazy\" class=\"aligncenter size-full wp-image-678125\" src=\"https:\/\/www.diario5.com.ar\/wp-content\/uploads\/2023\/06\/ar_cronista20230621.jpg\" width=\"700\" height=\"1018\" srcset=\"https:\/\/www.diario5.com.ar\/wp-content\/uploads\/2023\/06\/ar_cronista20230621.jpg 700w, https:\/\/www.diario5.com.ar\/wp-content\/uploads\/2023\/06\/ar_cronista20230621-206x300.jpg 206w\" sizes=\"(max-width: 700px) 100vw, 700px\" \/><\/p>\n<p><img decoding=\"async\" src=\"https:\/\/img.kiosko.net\/2023\/06\/21\/ar\/buenosaires_economico.jpg\" \/><\/p>\n<p><img decoding=\"async\" src=\"https:\/\/img.kiosko.net\/2023\/06\/21\/ar\/ar_perfil.jpg\" \/><\/p>\n<p><img decoding=\"async\" src=\"https:\/\/img.kiosko.net\/2023\/06\/21\/ar\/ar_eldia.jpg\" \/><\/p>\n<p><img decoding=\"async\" loading=\"lazy\" class=\"aligncenter size-full wp-image-678126\" src=\"https:\/\/www.diario5.com.ar\/wp-content\/uploads\/2023\/06\/ar_hoy20230621.jpg\" width=\"700\" height=\"923\" srcset=\"https:\/\/www.diario5.com.ar\/wp-content\/uploads\/2023\/06\/ar_hoy20230621.jpg 700w, https:\/\/www.diario5.com.ar\/wp-content\/uploads\/2023\/06\/ar_hoy20230621-228x300.jpg 228w\" sizes=\"(max-width: 700px) 100vw, 700px\" \/><\/p>\n<p><img decoding=\"async\" src=\"https:\/\/img.kiosko.net\/2023\/06\/21\/ar\/ar_democracia.jpg\" \/><\/p>\n<p><img decoding=\"async\" loading=\"lazy\" class=\"aligncenter size-full wp-image-678127\" src=\"https:\/\/www.diario5.com.ar\/wp-content\/uploads\/2023\/06\/ar_chubut20230621.jpg\" width=\"700\" height=\"901\" srcset=\"https:\/\/www.diario5.com.ar\/wp-content\/uploads\/2023\/06\/ar_chubut20230621.jpg 700w, https:\/\/www.diario5.com.ar\/wp-content\/uploads\/2023\/06\/ar_chubut20230621-233x300.jpg 233w\" sizes=\"(max-width: 700px) 100vw, 700px\" \/><\/p>\n<p><img decoding=\"async\" loading=\"lazy\" class=\"aligncenter size-full wp-image-678128\" src=\"https:\/\/www.diario5.com.ar\/wp-content\/uploads\/2023\/06\/ar_epoca20230621.jpg\" width=\"700\" height=\"907\" srcset=\"https:\/\/www.diario5.com.ar\/wp-content\/uploads\/2023\/06\/ar_epoca20230621.jpg 700w, https:\/\/www.diario5.com.ar\/wp-content\/uploads\/2023\/06\/ar_epoca20230621-232x300.jpg 232w\" sizes=\"(max-width: 700px) 100vw, 700px\" \/><\/p>\n<p><img decoding=\"async\" loading=\"lazy\" class=\"aligncenter size-full wp-image-678129\" src=\"https:\/\/www.diario5.com.ar\/wp-content\/uploads\/2023\/06\/ar_litoral20230621.jpg\" width=\"700\" height=\"907\" srcset=\"https:\/\/www.diario5.com.ar\/wp-content\/uploads\/2023\/06\/ar_litoral20230621.jpg 700w, https:\/\/www.diario5.com.ar\/wp-content\/uploads\/2023\/06\/ar_litoral20230621-232x300.jpg 232w\" sizes=\"(max-width: 700px) 100vw, 700px\" \/><\/p>\n<p><img decoding=\"async\" src=\"https:\/\/img.kiosko.net\/2023\/06\/21\/ar\/ar_heraldo.jpg\" \/><\/p>\n<p><img decoding=\"async\" src=\"https:\/\/img.kiosko.net\/2023\/06\/21\/ar\/ar_manana_formosa.jpg\" \/><\/p>\n<p><img decoding=\"async\" src=\"https:\/\/img.kiosko.net\/2023\/06\/21\/ar\/ar_diario_pampa.jpg\" \/><\/p>\n<p><img decoding=\"async\" src=\"https:\/\/img.kiosko.net\/2023\/06\/21\/ar\/ar_pagina12.jpg\" \/><\/p>\n<p><img decoding=\"async\" src=\"https:\/\/img.kiosko.net\/2023\/06\/21\/ar\/ar_arena.jpg\" \/><\/p>\n<p><img decoding=\"async\" src=\"https:\/\/img.kiosko.net\/2023\/06\/21\/ar\/independiente.jpg\" \/><\/p>\n<p><img decoding=\"async\" src=\"https:\/\/img.kiosko.net\/2023\/06\/21\/ar\/nueva_rioja.jpg\" \/><\/p>\n<p><img decoding=\"async\" loading=\"lazy\" class=\"aligncenter size-full wp-image-678130\" src=\"https:\/\/www.diario5.com.ar\/wp-content\/uploads\/2023\/06\/ar_losandes20230621.jpg\" width=\"700\" height=\"965\" srcset=\"https:\/\/www.diario5.com.ar\/wp-content\/uploads\/2023\/06\/ar_losandes20230621.jpg 700w, https:\/\/www.diario5.com.ar\/wp-content\/uploads\/2023\/06\/ar_losandes20230621-218x300.jpg 218w\" sizes=\"(max-width: 700px) 100vw, 700px\" \/><\/p>\n<p><img decoding=\"async\" src=\"https:\/\/img.kiosko.net\/2023\/06\/21\/ar\/ar_tribuno.jpg\" \/><\/p>\n<p><img decoding=\"async\" src=\"https:\/\/img.kiosko.net\/2023\/06\/21\/ar\/lea.jpg\" \/><\/p>\n<p><img decoding=\"async\" src=\"https:\/\/img.kiosko.net\/2023\/06\/21\/ar\/ar_nuevo_diario.jpg\" \/><\/p>\n<p><img decoding=\"async\" src=\"https:\/\/img.kiosko.net\/2023\/06\/21\/ar\/ar_diario_cuyo.jpg\" \/><\/p>\n<p><img decoding=\"async\" src=\"https:\/\/img.kiosko.net\/2023\/06\/21\/ar\/huarpe.jpg\" \/><\/p>\n<p><img decoding=\"async\" loading=\"lazy\" class=\"aligncenter size-full wp-image-678131\" src=\"https:\/\/www.diario5.com.ar\/wp-content\/uploads\/2023\/06\/ar_diario_republica20230621.jpg\" width=\"700\" height=\"969\" srcset=\"https:\/\/www.diario5.com.ar\/wp-content\/uploads\/2023\/06\/ar_diario_republica20230621.jpg 700w, https:\/\/www.diario5.com.ar\/wp-content\/uploads\/2023\/06\/ar_diario_republica20230621-217x300.jpg 217w\" sizes=\"(max-width: 700px) 100vw, 700px\" \/><\/p>\n<p><img decoding=\"async\" src=\"https:\/\/img.kiosko.net\/2023\/06\/21\/ar\/ar_litoral_sfe.jpg\" \/><\/p>\n<p><img decoding=\"async\" loading=\"lazy\" class=\"aligncenter size-full wp-image-678132\" src=\"https:\/\/www.diario5.com.ar\/wp-content\/uploads\/2023\/06\/ciudadano20230621.jpg\" width=\"700\" height=\"930\" srcset=\"https:\/\/www.diario5.com.ar\/wp-content\/uploads\/2023\/06\/ciudadano20230621.jpg 700w, https:\/\/www.diario5.com.ar\/wp-content\/uploads\/2023\/06\/ciudadano20230621-226x300.jpg 226w\" sizes=\"(max-width: 700px) 100vw, 700px\" \/><\/p>\n<p><img decoding=\"async\" src=\"https:\/\/img.kiosko.net\/2023\/06\/21\/ar\/ar_mirador_provincial.jpg\" \/><\/p>\n<p><img decoding=\"async\" loading=\"lazy\" class=\"aligncenter size-full wp-image-678133\" src=\"https:\/\/www.diario5.com.ar\/wp-content\/uploads\/2023\/06\/ar_gaceta20230621.jpg\" width=\"700\" height=\"1160\" srcset=\"https:\/\/www.diario5.com.ar\/wp-content\/uploads\/2023\/06\/ar_gaceta20230621.jpg 700w, https:\/\/www.diario5.com.ar\/wp-content\/uploads\/2023\/06\/ar_gaceta20230621-181x300.jpg 181w, https:\/\/www.diario5.com.ar\/wp-content\/uploads\/2023\/06\/ar_gaceta20230621-618x1024.jpg 618w\" sizes=\"(max-width: 700px) 100vw, 700px\" \/><\/p>\n<p><img decoding=\"async\" src=\"https:\/\/img.kiosko.net\/2023\/06\/21\/ar\/ar_cronica.jpg\" \/><\/p>\n<p><img decoding=\"async\" loading=\"lazy\" class=\"aligncenter size-full wp-image-678134\" src=\"https:\/\/www.diario5.com.ar\/wp-content\/uploads\/2023\/06\/ar_clarin20230621.jpg\" width=\"700\" height=\"970\" srcset=\"https:\/\/www.diario5.com.ar\/wp-content\/uploads\/2023\/06\/ar_clarin20230621.jpg 700w, https:\/\/www.diario5.com.ar\/wp-content\/uploads\/2023\/06\/ar_clarin20230621-216x300.jpg 216w\" sizes=\"(max-width: 700px) 100vw, 700px\" \/><\/p>\n<p><img decoding=\"async\" loading=\"lazy\" class=\"aligncenter size-full wp-image-678135\" src=\"https:\/\/www.diario5.com.ar\/wp-content\/uploads\/2023\/06\/nacion20230621.jpg\" width=\"699\" height=\"1059\" srcset=\"https:\/\/www.diario5.com.ar\/wp-content\/uploads\/2023\/06\/nacion20230621.jpg 699w, https:\/\/www.diario5.com.ar\/wp-content\/uploads\/2023\/06\/nacion20230621-198x300.jpg 198w, https:\/\/www.diario5.com.ar\/wp-content\/uploads\/2023\/06\/nacion20230621-676x1024.jpg 676w\" sizes=\"(max-width: 699px) 100vw, 699px\" \/><\/p>\n<p><img decoding=\"async\" src=\"https:\/\/img.kiosko.net\/2023\/06\/21\/ar\/ar_eco.jpg\" \/><\/p>\n<p><img decoding=\"async\" loading=\"lazy\" class=\"aligncenter size-full wp-image-678136\" src=\"https:\/\/www.diario5.com.ar\/wp-content\/uploads\/2023\/06\/nuevo_diario20230621.jpg\" width=\"700\" height=\"1047\" srcset=\"https:\/\/www.diario5.com.ar\/wp-content\/uploads\/2023\/06\/nuevo_diario20230621.jpg 700w, https:\/\/www.diario5.com.ar\/wp-content\/uploads\/2023\/06\/nuevo_diario20230621-201x300.jpg 201w, https:\/\/www.diario5.com.ar\/wp-content\/uploads\/2023\/06\/nuevo_diario20230621-685x1024.jpg 685w\" sizes=\"(max-width: 700px) 100vw, 700px\" \/><\/p>\n<p><img decoding=\"async\" src=\"https:\/\/img.kiosko.net\/2023\/06\/21\/ar\/sureno.jpg\" \/><\/p>\n<p><img decoding=\"async\" src=\"https:\/\/img.kiosko.net\/2023\/06\/21\/ar\/ar_duplicado.jpg\" \/><\/p>\n<p><img decoding=\"async\" loading=\"lazy\" class=\"aligncenter size-full wp-image-678137\" src=\"https:\/\/www.diario5.com.ar\/wp-content\/uploads\/2023\/06\/tiempo_sur20230621.jpg\" width=\"700\" height=\"957\" srcset=\"https:\/\/www.diario5.com.ar\/wp-content\/uploads\/2023\/06\/tiempo_sur20230621.jpg 700w, https:\/\/www.diario5.com.ar\/wp-content\/uploads\/2023\/06\/tiempo_sur20230621-219x300.jpg 219w\" sizes=\"(max-width: 700px) 100vw, 700px\" \/><\/p>\n<p><img decoding=\"async\" src=\"https:\/\/img.kiosko.net\/2023\/06\/21\/ar\/ar\/tiempo_argentino.jpg\" \/><\/p>\n<p><img decoding=\"async\" loading=\"lazy\" class=\"aligncenter size-full wp-image-678128\" src=\"https:\/\/www.diario5.com.ar\/wp-content\/uploads\/2023\/06\/ar_epoca20230621.jpg\" width=\"700\" height=\"907\" srcset=\"https:\/\/www.diario5.com.ar\/wp-content\/uploads\/2023\/06\/ar_epoca20230621.jpg 700w, https:\/\/www.diario5.com.ar\/wp-content\/uploads\/2023\/06\/ar_epoca20230621-232x300.jpg 232w\" sizes=\"(max-width: 700px) 100vw, 700px\" \/><\/p>\n<p><img decoding=\"async\" src=\"https:\/\/img.kiosko.net\/2023\/06\/21\/ar\/ar_elsol.jpg\" \/><\/p>\n<p><img decoding=\"async\" loading=\"lazy\" class=\"aligncenter size-full wp-image-678139\" src=\"https:\/\/www.diario5.com.ar\/wp-content\/uploads\/2023\/06\/ar_capital_rosario20230621.jpg\" width=\"700\" height=\"922\" srcset=\"https:\/\/www.diario5.com.ar\/wp-content\/uploads\/2023\/06\/ar_capital_rosario20230621.jpg 700w, https:\/\/www.diario5.com.ar\/wp-content\/uploads\/2023\/06\/ar_capital_rosario20230621-228x300.jpg 228w\" sizes=\"(max-width: 700px) 100vw, 700px\" \/><\/p>\n<p><img decoding=\"async\" src=\"https:\/\/img.kiosko.net\/2023\/06\/21\/ar\/ar_rio_negro.jpg\" \/><\/p>\n<p><img decoding=\"async\" src=\"https:\/\/img.kiosko.net\/2023\/06\/21\/ar\/ar_03.jpg\" \/><\/p>\n<p><img decoding=\"async\" src=\"https:\/\/img.kiosko.net\/2023\/06\/21\/ar\/ar_04.jpg\" \/><\/p>\n<p><img decoding=\"async\" src=\"https:\/\/img.kiosko.net\/2023\/06\/21\/ar\/ar_05.jpg\" \/><\/p>\n<h6 style=\"text-align: right\">Roger Hamilton &#8211;\u00a0Diario 5\/ Turismo<\/h6>","protected":false},"excerpt":{"rendered":"<p>Arranca el invierno y tenemos la sensaci\u00f3n de que algo est\u00e1 fallando en esto de recibir turismo con nuestra moneda tan devaluada. Deber\u00edamos ser ultrainvadidos. Sin embargo, la sensaci\u00f3n es de que nos visitan s\u00f3lo uruguayos y chilenos para vaciar supermercados y nada m\u00e1s. Revisamos las recomendaciones de Sol Salute para viajar a nuestro pa\u00eds [&hellip;]<\/p>","protected":false},"author":14,"featured_media":678122,"comment_status":"open","ping_status":"open","sticky":false,"template":"","format":"standard","meta":[],"categories":[97,56,51],"tags":[126,474,537],"series":[],"_links":{"self":[{"href":"https:\/\/www.diario5.com.ar\/es\/wp-json\/wp\/v2\/posts\/675282"}],"collection":[{"href":"https:\/\/www.diario5.com.ar\/es\/wp-json\/wp\/v2\/posts"}],"about":[{"href":"https:\/\/www.diario5.com.ar\/es\/wp-json\/wp\/v2\/types\/post"}],"author":[{"embeddable":true,"href":"https:\/\/www.diario5.com.ar\/es\/wp-json\/wp\/v2\/users\/14"}],"replies":[{"embeddable":true,"href":"https:\/\/www.diario5.com.ar\/es\/wp-json\/wp\/v2\/comments?post=675282"}],"version-history":[{"count":4,"href":"https:\/\/www.diario5.com.ar\/es\/wp-json\/wp\/v2\/posts\/675282\/revisions"}],"predecessor-version":[{"id":678077,"href":"https:\/\/www.diario5.com.ar\/es\/wp-json\/wp\/v2\/posts\/675282\/revisions\/678077"}],"wp:featuredmedia":[{"embeddable":true,"href":"https:\/\/www.diario5.com.ar\/es\/wp-json\/wp\/v2\/media\/678122"}],"wp:attachment":[{"href":"https:\/\/www.diario5.com.ar\/es\/wp-json\/wp\/v2\/media?parent=675282"}],"wp:term":[{"taxonomy":"category","embeddable":true,"href":"https:\/\/www.diario5.com.ar\/es\/wp-json\/wp\/v2\/categories?post=675282"},{"taxonomy":"post_tag","embeddable":true,"href":"https:\/\/www.diario5.com.ar\/es\/wp-json\/wp\/v2\/tags?post=675282"},{"taxonomy":"series","embeddable":true,"href":"https:\/\/www.diario5.com.ar\/es\/wp-json\/wp\/v2\/series?post=675282"}],"curies":[{"name":"wp","href":"https:\/\/api.w.org\/{rel}","templated":true}]}}