{"id":675279,"date":"2023-06-18T06:50:00","date_gmt":"2023-06-18T09:50:00","guid":{"rendered":"http:\/\/diario5.com.ar\/?p=675279"},"modified":"2023-06-18T11:52:03","modified_gmt":"2023-06-18T14:52:03","slug":"675279","status":"publish","type":"post","link":"https:\/\/www.diario5.com.ar\/es\/675279\/","title":{"rendered":"Demasiado fr\u00edo: Llamar al 108"},"content":{"rendered":"<h2 class=\"sub-title-primary\">Es para asistir a necesitados. Cada vez se observan m\u00e1s hombres y mujeres de cualquier edad sobreviviendo en las calles porte\u00f1as. Son d\u00edas fr\u00edos. Es necesario que estemos atentos y no dudemos en dar aviso a la L\u00ednea 108, para activar el protocolo que los asista en la emergencia por bajas temperaturas. <\/h2> <figure id=\"attachment_677983\" aria-describedby=\"caption-attachment-677983\" style=\"width: 1280px\" class=\"wp-caption alignnone\"><img decoding=\"async\" loading=\"lazy\" class=\"wp-image-677983 size-full\" src=\"https:\/\/www.diario5.com.ar\/wp-content\/uploads\/2023\/06\/WhatsApp-Image-2023-06-14-at-16.20.50.jpeg\" alt=\"\" width=\"1280\" height=\"720\" srcset=\"https:\/\/www.diario5.com.ar\/wp-content\/uploads\/2023\/06\/WhatsApp-Image-2023-06-14-at-16.20.50.jpeg 1280w, https:\/\/www.diario5.com.ar\/wp-content\/uploads\/2023\/06\/WhatsApp-Image-2023-06-14-at-16.20.50-300x169.jpeg 300w, https:\/\/www.diario5.com.ar\/wp-content\/uploads\/2023\/06\/WhatsApp-Image-2023-06-14-at-16.20.50-1024x576.jpeg 1024w, https:\/\/www.diario5.com.ar\/wp-content\/uploads\/2023\/06\/WhatsApp-Image-2023-06-14-at-16.20.50-768x432.jpeg 768w\" sizes=\"(max-width: 1280px) 100vw, 1280px\" \/><figcaption id=\"caption-attachment-677983\" class=\"wp-caption-text\">El utilitario del Servicio 108 \/ Programa BAP, llega a la esquina de Av Independencia y Rinc\u00f3n para asistir a una persona en situaci\u00f3n de calle<\/figcaption><\/figure>\n<p><!--googleoff: index--><a href=\"https:\/\/www.diario5.com.ar\/es\/636639\/\">Tal como lo plante\u00e1ramos hace unos pocos d\u00edas<\/a>, los d\u00edas y noches de fr\u00edo se hacen notar en junio. Y lo seguir\u00e1n haciendo el pr\u00f3ximo mes. La imagen que vemos corresponde el momento en que el servicio de asistencia a las personas que viven a la intemperie en la Ciudad de Buenos Aires se acerca a un joven que durante estos d\u00edas duerme en la esquina de Independencia y Rinc\u00f3n, con la sola protecci\u00f3n de una construcci\u00f3n saliente en la ochava de la construcci\u00f3n del Colegio Nuestra Se\u00f1ora del Huerto.<\/p>\n<p>El gobierno porte\u00f1o lo identifica como Programa \u00abBuenos Aires Presente\u00bb.<\/p>\n<p>Son muchas personas las que se encuentran en esta situaci\u00f3n. Por eso, insistimos en la necesidad de que todos estemos atentos al momento en que creemos necesario realizar una llamada al 108.<\/p>\n<p>&nbsp;<\/p>\n<p><img decoding=\"async\" loading=\"lazy\" class=\"aligncenter size-full wp-image-678032\" src=\"https:\/\/www.diario5.com.ar\/wp-content\/uploads\/2023\/06\/ar_ancasti20230618.jpg\" width=\"700\" height=\"928\" srcset=\"https:\/\/www.diario5.com.ar\/wp-content\/uploads\/2023\/06\/ar_ancasti20230618.jpg 700w, https:\/\/www.diario5.com.ar\/wp-content\/uploads\/2023\/06\/ar_ancasti20230618-226x300.jpg 226w\" sizes=\"(max-width: 700px) 100vw, 700px\" \/><\/p>\n<p><img decoding=\"async\" loading=\"lazy\" class=\"aligncenter size-full wp-image-678033\" src=\"https:\/\/www.diario5.com.ar\/wp-content\/uploads\/2023\/06\/ar_diario_norte20230618.jpg\" width=\"700\" height=\"883\" srcset=\"https:\/\/www.diario5.com.ar\/wp-content\/uploads\/2023\/06\/ar_diario_norte20230618.jpg 700w, https:\/\/www.diario5.com.ar\/wp-content\/uploads\/2023\/06\/ar_diario_norte20230618-238x300.jpg 238w\" sizes=\"(max-width: 700px) 100vw, 700px\" \/><\/p>\n<p><img decoding=\"async\" loading=\"lazy\" class=\"aligncenter size-full wp-image-678034\" src=\"https:\/\/www.diario5.com.ar\/wp-content\/uploads\/2023\/06\/voz_chaco20230618.jpg\" width=\"700\" height=\"816\" srcset=\"https:\/\/www.diario5.com.ar\/wp-content\/uploads\/2023\/06\/voz_chaco20230618.jpg 700w, https:\/\/www.diario5.com.ar\/wp-content\/uploads\/2023\/06\/voz_chaco20230618-257x300.jpg 257w\" sizes=\"(max-width: 700px) 100vw, 700px\" \/><\/p>\n<p><img decoding=\"async\" loading=\"lazy\" class=\"aligncenter size-full wp-image-678049\" src=\"https:\/\/www.diario5.com.ar\/wp-content\/uploads\/2023\/06\/ar_eldia20230618.jpg\" width=\"700\" height=\"1041\" srcset=\"https:\/\/www.diario5.com.ar\/wp-content\/uploads\/2023\/06\/ar_eldia20230618.jpg 700w, https:\/\/www.diario5.com.ar\/wp-content\/uploads\/2023\/06\/ar_eldia20230618-202x300.jpg 202w, https:\/\/www.diario5.com.ar\/wp-content\/uploads\/2023\/06\/ar_eldia20230618-689x1024.jpg 689w\" sizes=\"(max-width: 700px) 100vw, 700px\" \/><\/p>\n<p><img decoding=\"async\" loading=\"lazy\" class=\"aligncenter size-full wp-image-678035\" src=\"https:\/\/www.diario5.com.ar\/wp-content\/uploads\/2023\/06\/ar_hoy20230618.jpg\" width=\"700\" height=\"920\" srcset=\"https:\/\/www.diario5.com.ar\/wp-content\/uploads\/2023\/06\/ar_hoy20230618.jpg 700w, https:\/\/www.diario5.com.ar\/wp-content\/uploads\/2023\/06\/ar_hoy20230618-228x300.jpg 228w\" sizes=\"(max-width: 700px) 100vw, 700px\" \/><\/p>\n<p><img decoding=\"async\" loading=\"lazy\" class=\"aligncenter size-full wp-image-678036\" src=\"https:\/\/www.diario5.com.ar\/wp-content\/uploads\/2023\/06\/ar_chubut20230618.jpg\" width=\"700\" height=\"899\" srcset=\"https:\/\/www.diario5.com.ar\/wp-content\/uploads\/2023\/06\/ar_chubut20230618.jpg 700w, https:\/\/www.diario5.com.ar\/wp-content\/uploads\/2023\/06\/ar_chubut20230618-234x300.jpg 234w\" sizes=\"(max-width: 700px) 100vw, 700px\" \/><\/p>\n<p><img decoding=\"async\" loading=\"lazy\" class=\"aligncenter size-full wp-image-678037\" src=\"https:\/\/www.diario5.com.ar\/wp-content\/uploads\/2023\/06\/ar_epoca20230618.jpg\" width=\"700\" height=\"910\" srcset=\"https:\/\/www.diario5.com.ar\/wp-content\/uploads\/2023\/06\/ar_epoca20230618.jpg 700w, https:\/\/www.diario5.com.ar\/wp-content\/uploads\/2023\/06\/ar_epoca20230618-231x300.jpg 231w\" sizes=\"(max-width: 700px) 100vw, 700px\" \/><\/p>\n<p><img decoding=\"async\" loading=\"lazy\" class=\"aligncenter size-full wp-image-678038\" src=\"https:\/\/www.diario5.com.ar\/wp-content\/uploads\/2023\/06\/ar_litoral20230618.jpg\" width=\"700\" height=\"910\" srcset=\"https:\/\/www.diario5.com.ar\/wp-content\/uploads\/2023\/06\/ar_litoral20230618.jpg 700w, https:\/\/www.diario5.com.ar\/wp-content\/uploads\/2023\/06\/ar_litoral20230618-231x300.jpg 231w\" sizes=\"(max-width: 700px) 100vw, 700px\" \/><\/p>\n<p><img decoding=\"async\" loading=\"lazy\" class=\"aligncenter size-full wp-image-678039\" src=\"https:\/\/www.diario5.com.ar\/wp-content\/uploads\/2023\/06\/ar_losandes20230618.jpg\" width=\"700\" height=\"966\" srcset=\"https:\/\/www.diario5.com.ar\/wp-content\/uploads\/2023\/06\/ar_losandes20230618.jpg 700w, https:\/\/www.diario5.com.ar\/wp-content\/uploads\/2023\/06\/ar_losandes20230618-217x300.jpg 217w\" sizes=\"(max-width: 700px) 100vw, 700px\" \/><\/p>\n<p><img decoding=\"async\" loading=\"lazy\" class=\"aligncenter size-full wp-image-678040\" src=\"https:\/\/www.diario5.com.ar\/wp-content\/uploads\/2023\/06\/ar_tribuno20230618.jpg\" width=\"700\" height=\"927\" srcset=\"https:\/\/www.diario5.com.ar\/wp-content\/uploads\/2023\/06\/ar_tribuno20230618.jpg 700w, https:\/\/www.diario5.com.ar\/wp-content\/uploads\/2023\/06\/ar_tribuno20230618-227x300.jpg 227w\" sizes=\"(max-width: 700px) 100vw, 700px\" \/><\/p>\n<p><img decoding=\"async\" loading=\"lazy\" class=\"aligncenter size-full wp-image-678050\" src=\"https:\/\/www.diario5.com.ar\/wp-content\/uploads\/2023\/06\/ar_diario_cuyo20230618.jpg\" width=\"700\" height=\"1052\" srcset=\"https:\/\/www.diario5.com.ar\/wp-content\/uploads\/2023\/06\/ar_diario_cuyo20230618.jpg 700w, https:\/\/www.diario5.com.ar\/wp-content\/uploads\/2023\/06\/ar_diario_cuyo20230618-200x300.jpg 200w, https:\/\/www.diario5.com.ar\/wp-content\/uploads\/2023\/06\/ar_diario_cuyo20230618-681x1024.jpg 681w\" sizes=\"(max-width: 700px) 100vw, 700px\" \/><\/p>\n<p><img decoding=\"async\" loading=\"lazy\" class=\"aligncenter size-full wp-image-678041\" src=\"https:\/\/www.diario5.com.ar\/wp-content\/uploads\/2023\/06\/ar_diario_republica20230618.jpg\" width=\"700\" height=\"960\" srcset=\"https:\/\/www.diario5.com.ar\/wp-content\/uploads\/2023\/06\/ar_diario_republica20230618.jpg 700w, https:\/\/www.diario5.com.ar\/wp-content\/uploads\/2023\/06\/ar_diario_republica20230618-219x300.jpg 219w\" sizes=\"(max-width: 700px) 100vw, 700px\" \/><\/p>\n<p><img decoding=\"async\" loading=\"lazy\" class=\"aligncenter size-full wp-image-678051\" src=\"https:\/\/www.diario5.com.ar\/wp-content\/uploads\/2023\/06\/ar_litoral_sfe20230618.jpg\" width=\"700\" height=\"944\" srcset=\"https:\/\/www.diario5.com.ar\/wp-content\/uploads\/2023\/06\/ar_litoral_sfe20230618.jpg 700w, https:\/\/www.diario5.com.ar\/wp-content\/uploads\/2023\/06\/ar_litoral_sfe20230618-222x300.jpg 222w\" sizes=\"(max-width: 700px) 100vw, 700px\" \/><\/p>\n<p><img decoding=\"async\" loading=\"lazy\" class=\"aligncenter size-full wp-image-678052\" src=\"https:\/\/www.diario5.com.ar\/wp-content\/uploads\/2023\/06\/ar_mirador_provincial20230618.jpg\" width=\"700\" height=\"940\" srcset=\"https:\/\/www.diario5.com.ar\/wp-content\/uploads\/2023\/06\/ar_mirador_provincial20230618.jpg 700w, https:\/\/www.diario5.com.ar\/wp-content\/uploads\/2023\/06\/ar_mirador_provincial20230618-223x300.jpg 223w\" sizes=\"(max-width: 700px) 100vw, 700px\" \/><\/p>\n<p><img decoding=\"async\" loading=\"lazy\" class=\"aligncenter size-full wp-image-678042\" src=\"https:\/\/www.diario5.com.ar\/wp-content\/uploads\/2023\/06\/ar_gaceta20230618.jpg\" width=\"700\" height=\"1150\" srcset=\"https:\/\/www.diario5.com.ar\/wp-content\/uploads\/2023\/06\/ar_gaceta20230618.jpg 700w, https:\/\/www.diario5.com.ar\/wp-content\/uploads\/2023\/06\/ar_gaceta20230618-183x300.jpg 183w, https:\/\/www.diario5.com.ar\/wp-content\/uploads\/2023\/06\/ar_gaceta20230618-623x1024.jpg 623w\" sizes=\"(max-width: 700px) 100vw, 700px\" \/><\/p>\n<p><img decoding=\"async\" loading=\"lazy\" class=\"aligncenter size-full wp-image-678043\" src=\"https:\/\/www.diario5.com.ar\/wp-content\/uploads\/2023\/06\/ar_clarin20230618.jpg\" width=\"700\" height=\"969\" srcset=\"https:\/\/www.diario5.com.ar\/wp-content\/uploads\/2023\/06\/ar_clarin20230618.jpg 700w, https:\/\/www.diario5.com.ar\/wp-content\/uploads\/2023\/06\/ar_clarin20230618-217x300.jpg 217w\" sizes=\"(max-width: 700px) 100vw, 700px\" \/><\/p>\n<p><img decoding=\"async\" loading=\"lazy\" class=\"aligncenter size-full wp-image-678044\" src=\"https:\/\/www.diario5.com.ar\/wp-content\/uploads\/2023\/06\/nacion20230618.jpg\" width=\"700\" height=\"1051\" srcset=\"https:\/\/www.diario5.com.ar\/wp-content\/uploads\/2023\/06\/nacion20230618.jpg 700w, https:\/\/www.diario5.com.ar\/wp-content\/uploads\/2023\/06\/nacion20230618-200x300.jpg 200w, https:\/\/www.diario5.com.ar\/wp-content\/uploads\/2023\/06\/nacion20230618-682x1024.jpg 682w\" sizes=\"(max-width: 700px) 100vw, 700px\" \/><\/p>\n<p><img decoding=\"async\" loading=\"lazy\" class=\"aligncenter size-full wp-image-678045\" src=\"https:\/\/www.diario5.com.ar\/wp-content\/uploads\/2023\/06\/nuevo_diario20230618.jpg\" width=\"700\" height=\"1047\" srcset=\"https:\/\/www.diario5.com.ar\/wp-content\/uploads\/2023\/06\/nuevo_diario20230618.jpg 700w, https:\/\/www.diario5.com.ar\/wp-content\/uploads\/2023\/06\/nuevo_diario20230618-201x300.jpg 201w, https:\/\/www.diario5.com.ar\/wp-content\/uploads\/2023\/06\/nuevo_diario20230618-685x1024.jpg 685w\" sizes=\"(max-width: 700px) 100vw, 700px\" \/><\/p>\n<p><img decoding=\"async\" loading=\"lazy\" class=\"aligncenter size-full wp-image-678032\" src=\"https:\/\/www.diario5.com.ar\/wp-content\/uploads\/2023\/06\/ar_ancasti20230618.jpg\" width=\"700\" height=\"928\" srcset=\"https:\/\/www.diario5.com.ar\/wp-content\/uploads\/2023\/06\/ar_ancasti20230618.jpg 700w, https:\/\/www.diario5.com.ar\/wp-content\/uploads\/2023\/06\/ar_ancasti20230618-226x300.jpg 226w\" sizes=\"(max-width: 700px) 100vw, 700px\" \/><\/p>\n<p><img decoding=\"async\" loading=\"lazy\" class=\"aligncenter size-full wp-image-678047\" src=\"https:\/\/www.diario5.com.ar\/wp-content\/uploads\/2023\/06\/tiempo_sur20230618.jpg\" width=\"700\" height=\"957\" srcset=\"https:\/\/www.diario5.com.ar\/wp-content\/uploads\/2023\/06\/tiempo_sur20230618.jpg 700w, https:\/\/www.diario5.com.ar\/wp-content\/uploads\/2023\/06\/tiempo_sur20230618-219x300.jpg 219w\" sizes=\"(max-width: 700px) 100vw, 700px\" \/><\/p>\n<p><img decoding=\"async\" loading=\"lazy\" class=\"aligncenter size-full wp-image-678037\" src=\"https:\/\/www.diario5.com.ar\/wp-content\/uploads\/2023\/06\/ar_epoca20230618.jpg\" width=\"700\" height=\"910\" srcset=\"https:\/\/www.diario5.com.ar\/wp-content\/uploads\/2023\/06\/ar_epoca20230618.jpg 700w, https:\/\/www.diario5.com.ar\/wp-content\/uploads\/2023\/06\/ar_epoca20230618-231x300.jpg 231w\" sizes=\"(max-width: 700px) 100vw, 700px\" \/><\/p>\n<p>&nbsp;<\/p>","protected":false},"excerpt":{"rendered":"<p>Es para asistir a necesitados. Cada vez se observan m\u00e1s hombres y mujeres de cualquier edad sobreviviendo en las calles porte\u00f1as. Son d\u00edas fr\u00edos. Es necesario que estemos atentos y no dudemos en dar aviso a la L\u00ednea 108, para activar el protocolo que los asista en la emergencia por bajas temperaturas. Tal como lo [&hellip;]<\/p>","protected":false},"author":1,"featured_media":677983,"comment_status":"open","ping_status":"open","sticky":false,"template":"","format":"standard","meta":[],"categories":[4,48,56],"tags":[474],"series":[],"_links":{"self":[{"href":"https:\/\/www.diario5.com.ar\/es\/wp-json\/wp\/v2\/posts\/675279"}],"collection":[{"href":"https:\/\/www.diario5.com.ar\/es\/wp-json\/wp\/v2\/posts"}],"about":[{"href":"https:\/\/www.diario5.com.ar\/es\/wp-json\/wp\/v2\/types\/post"}],"author":[{"embeddable":true,"href":"https:\/\/www.diario5.com.ar\/es\/wp-json\/wp\/v2\/users\/1"}],"replies":[{"embeddable":true,"href":"https:\/\/www.diario5.com.ar\/es\/wp-json\/wp\/v2\/comments?post=675279"}],"version-history":[{"count":3,"href":"https:\/\/www.diario5.com.ar\/es\/wp-json\/wp\/v2\/posts\/675279\/revisions"}],"predecessor-version":[{"id":678053,"href":"https:\/\/www.diario5.com.ar\/es\/wp-json\/wp\/v2\/posts\/675279\/revisions\/678053"}],"wp:featuredmedia":[{"embeddable":true,"href":"https:\/\/www.diario5.com.ar\/es\/wp-json\/wp\/v2\/media\/677983"}],"wp:attachment":[{"href":"https:\/\/www.diario5.com.ar\/es\/wp-json\/wp\/v2\/media?parent=675279"}],"wp:term":[{"taxonomy":"category","embeddable":true,"href":"https:\/\/www.diario5.com.ar\/es\/wp-json\/wp\/v2\/categories?post=675279"},{"taxonomy":"post_tag","embeddable":true,"href":"https:\/\/www.diario5.com.ar\/es\/wp-json\/wp\/v2\/tags?post=675279"},{"taxonomy":"series","embeddable":true,"href":"https:\/\/www.diario5.com.ar\/es\/wp-json\/wp\/v2\/series?post=675279"}],"curies":[{"name":"wp","href":"https:\/\/api.w.org\/{rel}","templated":true}]}}