{"id":6723,"date":"2019-07-10T05:17:14","date_gmt":"2019-07-10T08:17:14","guid":{"rendered":"http:\/\/diario5.com.ar\/?p=6723"},"modified":"2022-05-07T19:51:02","modified_gmt":"2022-05-07T22:51:02","slug":"flores-en-1904-nale-roxlo-brillante-y-emotivo","status":"publish","type":"post","link":"https:\/\/www.diario5.com.ar\/es\/flores-en-1904-nale-roxlo-brillante-y-emotivo\/","title":{"rendered":"Flores en 1904 &#8211; Nal\u00e9 Roxlo, brillante y emotivo"},"content":{"rendered":"<h2 class=\"sub-title-primary\"><\/h2> <figure id=\"attachment_6724\" aria-describedby=\"caption-attachment-6724\" style=\"width: 112px\" class=\"wp-caption alignright\"><img decoding=\"async\" loading=\"lazy\" class=\"alignnone size-full wp-image-650697\" title=\"Flores en 1904 - Nal\u00e9 Roxlo, brillante y emotivo\" src=\"https:\/\/www.diario5.com.ar\/wp-content\/uploads\/2022\/05\/naleroxlo20220507.jpg\" alt=\"Flores en 1904 - Nal\u00e9 Roxlo, brillante y emotivo\" width=\"112\" height=\"181\" \/><figcaption id=\"caption-attachment-6724\" class=\"wp-caption-text\">Conrado Nal\u00e9 Roxlo<\/figcaption><\/figure>\n<p><em>Hace poco, en el programa Consentidos, de Radio El Mundo, junto a Manuel Corral Vide, habl\u00e1bamos de los libros armados por recopiladores y nos convencimos de que no es sencillo hacer un trabajo de esa categor\u00eda para que al autor no lo terminen tildando de aprovechador, oportunista, especulador y negociante con el trabajo intelectual de otros. <\/em><\/p>\n<p><em>Pero tambi\u00e9n le dimos, en nuestra poco v\u00e1lida consideraci\u00f3n, m\u00e9rito a Alvaro Ab\u00f3s, quien se encarg\u00f3 de rescatar una cantidad importante de magn\u00edficas cr\u00f3nicas de la historia porte\u00f1a en tiempos en los que internet ni asomaba y hasta la PC era objeto para pocos.<\/em><\/p>\n<p><em>La cr\u00f3nica sobre la historia del Barrio de Flores de Conrado Nal\u00e9 Roxlo tiene aqu\u00ed su primer espacio de publicaci\u00f3n en la web. Enhorabuena. <\/em><\/p>\n<p><em>Carlos Allo.<\/em><\/p>\n<p>&#8212;&#8212;&#8212;&#8212;&#8212;&#8212;<\/p>\n<p>1904 &#8211;\u00a0Conrado Nal\u00e9 Roxlo &#8211; Barrio de Flores<\/p>\n<p>El \u201cbreack\u201d que hac\u00eda el recorrido entre la plaza de Flores y el cementerio me lleva por los imprevisibles caminos de la memoria a un Flores muy anterior: al de mi infancia. Estos recuerdos son anteriores a 1905, pues a\u00fan viv\u00eda mi padre. Yo ten\u00eda entre cinco y seis a\u00f1os. Los frecuentes viajes de mi padre nos dejaban en libertad para ir a pasar unos d\u00edas a casa de mi abuela, una casa grande con \u00e1rboles y fondo en la calle Uni\u00f3n (hoy Ram\u00f3n L. Falc\u00f3n) entre Mir\u00f3 y Malvinas. Enfrente se elevaba la tapia gris de un asilo de hu\u00e9rfanos. A veces ve\u00eda salir a los pobres chicos con sus tristes uniformes, de dos en dos, en largas filas y acompa\u00f1ados por un maestro. Yo deseaba ardientemente ser hu\u00e9rfano para participar del paseo, que se me ocurr\u00eda era a lugares inaccesibles para los ni\u00f1os con padre y madre. \u00a1P0rlo menos saber ad\u00f3nde iban! Desde la puerta les gritaba:<\/p>\n<p>\u2014 \u00bfAd\u00f3nde van?<\/p>\n<p>Pero ello5 me respond\u00edan con mori5quetas y el maestro con una adusta mirada.<\/p>\n<p>Mi t\u00edo Armando, que tenia diecisiete a\u00f1os, se dedicaba a pintar acuarelas en platos; todas eran marinas y no hab\u00eda pa\u00f1o de pared donde no colgaran las suyas. \u00c9l me alzaba y me las iba mostrando una por una y yo quedaba extasiado ante toda aquella agua azul y verde que se encrespaba en el fondo de los platos. Su pasi\u00f3n pict\u00f3rica era tal que no dejaba limpios m\u00e1s que los estrictamente indispensables para la comida de los habitantes habituales de la casa. Y as\u00ed, con nuestra llegada, se produc\u00eda un conflicto, que vi repetirse cien veces.<\/p>\n<p><strong>&#8211;<\/strong> Armando -le dec\u00eda la madre, necesito m\u00e1s platos.<\/p>\n<p>por qu\u00e9 no se traen ellos platos cuando vienen?<\/p>\n<p>-Hijo, s\u00e9 razonable.<\/p>\n<p>Pero los artistas no son razonables. \u00bfQu\u00e9 ser\u00eda del arte si lo fueran? Y defend\u00eda sus olas y Sus espumas tercamente. Yo estaba de su parte y hubiera preferido comer en el plato del perro o directamente de Lafuente a ver diluirse los procelosos mares en caldo vulgar. Pero mi abuela ten\u00eda autoridad y por fin Armando transig\u00eda en desprenderse de algunas tormentas para que nosotros comi\u00e9ramos. Como es natural, la elecci\u00f3n era dif\u00edcil y la comida se pasaba y la sirvienta gru\u00f1\u00eda. Pero bien o mal todo se arreglaba y nos sent\u00e1bamos a la mesa. Pero la historia no hab\u00eda terminado, pues entre el almuerzo y la comida el artista hab\u00eda vuelto por sus fueros y los platos pintados estaban de nuevo en su sitio y vuelta a empe2ar.<\/p>\n<p>Yo era muy chico y no tengo una visi\u00f3n de conjunto para decir hasta qu\u00e9 punto Flores estaba separado del centro, pero se que las se\u00f1oritas y los j\u00f3venes se paseaban en la estaci\u00f3n a la llegada de los trenes como a\u00fan se hace hoy en pueblos lejanos.<\/p>\n<p>Otros de los encantos del Flores de mi infancia eran las quintas, las grandes quintas se\u00f1oriales de art\u00edsticas rejas y jardines poblados de blancas estatuas. Para muchas familias eran residencia habitual y para otras lugares de veraneo. Se daban suntuosos bailes; se organizaban brillantes cabalgatas.<\/p>\n<p>Recuerdo, como un cromo ingl\u00e9s, las amazonas de larga falda y galerita montando briosos caballos de sangre.<\/p>\n<p>En las quintas se practicaba una cordial hospitalidad. Los cuidadores, con permiso de sus due\u00f1os, franqueaban las puertas a los visitantes que por una propina, que no pasaba de los diez centavos, ten\u00edan derecho a comer toda la fruta que quisieran. Los concurrentes habituales eran, salvo alguna que otras e\u00f1ora con ni\u00f1os, j\u00f3venes\u00a0 y se\u00f1oritas que iniciaban all\u00ed honestos idilios a la sombra de los parrales. Un racimo de uvas cortado con destreza por el gal\u00e1n y picoteado entre sonrisas y arrumacos por la damisela fue el origen de muchos matrimonios de se\u00f1oras que hoy son abuelas.<\/p>\n<p>Y esto es todo lo que recuerdo del Flores de principios del siglo, por cuyas calles he vagado y divagado tanto el resto de mi vida.<\/p>\n<p>&#8212;&#8212;&#8212;&#8212;<\/p>\n<p>Conrado Nal\u00e9 Roxlo (Buenos Aires, 1898-1971) Poeta de cl\u00e1sica serenidad, el autor de El grillo, Claro desvela y De otro cielo, hizo c\u00e9lebres sus intervenciones period\u00edsticas con la firma de Chamico, recopiladas en nueve libros. C\u00f3medi\u00f3grafo, cuentista, novelista particip\u00f3 en la bohemia de Buenos Aires. Dej\u00f3 Un Borrador de Memorias (Plus Ultra, 1980), anticipado como serie en El Mundo, del que se ha extra\u00eddo \u201cBarrio de Flores\u201d. (\u00c1lvaro Ab\u00f3s)<\/p>","protected":false},"excerpt":{"rendered":"<p>Hace poco, en el programa Consentidos, de Radio El Mundo, junto a Manuel Corral Vide, habl\u00e1bamos de los libros armados por recopiladores y nos convencimos de que no es sencillo hacer un trabajo de esa categor\u00eda para que al autor no lo terminen tildando de aprovechador, oportunista, especulador y negociante con el trabajo intelectual de [&hellip;]<\/p>","protected":false},"author":1,"featured_media":6724,"comment_status":"open","ping_status":"open","sticky":false,"template":"","format":"standard","meta":[],"categories":[8],"tags":[],"series":[],"_links":{"self":[{"href":"https:\/\/www.diario5.com.ar\/es\/wp-json\/wp\/v2\/posts\/6723"}],"collection":[{"href":"https:\/\/www.diario5.com.ar\/es\/wp-json\/wp\/v2\/posts"}],"about":[{"href":"https:\/\/www.diario5.com.ar\/es\/wp-json\/wp\/v2\/types\/post"}],"author":[{"embeddable":true,"href":"https:\/\/www.diario5.com.ar\/es\/wp-json\/wp\/v2\/users\/1"}],"replies":[{"embeddable":true,"href":"https:\/\/www.diario5.com.ar\/es\/wp-json\/wp\/v2\/comments?post=6723"}],"version-history":[{"count":5,"href":"https:\/\/www.diario5.com.ar\/es\/wp-json\/wp\/v2\/posts\/6723\/revisions"}],"predecessor-version":[{"id":650699,"href":"https:\/\/www.diario5.com.ar\/es\/wp-json\/wp\/v2\/posts\/6723\/revisions\/650699"}],"wp:featuredmedia":[{"embeddable":true,"href":"https:\/\/www.diario5.com.ar\/es\/wp-json\/wp\/v2\/media\/6724"}],"wp:attachment":[{"href":"https:\/\/www.diario5.com.ar\/es\/wp-json\/wp\/v2\/media?parent=6723"}],"wp:term":[{"taxonomy":"category","embeddable":true,"href":"https:\/\/www.diario5.com.ar\/es\/wp-json\/wp\/v2\/categories?post=6723"},{"taxonomy":"post_tag","embeddable":true,"href":"https:\/\/www.diario5.com.ar\/es\/wp-json\/wp\/v2\/tags?post=6723"},{"taxonomy":"series","embeddable":true,"href":"https:\/\/www.diario5.com.ar\/es\/wp-json\/wp\/v2\/series?post=6723"}],"curies":[{"name":"wp","href":"https:\/\/api.w.org\/{rel}","templated":true}]}}