{"id":670139,"date":"2023-06-03T14:38:23","date_gmt":"2023-06-03T17:38:23","guid":{"rendered":"https:\/\/www.diario5.com.ar\/?p=670139"},"modified":"2023-08-31T18:03:00","modified_gmt":"2023-08-31T21:03:00","slug":"aire-financiero-a-productores","status":"publish","type":"post","link":"https:\/\/www.diario5.com.ar\/es\/aire-financiero-a-productores\/","title":{"rendered":"Aire financiero a productores"},"content":{"rendered":"<h2 class=\"sub-title-primary\"><\/h2> <p><img decoding=\"async\" loading=\"lazy\" class=\"aligncenter size-full wp-image-678533\" src=\"https:\/\/www.diario5.com.ar\/wp-content\/uploads\/2023\/07\/5ebab6a0ad57b_837_62720230703.jpg\" width=\"700\" height=\"524\" srcset=\"https:\/\/www.diario5.com.ar\/wp-content\/uploads\/2023\/07\/5ebab6a0ad57b_837_62720230703.jpg 700w, https:\/\/www.diario5.com.ar\/wp-content\/uploads\/2023\/07\/5ebab6a0ad57b_837_62720230703-300x225.jpg 300w\" sizes=\"(max-width: 700px) 100vw, 700px\" \/><\/p>\n<p>Estimular las econom\u00edas regionales requiere un enfoque integral que involucra varios factores y estrategias. Las medidas espec\u00edficas var\u00edan siempre seg\u00fan el pa\u00eds pero para promover el crecimiento econ\u00f3mico regional, el Desarrollo de infraestructura ocupa el primer lugar de las necesidades.<\/p>\n<p style=\"text-align: left;\">La presidente del Banco Naci\u00f3n se reuni\u00f3 con\u00a0 sectores\u00a0 productivos. Fueron\u00a0 representantes\u00a0\u00a0 de\u00a0\u00a0 federaciones\u00a0\u00a0 agr\u00edcolas \u00a0\u00a0y\u00a0\u00a0 cooperativas\u00a0\u00a0 l\u00e1cteas\u00a0 para encontrar maneras de lograr financiamiento a rubros de la econom\u00eda que lo necesitan urgente.<\/p>\n<p>&nbsp;<\/p>\n<p><img decoding=\"async\" loading=\"lazy\" class=\"alignnone size-full wp-image-678531\" src=\"https:\/\/www.diario5.com.ar\/wp-content\/uploads\/2023\/06\/bna_econ_regionales.jpg\" alt=\"\" width=\"831\" height=\"1258\" srcset=\"https:\/\/www.diario5.com.ar\/wp-content\/uploads\/2023\/06\/bna_econ_regionales.jpg 831w, https:\/\/www.diario5.com.ar\/wp-content\/uploads\/2023\/06\/bna_econ_regionales-198x300.jpg 198w, https:\/\/www.diario5.com.ar\/wp-content\/uploads\/2023\/06\/bna_econ_regionales-676x1024.jpg 676w, https:\/\/www.diario5.com.ar\/wp-content\/uploads\/2023\/06\/bna_econ_regionales-768x1163.jpg 768w\" sizes=\"(max-width: 831px) 100vw, 831px\" \/><\/p>","protected":false},"excerpt":{"rendered":"<p>Estimular las econom\u00edas regionales requiere un enfoque integral que involucra varios factores y estrategias. Las medidas espec\u00edficas var\u00edan siempre seg\u00fan el pa\u00eds pero para promover el crecimiento econ\u00f3mico regional, el Desarrollo de infraestructura ocupa el primer lugar de las necesidades. La presidente del Banco Naci\u00f3n se reuni\u00f3 con\u00a0 sectores\u00a0 productivos. Fueron\u00a0 representantes\u00a0\u00a0 de\u00a0\u00a0 federaciones\u00a0\u00a0 agr\u00edcolas [&hellip;]<\/p>","protected":false},"author":13,"featured_media":678533,"comment_status":"closed","ping_status":"closed","sticky":false,"template":"","format":"standard","meta":[],"categories":[81],"tags":[],"series":[],"_links":{"self":[{"href":"https:\/\/www.diario5.com.ar\/es\/wp-json\/wp\/v2\/posts\/670139"}],"collection":[{"href":"https:\/\/www.diario5.com.ar\/es\/wp-json\/wp\/v2\/posts"}],"about":[{"href":"https:\/\/www.diario5.com.ar\/es\/wp-json\/wp\/v2\/types\/post"}],"author":[{"embeddable":true,"href":"https:\/\/www.diario5.com.ar\/es\/wp-json\/wp\/v2\/users\/13"}],"replies":[{"embeddable":true,"href":"https:\/\/www.diario5.com.ar\/es\/wp-json\/wp\/v2\/comments?post=670139"}],"version-history":[{"count":4,"href":"https:\/\/www.diario5.com.ar\/es\/wp-json\/wp\/v2\/posts\/670139\/revisions"}],"predecessor-version":[{"id":680470,"href":"https:\/\/www.diario5.com.ar\/es\/wp-json\/wp\/v2\/posts\/670139\/revisions\/680470"}],"wp:featuredmedia":[{"embeddable":true,"href":"https:\/\/www.diario5.com.ar\/es\/wp-json\/wp\/v2\/media\/678533"}],"wp:attachment":[{"href":"https:\/\/www.diario5.com.ar\/es\/wp-json\/wp\/v2\/media?parent=670139"}],"wp:term":[{"taxonomy":"category","embeddable":true,"href":"https:\/\/www.diario5.com.ar\/es\/wp-json\/wp\/v2\/categories?post=670139"},{"taxonomy":"post_tag","embeddable":true,"href":"https:\/\/www.diario5.com.ar\/es\/wp-json\/wp\/v2\/tags?post=670139"},{"taxonomy":"series","embeddable":true,"href":"https:\/\/www.diario5.com.ar\/es\/wp-json\/wp\/v2\/series?post=670139"}],"curies":[{"name":"wp","href":"https:\/\/api.w.org\/{rel}","templated":true}]}}