{"id":666137,"date":"2023-03-01T02:26:01","date_gmt":"2023-03-01T05:26:01","guid":{"rendered":"https:\/\/www.diario5.com.ar\/?p=666137"},"modified":"2023-03-01T12:47:22","modified_gmt":"2023-03-01T15:47:22","slug":"hielo","status":"publish","type":"post","link":"https:\/\/www.diario5.com.ar\/es\/hielo\/","title":{"rendered":"Hielo"},"content":{"rendered":"<h2 class=\"sub-title-primary\"><\/h2> <figure id=\"attachment_666186\" aria-describedby=\"caption-attachment-666186\" style=\"width: 612px\" class=\"wp-caption alignnone\"><img decoding=\"async\" loading=\"lazy\" class=\"size-full wp-image-666186\" src=\"https:\/\/www.diario5.com.ar\/wp-content\/uploads\/2023\/03\/congreso_hielo3.jpg\" alt=\"\" width=\"612\" height=\"448\" srcset=\"https:\/\/www.diario5.com.ar\/wp-content\/uploads\/2023\/03\/congreso_hielo3.jpg 612w, https:\/\/www.diario5.com.ar\/wp-content\/uploads\/2023\/03\/congreso_hielo3-300x220.jpg 300w\" sizes=\"(max-width: 612px) 100vw, 612px\" \/><figcaption id=\"caption-attachment-666186\" class=\"wp-caption-text\">National Congress &#8211; Buenos Aires, Argentina<\/figcaption><\/figure>\n<p><img decoding=\"async\" loading=\"lazy\" class=\"alignnone size-full wp-image-666139\" src=\"https:\/\/www.diario5.com.ar\/wp-content\/uploads\/2023\/03\/congreso_hielo2.jpg\" alt=\"\" width=\"612\" height=\"448\" srcset=\"https:\/\/www.diario5.com.ar\/wp-content\/uploads\/2023\/03\/congreso_hielo2.jpg 612w, https:\/\/www.diario5.com.ar\/wp-content\/uploads\/2023\/03\/congreso_hielo2-300x220.jpg 300w\" sizes=\"(max-width: 612px) 100vw, 612px\" \/><\/p>\n<p>Es la primera vez en la historia de las aperturas de sesiones ordinarias del Congreso Nacional que se conoce por anticipado algo que, a su vez, tampoco tiene precedentes: la bancada oficialista est\u00e1 dispuesta a presentar un escenario taca\u00f1o en reconocimientos a su propio Presidente. En este momento ya se est\u00e1 discutiendo si los legisladores que responden -supuestamente- a los dos Fern\u00e1ndez aplaudieron mucho o poco durante el discurso.<\/p>\n<p>Entre la natural respuesta que ten\u00eda previsto dar la oposici\u00f3n m\u00e1s la actitud de los propios diputados y senadores de la alianza de gobierno, el congreso se transform\u00f3 en un castillo de hielo.<\/p>","protected":false},"excerpt":{"rendered":"<p>Es la primera vez en la historia de las aperturas de sesiones ordinarias del Congreso Nacional que se conoce por anticipado algo que, a su vez, tampoco tiene precedentes: la bancada oficialista est\u00e1 dispuesta a presentar un escenario taca\u00f1o en reconocimientos a su propio Presidente. En este momento ya se est\u00e1 discutiendo si los legisladores [&hellip;]<\/p>","protected":false},"author":9,"featured_media":666186,"comment_status":"open","ping_status":"open","sticky":false,"template":"","format":"standard","meta":[],"categories":[1],"tags":[],"series":[],"_links":{"self":[{"href":"https:\/\/www.diario5.com.ar\/es\/wp-json\/wp\/v2\/posts\/666137"}],"collection":[{"href":"https:\/\/www.diario5.com.ar\/es\/wp-json\/wp\/v2\/posts"}],"about":[{"href":"https:\/\/www.diario5.com.ar\/es\/wp-json\/wp\/v2\/types\/post"}],"author":[{"embeddable":true,"href":"https:\/\/www.diario5.com.ar\/es\/wp-json\/wp\/v2\/users\/9"}],"replies":[{"embeddable":true,"href":"https:\/\/www.diario5.com.ar\/es\/wp-json\/wp\/v2\/comments?post=666137"}],"version-history":[{"count":3,"href":"https:\/\/www.diario5.com.ar\/es\/wp-json\/wp\/v2\/posts\/666137\/revisions"}],"predecessor-version":[{"id":666187,"href":"https:\/\/www.diario5.com.ar\/es\/wp-json\/wp\/v2\/posts\/666137\/revisions\/666187"}],"wp:featuredmedia":[{"embeddable":true,"href":"https:\/\/www.diario5.com.ar\/es\/wp-json\/wp\/v2\/media\/666186"}],"wp:attachment":[{"href":"https:\/\/www.diario5.com.ar\/es\/wp-json\/wp\/v2\/media?parent=666137"}],"wp:term":[{"taxonomy":"category","embeddable":true,"href":"https:\/\/www.diario5.com.ar\/es\/wp-json\/wp\/v2\/categories?post=666137"},{"taxonomy":"post_tag","embeddable":true,"href":"https:\/\/www.diario5.com.ar\/es\/wp-json\/wp\/v2\/tags?post=666137"},{"taxonomy":"series","embeddable":true,"href":"https:\/\/www.diario5.com.ar\/es\/wp-json\/wp\/v2\/series?post=666137"}],"curies":[{"name":"wp","href":"https:\/\/api.w.org\/{rel}","templated":true}]}}