{"id":665707,"date":"2023-02-21T00:40:46","date_gmt":"2023-02-21T03:40:46","guid":{"rendered":"https:\/\/www.diario5.com.ar\/?p=665707"},"modified":"2023-02-22T11:24:08","modified_gmt":"2023-02-22T14:24:08","slug":"la-lengua-materna-aplicada-a-la-ensenanza","status":"publish","type":"post","link":"https:\/\/www.diario5.com.ar\/es\/la-lengua-materna-aplicada-a-la-ensenanza\/","title":{"rendered":"La Lengua Materna aplicada a la ense\u00f1anza"},"content":{"rendered":"<h2 class=\"sub-title-primary\"><\/h2> <p><img decoding=\"async\" loading=\"lazy\" class=\"alignnone size-full wp-image-665811\" src=\"https:\/\/www.diario5.com.ar\/wp-content\/uploads\/2023\/02\/lengua_materna1.jpg\" alt=\"\" width=\"640\" height=\"401\" srcset=\"https:\/\/www.diario5.com.ar\/wp-content\/uploads\/2023\/02\/lengua_materna1.jpg 640w, https:\/\/www.diario5.com.ar\/wp-content\/uploads\/2023\/02\/lengua_materna1-300x188.jpg 300w\" sizes=\"(max-width: 640px) 100vw, 640px\" \/><\/p>\n<p>El D\u00eda Internacional de la Lengua Materna se celebra cada 21 de febrero, en todo el mundo, para dar a conocer la diversidad de la lengua y su variedad. Este d\u00eda promueve la conciencia de la diversidad ling\u00fc\u00edstica y cultural en todo el mundo.\u00a0El 17 de noviembre de 1999, fue anunciado por primera vez por la UNESCO.<\/p>\n<p>\u00abIdioma materno\u00bb o \u00ablengua materna\u00bb es un t\u00e9rmino que se usa para referirse al primer idioma que una persona aprende cuando es ni\u00f1o, generalmente de sus padres o familiares. Es el idioma en el que una persona es m\u00e1s competente y, a menudo, se siente m\u00e1s c\u00f3modo hablando, ya que es el idioma al que ha estado m\u00e1s expuesto desde una edad temprana.<\/p>\n<p>Para muchas personas, su lengua materna es la misma que la lengua dominante en el pa\u00eds donde nacieron y se criaron. Sin embargo, para otros, especialmente en sociedades multiculturales o multiling\u00fces, su lengua materna puede ser una lengua o dialecto diferente al dominante. El concepto de lengua materna es importante en la educaci\u00f3n ling\u00fc\u00edstica y la pol\u00edtica ling\u00fc\u00edstica, ya que puede afectar la forma en que las personas aprenden y usan diferentes idiomas a lo largo de sus vidas.<\/p>\n<p>Aprender a tocar un instrumento musical en el idioma materno puede ser un enfoque beneficioso para algunas personas, especialmente para los principiantes. El uso del idioma materno puede ayudar a los estudiantes a comprender mejor la terminolog\u00eda musical y los conceptos que se ense\u00f1an, as\u00ed como facilitar el seguimiento de las instrucciones, especialmente para los estudiantes j\u00f3venes que a\u00fan no dominan un segundo idioma.<\/p>\n<p>Adem\u00e1s, la ense\u00f1anza de la m\u00fasica en el idioma materno puede ayudar a que la experiencia de aprendizaje sea m\u00e1s accesible e inclusiva para los estudiantes que no dominan el idioma de instrucci\u00f3n. Tambi\u00e9n puede ayudar a preservar y promover las tradiciones y culturas musicales locales, proporcionando una forma de transmitir la m\u00fasica tradicional y los m\u00e9todos de ense\u00f1anza de una generaci\u00f3n a la siguiente.<\/p>\n<p>Sin embargo, vale la pena se\u00f1alar que la m\u00fasica es un idioma universal y muchos profesores y estudiantes han aprendido y ense\u00f1ado m\u00fasica con \u00e9xito utilizando un segundo o incluso un tercer idioma. En \u00faltima instancia, la elecci\u00f3n del lenguaje utilizado en la educaci\u00f3n musical depende de las necesidades y preferencias individuales del alumno y de los objetivos del profesor.<\/p>\n<p>La cantante de jazz y profesora de canto Noem\u00ed Lomanto, esposa del pianista y arreglador Juan Carlos Cirigliano, introdujo la t\u00e9cnica de ense\u00f1anza vocal \u00abEar Training\u00bb, basada en el aprendizaje de la lengua Materna, con alta efectividad.<\/p>","protected":false},"excerpt":{"rendered":"<p>El D\u00eda Internacional de la Lengua Materna se celebra cada 21 de febrero, en todo el mundo, para dar a conocer la diversidad de la lengua y su variedad. Este d\u00eda promueve la conciencia de la diversidad ling\u00fc\u00edstica y cultural en todo el mundo.\u00a0El 17 de noviembre de 1999, fue anunciado por primera vez por [&hellip;]<\/p>","protected":false},"author":9,"featured_media":665811,"comment_status":"open","ping_status":"open","sticky":false,"template":"","format":"standard","meta":[],"categories":[44,5,52],"tags":[],"series":[],"_links":{"self":[{"href":"https:\/\/www.diario5.com.ar\/es\/wp-json\/wp\/v2\/posts\/665707"}],"collection":[{"href":"https:\/\/www.diario5.com.ar\/es\/wp-json\/wp\/v2\/posts"}],"about":[{"href":"https:\/\/www.diario5.com.ar\/es\/wp-json\/wp\/v2\/types\/post"}],"author":[{"embeddable":true,"href":"https:\/\/www.diario5.com.ar\/es\/wp-json\/wp\/v2\/users\/9"}],"replies":[{"embeddable":true,"href":"https:\/\/www.diario5.com.ar\/es\/wp-json\/wp\/v2\/comments?post=665707"}],"version-history":[{"count":4,"href":"https:\/\/www.diario5.com.ar\/es\/wp-json\/wp\/v2\/posts\/665707\/revisions"}],"predecessor-version":[{"id":665812,"href":"https:\/\/www.diario5.com.ar\/es\/wp-json\/wp\/v2\/posts\/665707\/revisions\/665812"}],"wp:featuredmedia":[{"embeddable":true,"href":"https:\/\/www.diario5.com.ar\/es\/wp-json\/wp\/v2\/media\/665811"}],"wp:attachment":[{"href":"https:\/\/www.diario5.com.ar\/es\/wp-json\/wp\/v2\/media?parent=665707"}],"wp:term":[{"taxonomy":"category","embeddable":true,"href":"https:\/\/www.diario5.com.ar\/es\/wp-json\/wp\/v2\/categories?post=665707"},{"taxonomy":"post_tag","embeddable":true,"href":"https:\/\/www.diario5.com.ar\/es\/wp-json\/wp\/v2\/tags?post=665707"},{"taxonomy":"series","embeddable":true,"href":"https:\/\/www.diario5.com.ar\/es\/wp-json\/wp\/v2\/series?post=665707"}],"curies":[{"name":"wp","href":"https:\/\/api.w.org\/{rel}","templated":true}]}}