{"id":664889,"date":"2023-01-31T16:46:07","date_gmt":"2023-01-31T19:46:07","guid":{"rendered":"https:\/\/www.diario5.com.ar\/?p=664889"},"modified":"2023-02-04T16:53:44","modified_gmt":"2023-02-04T19:53:44","slug":"46-millones","status":"publish","type":"post","link":"https:\/\/www.diario5.com.ar\/es\/46-millones\/","title":{"rendered":"Cuentas al d\u00eda"},"content":{"rendered":"<h2 class=\"sub-title-primary\"><\/h2> <p><img decoding=\"async\" loading=\"lazy\" class=\"alignnone size-full wp-image-665042\" src=\"https:\/\/www.diario5.com.ar\/wp-content\/uploads\/2023\/01\/46m.jpg\" alt=\"\" width=\"406\" height=\"230\" srcset=\"https:\/\/www.diario5.com.ar\/wp-content\/uploads\/2023\/01\/46m.jpg 406w, https:\/\/www.diario5.com.ar\/wp-content\/uploads\/2023\/01\/46m-300x170.jpg 300w\" sizes=\"(max-width: 406px) 100vw, 406px\" \/><\/p>\n<p>Los datos provisorios del Censo: la poblaci\u00f3n argentina super\u00f3 los 46 millones de habitantes.<br \/>\nEl Instituto Nacional de Estad\u00edstica y Censos (Indec), dio a conocer los resultados preliminares del Censo 2021: Con un crecimiento del 14,77% en relaci\u00f3n con 2010, el total que arroj\u00f3 el recuento es de 46.044.703 personas, contra 40.117.096 habitantes del censo anterior.<\/p>","protected":false},"excerpt":{"rendered":"<p>Los datos provisorios del Censo: la poblaci\u00f3n argentina super\u00f3 los 46 millones de habitantes. El Instituto Nacional de Estad\u00edstica y Censos (Indec), dio a conocer los resultados preliminares del Censo 2021: Con un crecimiento del 14,77% en relaci\u00f3n con 2010, el total que arroj\u00f3 el recuento es de 46.044.703 personas, contra 40.117.096 habitantes del censo [&hellip;]<\/p>","protected":false},"author":8,"featured_media":665042,"comment_status":"closed","ping_status":"closed","sticky":false,"template":"","format":"standard","meta":[],"categories":[1],"tags":[],"series":[],"_links":{"self":[{"href":"https:\/\/www.diario5.com.ar\/es\/wp-json\/wp\/v2\/posts\/664889"}],"collection":[{"href":"https:\/\/www.diario5.com.ar\/es\/wp-json\/wp\/v2\/posts"}],"about":[{"href":"https:\/\/www.diario5.com.ar\/es\/wp-json\/wp\/v2\/types\/post"}],"author":[{"embeddable":true,"href":"https:\/\/www.diario5.com.ar\/es\/wp-json\/wp\/v2\/users\/8"}],"replies":[{"embeddable":true,"href":"https:\/\/www.diario5.com.ar\/es\/wp-json\/wp\/v2\/comments?post=664889"}],"version-history":[{"count":4,"href":"https:\/\/www.diario5.com.ar\/es\/wp-json\/wp\/v2\/posts\/664889\/revisions"}],"predecessor-version":[{"id":665043,"href":"https:\/\/www.diario5.com.ar\/es\/wp-json\/wp\/v2\/posts\/664889\/revisions\/665043"}],"wp:featuredmedia":[{"embeddable":true,"href":"https:\/\/www.diario5.com.ar\/es\/wp-json\/wp\/v2\/media\/665042"}],"wp:attachment":[{"href":"https:\/\/www.diario5.com.ar\/es\/wp-json\/wp\/v2\/media?parent=664889"}],"wp:term":[{"taxonomy":"category","embeddable":true,"href":"https:\/\/www.diario5.com.ar\/es\/wp-json\/wp\/v2\/categories?post=664889"},{"taxonomy":"post_tag","embeddable":true,"href":"https:\/\/www.diario5.com.ar\/es\/wp-json\/wp\/v2\/tags?post=664889"},{"taxonomy":"series","embeddable":true,"href":"https:\/\/www.diario5.com.ar\/es\/wp-json\/wp\/v2\/series?post=664889"}],"curies":[{"name":"wp","href":"https:\/\/api.w.org\/{rel}","templated":true}]}}