{"id":664527,"date":"2023-01-25T06:44:30","date_gmt":"2023-01-25T09:44:30","guid":{"rendered":"https:\/\/www.diario5.com.ar\/escuelas-de-verano-se-aplican-distintas-vacunas-para-chicos-de-13-meses-a-11-anos\/"},"modified":"2023-01-25T11:15:39","modified_gmt":"2023-01-25T14:15:39","slug":"escuelas-de-verano-se-aplican-distintas-vacunas-para-chicos-de-13-meses-a-11-anos","status":"publish","type":"post","link":"https:\/\/www.diario5.com.ar\/es\/escuelas-de-verano-se-aplican-distintas-vacunas-para-chicos-de-13-meses-a-11-anos\/","title":{"rendered":"Vacunas en Escuelas de Verano"},"content":{"rendered":"<h2 class=\"sub-title-primary\"><\/h2> <p>Hasta el 31 de enero se realiza la campa\u00f1a de Vacunaci\u00f3n en las colonias sede de <a href=\"http:\/\/www.buenosaires.gob.ar\/educacion\/escuelaabierta\/vacaciones-en-la-escuela\">Escuela de Verano<\/a> <strong>para ni\u00f1os y ni\u00f1as de 13 meses a 4 a\u00f1os inclusive, 5 a\u00f1os y 11 a\u00f1os<\/strong>. Es importante tener el calendario de vacunaci\u00f3n al d\u00eda para protegerse de distintas enfermedades y evitar complicaciones, como as\u00ed tambi\u00e9n proteger a personas que no pueden vacunarse.<\/p>\n<p>Durante el mes se acercar\u00e1n la unidad sanitaria M\u00f3vil (USM) y los equipos de salud a los diferentes predios en los que se desarrolla la actividad de verano. Para vacunarse deber\u00e1n llevar el carnet de vacunas y la autorizaci\u00f3n firmada, o presentarse junto con la persona adulta que los representa. Si no ten\u00e9s la autorizaci\u00f3n ped\u00edla en el establecimiento correspondiente. <strong>La vacunaci\u00f3n es gratuita y no requiere orden m\u00e9dica ni turno<\/strong>.<\/p>\n<p>Fotos: Ministerio de Salud\/GCBA<\/p>\n<p>En caso de no asistir a alguna de las colonias que son sede de Escuela de Verano, <strong>pod\u00e9s vacunarte durante todo el a\u00f1o<\/strong> en distintas <a href=\"http:\/\/www.buenosaires.gob.ar\/salud\/vacunas\/horarios-de-vacunatorios\">postas de vacunaci\u00f3n<\/a>.<\/p>\n<h3>Postas de vacunaci\u00f3n fijas del 16 al 31 de enero:<\/h3>\n<ul>\n<li><strong>Club de Amigos<\/strong><br \/>\nAv. Pres. Figueroa Alcorta 3885<\/li>\n<li><strong>Club Comunicaciones<\/strong><br \/>\nAv. San Mart\u00edn 5125, C1417<\/li>\n<li><strong>J\u00f3venes deportistas<\/strong><br \/>\nAv. Soldado de la Frontera 5230<\/li>\n<li><strong>Parque de la Ciudad<\/strong><br \/>\nAv. Gral. Francisco Fern\u00e1ndez de la Cruz 4000<\/li>\n<li><strong>Parque Indoamericano<\/strong><br \/>\nAv. Casta\u00f1ares y Av. Escalada<\/li>\n<li><strong>Parque Manuel Belgrano<\/strong><br \/>\nJer\u00f3nimo Salguero 3450<\/li>\n<li><strong>Parque Sarmiento<\/strong><br \/>\nAv. R. Balb\u00edn 4750<\/li>\n<li><strong>Polideportivo Avellaneda<\/strong><br \/>\nLacarra 1257<\/li>\n<li><strong>Polideportivo Chacabuco<\/strong><br \/>\nAv. Eva Per\u00f3n 1410<\/li>\n<li><strong>Polideportivo Mart\u00edn Fierro<\/strong><br \/>\nOruro 1300<\/li>\n<\/ul>\n<h3>Cronograma de la Unidad Sanitaria M\u00f3vil<\/h3>\n<ul>\n<li><strong>Parque de la Ciudad | 16, 17, 18 y 19 de enero<\/strong><br \/>\nAv. Gral. Francisco Fern\u00e1ndez de la Cruz 4000<\/li>\n<li><strong>Parque Indoamericano | 20, 23 y 24 de enero<\/strong><br \/>\nAv. Casta\u00f1ares y Av. Escalada<\/li>\n<li><strong>J\u00f3venes deportistas | 25 y 26 de enero<\/strong><br \/>\nAv. Soldado de la Frontera 5230<\/li>\n<li><strong>Club Comunicaciones | 27, 30 y 31 de enero<\/strong><br \/>\nAv. San Mart\u00edn 5125, C1417<\/li>\n<\/ul>\n<h3>Qu\u00e9 vacunas se reciben seg\u00fan las edades:<\/h3>\n<p><img decoding=\"async\" loading=\"lazy\" src=\"https:\/\/www.diario5.com.ar\/wp-content\/uploads\/2023\/01\/vacunas23_0-1.png\" alt=\"\" width=\"1309\" height=\"852\" \/><\/p>\n<p><strong>Es importante mencionar que por Ley 27491 las vacunas son obligatorias y por Memo IF- 2022 \u2013 122985588 \u2013 APN -DNCET \u2013 MS enviado por el Ministerio de Salud de la Naci\u00f3n por Extensi\u00f3n de la Campa\u00f1a Nacional de vacunaci\u00f3n contra sarampi\u00f3n, rub\u00e9ola, paperas y poliomielitis se aclara que al ingreso escolar 2023 se solicitar\u00e1 certificado de vacunaci\u00f3n de las dosis adicionales y obligatorias de campa\u00f1a<\/strong>.<\/p>\n<p><!--googleon: index--><\/p>\n<p><!--googleoff: index--><br \/>\n<!--googleon: index--><br \/>\n<img decoding=\"async\" loading=\"lazy\" class=\"alignnone size-full wp-image-664632\" src=\"https:\/\/www.diario5.com.ar\/wp-content\/uploads\/2023\/01\/ar_capital_rosario20230125.jpg\" width=\"700\" height=\"899\" alt=\"Vacunas en Escuelas de Verano\" title=\"Vacunas en Escuelas de Verano\" srcset=\"https:\/\/www.diario5.com.ar\/wp-content\/uploads\/2023\/01\/ar_capital_rosario20230125.jpg 700w, https:\/\/www.diario5.com.ar\/wp-content\/uploads\/2023\/01\/ar_capital_rosario20230125-234x300.jpg 234w\" sizes=\"(max-width: 700px) 100vw, 700px\" \/><\/p>\n<p><img decoding=\"async\" loading=\"lazy\" class=\"alignnone size-full wp-image-664584\" title=\"Vacunas en Escuelas de Verano\" src=\"https:\/\/www.diario5.com.ar\/wp-content\/uploads\/2023\/01\/esquiu20230125.jpg\" alt=\"Vacunas en Escuelas de Verano\" width=\"700\" height=\"924\" srcset=\"https:\/\/www.diario5.com.ar\/wp-content\/uploads\/2023\/01\/esquiu20230125.jpg 700w, https:\/\/www.diario5.com.ar\/wp-content\/uploads\/2023\/01\/esquiu20230125-227x300.jpg 227w\" sizes=\"(max-width: 700px) 100vw, 700px\" \/><\/p>\n<p><img decoding=\"async\" loading=\"lazy\" class=\"alignnone size-full wp-image-664633\" src=\"https:\/\/www.diario5.com.ar\/wp-content\/uploads\/2023\/01\/ar_cronista20230125.jpg\" width=\"700\" height=\"1021\" alt=\"Vacunas en Escuelas de Verano\" title=\"Vacunas en Escuelas de Verano\" srcset=\"https:\/\/www.diario5.com.ar\/wp-content\/uploads\/2023\/01\/ar_cronista20230125.jpg 700w, https:\/\/www.diario5.com.ar\/wp-content\/uploads\/2023\/01\/ar_cronista20230125-206x300.jpg 206w\" sizes=\"(max-width: 700px) 100vw, 700px\" \/><\/p>\n<p><img decoding=\"async\" loading=\"lazy\" class=\"alignnone size-full wp-image-664585\" title=\"Vacunas en Escuelas de Verano\" src=\"https:\/\/www.diario5.com.ar\/wp-content\/uploads\/2023\/01\/buenosaires_economico20230125.jpg\" alt=\"Vacunas en Escuelas de Verano\" width=\"700\" height=\"827\" srcset=\"https:\/\/www.diario5.com.ar\/wp-content\/uploads\/2023\/01\/buenosaires_economico20230125.jpg 700w, https:\/\/www.diario5.com.ar\/wp-content\/uploads\/2023\/01\/buenosaires_economico20230125-254x300.jpg 254w\" sizes=\"(max-width: 700px) 100vw, 700px\" \/><\/p>\n<p><img decoding=\"async\" loading=\"lazy\" class=\"alignnone size-large wp-image-664634\" src=\"https:\/\/www.diario5.com.ar\/wp-content\/uploads\/2023\/01\/ar_eldia20230125-683x1024.jpg\" width=\"683\" height=\"1024\" alt=\"Vacunas en Escuelas de Verano\" title=\"Vacunas en Escuelas de Verano\" srcset=\"https:\/\/www.diario5.com.ar\/wp-content\/uploads\/2023\/01\/ar_eldia20230125-683x1024.jpg 683w, https:\/\/www.diario5.com.ar\/wp-content\/uploads\/2023\/01\/ar_eldia20230125-200x300.jpg 200w, https:\/\/www.diario5.com.ar\/wp-content\/uploads\/2023\/01\/ar_eldia20230125.jpg 700w\" sizes=\"(max-width: 683px) 100vw, 683px\" \/><\/p>\n<p><img decoding=\"async\" loading=\"lazy\" class=\"alignnone size-full wp-image-664586\" title=\"Vacunas en Escuelas de Verano\" src=\"https:\/\/www.diario5.com.ar\/wp-content\/uploads\/2023\/01\/ar_hoy20230125.jpg\" alt=\"Vacunas en Escuelas de Verano\" width=\"700\" height=\"924\" srcset=\"https:\/\/www.diario5.com.ar\/wp-content\/uploads\/2023\/01\/ar_hoy20230125.jpg 700w, https:\/\/www.diario5.com.ar\/wp-content\/uploads\/2023\/01\/ar_hoy20230125-227x300.jpg 227w\" sizes=\"(max-width: 700px) 100vw, 700px\" \/><\/p>\n<p><img decoding=\"async\" loading=\"lazy\" class=\"alignnone size-full wp-image-664587\" title=\"Vacunas en Escuelas de Verano\" src=\"https:\/\/www.diario5.com.ar\/wp-content\/uploads\/2023\/01\/ar_chubut20230125.jpg\" alt=\"Vacunas en Escuelas de Verano\" width=\"700\" height=\"906\" srcset=\"https:\/\/www.diario5.com.ar\/wp-content\/uploads\/2023\/01\/ar_chubut20230125.jpg 700w, https:\/\/www.diario5.com.ar\/wp-content\/uploads\/2023\/01\/ar_chubut20230125-232x300.jpg 232w\" sizes=\"(max-width: 700px) 100vw, 700px\" \/><\/p>\n<p><img decoding=\"async\" loading=\"lazy\" class=\"alignnone size-full wp-image-664588\" title=\"Vacunas en Escuelas de Verano\" src=\"https:\/\/www.diario5.com.ar\/wp-content\/uploads\/2023\/01\/ar_epoca20230125.jpg\" alt=\"Vacunas en Escuelas de Verano\" width=\"700\" height=\"910\" srcset=\"https:\/\/www.diario5.com.ar\/wp-content\/uploads\/2023\/01\/ar_epoca20230125.jpg 700w, https:\/\/www.diario5.com.ar\/wp-content\/uploads\/2023\/01\/ar_epoca20230125-231x300.jpg 231w\" sizes=\"(max-width: 700px) 100vw, 700px\" \/><\/p>\n<p><img decoding=\"async\" loading=\"lazy\" class=\"alignnone size-full wp-image-664589\" title=\"Vacunas en Escuelas de Verano\" src=\"https:\/\/www.diario5.com.ar\/wp-content\/uploads\/2023\/01\/ar_litoral20230125.jpg\" alt=\"Vacunas en Escuelas de Verano\" width=\"700\" height=\"928\" srcset=\"https:\/\/www.diario5.com.ar\/wp-content\/uploads\/2023\/01\/ar_litoral20230125.jpg 700w, https:\/\/www.diario5.com.ar\/wp-content\/uploads\/2023\/01\/ar_litoral20230125-226x300.jpg 226w\" sizes=\"(max-width: 700px) 100vw, 700px\" \/><\/p>\n<p><img decoding=\"async\" loading=\"lazy\" class=\"alignnone size-full wp-image-664635\" src=\"https:\/\/www.diario5.com.ar\/wp-content\/uploads\/2023\/01\/ar_heraldo20230125.jpg\" width=\"700\" height=\"846\" alt=\"Vacunas en Escuelas de Verano\" title=\"Vacunas en Escuelas de Verano\" srcset=\"https:\/\/www.diario5.com.ar\/wp-content\/uploads\/2023\/01\/ar_heraldo20230125.jpg 700w, https:\/\/www.diario5.com.ar\/wp-content\/uploads\/2023\/01\/ar_heraldo20230125-248x300.jpg 248w\" sizes=\"(max-width: 700px) 100vw, 700px\" \/><\/p>\n<p><img decoding=\"async\" loading=\"lazy\" class=\"alignnone size-full wp-image-664590\" title=\"Vacunas en Escuelas de Verano\" src=\"https:\/\/www.diario5.com.ar\/wp-content\/uploads\/2023\/01\/ar_losandes20230125.jpg\" alt=\"Vacunas en Escuelas de Verano\" width=\"700\" height=\"965\" srcset=\"https:\/\/www.diario5.com.ar\/wp-content\/uploads\/2023\/01\/ar_losandes20230125.jpg 700w, https:\/\/www.diario5.com.ar\/wp-content\/uploads\/2023\/01\/ar_losandes20230125-218x300.jpg 218w\" sizes=\"(max-width: 700px) 100vw, 700px\" \/><\/p>\n<p><img decoding=\"async\" loading=\"lazy\" class=\"alignnone size-full wp-image-664591\" title=\"Vacunas en Escuelas de Verano\" src=\"https:\/\/www.diario5.com.ar\/wp-content\/uploads\/2023\/01\/ar_tribuno20230125.jpg\" alt=\"Vacunas en Escuelas de Verano\" width=\"700\" height=\"949\" srcset=\"https:\/\/www.diario5.com.ar\/wp-content\/uploads\/2023\/01\/ar_tribuno20230125.jpg 700w, https:\/\/www.diario5.com.ar\/wp-content\/uploads\/2023\/01\/ar_tribuno20230125-221x300.jpg 221w\" sizes=\"(max-width: 700px) 100vw, 700px\" \/><\/p>\n<p><img decoding=\"async\" loading=\"lazy\" class=\"alignnone size-full wp-image-664636\" src=\"https:\/\/www.diario5.com.ar\/wp-content\/uploads\/2023\/01\/lea20230125.jpg\" width=\"700\" height=\"897\" alt=\"Vacunas en Escuelas de Verano\" title=\"Vacunas en Escuelas de Verano\" srcset=\"https:\/\/www.diario5.com.ar\/wp-content\/uploads\/2023\/01\/lea20230125.jpg 700w, https:\/\/www.diario5.com.ar\/wp-content\/uploads\/2023\/01\/lea20230125-234x300.jpg 234w\" sizes=\"(max-width: 700px) 100vw, 700px\" \/><\/p>\n<p><img decoding=\"async\" loading=\"lazy\" class=\"alignnone size-large wp-image-664637\" src=\"https:\/\/www.diario5.com.ar\/wp-content\/uploads\/2023\/01\/ar_diario_cuyo20230125-682x1024.jpg\" width=\"682\" height=\"1024\" alt=\"Vacunas en Escuelas de Verano\" title=\"Vacunas en Escuelas de Verano\" srcset=\"https:\/\/www.diario5.com.ar\/wp-content\/uploads\/2023\/01\/ar_diario_cuyo20230125-682x1024.jpg 682w, https:\/\/www.diario5.com.ar\/wp-content\/uploads\/2023\/01\/ar_diario_cuyo20230125-200x300.jpg 200w, https:\/\/www.diario5.com.ar\/wp-content\/uploads\/2023\/01\/ar_diario_cuyo20230125.jpg 700w\" sizes=\"(max-width: 682px) 100vw, 682px\" \/><\/p>\n<p><img decoding=\"async\" loading=\"lazy\" class=\"alignnone size-full wp-image-664638\" src=\"https:\/\/www.diario5.com.ar\/wp-content\/uploads\/2023\/01\/ar_diario_republica20230125.jpg\" width=\"700\" height=\"971\" alt=\"Vacunas en Escuelas de Verano\" title=\"Vacunas en Escuelas de Verano\" srcset=\"https:\/\/www.diario5.com.ar\/wp-content\/uploads\/2023\/01\/ar_diario_republica20230125.jpg 700w, https:\/\/www.diario5.com.ar\/wp-content\/uploads\/2023\/01\/ar_diario_republica20230125-216x300.jpg 216w\" sizes=\"(max-width: 700px) 100vw, 700px\" \/><\/p>\n<p><img decoding=\"async\" loading=\"lazy\" class=\"alignnone  wp-image-664592\" title=\"Vacunas en Escuelas de Verano\" src=\"https:\/\/www.diario5.com.ar\/wp-content\/uploads\/2023\/01\/ciudadano20230125.jpg\" alt=\"Vacunas en Escuelas de Verano\" width=\"996\" height=\"1350\" srcset=\"https:\/\/www.diario5.com.ar\/wp-content\/uploads\/2023\/01\/ciudadano20230125.jpg 700w, https:\/\/www.diario5.com.ar\/wp-content\/uploads\/2023\/01\/ciudadano20230125-221x300.jpg 221w\" sizes=\"(max-width: 996px) 100vw, 996px\" \/><\/p>\n<p><img decoding=\"async\" loading=\"lazy\" class=\"alignnone size-large wp-image-664639\" src=\"https:\/\/www.diario5.com.ar\/wp-content\/uploads\/2023\/01\/ar_gaceta20230125-623x1024.jpg\" width=\"623\" height=\"1024\" alt=\"Vacunas en Escuelas de Verano\" title=\"Vacunas en Escuelas de Verano\" srcset=\"https:\/\/www.diario5.com.ar\/wp-content\/uploads\/2023\/01\/ar_gaceta20230125-623x1024.jpg 623w, https:\/\/www.diario5.com.ar\/wp-content\/uploads\/2023\/01\/ar_gaceta20230125-183x300.jpg 183w, https:\/\/www.diario5.com.ar\/wp-content\/uploads\/2023\/01\/ar_gaceta20230125.jpg 700w\" sizes=\"(max-width: 623px) 100vw, 623px\" \/><\/p>\n<p><img decoding=\"async\" loading=\"lazy\" class=\"alignnone size-full wp-image-664640\" src=\"https:\/\/www.diario5.com.ar\/wp-content\/uploads\/2023\/01\/ar_clarin20230125.jpg\" width=\"700\" height=\"971\" alt=\"Vacunas en Escuelas de Verano\" title=\"Vacunas en Escuelas de Verano\" srcset=\"https:\/\/www.diario5.com.ar\/wp-content\/uploads\/2023\/01\/ar_clarin20230125.jpg 700w, https:\/\/www.diario5.com.ar\/wp-content\/uploads\/2023\/01\/ar_clarin20230125-216x300.jpg 216w\" sizes=\"(max-width: 700px) 100vw, 700px\" \/><\/p>\n<p><img decoding=\"async\" loading=\"lazy\" class=\"alignnone size-large wp-image-664593\" title=\"Vacunas en Escuelas de Verano\" src=\"https:\/\/www.diario5.com.ar\/wp-content\/uploads\/2023\/01\/nacion20230125-681x1024.jpg\" alt=\"Vacunas en Escuelas de Verano\" width=\"681\" height=\"1024\" srcset=\"https:\/\/www.diario5.com.ar\/wp-content\/uploads\/2023\/01\/nacion20230125-681x1024.jpg 681w, https:\/\/www.diario5.com.ar\/wp-content\/uploads\/2023\/01\/nacion20230125-200x300.jpg 200w, https:\/\/www.diario5.com.ar\/wp-content\/uploads\/2023\/01\/nacion20230125.jpg 700w\" sizes=\"(max-width: 681px) 100vw, 681px\" \/><\/p>\n<p><img decoding=\"async\" loading=\"lazy\" class=\"alignnone size-full wp-image-664594\" title=\"Vacunas en Escuelas de Verano\" src=\"https:\/\/www.diario5.com.ar\/wp-content\/uploads\/2023\/01\/nuevo_diario20230125.jpg\" alt=\"Vacunas en Escuelas de Verano\" width=\"700\" height=\"965\" srcset=\"https:\/\/www.diario5.com.ar\/wp-content\/uploads\/2023\/01\/nuevo_diario20230125.jpg 700w, https:\/\/www.diario5.com.ar\/wp-content\/uploads\/2023\/01\/nuevo_diario20230125-218x300.jpg 218w\" sizes=\"(max-width: 700px) 100vw, 700px\" \/><\/p>\n<p><img decoding=\"async\" loading=\"lazy\" class=\"alignnone size-full wp-image-664595\" title=\"Vacunas en Escuelas de Verano\" src=\"https:\/\/www.diario5.com.ar\/wp-content\/uploads\/2023\/01\/120230125.jpg\" alt=\"Vacunas en Escuelas de Verano\" width=\"500\" height=\"652\" srcset=\"https:\/\/www.diario5.com.ar\/wp-content\/uploads\/2023\/01\/120230125.jpg 500w, https:\/\/www.diario5.com.ar\/wp-content\/uploads\/2023\/01\/120230125-230x300.jpg 230w\" sizes=\"(max-width: 500px) 100vw, 500px\" \/><\/p>\n<p>&nbsp;<\/p>","protected":false},"excerpt":{"rendered":"<p>Hasta el 31 de enero se realiza la campa\u00f1a de Vacunaci\u00f3n en las colonias sede de Escuela de Verano para ni\u00f1os y ni\u00f1as de 13 meses a 4 a\u00f1os inclusive, 5 a\u00f1os y 11 a\u00f1os. Es importante tener el calendario de vacunaci\u00f3n al d\u00eda para protegerse de distintas enfermedades y evitar complicaciones, como as\u00ed tambi\u00e9n [&hellip;]<\/p>","protected":false},"author":20,"featured_media":664528,"comment_status":"open","ping_status":"closed","sticky":false,"template":"","format":"standard","meta":[],"categories":[22,3,56],"tags":[],"series":[],"_links":{"self":[{"href":"https:\/\/www.diario5.com.ar\/es\/wp-json\/wp\/v2\/posts\/664527"}],"collection":[{"href":"https:\/\/www.diario5.com.ar\/es\/wp-json\/wp\/v2\/posts"}],"about":[{"href":"https:\/\/www.diario5.com.ar\/es\/wp-json\/wp\/v2\/types\/post"}],"author":[{"embeddable":true,"href":"https:\/\/www.diario5.com.ar\/es\/wp-json\/wp\/v2\/users\/20"}],"replies":[{"embeddable":true,"href":"https:\/\/www.diario5.com.ar\/es\/wp-json\/wp\/v2\/comments?post=664527"}],"version-history":[{"count":3,"href":"https:\/\/www.diario5.com.ar\/es\/wp-json\/wp\/v2\/posts\/664527\/revisions"}],"predecessor-version":[{"id":664641,"href":"https:\/\/www.diario5.com.ar\/es\/wp-json\/wp\/v2\/posts\/664527\/revisions\/664641"}],"wp:featuredmedia":[{"embeddable":true,"href":"https:\/\/www.diario5.com.ar\/es\/wp-json\/wp\/v2\/media\/664528"}],"wp:attachment":[{"href":"https:\/\/www.diario5.com.ar\/es\/wp-json\/wp\/v2\/media?parent=664527"}],"wp:term":[{"taxonomy":"category","embeddable":true,"href":"https:\/\/www.diario5.com.ar\/es\/wp-json\/wp\/v2\/categories?post=664527"},{"taxonomy":"post_tag","embeddable":true,"href":"https:\/\/www.diario5.com.ar\/es\/wp-json\/wp\/v2\/tags?post=664527"},{"taxonomy":"series","embeddable":true,"href":"https:\/\/www.diario5.com.ar\/es\/wp-json\/wp\/v2\/series?post=664527"}],"curies":[{"name":"wp","href":"https:\/\/api.w.org\/{rel}","templated":true}]}}