{"id":657938,"date":"2022-09-05T19:08:08","date_gmt":"2022-09-05T22:08:08","guid":{"rendered":"https:\/\/www.diario5.com.ar\/?p=657938"},"modified":"2022-09-08T20:06:07","modified_gmt":"2022-09-08T23:06:07","slug":"cuerdas-un-viaje-y-mil-sensaciones","status":"publish","type":"post","link":"https:\/\/www.diario5.com.ar\/es\/cuerdas-un-viaje-y-mil-sensaciones\/","title":{"rendered":"\u00abCuerdas\u00bb, un viaje y mil sensaciones"},"content":{"rendered":"<h2 class=\"sub-title-primary\"><\/h2> <p>La autora mexicana B\u00e1rbara Colio, buceadora detallista de las conductas humanas, sorprende dondequiera que se estrenen sus obras en el mundo. Su mirada especial, tanto del amor, como en <em>Casi Transilvania<\/em>, donde el cine es c\u00f3mplice de una historia de encanto, como de la violencia y la desolaci\u00f3n, tal cual los presenta en <em>Vuelve cuando hayas ganado la guerra<\/em>, nos permite comprender c\u00f3mo esas sorpresas son posibles.<\/p>\n<p>En <em>Cuerdas<\/em>, el viaje en el que el espectador se adentra, para vivir con los personajes una situaci\u00f3n familiar fuera de lo com\u00fan, tiene condimentos suficientes como para instalarse en la butaca y dejarse llevar por la propuesta de los tres hermanos que atraviesan la historia.<\/p>\n<p><img decoding=\"async\" loading=\"lazy\" class=\"alignnone size-full wp-image-657941\" title=\"\" src=\"https:\/\/www.diario5.com.ar\/wp-content\/uploads\/2022\/09\/cuerdas20220908.png\" alt=\"\" width=\"669\" height=\"883\" srcset=\"https:\/\/www.diario5.com.ar\/wp-content\/uploads\/2022\/09\/cuerdas20220908.png 669w, https:\/\/www.diario5.com.ar\/wp-content\/uploads\/2022\/09\/cuerdas20220908-227x300.png 227w\" sizes=\"(max-width: 669px) 100vw, 669px\" \/><\/p>\n<p>Con direcci\u00f3n de Manuel Gonz\u00e1lez Gil, este mi\u00e9rcoles 7 de septiembre se estrena\u00a0 \u00abCuerdas\u00bb, esta pieza de la dramaturga \u00abcachanilla\u00bb (como se los llama a los nacidos en Mexicali, Baja California) pensada y concebida como \u00ab<strong>Un viaje para desatar los nudos del pasado\u00bb,<\/strong> sube a escena los mi\u00e9rcoles a las 21.00 en el Picadilly Teatro, de Corrientes 1524, protagonizada por Francisco Gonz\u00e1lez Gil, Juan Mart\u00edn Zubiri y Sebasti\u00e1n Dartayete.<\/p>\n<p>Mart\u00edn Bianchedi compuso la m\u00fasica original de la obra.<\/p>\n<p><img decoding=\"async\" loading=\"lazy\" class=\"alignnone wp-image-657939\" src=\"https:\/\/www.diario5.com.ar\/wp-content\/uploads\/2022\/09\/Teatro-Cuerdas.jpg\" alt=\"\" width=\"994\" height=\"1362\" srcset=\"https:\/\/www.diario5.com.ar\/wp-content\/uploads\/2022\/09\/Teatro-Cuerdas.jpg 918w, https:\/\/www.diario5.com.ar\/wp-content\/uploads\/2022\/09\/Teatro-Cuerdas-219x300.jpg 219w, https:\/\/www.diario5.com.ar\/wp-content\/uploads\/2022\/09\/Teatro-Cuerdas-747x1024.jpg 747w, https:\/\/www.diario5.com.ar\/wp-content\/uploads\/2022\/09\/Teatro-Cuerdas-768x1052.jpg 768w\" sizes=\"(max-width: 994px) 100vw, 994px\" \/><\/p>","protected":false},"excerpt":{"rendered":"<p>La autora mexicana B\u00e1rbara Colio, buceadora detallista de las conductas humanas, sorprende dondequiera que se estrenen sus obras en el mundo. Su mirada especial, tanto del amor, como en Casi Transilvania, donde el cine es c\u00f3mplice de una historia de encanto, como de la violencia y la desolaci\u00f3n, tal cual los presenta en Vuelve cuando [&hellip;]<\/p>","protected":false},"author":11,"featured_media":657940,"comment_status":"open","ping_status":"open","sticky":false,"template":"","format":"standard","meta":[],"categories":[5,24],"tags":[],"series":[],"_links":{"self":[{"href":"https:\/\/www.diario5.com.ar\/es\/wp-json\/wp\/v2\/posts\/657938"}],"collection":[{"href":"https:\/\/www.diario5.com.ar\/es\/wp-json\/wp\/v2\/posts"}],"about":[{"href":"https:\/\/www.diario5.com.ar\/es\/wp-json\/wp\/v2\/types\/post"}],"author":[{"embeddable":true,"href":"https:\/\/www.diario5.com.ar\/es\/wp-json\/wp\/v2\/users\/11"}],"replies":[{"embeddable":true,"href":"https:\/\/www.diario5.com.ar\/es\/wp-json\/wp\/v2\/comments?post=657938"}],"version-history":[{"count":2,"href":"https:\/\/www.diario5.com.ar\/es\/wp-json\/wp\/v2\/posts\/657938\/revisions"}],"predecessor-version":[{"id":657943,"href":"https:\/\/www.diario5.com.ar\/es\/wp-json\/wp\/v2\/posts\/657938\/revisions\/657943"}],"wp:featuredmedia":[{"embeddable":true,"href":"https:\/\/www.diario5.com.ar\/es\/wp-json\/wp\/v2\/media\/657940"}],"wp:attachment":[{"href":"https:\/\/www.diario5.com.ar\/es\/wp-json\/wp\/v2\/media?parent=657938"}],"wp:term":[{"taxonomy":"category","embeddable":true,"href":"https:\/\/www.diario5.com.ar\/es\/wp-json\/wp\/v2\/categories?post=657938"},{"taxonomy":"post_tag","embeddable":true,"href":"https:\/\/www.diario5.com.ar\/es\/wp-json\/wp\/v2\/tags?post=657938"},{"taxonomy":"series","embeddable":true,"href":"https:\/\/www.diario5.com.ar\/es\/wp-json\/wp\/v2\/series?post=657938"}],"curies":[{"name":"wp","href":"https:\/\/api.w.org\/{rel}","templated":true}]}}