{"id":657882,"date":"2022-09-07T10:02:54","date_gmt":"2022-09-07T13:02:54","guid":{"rendered":"https:\/\/www.diario5.com.ar\/el-ballet-onegin-se-suma-al-programa-del-teatro-colon-con-descuentos-para-menores-de-35-anos\/"},"modified":"2022-09-12T00:41:14","modified_gmt":"2022-09-12T03:41:14","slug":"el-ballet-onegin-se-suma-al-programa-del-teatro-colon-con-descuentos-para-menores-de-35-anos","status":"publish","type":"post","link":"https:\/\/www.diario5.com.ar\/es\/el-ballet-onegin-se-suma-al-programa-del-teatro-colon-con-descuentos-para-menores-de-35-anos\/","title":{"rendered":"Col\u00f3n: Descuentos a sub 35 para ver Yevgeny Onegin"},"content":{"rendered":"<h2 class=\"sub-title-primary\"><\/h2> <p><!--googleoff: index--><\/p>\n<div>\n<p>La funci\u00f3n del <strong>ballet Onegin<\/strong> de este martes 6 de septiembre a las 20 horas formar\u00e1 parte del programa del Teatro Col\u00f3n con <strong>entradas a $200 para menores de 35 a\u00f1os<\/strong>, destinado a incentivar el acercamiento del p\u00fablico joven a las distintas presentaciones de la temporada.<\/p>\n<p>Las localidades para el concierto s\u00f3lo podr\u00e1n adquirirse <strong>hoy a partir de las 14 horas<\/strong>.<\/p>\n<blockquote><p>La compra se deber\u00e1 realizar de manera presencial en la boleter\u00eda del Teatro Col\u00f3n (Tucum\u00e1n 1171) con DNI.<\/p><\/blockquote>\n<p>FOTO DE JUANJO BRUZZA\/TEATRO COLON<\/p>\n<p>Podr\u00e1n obtenerse un m\u00e1ximo de <strong>2 entradas por persona<\/strong>. La ubicaci\u00f3n ser\u00e1 elegida por orden de llegada. Al ingresar a la sala deber\u00e1 presentarse el DNI.<\/p>\n<blockquote><p>La funci\u00f3n del ballet Onegin de este martes 6 de septiembre formar\u00e1 parte del programa del Teatro Col\u00f3n con entradas a <strong>$200 para menores de 35 a\u00f1os<\/strong>.<\/p><\/blockquote>\n<p>Con m\u00fasica de <strong>Piotr Ilich Tchaikovsky<\/strong>, el Ballet Estable del Teatro Col\u00f3n con direcci\u00f3n de Mario Galizzi presenta esta producci\u00f3n que cuenta con la direcci\u00f3n musical de la maestra Tara Simoncic, al frente de la <strong>Orquesta Filarm\u00f3nica de Buenos Aires<\/strong>.<\/p>\n<p><img decoding=\"async\" loading=\"lazy\" src=\"https:\/\/www.diario5.com.ar\/wp-content\/uploads\/2022\/09\/onegin_bocca_-_fernandez_2022_-_foto_3_c_maximo_parpagnoli.jpg\" alt=\"\" width=\"1772\" height=\"1507\" \/><br \/>\nFOTO DE MAXIMO PARPAGNOLI\/TEATRO COLON<\/p>\n<\/div>\n<p><!--googleon: index--><\/p>","protected":false},"excerpt":{"rendered":"<p>La funci\u00f3n del ballet Onegin de este martes 6 de septiembre a las 20 horas formar\u00e1 parte del programa del Teatro Col\u00f3n con entradas a $200 para menores de 35 a\u00f1os, destinado a incentivar el acercamiento del p\u00fablico joven a las distintas presentaciones de la temporada. Las localidades para el concierto s\u00f3lo podr\u00e1n adquirirse hoy [&hellip;]<\/p>","protected":false},"author":8,"featured_media":657883,"comment_status":"open","ping_status":"closed","sticky":false,"template":"","format":"standard","meta":[],"categories":[23,5],"tags":[],"series":[],"_links":{"self":[{"href":"https:\/\/www.diario5.com.ar\/es\/wp-json\/wp\/v2\/posts\/657882"}],"collection":[{"href":"https:\/\/www.diario5.com.ar\/es\/wp-json\/wp\/v2\/posts"}],"about":[{"href":"https:\/\/www.diario5.com.ar\/es\/wp-json\/wp\/v2\/types\/post"}],"author":[{"embeddable":true,"href":"https:\/\/www.diario5.com.ar\/es\/wp-json\/wp\/v2\/users\/8"}],"replies":[{"embeddable":true,"href":"https:\/\/www.diario5.com.ar\/es\/wp-json\/wp\/v2\/comments?post=657882"}],"version-history":[{"count":2,"href":"https:\/\/www.diario5.com.ar\/es\/wp-json\/wp\/v2\/posts\/657882\/revisions"}],"predecessor-version":[{"id":658069,"href":"https:\/\/www.diario5.com.ar\/es\/wp-json\/wp\/v2\/posts\/657882\/revisions\/658069"}],"wp:featuredmedia":[{"embeddable":true,"href":"https:\/\/www.diario5.com.ar\/es\/wp-json\/wp\/v2\/media\/657883"}],"wp:attachment":[{"href":"https:\/\/www.diario5.com.ar\/es\/wp-json\/wp\/v2\/media?parent=657882"}],"wp:term":[{"taxonomy":"category","embeddable":true,"href":"https:\/\/www.diario5.com.ar\/es\/wp-json\/wp\/v2\/categories?post=657882"},{"taxonomy":"post_tag","embeddable":true,"href":"https:\/\/www.diario5.com.ar\/es\/wp-json\/wp\/v2\/tags?post=657882"},{"taxonomy":"series","embeddable":true,"href":"https:\/\/www.diario5.com.ar\/es\/wp-json\/wp\/v2\/series?post=657882"}],"curies":[{"name":"wp","href":"https:\/\/api.w.org\/{rel}","templated":true}]}}