{"id":657584,"date":"2022-09-02T10:03:38","date_gmt":"2022-09-02T13:03:38","guid":{"rendered":"https:\/\/www.diario5.com.ar\/toda-la-programacion-en-los-teatros-publicos-de-la-ciudad\/"},"modified":"2022-09-02T15:28:21","modified_gmt":"2022-09-02T18:28:21","slug":"toda-la-programacion-en-los-teatros-publicos-de-la-ciudad","status":"publish","type":"post","link":"https:\/\/www.diario5.com.ar\/es\/toda-la-programacion-en-los-teatros-publicos-de-la-ciudad\/","title":{"rendered":"Toda la programaci\u00f3n en los teatros p\u00fablicos de la Ciudad"},"content":{"rendered":"<h2 class=\"sub-title-primary\"><\/h2> <p><!--googleoff: index--><\/p>\n<div>\n<p>El Ministerio de Cultura, a trav\u00e9s del <a href=\"https:\/\/complejoteatral.gob.ar\/\" target=\"_blank\" rel=\"noopener\"><strong>Complejo Teatral de Buenos Aires<\/strong><\/a>, contin\u00faa con su Temporada 2022 con una variada programaci\u00f3n en todas sus salas y nuevos estrenos. A continuaci\u00f3n, un detalle de toda la programaci\u00f3n:<\/p>\n<blockquote>\n<p>Teatro\/Estreno<\/p>\n<\/blockquote>\n<h2>Bodas de sangre<\/h2>\n<ul>\n<li>Federico Garc\u00eda Lorca<\/li>\n<li>Adaptaci\u00f3n: Cecilia Pav\u00f3n y Vivi Tellas <\/li>\n<\/ul>\n<p>\u00bfQui\u00e9n puede decir qu\u00e9 es el amor? Venimos a este mundo a destrozarnos el coraz\u00f3n, a enamorarnos de la persona equivocada. Bodas de sangre es una obra en transici\u00f3n: nada quedar\u00e1 en su lugar. La tragedia contempor\u00e1nea sucede en medio del festejo, del rumor. El deseo es una forma de trance que no se detiene, que no tiene l\u00edmites. \u201cCuando las cosas llegan a su centro, no hay quien las arranque\u201d, dice Garc\u00eda Lorca en Bodas de sangre.<\/p>\n<ul>\n<li>Elenco: Mar\u00eda Onetto, Nicol\u00e1s Goldschmidt, Miranda de la Serna, Luciano Suardi, Alfredo Staffolani, Laura Nevole, Mar\u00eda In\u00e9s Sancerni, Claudia Cantero, Maruja Bustamante, Florencia Bergallo, Agust\u00edn Daulte, Juli\u00e1n Ekar, Rita Pauls, Nadia Sandrone, Mar\u00eda Soldi, Max Suen y Sow Mbagny.<\/li>\n<li>Bailarines: Pablo Lugones y Eugenia Roces<\/li>\n<li>Cantaora: Nina Loureiro<\/li>\n<li>Con la colaboraci\u00f3n de la Embajada de Espa\u00f1a y el Centro Cultural de Espa\u00f1a en Buenos Aires <\/li>\n<li><strong>Estreno: segunda quincena de septiembre<\/strong><\/li>\n<li>Mi\u00e9rcoles a domingos, 20 horas<\/li>\n<li>\u00daltima funci\u00f3n: domingo 18 de diciembre<\/li>\n<li>Duraci\u00f3n: 100 minutos <\/li>\n<li>Platea $ 1.250 Pullman $ 950 Mi\u00e9rcoles $ 650<\/li>\n<li>Descuento jubilados y estudiantes: 50% jueves y domingos.<\/li>\n<li>Sala Mart\u00edn Coronado<\/li>\n<li>Teatro San Mart\u00edn (Av. Corrientes 1530)<\/li>\n<\/ul>\n<blockquote>\n<p>Temporada Internacional<\/p>\n<\/blockquote>\n<h2>fideli d\u2019Amore<\/h2>\n<ul>\n<li>Teatro Delle Albe (Italia) <\/li>\n<li>Pol\u00edptico en siete cuadros para Dante Alighieri, de Marco Martinelli<\/li>\n<li>Idea y direcci\u00f3n: Marco Martinelli y Ermanna Montanari Teatro delle Albe<\/li>\n<\/ul>\n<p>Marco Martinelli y Ermana Montanari, fundadores de la compa\u00f1\u00eda italiana Teatre Delle Albe, llegan a Buenos Aires para presentar un singular \u201cpoema esc\u00e9nico\u201d en el cual, tomando como eje a Dante y la actualidad, diferentes voces se expresan en cada uno de los siete cuadros del espect\u00e1culo, unidas a trav\u00e9s de la \u00fanica voz de Montanari, cuyos sobresalientes registros vocales caracterizan cada una de sus interpretaciones.<\/p>\n<ul>\n<li>Elenco: Ermanna Montanari (voz), Simone Marzocchi (trompeta) <\/li>\n<li><strong>Desde el viernes 30 de septiembre<\/strong> hasta el mi\u00e9rcoles 5 de octubre, 20.30 horas<\/li>\n<li>Espect\u00e1culo en italiano y dialecto roma\u00f1ol con subt\u00edtulos en espa\u00f1ol<\/li>\n<li>Duraci\u00f3n: 60 minutos<\/li>\n<li>Platea $ 1.850<\/li>\n<li>Sala Casacuberta<\/li>\n<li>Teatro San Mart\u00edn (Av. Corrientes 1530)<\/li>\n<\/ul>\n<hr>\n<h2>El purgatorio de los poetas<\/h2>\n<ul>\n<li>Taller\/Laboratorio (Italia) <\/li>\n<li>Acci\u00f3n coral de Marco Martinelli (Teatro delle Albe, R\u00e1vena, Italia)<\/li>\n<\/ul>\n<p>Paralelamente a la presentaci\u00f3n de fideli d\u2019Amore, Marco Martinelli, director del Teatro delle Albe, dictar\u00e1 un taller-laboratorio en el que trabajar\u00e1 los dos primeros cantos del Infierno de Dante y su relaci\u00f3n con otros autores. No hace falta tener experiencia ni conocimientos previos y est\u00e1 dirigido a personas de 6 a 100 a\u00f1os. Es imprescindible cursar el taller los cuatro d\u00edas, ya que el mismo finaliza con una exhibici\u00f3n abierta de lo trabajado durante las cuatro jornadas.<\/p>\n<ul>\n<li>Mi\u00e9rcoles 28 y jueves 29 de septiembre, de 16 a 19 horas <\/li>\n<li>S\u00e1bado 1\u00ba y domingo 2 de octubre, de 14 a 17 horas <\/li>\n<li>Teatro San Mart\u00edn<\/li>\n<li>La participaci\u00f3n en el taller es <strong>gratuita<\/strong>. Informes e inscripci\u00f3n en <a href=\"https:\/\/complejoteatral.gob.ar\/\" target=\"_blank\" rel=\"noopener\">www.complejoteatral.gob.ar<\/a>  <\/li>\n<\/ul>\n<blockquote>\n<p>Teatro<\/p>\n<\/blockquote>\n<h2>Lo que el r\u00edo hace<\/h2>\n<ul>\n<li>Dramaturgia: <strong>Mar\u00eda Marull y Paula Marull<\/strong><\/li>\n<\/ul>\n<p>Las hermanas Mar\u00eda y Paula Marull, consagradas en el circuito independiente con espect\u00e1culos como La Pilarcita, Hidalgo o Yo no duermo la siesta, estrenan este espect\u00e1culo sobre el reencuentro y el redescubrimiento personal a partir de un viaje a un lugar del pasado, donde el r\u00edo es un personaje m\u00e1s.<\/p>\n<ul>\n<li>Elenco: Mar\u00eda Marull, Paula Marull, Willy Prociuk, M\u00f3nica Raiola, Mariano Saborido y D\u00e9bora Zanolli<\/li>\n<li>M\u00fasica original y puesta de sonido: Antonio Tarrag\u00f3 Ros. <\/li>\n<li>Mi\u00e9rcoles a domingos, 20 horas<\/li>\n<li>Hasta el domingo 27 de noviembre <\/li>\n<li>Duraci\u00f3n: 100 minutos<\/li>\n<li>Platea $ 1.250 Mi\u00e9rcoles $ 650<\/li>\n<li>Sala Cunill Cabanellas <\/li>\n<li>Teatro San Mart\u00edn (Av. Corrientes 1530)\n<\/li>\n<\/ul>\n<p>\nFOTO DE CARLOS FURMAN\/COMPLEJO TEATRAL<\/p>\n<hr>\n<h2>Las cautivas<\/h2>\n<ul>\n<li>Dramaturgia y direcci\u00f3n: Mariano Tenconi Blanco<\/li>\n<\/ul>\n<p>El espect\u00e1culo de la Compa\u00f1\u00eda Teatro Futuro estrenado en el Teatro de la Ribera del barrio de La Boca se presenta ahora en la sala Casacuberta del Teatro San Mart\u00edn. En la reescritura que realiza Mariano Tenconi Blanco del cl\u00e1sico de Echeverr\u00eda, Lorena Vega y Laura Paredes llevan adelante una traves\u00eda por la pampa para narrar una historia de amor que se vuelve met\u00e1fora de libertad, de literatura, de ficci\u00f3n.<\/p>\n<ul>\n<li>Elenco: <strong>Laura Paredes y Lorena Vega<\/strong> <\/li>\n<li>M\u00fasico en escena: Ian Shifres<\/li>\n<li>\u00danicas dos semanas:\n<ul>\n<li>Viernes 16, s\u00e1bado 17 y domingo 18, 20.30 horas <\/li>\n<li>Viernes 23, 20.30 horas<\/li>\n<li>S\u00e1bado 24 y domingos 25, a las 17 y 20.30 horas<\/li>\n<\/ul>\n<\/li>\n<li>Duraci\u00f3n: 70 minutos<\/li>\n<li>Platea $ 1.250<\/li>\n<li>Sala Casacuberta<\/li>\n<li>Teatro San Mart\u00edn (Av. Corrientes 1530)\n<\/li>\n<\/ul>\n<p><img decoding=\"async\" loading=\"lazy\" src=\"https:\/\/www.diario5.com.ar\/wp-content\/uploads\/2022\/09\/1280.las_cautivas-mariano_tenconi_blanco-ctba2021-foto_carlos_furman_1.jpg\" width=\"3000\" height=\"2250\" alt=\"\"><br \/>\nFOTO DE CARLOS FURMAN\/COMPLEJO TEATRAL<\/p>\n<hr>\n<h2>Julio C\u00e9sar<\/h2>\n<ul>\n<li>William Shakespeare<\/li>\n<li>Versi\u00f3n libre y direcci\u00f3n: <strong>Jos\u00e9 Mar\u00eda Muscari<\/strong> <\/li>\n<\/ul>\n<p>En una Roma antigua aunque tomada por la tecnolog\u00eda de hoy, unos hombres con ovarios y sus mujeres de pelos duros en el pecho luchan por el poder de una naci\u00f3n. Luego del extraordinario suceso obtenido en su estreno y tras participar en el Festival de Teatro Cl\u00e1sico de M\u00e9rida (Espa\u00f1a), donde fue el espect\u00e1culo de apertura, vuelve el montaje de Jos\u00e9 Mar\u00eda Muscari sobre una de las obras m\u00e1s emblem\u00e1ticas de Shakespeare, que nos trae una historia de amores escondidos y piadosas mentiras pol\u00edticas.<\/p>\n<ul>\n<li>Elenco: <strong>Moria Cas\u00e1n<\/strong>, Marita Ballesteros, Alejandra Radano, Malena Solda, Mario Alarc\u00f3n, Mariano Torre, Mirta Wons, Vivian El Jaber, Fabiana Garc\u00eda Lago, Payuca<\/li>\n<li>S\u00e1bados y domingos, 17 horas<\/li>\n<li>Hasta el domingo 18 <\/li>\n<li>Duraci\u00f3n: 90 minutos<\/li>\n<li>Platea $ 1.250 Pullman $ 750 (con visibilidad limitada)<\/li>\n<li>Cine Teatro El Plata (Av. Juan Bautista Alberdi 5765)\n<\/li>\n<\/ul>\n<p><img decoding=\"async\" loading=\"lazy\" src=\"https:\/\/www.diario5.com.ar\/wp-content\/uploads\/2022\/09\/julio_cesar-jose_maria_muscari-ctba2022-foto_carlos_furmandsc_0681_1.jpg\" width=\"2250\" height=\"1750\" alt=\"\"><br \/>\nFOTO DE CARLOS FURMAN\/COMPLEJO TEATRAL<\/p>\n<hr>\n<h2>Las manos sucias<\/h2>\n<ul>\n<li>Autor: Jean Paul Sartre<\/li>\n<li>Traducci\u00f3n: Ricardo Halac<\/li>\n<li>Adaptaci\u00f3n y direcci\u00f3n: Eva Halac<\/li>\n<\/ul>\n<p>Una versi\u00f3n muy actual de la controvertida pieza de Jean-Paul Sartre sobre el eterno dilema entre la moral y la praxis: \u00bfdebemos defender nuestros principios o hacer lo que en cada circunstancia resulta pol\u00edticamente m\u00e1s \u00fatil? Cada uno debe responder seg\u00fan su propia conciencia.<\/p>\n<ul>\n<li>Elenco: <strong>Daniel Hendler<\/strong>, Guido Botto Fiora, Florencia Torrente, Mar\u00eda Zubiri, Ariel P\u00e9rez de Mar\u00eda, Guillermo Aragon\u00e9s, Nelson Rueda, Juan Pablo Galimberti y Ramiro Delgado<\/li>\n<li>Realizaci\u00f3n audiovisual: Juan Pablo Galimberti. M\u00fasica original y puesta de sonido: Gustavo Garc\u00eda Mendy Dise\u00f1o de iluminaci\u00f3n: Miguel Solowej. Dise\u00f1o de escenograf\u00eda y vestuario: Micaela Sleigh<\/li>\n<li>Mi\u00e9rcoles a domingos, 20 hs.<\/li>\n<li><strong>Hasta el domingo 4<\/strong> <\/li>\n<li>Duraci\u00f3n: 110 minutos <\/li>\n<li>Platea $ 1.250 Mi\u00e9rcoles $ 650<\/li>\n<li>Sala Casacuberta<\/li>\n<li>Teatro San Mart\u00edn (Av. Corrientes 1530)\n<\/li>\n<\/ul>\n<p><img decoding=\"async\" loading=\"lazy\" src=\"https:\/\/www.diario5.com.ar\/wp-content\/uploads\/2022\/09\/foto_gustavo_gavotti-7764_2.jpg\" width=\"2048\" height=\"1367\" alt=\"\"><br \/>\nFOTO DE GUSTAVO GAVOTTI\/COMPLEJO TEATRAL<\/p>\n<hr>\n<h2>Ciclo gratuito en el Teatro San Mart\u00edn<\/h2>\n<p>El Hall del San Mart\u00edn abre sus puertas con un ciclo de <strong>actividades con entrada gratuita<\/strong>: clases magistrales con grandes figuras del teatro, conciertos, clases de baile, bandas en vivo y muchas otras acciones que acercar\u00e1n a los artistas con su p\u00fablico.<\/p>\n<ul>\n<li>\n<p>Martes 6: <strong>Mauricio Kartun<\/strong>. Entrevistado por Leni Gonz\u00e1lez<\/p>\n<\/li>\n<li>\n<p>Viernes 9, s\u00e1bado 10, domingo 11: <strong>Bolero + Fervor. Hacer de la danza un acto de ardor<\/strong>. Dos coreograf\u00edas por el Ballet Contempor\u00e1neo del Teatro San Mart\u00edn: un cl\u00e1sico del repertorio de la compa\u00f1\u00eda sobre la conocida m\u00fasica de Ravel y una coreograf\u00eda donde sus integrantes se destacan por sus singularidades y a la vez por una energ\u00eda contagiosa desplegada en masa.<\/p>\n<\/li>\n<\/ul>\n<p><img decoding=\"async\" loading=\"lazy\" src=\"https:\/\/www.diario5.com.ar\/wp-content\/uploads\/2022\/09\/bolero-ana_maria_stekelman-bctsm-2022-foto_carlos_furmandsc_0302_1.jpg\" width=\"2250\" height=\"1750\" alt=\"\"><br \/>\nFOTO DE CARLOS FURMAN\/COMPLEJO TEATRAL<\/p>\n<ul>\n<li>\n<p>Martes 13: <strong>Javier Daulte<\/strong><\/p>\n<\/li>\n<li>\n<p>Jueves 15: <strong>Mariano Loi\u00e1cono y  Ernesto Jodos<\/strong>. Dos de los mayores exponentes del jazz de Buenos Aires en formato d\u00fao. Trompeta y piano en un concierto \u00edntimo y m\u00e1gico.<\/p>\n<\/li>\n<li>\n<p>Viernes 16, s\u00e1bado 17, domingo 18: <strong>Bolero + Fervor. Hacer de la danza un acto de ardor<\/strong><\/p>\n<\/li>\n<li>\n<p>Martes 20:  <strong>Mariana Chaud<\/strong><\/p>\n<\/li>\n<li>\n<p>Mi\u00e9rcoles 21:  <strong>Keep on Swinging<\/strong>. Una pareja que ense\u00f1a a dar los primeros pasos e invita a bailar a trav\u00e9s de un recorrido por la historia del swing.<\/p>\n<\/li>\n<li>\n<p>Jueves  22: <strong>Pablo Agri y Horacio Romo<\/strong>. Un concierto de viol\u00edn y piano que sintetiza la tradici\u00f3n y la modernidad de la m\u00fasica de Buenos Aires con tangos cl\u00e1sicos y contempor\u00e1neos.<\/p>\n<\/li>\n<li>\n<p>S\u00e1bado 24: <strong>K-Pop Random Dance<\/strong>. Un encuentro para los amantes del K-Pop y para quieran aprender a bailar. Cami Magallanes y sus seguidores invitan a divertirse con sus mejores temas.<\/p>\n<\/li>\n<li>\n<p>Domingo 25: <strong>El gran Boridi: \u201cDomingo de magia\u201d<\/strong>. Para los amantes de la magia, un show de juegos visuales, humor, ilusiones y sorpresas. Un espect\u00e1culo para ver, participar y sorprenderse.<\/p>\n<\/li>\n<li>\n<p>Martes 27:  <strong>Pompeyo Audivert<\/strong>. Entrevistado por Leni Gonz\u00e1lez<\/p>\n<\/li>\n<li>\n<p>Mi\u00e9rcoles 28: <strong>Keep on Swinging<\/strong><\/p>\n<\/li>\n<li>\n<p>Jueves 29: <strong>Zar Tr\u00edo 10 a\u00f1os Tango y folklore<\/strong>. Integrado por Cristian Z\u00e1rate (piano y arreglos), C\u00e9sar Angeleri (guitarra) y Mariano Rey (clarinete), el tr\u00edo festeja diez a\u00f1os de existencia con un repertorio que incluye algunas joyas folkl\u00f3ricas argentinas y tangos instrumentales con estilo innovador.<\/p>\n<\/li>\n<li>\n<p><strong>Martes a jueves a las 19 horas. Viernes a domingos a las 18 horas<\/strong><\/p>\n<\/li>\n<li><strong>Entrada gratuita<\/strong><\/li>\n<li><strong>No se requiere inscripci\u00f3n<\/strong><\/li>\n<li><strong>Teatro San Mart\u00edn<\/strong> (Av. Corrientes 1530)\n<\/li>\n<\/ul>\n<p><img decoding=\"async\" loading=\"lazy\" src=\"https:\/\/www.diario5.com.ar\/wp-content\/uploads\/2022\/09\/fervor-josefina_gorostiza-bctsm-2022-foto_carlos_furmandsc_0750.jpg\" width=\"2250\" height=\"1750\" alt=\"\"><br \/>\nFOTO DE CARLOS FURMAN\/COMPLEJO TEATRAL<\/p>\n<blockquote>\n<p>Danza<\/p>\n<\/blockquote>\n<h2>Bolero + fervor<\/h2>\n<p>Dos core\u00f3grafas, dos obras: por un lado, uno de los cl\u00e1sicos del repertorio del <strong>Ballet Contempor\u00e1neo<\/strong>; por el otro, un exponente de los nuevos abordajes de la danza. Ambas trabajan la fusi\u00f3n de distintos lenguajes de movimiento; Bolero en torno al tema de la repetici\u00f3n, Fervor en relaci\u00f3n a la energ\u00eda desbordante, a la danza como \u201cacto de ardor\u201d.<\/p>\n<ul>\n<li>Hasta el domingo 18<\/li>\n<li>Viernes, s\u00e1bados y domingos, 18 horas<\/li>\n<li>Duraci\u00f3n: 45 minutos<\/li>\n<li><strong>Entrada libre (hasta agotar la capacidad del lugar)<\/strong><\/li>\n<li>Hall Alfredo Alc\u00f3n<\/li>\n<li>Teatro San Mart\u00edn (Av. Corrientes 1530)\n<\/li>\n<\/ul>\n<p><img decoding=\"async\" loading=\"lazy\" src=\"https:\/\/www.diario5.com.ar\/wp-content\/uploads\/2022\/09\/bolero-ana_maria_stekelman-bctsm-2022-foto_carlos_furmandsc_0343.jpg\" width=\"2250\" height=\"1750\" alt=\"\"><br \/>\nFOTO DE CARLOS FURMAN\/COMPLEJO TEATRAL<\/p>\n<blockquote>\n<p>Artista en residencia: Luc\u00eda Seles<\/p>\n<\/blockquote>\n<p>La poeta, m\u00fasica, cineasta, autora y directora Luc\u00eda Seles contin\u00faa presentando <strong>hogar santa luc\u00eda del odio 16<\/strong>, retrospectiva y obra nueva junto con la <strong>Cofrad\u00eda Eurobasquet<\/strong>, en el marco del programa Artista en Residencia del Teatro Sarmiento.<\/p>\n<ul>\n<li>Hasta el domingo 11 <\/li>\n<li>Entradas desde $ 750<\/li>\n<li>Teatro Sarmiento (Av. Sarmiento 2715)\n<\/li>\n<\/ul>\n<p><img decoding=\"async\" loading=\"lazy\" src=\"https:\/\/www.diario5.com.ar\/wp-content\/uploads\/2022\/09\/lucia_seles_gustavo_gavotti-6675.jpg\" width=\"2048\" height=\"1365\" alt=\"\"><br \/>\nFOTO DE GUSTAVO GAVOTTI\/COMPLEJO TEATRAL<\/p>\n<\/div>\n<p><!--googleon: index--><\/p>","protected":false},"excerpt":{"rendered":"<p>El Ministerio de Cultura, a trav\u00e9s del Complejo Teatral de Buenos Aires, contin\u00faa con su Temporada 2022 con una variada programaci\u00f3n en todas sus salas y nuevos estrenos. A continuaci\u00f3n, un detalle de toda la programaci\u00f3n: Teatro\/Estreno Bodas de sangre Federico Garc\u00eda Lorca Adaptaci\u00f3n: Cecilia Pav\u00f3n y Vivi Tellas \u00bfQui\u00e9n puede decir qu\u00e9 es el [&hellip;]<\/p>","protected":false},"author":8,"featured_media":657585,"comment_status":"open","ping_status":"closed","sticky":false,"template":"","format":"standard","meta":[],"categories":[5],"tags":[],"series":[],"_links":{"self":[{"href":"https:\/\/www.diario5.com.ar\/es\/wp-json\/wp\/v2\/posts\/657584"}],"collection":[{"href":"https:\/\/www.diario5.com.ar\/es\/wp-json\/wp\/v2\/posts"}],"about":[{"href":"https:\/\/www.diario5.com.ar\/es\/wp-json\/wp\/v2\/types\/post"}],"author":[{"embeddable":true,"href":"https:\/\/www.diario5.com.ar\/es\/wp-json\/wp\/v2\/users\/8"}],"replies":[{"embeddable":true,"href":"https:\/\/www.diario5.com.ar\/es\/wp-json\/wp\/v2\/comments?post=657584"}],"version-history":[{"count":1,"href":"https:\/\/www.diario5.com.ar\/es\/wp-json\/wp\/v2\/posts\/657584\/revisions"}],"predecessor-version":[{"id":657612,"href":"https:\/\/www.diario5.com.ar\/es\/wp-json\/wp\/v2\/posts\/657584\/revisions\/657612"}],"wp:featuredmedia":[{"embeddable":true,"href":"https:\/\/www.diario5.com.ar\/es\/wp-json\/wp\/v2\/media\/657585"}],"wp:attachment":[{"href":"https:\/\/www.diario5.com.ar\/es\/wp-json\/wp\/v2\/media?parent=657584"}],"wp:term":[{"taxonomy":"category","embeddable":true,"href":"https:\/\/www.diario5.com.ar\/es\/wp-json\/wp\/v2\/categories?post=657584"},{"taxonomy":"post_tag","embeddable":true,"href":"https:\/\/www.diario5.com.ar\/es\/wp-json\/wp\/v2\/tags?post=657584"},{"taxonomy":"series","embeddable":true,"href":"https:\/\/www.diario5.com.ar\/es\/wp-json\/wp\/v2\/series?post=657584"}],"curies":[{"name":"wp","href":"https:\/\/api.w.org\/{rel}","templated":true}]}}