{"id":657424,"date":"2022-08-30T15:40:08","date_gmt":"2022-08-30T18:40:08","guid":{"rendered":"https:\/\/www.diario5.com.ar\/?p=657424"},"modified":"2022-09-02T15:28:33","modified_gmt":"2022-09-02T18:28:33","slug":"fiesta-patria","status":"publish","type":"post","link":"https:\/\/www.diario5.com.ar\/es\/fiesta-patria\/","title":{"rendered":"Fiesta Patria"},"content":{"rendered":"<h2 class=\"sub-title-primary\"><\/h2> <p><img decoding=\"async\" loading=\"lazy\" class=\"alignnone size-full wp-image-657425\" src=\"https:\/\/www.diario5.com.ar\/wp-content\/uploads\/2022\/08\/589081-16a20220830.jpeg\" width=\"960\" height=\"640\" alt=\"Fiesta Patria\" title=\"Fiesta Patria\" srcset=\"https:\/\/www.diario5.com.ar\/wp-content\/uploads\/2022\/08\/589081-16a20220830.jpeg 960w, https:\/\/www.diario5.com.ar\/wp-content\/uploads\/2022\/08\/589081-16a20220830-300x200.jpeg 300w, https:\/\/www.diario5.com.ar\/wp-content\/uploads\/2022\/08\/589081-16a20220830-768x512.jpeg 768w\" sizes=\"(max-width: 960px) 100vw, 960px\" \/><\/p>\n<p>D\u00eda del Ferrocarril. Es necesario que la poblaci\u00f3n tome conciencia de la importancia que tiene el trazado de l\u00edneas f\u00e9rreas cruzando un pa\u00eds. Tan necesario como la propia educaci\u00f3n. No tenemos m\u00e1s derecho a hablar de lo importante que fue la Argentina alguna vez, entre el cierre del Siglo XIX y principios del S XX, si en el Siglo XXI nos vamos a dedicar a la mezcla de no interesarnos c\u00f3mo se puede recuperar algo de aquellas instancias con la de rematar la destrucci\u00f3n que estaba faltando para que,definitivamente, no nos quede nada.<\/p>\n<p><span>El primer ferrocarril de Argentina se inaugur\u00f3 el 30 de agosto de 1857. Comenzando en una\u00a0<\/span><em><span>plaza<\/span><\/em><span>\u00a0en el centro de Buenos Aires, la l\u00ednea discurr\u00eda como un tranv\u00eda por las calles de la ciudad y luego hacia el campo, hacia el oeste, hasta el pueblo de Floresta, un distancia total de 10 kil\u00f3metros.\u00a0Este fue el comienzo de la gran red ferroviaria que posteriormente hizo posible la explotaci\u00f3n de los ricos pastos de la\u00a0<\/span><em><span>pampa<\/span><\/em><span>\u00a0;\u00a0pero el comienzo estuvo lejos de ser f\u00e1cil.<\/span><\/p>\n<p><span>Fue en 1853 que un grupo de argentinos ilustrados form\u00f3 una empresa (la Sociedad del Camino de Hierro de Buenos Aires al Oeste) con el prop\u00f3sito de construir un ferrocarril de Buenos Aires a Floresta.\u00a0Pero las personas que hab\u00edan prometido comprar acciones de la empresa tardaron tanto en pagar que (en palabras de un senador provincial) \u201cla empresa&#8230; tuvo que ir de puerta en puerta suplicando a los accionistas, apelando, no a sus inter\u00e9s personal, sino a su patriotismo\u201d.\u00a0<\/span><\/p>\n<p>El 30 de agosto deber\u00eda ser fiesta patria y celebrarse en los andenes de las estaciones ferroviarias de todo el pa\u00eds.<\/p>","protected":false},"excerpt":{"rendered":"<p>D\u00eda del Ferrocarril. Es necesario que la poblaci\u00f3n tome conciencia de la importancia que tiene el trazado de l\u00edneas f\u00e9rreas cruzando un pa\u00eds. Tan necesario como la propia educaci\u00f3n. No tenemos m\u00e1s derecho a hablar de lo importante que fue la Argentina alguna vez, entre el cierre del Siglo XIX y principios del S XX, [&hellip;]<\/p>","protected":false},"author":2,"featured_media":657425,"comment_status":"open","ping_status":"open","sticky":false,"template":"","format":"standard","meta":[],"categories":[52],"tags":[],"series":[],"_links":{"self":[{"href":"https:\/\/www.diario5.com.ar\/es\/wp-json\/wp\/v2\/posts\/657424"}],"collection":[{"href":"https:\/\/www.diario5.com.ar\/es\/wp-json\/wp\/v2\/posts"}],"about":[{"href":"https:\/\/www.diario5.com.ar\/es\/wp-json\/wp\/v2\/types\/post"}],"author":[{"embeddable":true,"href":"https:\/\/www.diario5.com.ar\/es\/wp-json\/wp\/v2\/users\/2"}],"replies":[{"embeddable":true,"href":"https:\/\/www.diario5.com.ar\/es\/wp-json\/wp\/v2\/comments?post=657424"}],"version-history":[{"count":1,"href":"https:\/\/www.diario5.com.ar\/es\/wp-json\/wp\/v2\/posts\/657424\/revisions"}],"predecessor-version":[{"id":657426,"href":"https:\/\/www.diario5.com.ar\/es\/wp-json\/wp\/v2\/posts\/657424\/revisions\/657426"}],"wp:featuredmedia":[{"embeddable":true,"href":"https:\/\/www.diario5.com.ar\/es\/wp-json\/wp\/v2\/media\/657425"}],"wp:attachment":[{"href":"https:\/\/www.diario5.com.ar\/es\/wp-json\/wp\/v2\/media?parent=657424"}],"wp:term":[{"taxonomy":"category","embeddable":true,"href":"https:\/\/www.diario5.com.ar\/es\/wp-json\/wp\/v2\/categories?post=657424"},{"taxonomy":"post_tag","embeddable":true,"href":"https:\/\/www.diario5.com.ar\/es\/wp-json\/wp\/v2\/tags?post=657424"},{"taxonomy":"series","embeddable":true,"href":"https:\/\/www.diario5.com.ar\/es\/wp-json\/wp\/v2\/series?post=657424"}],"curies":[{"name":"wp","href":"https:\/\/api.w.org\/{rel}","templated":true}]}}