{"id":654618,"date":"2022-07-12T05:18:41","date_gmt":"2022-07-12T08:18:41","guid":{"rendered":"https:\/\/www.diario5.com.ar\/las-novedades-de-las-modernas-ambulancias-del-same\/"},"modified":"2022-07-13T03:44:42","modified_gmt":"2022-07-13T06:44:42","slug":"las-novedades-de-las-modernas-ambulancias-del-same","status":"publish","type":"post","link":"https:\/\/www.diario5.com.ar\/es\/las-novedades-de-las-modernas-ambulancias-del-same\/","title":{"rendered":"Novedades en el SAME"},"content":{"rendered":"<h2 class=\"sub-title-primary\"><\/h2> <p><!--googleoff: index--><\/p>\n<div>\n<p><iframe loading=\"lazy\" title=\"YouTube video player\" src=\"https:\/\/www.youtube.com\/embed\/pHLejlDVznY\" width=\"760\" height=\"415\" frameborder=\"0\" allowfullscreen=\"allowfullscreen\"><\/iframe><\/p>\n<p>Las ambulancias del Sistema de Atenci\u00f3n M\u00e9dica de Emergencias de la Ciudad <a href=\"http:\/\/www.buenosaires.gob.ar\/salud\/same\">(SAME)<\/a> cuentan con un equipo de v\u00eda a\u00e9rea, equipo de trauma, de parto y de quemados. Est\u00e1 <strong>todo preparado para cualquiera de estos escenarios posibles<\/strong>. La cabina del paciente cuenta con una silla de ruedas, 3 tubos de ox\u00edgeno y y un cardiodesfibrilador; entre otros elementos como: aspirador, chaleco, tensi\u00f3metro, drogas, manta t\u00e9rmica ya que no se utilizan frazadas, collar cervical y f\u00e9rulas para las fracturas.<\/p>\n<p>Se trata de un est\u00e1ndar de ambulancia que tom\u00f3 como referencia el <strong>servicio de emergencias de Francia y Espa\u00f1a y al equipo de emergencias de Inglaterra y Alemania<\/strong>. En cuanto al habit\u00e1culo de la ambulancia, est\u00e1 conformado en su exterior por un material extruido tridimensional con distintas funcionalidades, es de \u00faltima generaci\u00f3n.<\/p>\n<p>De toda la flota, hay alrededor de 40 ambulancias <strong>equipadas con camillas el\u00e9ctricas tipo Stryker de kevlar<\/strong>, de \u00faltima generaci\u00f3n. Su tama\u00f1o se puede compactar para meterla en un ascensor en caso de urgencia dentro de un departamento. Los veh\u00edculos de emergencia tambi\u00e9n cuentan con una suspensi\u00f3n especial hidroneum\u00e1tica.<\/p>\n<p>FOTO ARCHIVO\/GCBA<\/p>\n<p>De esta manera, el paciente <strong>no sufre movimiento centr\u00edpeto con la cabeza<\/strong> porque no se mueve para ning\u00fan lado. Y otra de las caracter\u00edsticas de estas unidades es que tienen doble airbag, seguridad activa, seguridad pasiva, antivuelco, antiderrape y realmente mucha tecnolog\u00eda.<\/p>\n<p>Las \u00faltimas novedades de los veh\u00edculos <strong>incluyen pintura nanotecnol\u00f3gica con capacidad de desinfecci\u00f3n<\/strong> y luces true light, que brindan una desinfecci\u00f3n del veh\u00edculo en s\u00f3lo diez minutos para que pueda volver a salir. Adem\u00e1s, son ambulancias m\u00e1s bajas para facilitar el ingreso de la camilla el\u00e9ctrica; y tienen suspensi\u00f3n hidroneum\u00e1tica. Se agreg\u00f3 un sistema antivuelco y anti patinaje, por lo que son m\u00e1s seguras.<\/p>\n<p>Todas las ambulancias est\u00e1n conectadas <strong>con la central a trav\u00e9s de radio y GPS<\/strong>. Adem\u00e1s, poseen una radio dual, lo que permite que el m\u00e9dico pueda hablar mientras el chofer maneja.<\/p>\n<p><img decoding=\"async\" loading=\"lazy\" src=\"https:\/\/www.diario5.com.ar\/wp-content\/uploads\/2022\/07\/nuevas_ambulancias_walter_carrera_0.jpg\" alt=\"\" width=\"2048\" height=\"1367\" \/><br \/>\nFOTO ARCHIVO\/GCBA<\/p>\n<\/div>\n<p><!--googleon: index--><\/p>","protected":false},"excerpt":{"rendered":"<p>Las ambulancias del Sistema de Atenci\u00f3n M\u00e9dica de Emergencias de la Ciudad (SAME) cuentan con un equipo de v\u00eda a\u00e9rea, equipo de trauma, de parto y de quemados. Est\u00e1 todo preparado para cualquiera de estos escenarios posibles. La cabina del paciente cuenta con una silla de ruedas, 3 tubos de ox\u00edgeno y y un cardiodesfibrilador; [&hellip;]<\/p>","protected":false},"author":20,"featured_media":654619,"comment_status":"open","ping_status":"closed","sticky":false,"template":"","format":"standard","meta":[],"categories":[57,22,3],"tags":[],"series":[],"_links":{"self":[{"href":"https:\/\/www.diario5.com.ar\/es\/wp-json\/wp\/v2\/posts\/654618"}],"collection":[{"href":"https:\/\/www.diario5.com.ar\/es\/wp-json\/wp\/v2\/posts"}],"about":[{"href":"https:\/\/www.diario5.com.ar\/es\/wp-json\/wp\/v2\/types\/post"}],"author":[{"embeddable":true,"href":"https:\/\/www.diario5.com.ar\/es\/wp-json\/wp\/v2\/users\/20"}],"replies":[{"embeddable":true,"href":"https:\/\/www.diario5.com.ar\/es\/wp-json\/wp\/v2\/comments?post=654618"}],"version-history":[{"count":1,"href":"https:\/\/www.diario5.com.ar\/es\/wp-json\/wp\/v2\/posts\/654618\/revisions"}],"predecessor-version":[{"id":654630,"href":"https:\/\/www.diario5.com.ar\/es\/wp-json\/wp\/v2\/posts\/654618\/revisions\/654630"}],"wp:featuredmedia":[{"embeddable":true,"href":"https:\/\/www.diario5.com.ar\/es\/wp-json\/wp\/v2\/media\/654619"}],"wp:attachment":[{"href":"https:\/\/www.diario5.com.ar\/es\/wp-json\/wp\/v2\/media?parent=654618"}],"wp:term":[{"taxonomy":"category","embeddable":true,"href":"https:\/\/www.diario5.com.ar\/es\/wp-json\/wp\/v2\/categories?post=654618"},{"taxonomy":"post_tag","embeddable":true,"href":"https:\/\/www.diario5.com.ar\/es\/wp-json\/wp\/v2\/tags?post=654618"},{"taxonomy":"series","embeddable":true,"href":"https:\/\/www.diario5.com.ar\/es\/wp-json\/wp\/v2\/series?post=654618"}],"curies":[{"name":"wp","href":"https:\/\/api.w.org\/{rel}","templated":true}]}}